{"id":988654,"date":"2022-07-25T12:57:00","date_gmt":"2022-07-25T10:57:00","guid":{"rendered":"https:\/\/www.wanda-collection.com\/blog\/?p=988654"},"modified":"2026-08-31T14:49:56","modified_gmt":"2026-08-31T12:49:56","slug":"meubles-de-salle-de-bain-la-collection-zen","status":"publish","type":"post","link":"https:\/\/www.wanda-collection.com\/blog\/meubles-de-salle-de-bain-la-collection-zen\/","title":{"rendered":"Salle de bain zen : les principes, les mati\u00e8res et les erreurs"},"content":{"rendered":"\t\t<div data-elementor-type=\"wp-post\" data-elementor-id=\"988654\" class=\"elementor elementor-988654\">\n\t\t\t\t\t\t<section class=\"elementor-section elementor-top-section elementor-element elementor-element-14e3783 elementor-section-boxed elementor-section-height-default elementor-section-height-default\" data-id=\"14e3783\" data-element_type=\"section\">\n\t\t\t\t\t\t<div class=\"elementor-container elementor-column-gap-default\">\n\t\t\t\t\t<div class=\"elementor-column elementor-col-100 elementor-top-column elementor-element elementor-element-d793d63\" data-id=\"d793d63\" data-element_type=\"column\">\n\t\t\t<div class=\"elementor-widget-wrap elementor-element-populated\">\n\t\t\t\t\t\t<div class=\"elementor-element elementor-element-0034242 elementor-drop-cap-yes elementor-drop-cap-view-default elementor-widget elementor-widget-text-editor\" data-id=\"0034242\" data-element_type=\"widget\" data-settings=\"{&quot;drop_cap&quot;:&quot;yes&quot;}\" data-widget_type=\"text-editor.default\">\n\t\t\t\t<div class=\"elementor-widget-container\">\n\t\t\t\t\t\t\t\t\t<p>\u00ab Zen \u00bb est devenu le mot le plus vide de la d\u00e9coration. On l&#8217;emploie pour vendre \u00e0 peu pr\u00e8s tout ce qui est beige, et il finit par ne plus rien vouloir dire. Pourtant le mot a un sens pr\u00e9cis, et il d\u00e9signe une chose que la plupart des salles de bain n&rsquo;ont pas : le calme visuel.<\/p><p>Une <strong>salle de bain zen<\/strong> n&rsquo;est pas une salle de bain remplie d&rsquo;objets \u00e9voquant le Japon. C&rsquo;est une pi\u00e8ce o\u00f9 l&rsquo;\u0153il ne rencontre aucun conflit : peu de mati\u00e8res, peu de couleurs, peu d&rsquo;objets visibles, et une lumi\u00e8re qui ne heurte pas. Le reste, bambou, galets et bougies, n&rsquo;est qu&rsquo;un vocabulaire d\u00e9coratif que l&rsquo;on peut employer ou non.<\/p><p>Ce guide reprend les quatre principes qui d\u00e9finissent r\u00e9ellement le style, les mati\u00e8res qui les servent, l&rsquo;adaptation aux petites pi\u00e8ces, et les erreurs qui font basculer dans le d\u00e9cor de spa d&rsquo;h\u00f4tel. Il renvoie vers nos guides d\u00e9di\u00e9s pour chaque mati\u00e8re, et se termine par une FAQ.<\/p>\t\t\t\t\t\t\t\t<\/div>\n\t\t\t\t<\/div>\n\t\t\t\t<div class=\"elementor-element elementor-element-e3238cc elementor-widget elementor-widget-text-editor\" data-id=\"e3238cc\" data-element_type=\"widget\" data-widget_type=\"text-editor.default\">\n\t\t\t\t<div class=\"elementor-widget-container\">\n\t\t\t\t\t\t\t\t\t<h2>Salle de bain zen : le guide pour r\u00e9ussir l&rsquo;ambiance<\/h2>\t\t\t\t\t\t\t\t<\/div>\n\t\t\t\t<\/div>\n\t\t\t\t\t<\/div>\n\t\t<\/div>\n\t\t\t\t\t<\/div>\n\t\t<\/section>\n\t\t\t\t<section class=\"elementor-section elementor-top-section elementor-element elementor-element-e9d6285 elementor-section-boxed elementor-section-height-default elementor-section-height-default\" data-id=\"e9d6285\" data-element_type=\"section\">\n\t\t\t\t\t\t<div class=\"elementor-container elementor-column-gap-default\">\n\t\t\t\t\t<div class=\"elementor-column elementor-col-100 elementor-top-column elementor-element elementor-element-f0da7db\" data-id=\"f0da7db\" data-element_type=\"column\">\n\t\t\t<div class=\"elementor-widget-wrap elementor-element-populated\">\n\t\t\t\t\t\t<div class=\"elementor-element elementor-element-a929e71 elementor-widget elementor-widget-heading\" data-id=\"a929e71\" data-element_type=\"widget\" data-widget_type=\"heading.default\">\n\t\t\t\t<div class=\"elementor-widget-container\">\n\t\t\t\t\t<h2 class=\"elementor-heading-title elementor-size-default\">Les quatre principes d'une salle de bain zen<\/h2>\t\t\t\t<\/div>\n\t\t\t\t<\/div>\n\t\t\t\t\t<\/div>\n\t\t<\/div>\n\t\t\t\t\t<\/div>\n\t\t<\/section>\n\t\t\t\t<section class=\"elementor-section elementor-top-section elementor-element elementor-element-5ae8ee9 elementor-section-boxed elementor-section-height-default elementor-section-height-default\" data-id=\"5ae8ee9\" data-element_type=\"section\">\n\t\t\t\t\t\t<div class=\"elementor-container elementor-column-gap-default\">\n\t\t\t\t\t<div class=\"elementor-column elementor-col-60 elementor-top-column elementor-element elementor-element-2fe783d\" data-id=\"2fe783d\" data-element_type=\"column\">\n\t\t\t<div class=\"elementor-widget-wrap elementor-element-populated\">\n\t\t\t\t\t\t<div class=\"elementor-element elementor-element-9b63b32 elementor-widget elementor-widget-text-editor\" data-id=\"9b63b32\" data-element_type=\"widget\" data-widget_type=\"text-editor.default\">\n\t\t\t\t<div class=\"elementor-widget-container\">\n\t\t\t\t\t\t\t\t\t<p>Quatre principes suffisent \u00e0 d\u00e9crire ce qui fait qu&rsquo;une pi\u00e8ce para\u00eet apais\u00e9e ou non. Ils viennent de l&rsquo;architecture japonaise, et aucun ne concerne la d\u00e9coration.<\/p><h3>Premier principe : peu de mati\u00e8res<\/h3><p>Une salle de bain zen compte <strong>trois mati\u00e8res, quatre au maximum<\/strong>. Typiquement une pierre, un bois, une fibre v\u00e9g\u00e9tale et un m\u00e9tal. Au del\u00e0, l&rsquo;\u0153il doit arbitrer en permanence entre des textures concurrentes, et c&rsquo;est pr\u00e9cis\u00e9ment ce travail inconscient qui fatigue.<\/p><p>C&rsquo;est le principe le plus viol\u00e9, parce qu&rsquo;on ajoute les mati\u00e8res une par une, sans jamais recompter l&rsquo;ensemble.<\/p><h3>Deuxi\u00e8me principe : peu de couleurs<\/h3><p>Une dominante claire et neutre, une seule couleur d&rsquo;accent, emprunt\u00e9e \u00e0 un mat\u00e9riau plut\u00f4t qu&rsquo;\u00e0 un pot de peinture. Le vert d&rsquo;une plante, le gris d&rsquo;un galet, l&rsquo;ambre d&rsquo;un teck : ce sont des couleurs qui existent d\u00e9j\u00e0 dans la pi\u00e8ce.<\/p><h3>Troisi\u00e8me principe : le vide compte autant que le plein<\/h3><p>C&rsquo;est le point le plus difficile \u00e0 accepter. Un plan de toilette avec deux objets dessus est plus reposant qu&rsquo;un plan avec dix objets, m\u00eame parfaitement choisis. Le vide n&rsquo;est pas une absence de d\u00e9coration, c&rsquo;est une d\u00e9cision de d\u00e9coration.<\/p><p>En pratique, cela signifie du rangement ferm\u00e9 pour tout ce qui est fonctionnel, et une place assum\u00e9e pour les deux ou trois objets qui restent visibles.<\/p><h3>Quatri\u00e8me principe : la lumi\u00e8re indirecte<\/h3><p>Aucune source lumineuse ne doit \u00eatre vue directement. Une lumi\u00e8re chaude, autour de 2 700 K, renvoy\u00e9e par un mur ou diffus\u00e9e par un abat-jour, transforme une pi\u00e8ce plus s\u00fbrement que n&rsquo;importe quel objet d\u00e9coratif. Un plafonnier unique en lumi\u00e8re froide annule tous les autres efforts.<\/p>\t\t\t\t\t\t\t\t<\/div>\n\t\t\t\t<\/div>\n\t\t\t\t\t<\/div>\n\t\t<\/div>\n\t\t\t\t<div class=\"elementor-column elementor-col-40 elementor-top-column elementor-element elementor-element-c1b1563\" data-id=\"c1b1563\" data-element_type=\"column\">\n\t\t\t<div class=\"elementor-widget-wrap elementor-element-populated\">\n\t\t\t\t\t\t<div class=\"vamtam-has-theme-widget-styles elementor-element elementor-element-653e389 elementor-widget elementor-widget-image\" data-id=\"653e389\" data-element_type=\"widget\" data-widget_type=\"image.default\">\n\t\t\t\t<div class=\"elementor-widget-container\">\n\t\t\t\t\t\t\t\t\t<div class=\"elementor-image\">\n\t\t\t\t\t\t\t\t\t\t\t\t\t\t\t\t<figure class=\"wp-caption\">\n\t\t\t\t\t\t\t\t\t\t\t\t\t\t\t\t\t<a href=\"https:\/\/www.wanda-collection.com\/art-vasque-a-poser-en-pierre-naturelle-galet-de-riviere-40-cm-293.htm\">\n\t\t\t\t\t\t\t\t\t\t\t<img fetchpriority=\"high\" decoding=\"async\" width=\"1028\" height=\"1028\" src=\"https:\/\/www.wanda-collection.com\/blog\/wp-content\/uploads\/2026\/08\/vq-galet.jpg\" class=\"attachment-full size-full wp-image-992850\" alt=\"Vasque \u00e0 poser taill\u00e9e dans un galet de rivi\u00e8re, polie \u00e0 l&#039;int\u00e9rieur\" srcset=\"https:\/\/www.wanda-collection.com\/blog\/wp-content\/uploads\/2026\/08\/vq-galet.jpg 1028w, https:\/\/www.wanda-collection.com\/blog\/wp-content\/uploads\/2026\/08\/vq-galet-300x300.jpg 300w, https:\/\/www.wanda-collection.com\/blog\/wp-content\/uploads\/2026\/08\/vq-galet-1024x1024.jpg 1024w, https:\/\/www.wanda-collection.com\/blog\/wp-content\/uploads\/2026\/08\/vq-galet-150x150.jpg 150w, https:\/\/www.wanda-collection.com\/blog\/wp-content\/uploads\/2026\/08\/vq-galet-768x768.jpg 768w\" sizes=\"(max-width: 1028px) 100vw, 1028px\" \/>\t\t\t\t\t\t\t\t\t\t\t\t<\/a>\n\t\t\t\t\t\t\t\t\t\t\t\t\t\t\t\t\t<figcaption class=\"widget-image-caption wp-caption-text\">Vasque en galet de rivi\u00e8re, 40 cm<\/figcaption>\n\t\t\t\t\t\t\t\t\t\t\t\t\t\t\t\t<\/figure>\n\t\t\t\t\t\t\t\t\t\t\t\t\t\t<\/div>\n\t\t\t\t\t\t\t\t<\/div>\n\t\t\t\t<\/div>\n\t\t\t\t\t<\/div>\n\t\t<\/div>\n\t\t\t\t\t<\/div>\n\t\t<\/section>\n\t\t\t\t<section class=\"elementor-section elementor-top-section elementor-element elementor-element-2478055 elementor-section-boxed elementor-section-height-default elementor-section-height-default\" data-id=\"2478055\" data-element_type=\"section\">\n\t\t\t\t\t\t<div class=\"elementor-container elementor-column-gap-default\">\n\t\t\t\t\t<div class=\"elementor-column elementor-col-100 elementor-top-column elementor-element elementor-element-64ad323\" data-id=\"64ad323\" data-element_type=\"column\">\n\t\t\t<div class=\"elementor-widget-wrap elementor-element-populated\">\n\t\t\t\t\t\t<div class=\"elementor-element elementor-element-4aef277 elementor-widget elementor-widget-heading\" data-id=\"4aef277\" data-element_type=\"widget\" data-widget_type=\"heading.default\">\n\t\t\t\t<div class=\"elementor-widget-container\">\n\t\t\t\t\t<h2 class=\"elementor-heading-title elementor-size-default\">Les mati\u00e8res qui servent ces principes<\/h2>\t\t\t\t<\/div>\n\t\t\t\t<\/div>\n\t\t\t\t\t<\/div>\n\t\t<\/div>\n\t\t\t\t\t<\/div>\n\t\t<\/section>\n\t\t\t\t<section class=\"elementor-section elementor-top-section elementor-element elementor-element-523b98c elementor-section-boxed elementor-section-height-default elementor-section-height-default\" data-id=\"523b98c\" data-element_type=\"section\">\n\t\t\t\t\t\t<div class=\"elementor-container elementor-column-gap-default\">\n\t\t\t\t\t<div class=\"elementor-column elementor-col-100 elementor-top-column elementor-element elementor-element-0752f98\" data-id=\"0752f98\" data-element_type=\"column\">\n\t\t\t<div class=\"elementor-widget-wrap elementor-element-populated\">\n\t\t\t\t\t\t<div class=\"elementor-element elementor-element-e9a7467 elementor-widget elementor-widget-text-editor\" data-id=\"e9a7467\" data-element_type=\"widget\" data-widget_type=\"text-editor.default\">\n\t\t\t\t<div class=\"elementor-widget-container\">\n\t\t\t\t\t\t\t\t\t<p>Une fois les principes pos\u00e9s, les mati\u00e8res les servent ou les trahissent. Voici les quatre familles qui fonctionnent, et le guide d\u00e9di\u00e9 \u00e0 chacune.<\/p>\t\t\t\t\t\t\t\t<\/div>\n\t\t\t\t<\/div>\n\t\t\t\t\t<\/div>\n\t\t<\/div>\n\t\t\t\t\t<\/div>\n\t\t<\/section>\n\t\t\t\t<section class=\"elementor-section elementor-top-section elementor-element elementor-element-51fbf31 elementor-section-boxed elementor-section-height-default elementor-section-height-default\" data-id=\"51fbf31\" data-element_type=\"section\">\n\t\t\t\t\t\t<div class=\"elementor-container elementor-column-gap-default\">\n\t\t\t\t\t<div class=\"elementor-column elementor-col-40 elementor-top-column elementor-element elementor-element-05a33eb\" data-id=\"05a33eb\" data-element_type=\"column\">\n\t\t\t<div class=\"elementor-widget-wrap elementor-element-populated\">\n\t\t\t\t\t\t<div class=\"vamtam-has-theme-widget-styles elementor-element elementor-element-75ab525 elementor-widget elementor-widget-image\" data-id=\"75ab525\" data-element_type=\"widget\" data-widget_type=\"image.default\">\n\t\t\t\t<div class=\"elementor-widget-container\">\n\t\t\t\t\t\t\t\t\t<div class=\"elementor-image\">\n\t\t\t\t\t\t\t\t\t\t\t\t\t\t\t\t<figure class=\"wp-caption\">\n\t\t\t\t\t\t\t\t\t\t\t\t\t\t\t\t\t<a href=\"https:\/\/www.wanda-collection.com\/art-vasque-a-poser-en-galet-de-riviere-40-45-cm-porte-savon-1460.htm\">\n\t\t\t\t\t\t\t\t\t\t\t<img decoding=\"async\" width=\"1028\" height=\"1028\" src=\"https:\/\/www.wanda-collection.com\/blog\/wp-content\/uploads\/2026\/08\/zen-vasque-galet.jpg\" class=\"attachment-full size-full wp-image-992872\" alt=\"Vasque \u00e0 poser en galet de rivi\u00e8re avec son porte-savon assorti\" srcset=\"https:\/\/www.wanda-collection.com\/blog\/wp-content\/uploads\/2026\/08\/zen-vasque-galet.jpg 1028w, https:\/\/www.wanda-collection.com\/blog\/wp-content\/uploads\/2026\/08\/zen-vasque-galet-300x300.jpg 300w, https:\/\/www.wanda-collection.com\/blog\/wp-content\/uploads\/2026\/08\/zen-vasque-galet-1024x1024.jpg 1024w, https:\/\/www.wanda-collection.com\/blog\/wp-content\/uploads\/2026\/08\/zen-vasque-galet-150x150.jpg 150w, https:\/\/www.wanda-collection.com\/blog\/wp-content\/uploads\/2026\/08\/zen-vasque-galet-768x768.jpg 768w\" sizes=\"(max-width: 1028px) 100vw, 1028px\" \/>\t\t\t\t\t\t\t\t\t\t\t\t<\/a>\n\t\t\t\t\t\t\t\t\t\t\t\t\t\t\t\t\t<figcaption class=\"widget-image-caption wp-caption-text\">Vasque en galet de rivi\u00e8re et porte-savon<\/figcaption>\n\t\t\t\t\t\t\t\t\t\t\t\t\t\t\t\t<\/figure>\n\t\t\t\t\t\t\t\t\t\t\t\t\t\t<\/div>\n\t\t\t\t\t\t\t\t<\/div>\n\t\t\t\t<\/div>\n\t\t\t\t\t<\/div>\n\t\t<\/div>\n\t\t\t\t<div class=\"elementor-column elementor-col-60 elementor-top-column elementor-element elementor-element-6f58574\" data-id=\"6f58574\" data-element_type=\"column\">\n\t\t\t<div class=\"elementor-widget-wrap elementor-element-populated\">\n\t\t\t\t\t\t<div class=\"elementor-element elementor-element-ab0de0d elementor-widget elementor-widget-text-editor\" data-id=\"ab0de0d\" data-element_type=\"widget\" data-widget_type=\"text-editor.default\">\n\t\t\t\t<div class=\"elementor-widget-container\">\n\t\t\t\t\t\t\t\t\t<h3>La pierre brute et le galet de rivi\u00e8re<\/h3><p>C&rsquo;est la mati\u00e8re la plus juste du registre, parce qu&rsquo;elle est irr\u00e9guli\u00e8re. Une vasque taill\u00e9e dans un galet de rivi\u00e8re garde sa forme naturelle, polie \u00e0 l&rsquo;int\u00e9rieur et brute \u00e0 l&rsquo;ext\u00e9rieur : elle apporte \u00e0 elle seule la mati\u00e8re, la couleur et l&rsquo;imperfection qui caract\u00e9risent le style.<\/p><p>C&rsquo;est aussi la seule pi\u00e8ce de la salle de bain dont on peut dire qu&rsquo;aucune autre ne lui ressemble. Notre guide de la <a href=\"https:\/\/www.wanda-collection.com\/blog\/pierre-de-riviere-la-nature-sinvite-dans-votre-salle-de-bain\/\">pierre de rivi\u00e8re en salle de bain<\/a> d\u00e9taille les formats et l&rsquo;entretien.<\/p>\t\t\t\t\t\t\t\t<\/div>\n\t\t\t\t<\/div>\n\t\t\t\t<div class=\"vamtam-has-theme-widget-styles elementor-element elementor-element-1188057 elementor-align-center elementor-widget elementor-widget-button\" data-id=\"1188057\" data-element_type=\"widget\" data-widget_type=\"button.default\">\n\t\t\t\t<div class=\"elementor-widget-container\">\n\t\t\t\t\t\t\t\t\t<div class=\"elementor-button-wrapper\">\n\t\t\t\t\t<a class=\"elementor-button elementor-button-link elementor-size-sm\" href=\"https:\/\/www.wanda-collection.com\/cat-vasque-30.htm\">\n\t\t\t\t\t\t<span class=\"elementor-button-content-wrapper\">\n\t\t\t\t\t\t\t\t\t<span class=\"elementor-button-text\">Voir les vasques en pierre<\/span>\n\t\t\t\t\t<\/span>\n\t\t\t\t\t<\/a>\n\t\t\t\t<\/div>\n\t\t\t\t\t\t\t\t<\/div>\n\t\t\t\t<\/div>\n\t\t\t\t\t<\/div>\n\t\t<\/div>\n\t\t\t\t\t<\/div>\n\t\t<\/section>\n\t\t\t\t<section class=\"elementor-section elementor-top-section elementor-element elementor-element-712c78a elementor-section-boxed elementor-section-height-default elementor-section-height-default\" data-id=\"712c78a\" data-element_type=\"section\">\n\t\t\t\t\t\t<div class=\"elementor-container elementor-column-gap-default\">\n\t\t\t\t\t<div class=\"elementor-column elementor-col-60 elementor-top-column elementor-element elementor-element-dd4e3c4\" data-id=\"dd4e3c4\" data-element_type=\"column\">\n\t\t\t<div class=\"elementor-widget-wrap elementor-element-populated\">\n\t\t\t\t\t\t<div class=\"elementor-element elementor-element-1a31e3b elementor-widget elementor-widget-text-editor\" data-id=\"1a31e3b\" data-element_type=\"widget\" data-widget_type=\"text-editor.default\">\n\t\t\t\t<div class=\"elementor-widget-container\">\n\t\t\t\t\t\t\t\t\t<h3>Le teck et le bois brut<\/h3><p>Le bois apporte la chaleur qui emp\u00eache une pi\u00e8ce min\u00e9rale de devenir froide. Le teck massif est le seul \u00e0 tenir vraiment en atmosph\u00e8re humide, gr\u00e2ce \u00e0 ses huiles naturelles, et il prend une patine ambr\u00e9e au lieu de se d\u00e9grader.<\/p><p>Une r\u00e8gle simple : <strong>jamais de vernis<\/strong>. Une finition brillante contredit frontalement le principe de mati\u00e8re brute, en plus d&#8217;emprisonner l&rsquo;humidit\u00e9. Voir nos guides de la <a href=\"https:\/\/www.wanda-collection.com\/blog\/salle-de-bain-en-teck\/\">salle de bain en teck<\/a> et du <a href=\"https:\/\/www.wanda-collection.com\/blog\/meuble-salle-de-bain-bois-massif\/\">meuble de salle de bain en bois<\/a>.<\/p>\t\t\t\t\t\t\t\t<\/div>\n\t\t\t\t<\/div>\n\t\t\t\t<div class=\"vamtam-has-theme-widget-styles elementor-element elementor-element-25c5ad4 elementor-align-center elementor-widget elementor-widget-button\" data-id=\"25c5ad4\" data-element_type=\"widget\" data-widget_type=\"button.default\">\n\t\t\t\t<div class=\"elementor-widget-container\">\n\t\t\t\t\t\t\t\t\t<div class=\"elementor-button-wrapper\">\n\t\t\t\t\t<a class=\"elementor-button elementor-button-link elementor-size-sm\" href=\"https:\/\/www.wanda-collection.com\/art-meuble-sous-vasque-en-teck-massif-vila-80cm-56156.htm\">\n\t\t\t\t\t\t<span class=\"elementor-button-content-wrapper\">\n\t\t\t\t\t\t\t\t\t<span class=\"elementor-button-text\">Voir le meuble en teck Vila<\/span>\n\t\t\t\t\t<\/span>\n\t\t\t\t\t<\/a>\n\t\t\t\t<\/div>\n\t\t\t\t\t\t\t\t<\/div>\n\t\t\t\t<\/div>\n\t\t\t\t\t<\/div>\n\t\t<\/div>\n\t\t\t\t<div class=\"elementor-column elementor-col-40 elementor-top-column elementor-element elementor-element-7d8d0ff\" data-id=\"7d8d0ff\" data-element_type=\"column\">\n\t\t\t<div class=\"elementor-widget-wrap elementor-element-populated\">\n\t\t\t\t\t\t<div class=\"vamtam-has-theme-widget-styles elementor-element elementor-element-c7eaaf0 elementor-widget elementor-widget-image\" data-id=\"c7eaaf0\" data-element_type=\"widget\" data-widget_type=\"image.default\">\n\t\t\t\t<div class=\"elementor-widget-container\">\n\t\t\t\t\t\t\t\t\t<div class=\"elementor-image\">\n\t\t\t\t\t\t\t\t\t\t\t\t\t\t\t\t<figure class=\"wp-caption\">\n\t\t\t\t\t\t\t\t\t\t\t\t\t\t\t\t\t<a href=\"https:\/\/www.wanda-collection.com\/art-meuble-sous-vasque-en-teck-massif-vila-80cm-56156.htm\">\n\t\t\t\t\t\t\t\t\t\t\t<img decoding=\"async\" width=\"1028\" height=\"1028\" src=\"https:\/\/www.wanda-collection.com\/blog\/wp-content\/uploads\/2026\/08\/mb-vila80.jpg\" class=\"attachment-full size-full wp-image-992839\" alt=\"Meuble de salle de bain en teck massif Vila de 80 cm sous vasque\" srcset=\"https:\/\/www.wanda-collection.com\/blog\/wp-content\/uploads\/2026\/08\/mb-vila80.jpg 1028w, https:\/\/www.wanda-collection.com\/blog\/wp-content\/uploads\/2026\/08\/mb-vila80-300x300.jpg 300w, https:\/\/www.wanda-collection.com\/blog\/wp-content\/uploads\/2026\/08\/mb-vila80-1024x1024.jpg 1024w, https:\/\/www.wanda-collection.com\/blog\/wp-content\/uploads\/2026\/08\/mb-vila80-150x150.jpg 150w, https:\/\/www.wanda-collection.com\/blog\/wp-content\/uploads\/2026\/08\/mb-vila80-768x768.jpg 768w\" sizes=\"(max-width: 1028px) 100vw, 1028px\" \/>\t\t\t\t\t\t\t\t\t\t\t\t<\/a>\n\t\t\t\t\t\t\t\t\t\t\t\t\t\t\t\t\t<figcaption class=\"widget-image-caption wp-caption-text\">Meuble en teck massif Vila, 80 cm<\/figcaption>\n\t\t\t\t\t\t\t\t\t\t\t\t\t\t\t\t<\/figure>\n\t\t\t\t\t\t\t\t\t\t\t\t\t\t<\/div>\n\t\t\t\t\t\t\t\t<\/div>\n\t\t\t\t<\/div>\n\t\t\t\t\t<\/div>\n\t\t<\/div>\n\t\t\t\t\t<\/div>\n\t\t<\/section>\n\t\t\t\t<section class=\"elementor-section elementor-top-section elementor-element elementor-element-ea3f39b elementor-section-boxed elementor-section-height-default elementor-section-height-default\" data-id=\"ea3f39b\" data-element_type=\"section\">\n\t\t\t\t\t\t<div class=\"elementor-container elementor-column-gap-default\">\n\t\t\t\t\t<div class=\"elementor-column elementor-col-40 elementor-top-column elementor-element elementor-element-2f4fddd\" data-id=\"2f4fddd\" data-element_type=\"column\">\n\t\t\t<div class=\"elementor-widget-wrap elementor-element-populated\">\n\t\t\t\t\t\t<div class=\"vamtam-has-theme-widget-styles elementor-element elementor-element-83a541a elementor-widget elementor-widget-image\" data-id=\"83a541a\" data-element_type=\"widget\" data-widget_type=\"image.default\">\n\t\t\t\t<div class=\"elementor-widget-container\">\n\t\t\t\t\t\t\t\t\t<div class=\"elementor-image\">\n\t\t\t\t\t\t\t\t\t\t\t\t\t\t\t\t<figure class=\"wp-caption\">\n\t\t\t\t\t\t\t\t\t\t\t\t\t\t\t\t\t<a href=\"https:\/\/www.wanda-collection.com\/art-lot-de-2-paniers-tresses-en-jacinthe-d-eau-xl-m-vito-55293.htm\">\n\t\t\t\t\t\t\t\t\t\t\t<img loading=\"lazy\" decoding=\"async\" width=\"1028\" height=\"1028\" src=\"https:\/\/www.wanda-collection.com\/blog\/wp-content\/uploads\/2026\/08\/pv-paniers.jpg\" class=\"attachment-full size-full wp-image-992868\" alt=\"Paniers tress\u00e9s en jacinthe d&#039;eau pour le rangement de la salle de bain\" srcset=\"https:\/\/www.wanda-collection.com\/blog\/wp-content\/uploads\/2026\/08\/pv-paniers.jpg 1028w, https:\/\/www.wanda-collection.com\/blog\/wp-content\/uploads\/2026\/08\/pv-paniers-300x300.jpg 300w, https:\/\/www.wanda-collection.com\/blog\/wp-content\/uploads\/2026\/08\/pv-paniers-1024x1024.jpg 1024w, https:\/\/www.wanda-collection.com\/blog\/wp-content\/uploads\/2026\/08\/pv-paniers-150x150.jpg 150w, https:\/\/www.wanda-collection.com\/blog\/wp-content\/uploads\/2026\/08\/pv-paniers-768x768.jpg 768w\" sizes=\"(max-width: 1028px) 100vw, 1028px\" \/>\t\t\t\t\t\t\t\t\t\t\t\t<\/a>\n\t\t\t\t\t\t\t\t\t\t\t\t\t\t\t\t\t<figcaption class=\"widget-image-caption wp-caption-text\">Paniers tress\u00e9s en jacinthe d'eau<\/figcaption>\n\t\t\t\t\t\t\t\t\t\t\t\t\t\t\t\t<\/figure>\n\t\t\t\t\t\t\t\t\t\t\t\t\t\t<\/div>\n\t\t\t\t\t\t\t\t<\/div>\n\t\t\t\t<\/div>\n\t\t\t\t\t<\/div>\n\t\t<\/div>\n\t\t\t\t<div class=\"elementor-column elementor-col-60 elementor-top-column elementor-element elementor-element-7617d97\" data-id=\"7617d97\" data-element_type=\"column\">\n\t\t\t<div class=\"elementor-widget-wrap elementor-element-populated\">\n\t\t\t\t\t\t<div class=\"elementor-element elementor-element-ce56828 elementor-widget elementor-widget-text-editor\" data-id=\"ce56828\" data-element_type=\"widget\" data-widget_type=\"text-editor.default\">\n\t\t\t\t<div class=\"elementor-widget-container\">\n\t\t\t\t\t\t\t\t\t<h3>Les fibres v\u00e9g\u00e9tales<\/h3><p>Jacinthe d&rsquo;eau, osier, jonc de mer, lin. Elles apportent la troisi\u00e8me texture et absorbent un peu du son de la pi\u00e8ce, ce qui compte plus qu&rsquo;on ne l&rsquo;imagine dans un espace enti\u00e8rement carrel\u00e9 o\u00f9 tout r\u00e9sonne.<\/p><p>Leur autre int\u00e9r\u00eat est fonctionnel : un panier tress\u00e9 range le linge sale sans le montrer, ce qui sert directement le troisi\u00e8me principe.<\/p><h3>Le v\u00e9g\u00e9tal<\/h3><p>C&rsquo;est la seule couleur vive tol\u00e9r\u00e9e, et la seule mati\u00e8re vivante de la pi\u00e8ce. Une plante apporte le vert, la verticalit\u00e9 et un peu de d\u00e9sordre organique qui emp\u00eache l&rsquo;ensemble de para\u00eetre fig\u00e9.<\/p><p>Encore faut-il choisir des esp\u00e8ces qui supportent la vapeur et la lumi\u00e8re faible. Notre guide des <a href=\"https:\/\/www.wanda-collection.com\/blog\/les-bienfaits-des-plantes-dans-la-salle-de-bain\/\">plantes dans la salle de bain<\/a> donne les esp\u00e8ces qui tiennent r\u00e9ellement et celles qui meurent en trois semaines.<\/p>\t\t\t\t\t\t\t\t<\/div>\n\t\t\t\t<\/div>\n\t\t\t\t<div class=\"vamtam-has-theme-widget-styles elementor-element elementor-element-8b53e49 elementor-align-center elementor-widget elementor-widget-button\" data-id=\"8b53e49\" data-element_type=\"widget\" data-widget_type=\"button.default\">\n\t\t\t\t<div class=\"elementor-widget-container\">\n\t\t\t\t\t\t\t\t\t<div class=\"elementor-button-wrapper\">\n\t\t\t\t\t<a class=\"elementor-button elementor-button-link elementor-size-sm\" href=\"https:\/\/www.wanda-collection.com\/cat-panier-fibre-naturelle-1205.htm\">\n\t\t\t\t\t\t<span class=\"elementor-button-content-wrapper\">\n\t\t\t\t\t\t\t\t\t<span class=\"elementor-button-text\">Voir les paniers en fibre naturelle<\/span>\n\t\t\t\t\t<\/span>\n\t\t\t\t\t<\/a>\n\t\t\t\t<\/div>\n\t\t\t\t\t\t\t\t<\/div>\n\t\t\t\t<\/div>\n\t\t\t\t\t<\/div>\n\t\t<\/div>\n\t\t\t\t\t<\/div>\n\t\t<\/section>\n\t\t\t\t<section class=\"elementor-section elementor-top-section elementor-element elementor-element-1b6cf97 elementor-section-boxed elementor-section-height-default elementor-section-height-default\" data-id=\"1b6cf97\" data-element_type=\"section\">\n\t\t\t\t\t\t<div class=\"elementor-container elementor-column-gap-default\">\n\t\t\t\t\t<div class=\"elementor-column elementor-col-100 elementor-top-column elementor-element elementor-element-573c470\" data-id=\"573c470\" data-element_type=\"column\">\n\t\t\t<div class=\"elementor-widget-wrap elementor-element-populated\">\n\t\t\t\t\t\t<div class=\"elementor-element elementor-element-b8fc3bb elementor-widget elementor-widget-text-editor\" data-id=\"b8fc3bb\" data-element_type=\"widget\" data-widget_type=\"text-editor.default\">\n\t\t\t\t<div class=\"elementor-widget-container\">\n\t\t\t\t\t\t\t\t\t<h2>Trois variantes du style zen<\/h2><p>Le registre zen se d\u00e9cline, et il vaut mieux en choisir une plut\u00f4t que de les m\u00e9langer.<\/p><h3>Le japandi<\/h3><p>Croisement entre minimalisme japonais et fonctionnalisme scandinave : bois clair, lignes droites, palette encore plus resserr\u00e9e. C&rsquo;est la version la plus contemporaine et la plus facile \u00e0 r\u00e9ussir dans un logement neuf. Voir notre guide de la <a href=\"https:\/\/www.wanda-collection.com\/blog\/comment-creer-une-salle-de-bain-au-style-japandi\/\">salle de bain japandi<\/a>.<\/p><h3>Le zen min\u00e9ral<\/h3><p>Dominante pierre, tr\u00e8s peu de bois, beaucoup de gris et de beige. Plus aust\u00e8re, plus graphique, il fonctionne remarquablement avec le terrazzo, dont les \u00e9clats apportent le peu de mouvement n\u00e9cessaire. Voir <a href=\"https:\/\/www.wanda-collection.com\/blog\/le-terrazzo-dans-une-salle-de-bain-en-bois-5-idees-deco\/\">terrazzo et bois en salle de bain<\/a>.<\/p><h3>Le zen m\u00e9diterran\u00e9en<\/h3><p>Les m\u00eames principes appliqu\u00e9s \u00e0 une palette plus chaude : blanc cass\u00e9, terre cuite, vert olive. Le calme y vient de la lumi\u00e8re plut\u00f4t que de la sobri\u00e9t\u00e9. Notre guide de la <a href=\"https:\/\/www.wanda-collection.com\/blog\/inspiration-mediterraneenne\/\">salle de bain proven\u00e7ale et m\u00e9diterran\u00e9enne<\/a> d\u00e9veloppe ce registre.<\/p>\t\t\t\t\t\t\t\t<\/div>\n\t\t\t\t<\/div>\n\t\t\t\t\t<\/div>\n\t\t<\/div>\n\t\t\t\t\t<\/div>\n\t\t<\/section>\n\t\t\t\t<section class=\"elementor-section elementor-top-section elementor-element elementor-element-d42a684 elementor-section-boxed elementor-section-height-default elementor-section-height-default\" data-id=\"d42a684\" data-element_type=\"section\">\n\t\t\t\t\t\t<div class=\"elementor-container elementor-column-gap-default\">\n\t\t\t\t\t<div class=\"elementor-column elementor-col-60 elementor-top-column elementor-element elementor-element-1a33502\" data-id=\"1a33502\" data-element_type=\"column\">\n\t\t\t<div class=\"elementor-widget-wrap elementor-element-populated\">\n\t\t\t\t\t\t<div class=\"elementor-element elementor-element-fb0c01d elementor-widget elementor-widget-text-editor\" data-id=\"fb0c01d\" data-element_type=\"widget\" data-widget_type=\"text-editor.default\">\n\t\t\t\t<div class=\"elementor-widget-container\">\n\t\t\t\t\t\t\t\t\t<h2>Une petite salle de bain zen<\/h2><p>C&rsquo;est le cas le plus fr\u00e9quent, et la bonne nouvelle est que les principes zen y sont plus efficaces qu&rsquo;ailleurs : moins de mati\u00e8res et moins d&rsquo;objets, c&rsquo;est exactement ce dont une petite pi\u00e8ce a besoin.<\/p><p><strong>Le meuble suspendu<\/strong> devient presque obligatoire : voir le sol se prolonger sous le meuble agrandit visiblement la pi\u00e8ce, et lib\u00e8re la surface au sol pour un panier ou une plante.<\/p><p><strong>Le grand miroir<\/strong> est le meilleur investissement d&rsquo;une petite salle de bain zen : il double la lumi\u00e8re et la profondeur per\u00e7ue. Un cadre en bois clair le rattache au registre. Voir notre guide du <a href=\"https:\/\/www.wanda-collection.com\/blog\/miroir-bois-salle-de-bain\/\">miroir en bois<\/a>.<\/p><p><strong>La verticalit\u00e9<\/strong> plut\u00f4t que l&rsquo;\u00e9talement : une colonne \u00e9troite plut\u00f4t qu&rsquo;un meuble bas suppl\u00e9mentaire, une plante retombante en hauteur plut\u00f4t qu&rsquo;un pot au sol. Nos conseils pour <a href=\"https:\/\/www.wanda-collection.com\/blog\/comment-amenager-une-petite-salle-de-bain\/\">am\u00e9nager une petite salle de bain<\/a> compl\u00e8tent ce point.<\/p>\t\t\t\t\t\t\t\t<\/div>\n\t\t\t\t<\/div>\n\t\t\t\t\t<\/div>\n\t\t<\/div>\n\t\t\t\t<div class=\"elementor-column elementor-col-40 elementor-top-column elementor-element elementor-element-44461a1\" data-id=\"44461a1\" data-element_type=\"column\">\n\t\t\t<div class=\"elementor-widget-wrap elementor-element-populated\">\n\t\t\t\t\t\t<div class=\"vamtam-has-theme-widget-styles elementor-element elementor-element-351ba16 elementor-widget elementor-widget-image\" data-id=\"351ba16\" data-element_type=\"widget\" data-widget_type=\"image.default\">\n\t\t\t\t<div class=\"elementor-widget-container\">\n\t\t\t\t\t\t\t\t\t<div class=\"elementor-image\">\n\t\t\t\t\t\t\t\t\t\t\t\t\t\t\t\t<figure class=\"wp-caption\">\n\t\t\t\t\t\t\t\t\t\t\t\t\t\t\t\t\t<a href=\"https:\/\/www.wanda-collection.com\/art-miroir-retro-en-teck-massif-70-cm-x-50cm-673.htm\">\n\t\t\t\t\t\t\t\t\t\t\t<img loading=\"lazy\" decoding=\"async\" width=\"1028\" height=\"1028\" src=\"https:\/\/www.wanda-collection.com\/blog\/wp-content\/uploads\/2026\/08\/pv-miroir-teck.jpg\" class=\"attachment-full size-full wp-image-992867\" alt=\"Miroir de salle de bain r\u00e9tro \u00e0 cadre en teck massif\" srcset=\"https:\/\/www.wanda-collection.com\/blog\/wp-content\/uploads\/2026\/08\/pv-miroir-teck.jpg 1028w, https:\/\/www.wanda-collection.com\/blog\/wp-content\/uploads\/2026\/08\/pv-miroir-teck-300x300.jpg 300w, https:\/\/www.wanda-collection.com\/blog\/wp-content\/uploads\/2026\/08\/pv-miroir-teck-1024x1024.jpg 1024w, https:\/\/www.wanda-collection.com\/blog\/wp-content\/uploads\/2026\/08\/pv-miroir-teck-150x150.jpg 150w, https:\/\/www.wanda-collection.com\/blog\/wp-content\/uploads\/2026\/08\/pv-miroir-teck-768x768.jpg 768w\" sizes=\"(max-width: 1028px) 100vw, 1028px\" \/>\t\t\t\t\t\t\t\t\t\t\t\t<\/a>\n\t\t\t\t\t\t\t\t\t\t\t\t\t\t\t\t\t<figcaption class=\"widget-image-caption wp-caption-text\">Miroir r\u00e9tro en teck massif<\/figcaption>\n\t\t\t\t\t\t\t\t\t\t\t\t\t\t\t\t<\/figure>\n\t\t\t\t\t\t\t\t\t\t\t\t\t\t<\/div>\n\t\t\t\t\t\t\t\t<\/div>\n\t\t\t\t<\/div>\n\t\t\t\t\t<\/div>\n\t\t<\/div>\n\t\t\t\t\t<\/div>\n\t\t<\/section>\n\t\t\t\t<section class=\"elementor-section elementor-top-section elementor-element elementor-element-c75296f elementor-section-boxed elementor-section-height-default elementor-section-height-default\" data-id=\"c75296f\" data-element_type=\"section\">\n\t\t\t\t\t\t<div class=\"elementor-container elementor-column-gap-default\">\n\t\t\t\t\t<div class=\"elementor-column elementor-col-40 elementor-top-column elementor-element elementor-element-86e1a9e\" data-id=\"86e1a9e\" data-element_type=\"column\">\n\t\t\t<div class=\"elementor-widget-wrap elementor-element-populated\">\n\t\t\t\t\t\t<div class=\"vamtam-has-theme-widget-styles elementor-element elementor-element-e192b50 elementor-widget elementor-widget-image\" data-id=\"e192b50\" data-element_type=\"widget\" data-widget_type=\"image.default\">\n\t\t\t\t<div class=\"elementor-widget-container\">\n\t\t\t\t\t\t\t\t\t<div class=\"elementor-image\">\n\t\t\t\t\t\t\t\t\t\t\t\t\t\t\t\t<figure class=\"wp-caption\">\n\t\t\t\t\t\t\t\t\t\t\t\t\t\t\t\t\t<a href=\"https:\/\/www.wanda-collection.com\/art-porte-savon-galet-de-riviere-427.htm\">\n\t\t\t\t\t\t\t\t\t\t\t<img loading=\"lazy\" decoding=\"async\" width=\"1028\" height=\"1028\" src=\"https:\/\/www.wanda-collection.com\/blog\/wp-content\/uploads\/2026\/08\/zen-portesavon.jpg\" class=\"attachment-full size-full wp-image-992873\" alt=\"Porte-savon taill\u00e9 dans un galet de rivi\u00e8re\" srcset=\"https:\/\/www.wanda-collection.com\/blog\/wp-content\/uploads\/2026\/08\/zen-portesavon.jpg 1028w, https:\/\/www.wanda-collection.com\/blog\/wp-content\/uploads\/2026\/08\/zen-portesavon-300x300.jpg 300w, https:\/\/www.wanda-collection.com\/blog\/wp-content\/uploads\/2026\/08\/zen-portesavon-1024x1024.jpg 1024w, https:\/\/www.wanda-collection.com\/blog\/wp-content\/uploads\/2026\/08\/zen-portesavon-150x150.jpg 150w, https:\/\/www.wanda-collection.com\/blog\/wp-content\/uploads\/2026\/08\/zen-portesavon-768x768.jpg 768w\" sizes=\"(max-width: 1028px) 100vw, 1028px\" \/>\t\t\t\t\t\t\t\t\t\t\t\t<\/a>\n\t\t\t\t\t\t\t\t\t\t\t\t\t\t\t\t\t<figcaption class=\"widget-image-caption wp-caption-text\">Porte-savon en galet de rivi\u00e8re<\/figcaption>\n\t\t\t\t\t\t\t\t\t\t\t\t\t\t\t\t<\/figure>\n\t\t\t\t\t\t\t\t\t\t\t\t\t\t<\/div>\n\t\t\t\t\t\t\t\t<\/div>\n\t\t\t\t<\/div>\n\t\t\t\t\t<\/div>\n\t\t<\/div>\n\t\t\t\t<div class=\"elementor-column elementor-col-60 elementor-top-column elementor-element elementor-element-81bb59f\" data-id=\"81bb59f\" data-element_type=\"column\">\n\t\t\t<div class=\"elementor-widget-wrap elementor-element-populated\">\n\t\t\t\t\t\t<div class=\"elementor-element elementor-element-b607f89 elementor-widget elementor-widget-text-editor\" data-id=\"b607f89\" data-element_type=\"widget\" data-widget_type=\"text-editor.default\">\n\t\t\t\t<div class=\"elementor-widget-container\">\n\t\t\t\t\t\t\t\t\t<h2>Les objets qui restent visibles<\/h2><p>Puisque le troisi\u00e8me principe impose de cacher le fonctionnel, les rares objets laiss\u00e9s en vue portent toute la charge d\u00e9corative. Ils doivent donc \u00eatre de mati\u00e8re, pas de plastique.<\/p><p>Un porte-savon taill\u00e9 dans un galet, un distributeur en pierre, un gobelet en marbre : ces trois objets remplacent les flacons commerciaux qui encombrent la plupart des plans de toilette. Ils co\u00fbtent peu, se voient beaucoup, et ce sont eux qui font la diff\u00e9rence entre une pi\u00e8ce sobre et une pi\u00e8ce simplement vide.<\/p><p>La r\u00e8gle qui fonctionne : <strong>transvaser<\/strong>. Savon liquide et lotion dans des contenants en pierre, cotons dans un pot ferm\u00e9, le reste dans le meuble. Aucune \u00e9tiquette commerciale visible.<\/p>\t\t\t\t\t\t\t\t<\/div>\n\t\t\t\t<\/div>\n\t\t\t\t<div class=\"vamtam-has-theme-widget-styles elementor-element elementor-element-1c4d858 elementor-align-center elementor-widget elementor-widget-button\" data-id=\"1c4d858\" data-element_type=\"widget\" data-widget_type=\"button.default\">\n\t\t\t\t<div class=\"elementor-widget-container\">\n\t\t\t\t\t\t\t\t\t<div class=\"elementor-button-wrapper\">\n\t\t\t\t\t<a class=\"elementor-button elementor-button-link elementor-size-sm\" href=\"https:\/\/www.wanda-collection.com\/cat-accessoires-de-salle-de-bain-167.htm\">\n\t\t\t\t\t\t<span class=\"elementor-button-content-wrapper\">\n\t\t\t\t\t\t\t\t\t<span class=\"elementor-button-text\">Voir les accessoires de salle de bain<\/span>\n\t\t\t\t\t<\/span>\n\t\t\t\t\t<\/a>\n\t\t\t\t<\/div>\n\t\t\t\t\t\t\t\t<\/div>\n\t\t\t\t<\/div>\n\t\t\t\t\t<\/div>\n\t\t<\/div>\n\t\t\t\t\t<\/div>\n\t\t<\/section>\n\t\t\t\t<section class=\"elementor-section elementor-top-section elementor-element elementor-element-4a97aa2 elementor-section-boxed elementor-section-height-default elementor-section-height-default\" data-id=\"4a97aa2\" data-element_type=\"section\">\n\t\t\t\t\t\t<div class=\"elementor-container elementor-column-gap-default\">\n\t\t\t\t\t<div class=\"elementor-column elementor-col-100 elementor-top-column elementor-element elementor-element-4166ee3\" data-id=\"4166ee3\" data-element_type=\"column\">\n\t\t\t<div class=\"elementor-widget-wrap elementor-element-populated\">\n\t\t\t\t\t\t<div class=\"elementor-element elementor-element-8ad95b3 elementor-widget elementor-widget-text-editor\" data-id=\"8ad95b3\" data-element_type=\"widget\" data-widget_type=\"text-editor.default\">\n\t\t\t\t<div class=\"elementor-widget-container\">\n\t\t\t\t\t\t\t\t\t<h2>Les cinq erreurs les plus fr\u00e9quentes<\/h2><p><strong>Confondre le style et le folklore.<\/strong> Bambou en pot, bouddha d\u00e9coratif, bougies parfum\u00e9es et galets dans une coupelle : ces objets signalent le zen au lieu de le produire. Le calme vient de la sobri\u00e9t\u00e9, pas des accessoires.<\/p><p><strong>Accumuler les mati\u00e8res.<\/strong> Trois, quatre au maximum. C&rsquo;est le principe le plus viol\u00e9, parce qu&rsquo;on ajoute sans jamais recompter.<\/p><p><strong>Laisser les flacons commerciaux en vue.<\/strong> Cinq \u00e9tiquettes color\u00e9es sur le plan annulent une pi\u00e8ce enti\u00e8re. Transvaser co\u00fbte trois objets et change tout.<\/p><p><strong>\u00c9clairer en blanc froid.<\/strong> Une lumi\u00e8re \u00e0 4 000 K \u00e9teint le bois, grise la pierre et rend le beige clinique. C&rsquo;est l&rsquo;erreur la plus fr\u00e9quente et la plus invisible.<\/p><p><strong>Vernir le bois.<\/strong> Le brillant contredit la mati\u00e8re brute et emprisonne l&rsquo;humidit\u00e9. Une huile, jamais un vernis.<\/p>\t\t\t\t\t\t\t\t<\/div>\n\t\t\t\t<\/div>\n\t\t\t\t\t<\/div>\n\t\t<\/div>\n\t\t\t\t\t<\/div>\n\t\t<\/section>\n\t\t\t\t<section class=\"elementor-section elementor-top-section elementor-element elementor-element-ad68676 elementor-section-boxed elementor-section-height-default elementor-section-height-default\" data-id=\"ad68676\" data-element_type=\"section\">\n\t\t\t\t\t\t<div class=\"elementor-container elementor-column-gap-default\">\n\t\t\t\t\t<div class=\"elementor-column elementor-col-100 elementor-top-column elementor-element elementor-element-e809968\" data-id=\"e809968\" data-element_type=\"column\">\n\t\t\t<div class=\"elementor-widget-wrap elementor-element-populated\">\n\t\t\t\t\t\t<div class=\"elementor-element elementor-element-1ada6b3 elementor-widget elementor-widget-heading\" data-id=\"1ada6b3\" data-element_type=\"widget\" data-widget_type=\"heading.default\">\n\t\t\t\t<div class=\"elementor-widget-container\">\n\t\t\t\t\t<h2 class=\"elementor-heading-title elementor-size-default\">La s\u00e9lection Wanda Collection<\/h2>\t\t\t\t<\/div>\n\t\t\t\t<\/div>\n\t\t\t\t\t<\/div>\n\t\t<\/div>\n\t\t\t\t\t<\/div>\n\t\t<\/section>\n\t\t\t\t<section class=\"elementor-section elementor-top-section elementor-element elementor-element-2401ef8 elementor-section-boxed elementor-section-height-default elementor-section-height-default\" data-id=\"2401ef8\" data-element_type=\"section\">\n\t\t\t\t\t\t<div class=\"elementor-container elementor-column-gap-default\">\n\t\t\t\t\t<div class=\"elementor-column elementor-col-100 elementor-top-column elementor-element elementor-element-cf84745\" data-id=\"cf84745\" data-element_type=\"column\">\n\t\t\t<div class=\"elementor-widget-wrap elementor-element-populated\">\n\t\t\t\t\t\t<div class=\"elementor-element elementor-element-f7788d4 elementor-widget elementor-widget-text-editor\" data-id=\"f7788d4\" data-element_type=\"widget\" data-widget_type=\"text-editor.default\">\n\t\t\t\t<div class=\"elementor-widget-container\">\n\t\t\t\t\t\t\t\t\t<p>Voici les pi\u00e8ces de la collection Wanda qui servent le plus directement ces principes, mati\u00e8re brute et formes simples.<\/p><ul><li><strong><a href=\"https:\/\/www.wanda-collection.com\/art-vasque-a-poser-en-pierre-naturelle-galet-de-riviere-40-cm-293.htm\">Vasque \u00e0 poser en galet de rivi\u00e8re, 40 cm<\/a><\/strong> : pi\u00e8ce unique, polie dedans et brute dehors.<\/li><li><strong><a href=\"https:\/\/www.wanda-collection.com\/art-vasque-a-poser-en-galet-de-riviere-40-45-cm-porte-savon-1460.htm\">Vasque en galet de rivi\u00e8re avec porte-savon<\/a><\/strong> : le bassin et son accessoire taill\u00e9s dans la m\u00eame pierre.<\/li><li><strong><a href=\"https:\/\/www.wanda-collection.com\/art-meuble-sous-vasque-en-teck-massif-vila-80cm-56156.htm\">Meuble sous vasque en teck massif Vila, 80 cm<\/a><\/strong> : le bois qui r\u00e9chauffe un ensemble min\u00e9ral.<\/li><li><strong><a href=\"https:\/\/www.wanda-collection.com\/art-miroir-retro-en-teck-massif-70-cm-x-50cm-673.htm\">Miroir r\u00e9tro en teck massif, 70 x 50 cm<\/a><\/strong> : cadre bois, forme simple, il double la lumi\u00e8re.<\/li><li><strong><a href=\"https:\/\/www.wanda-collection.com\/art-lot-de-2-paniers-tresses-en-jacinthe-d-eau-xl-m-vito-55293.htm\">Lot de 2 paniers tress\u00e9s en jacinthe d&rsquo;eau<\/a><\/strong> : la fibre v\u00e9g\u00e9tale, et le linge qui dispara\u00eet.<\/li><li><strong><a href=\"https:\/\/www.wanda-collection.com\/art-porte-savon-galet-de-riviere-427.htm\">Porte-savon en galet de rivi\u00e8re<\/a><\/strong> : l&rsquo;accessoire de mati\u00e8re qui remplace le plastique.<\/li><li><strong><a href=\"https:\/\/www.wanda-collection.com\/art-distributeur-de-savon-en-galet-de-riviere-1350.htm\">Distributeur de savon en galet de rivi\u00e8re<\/a><\/strong> : pour transvaser et faire dispara\u00eetre les \u00e9tiquettes.<\/li><li><strong><a href=\"https:\/\/www.wanda-collection.com\/art-gobelet-galet-pierre-de-riviere-573.htm\">Gobelet en galet de pierre de rivi\u00e8re<\/a><\/strong> : le troisi\u00e8me objet de la trilogie du plan de toilette.<\/li><li><strong><a href=\"https:\/\/www.wanda-collection.com\/art-mitigeur-vasque-salle-de-bain-lana-noir-mat-55456.htm\">Mitigeur Lana noir mat<\/a><\/strong> : le m\u00e9tal sombre qui dispara\u00eet au lieu de briller.<\/li><\/ul>\n<!-- wanda-lien-contextuel --><p>Une fois le fonctionnel rang\u00e9, les deux ou trois objets qui restent sur le plan portent toute la charge d\u00e9corative. Notre guide des <a href=\"https:\/\/www.wanda-collection.com\/blog\/accessoires-salle-de-bain-pierre-marbre\/\" style=\"font-weight:700; text-decoration:underline; color:#1a1a2e;\"><strong>accessoires de salle de bain en pierre<\/strong><\/a> explique lesquels garder et comment les accorder.<\/p>\n<!-- wanda-lien-contextuel --><p>Le linge sale est le seul volume qu&rsquo;aucun meuble n&rsquo;absorbe, et c&rsquo;est souvent lui qui d\u00e9fait l&rsquo;impression d&rsquo;ensemble. Notre guide du <a href=\"https:\/\/www.wanda-collection.com\/blog\/panier-linge-rangement-fibre-naturelle\/\" style=\"font-weight:700; text-decoration:underline; color:#1a1a2e;\"><strong>panier \u00e0 linge en fibre naturelle<\/strong><\/a> donne le volume \u00e0 pr\u00e9voir et la fibre \u00e0 retenir.<\/p>\t\t\t\t\t\t\t\t<\/div>\n\t\t\t\t<\/div>\n\t\t\t\t<div class=\"vamtam-has-theme-widget-styles elementor-element elementor-element-728c0ae elementor-align-center elementor-widget elementor-widget-button\" data-id=\"728c0ae\" data-element_type=\"widget\" data-widget_type=\"button.default\">\n\t\t\t\t<div class=\"elementor-widget-container\">\n\t\t\t\t\t\t\t\t\t<div class=\"elementor-button-wrapper\">\n\t\t\t\t\t<a class=\"elementor-button elementor-button-link elementor-size-sm\" href=\"https:\/\/www.wanda-collection.com\/cat-salle-de-bain-6.htm\">\n\t\t\t\t\t\t<span class=\"elementor-button-content-wrapper\">\n\t\t\t\t\t\t\t\t\t<span class=\"elementor-button-text\">D\u00e9couvrir la collection salle de bain<\/span>\n\t\t\t\t\t<\/span>\n\t\t\t\t\t<\/a>\n\t\t\t\t<\/div>\n\t\t\t\t\t\t\t\t<\/div>\n\t\t\t\t<\/div>\n\t\t\t\t\t<\/div>\n\t\t<\/div>\n\t\t\t\t\t<\/div>\n\t\t<\/section>\n\t\t\t\t<section class=\"elementor-section elementor-top-section elementor-element elementor-element-e6b9f60 elementor-section-boxed elementor-section-height-default elementor-section-height-default\" data-id=\"e6b9f60\" data-element_type=\"section\">\n\t\t\t\t\t\t<div class=\"elementor-container elementor-column-gap-default\">\n\t\t\t\t\t<div class=\"elementor-column elementor-col-100 elementor-top-column elementor-element elementor-element-2a16072\" data-id=\"2a16072\" data-element_type=\"column\">\n\t\t\t<div class=\"elementor-widget-wrap elementor-element-populated\">\n\t\t\t\t\t\t<div class=\"elementor-element elementor-element-9778c53 elementor-widget elementor-widget-text-editor\" data-id=\"9778c53\" data-element_type=\"widget\" data-widget_type=\"text-editor.default\">\n\t\t\t\t<div class=\"elementor-widget-container\">\n\t\t\t\t\t\t\t\t\t<p>Si vous ne deviez retenir qu&rsquo;une chose : retirez avant d&rsquo;ajouter. Une salle de bain zen se construit en soustrayant, et la plupart des pi\u00e8ces s&rsquo;am\u00e9liorent davantage en enlevant cinq objets qu&rsquo;en en achetant un sixi\u00e8me. Une fois le tri fait, la <a href=\"https:\/\/www.wanda-collection.com\/blog\/vasque-salle-de-bain-comment-choisir\/\">vasque<\/a> est la pi\u00e8ce par laquelle commencer : c&rsquo;est elle qui donne le ton. Toute la <a href=\"https:\/\/www.wanda-collection.com\/cat-salle-de-bain-6.htm\">collection salle de bain<\/a> est construite sur ces mati\u00e8res.<\/p>\n<!-- wanda-maillage-2026-08 --><div style=\"background:#faf6ef; border-left:4px solid #d4a84b; padding:24px 28px; margin:32px 0; border-radius:0 8px 8px 0;\"><p style=\"color:#1a1a2e; font-size:1.15em; margin:0 0 14px; font-weight:600; letter-spacing:0.3px; text-transform:uppercase;\">\u00c0 lire aussi sur le blog Wanda<\/p><ul style=\"margin:0; padding:0 0 0 18px; line-height:1.9;\"><li><a href=\"https:\/\/www.wanda-collection.com\/blog\/miroir-bois-salle-de-bain\/\" style=\"font-weight:700; text-decoration:underline; color:#1a1a2e;\"><strong>Miroir en bois pour la salle de bain<\/strong><\/a><\/li><li><a href=\"https:\/\/www.wanda-collection.com\/blog\/accessoires-salle-de-bain-pierre-marbre\/\" style=\"font-weight:700; text-decoration:underline; color:#1a1a2e;\"><strong>Accessoires de salle de bain en pierre<\/strong><\/a><\/li><\/ul><\/div>\t\t\t\t\t\t\t\t<\/div>\n\t\t\t\t<\/div>\n\t\t\t\t\t<\/div>\n\t\t<\/div>\n\t\t\t\t\t<\/div>\n\t\t<\/section>\n\t\t\t\t<section class=\"elementor-section elementor-top-section elementor-element elementor-element-afd6fab elementor-section-boxed elementor-section-height-default elementor-section-height-default\" data-id=\"afd6fab\" data-element_type=\"section\">\n\t\t\t\t\t\t<div class=\"elementor-container elementor-column-gap-default\">\n\t\t\t\t\t<div class=\"elementor-column elementor-col-100 elementor-top-column elementor-element elementor-element-2f1816c\" data-id=\"2f1816c\" data-element_type=\"column\">\n\t\t\t<div class=\"elementor-widget-wrap elementor-element-populated\">\n\t\t\t\t\t\t<div class=\"elementor-element elementor-element-d9c395f elementor-widget elementor-widget-heading\" data-id=\"d9c395f\" data-element_type=\"widget\" data-widget_type=\"heading.default\">\n\t\t\t\t<div class=\"elementor-widget-container\">\n\t\t\t\t\t<h2 class=\"elementor-heading-title elementor-size-default\">FAQ : salle de bain zen<\/h2>\t\t\t\t<\/div>\n\t\t\t\t<\/div>\n\t\t\t\t\t<\/div>\n\t\t<\/div>\n\t\t\t\t\t<\/div>\n\t\t<\/section>\n\t\t\t\t<section class=\"elementor-section elementor-top-section elementor-element elementor-element-c608741 elementor-section-boxed elementor-section-height-default elementor-section-height-default\" data-id=\"c608741\" data-element_type=\"section\">\n\t\t\t\t\t\t<div class=\"elementor-container elementor-column-gap-default\">\n\t\t\t\t\t<div class=\"elementor-column elementor-col-100 elementor-top-column elementor-element elementor-element-6b02281\" data-id=\"6b02281\" data-element_type=\"column\">\n\t\t\t<div class=\"elementor-widget-wrap elementor-element-populated\">\n\t\t\t\t\t\t<div class=\"elementor-element elementor-element-a241ccb elementor-widget elementor-widget-accordion\" data-id=\"a241ccb\" data-element_type=\"widget\" data-widget_type=\"accordion.default\">\n\t\t\t\t<div class=\"elementor-widget-container\">\n\t\t\t\t\t\t\t<div class=\"elementor-accordion\">\n\t\t\t\t\t\t\t<div class=\"elementor-accordion-item\">\n\t\t\t\t\t<div id=\"elementor-tab-title-1701\" class=\"elementor-tab-title\" data-tab=\"1\" role=\"button\" aria-controls=\"elementor-tab-content-1701\" aria-expanded=\"false\">\n\t\t\t\t\t\t\t\t\t\t\t\t\t<span class=\"elementor-accordion-icon elementor-accordion-icon-left\" aria-hidden=\"true\">\n\t\t\t\t\t\t\t\t\t\t\t\t\t\t\t<span class=\"elementor-accordion-icon-closed\"><i class=\"fas fa-plus\"><\/i><\/span>\n\t\t\t\t\t\t\t\t<span class=\"elementor-accordion-icon-opened\"><i class=\"fas fa-minus\"><\/i><\/span>\n\t\t\t\t\t\t\t\t\t\t\t\t\t\t<\/span>\n\t\t\t\t\t\t\t\t\t\t\t\t<a class=\"elementor-accordion-title\" tabindex=\"0\">Qu'est-ce qui d\u00e9finit vraiment une salle de bain zen ?<\/a>\n\t\t\t\t\t<\/div>\n\t\t\t\t\t<div id=\"elementor-tab-content-1701\" class=\"elementor-tab-content elementor-clearfix\" data-tab=\"1\" role=\"region\" aria-labelledby=\"elementor-tab-title-1701\"><p>Quatre principes, dont aucun ne concerne la d\u00e9coration : peu de mati\u00e8res (trois, quatre au maximum), peu de couleurs (une dominante neutre et un accent emprunt\u00e9 \u00e0 un mat\u00e9riau), le vide assum\u00e9 comme \u00e9l\u00e9ment de composition, et une lumi\u00e8re chaude et indirecte. Le bambou, les galets et les bougies ne sont qu&rsquo;un vocabulaire d\u00e9coratif optionnel.<\/p><\/div>\n\t\t\t\t<\/div>\n\t\t\t\t\t\t\t<div class=\"elementor-accordion-item\">\n\t\t\t\t\t<div id=\"elementor-tab-title-1702\" class=\"elementor-tab-title\" data-tab=\"2\" role=\"button\" aria-controls=\"elementor-tab-content-1702\" aria-expanded=\"false\">\n\t\t\t\t\t\t\t\t\t\t\t\t\t<span class=\"elementor-accordion-icon elementor-accordion-icon-left\" aria-hidden=\"true\">\n\t\t\t\t\t\t\t\t\t\t\t\t\t\t\t<span class=\"elementor-accordion-icon-closed\"><i class=\"fas fa-plus\"><\/i><\/span>\n\t\t\t\t\t\t\t\t<span class=\"elementor-accordion-icon-opened\"><i class=\"fas fa-minus\"><\/i><\/span>\n\t\t\t\t\t\t\t\t\t\t\t\t\t\t<\/span>\n\t\t\t\t\t\t\t\t\t\t\t\t<a class=\"elementor-accordion-title\" tabindex=\"0\">Quelles mati\u00e8res pour une salle de bain zen ?<\/a>\n\t\t\t\t\t<\/div>\n\t\t\t\t\t<div id=\"elementor-tab-content-1702\" class=\"elementor-tab-content elementor-clearfix\" data-tab=\"2\" role=\"region\" aria-labelledby=\"elementor-tab-title-1702\"><p>Quatre familles fonctionnent : la pierre brute ou le galet de rivi\u00e8re pour l&rsquo;irr\u00e9gularit\u00e9, le teck ou un bois brut pour la chaleur, une fibre v\u00e9g\u00e9tale comme la jacinthe d&rsquo;eau ou le jonc de mer pour la texture, et le v\u00e9g\u00e9tal pour la seule couleur vive de la pi\u00e8ce. N&rsquo;en retenez pas plus de quatre au total.<\/p><\/div>\n\t\t\t\t<\/div>\n\t\t\t\t\t\t\t<div class=\"elementor-accordion-item\">\n\t\t\t\t\t<div id=\"elementor-tab-title-1703\" class=\"elementor-tab-title\" data-tab=\"3\" role=\"button\" aria-controls=\"elementor-tab-content-1703\" aria-expanded=\"false\">\n\t\t\t\t\t\t\t\t\t\t\t\t\t<span class=\"elementor-accordion-icon elementor-accordion-icon-left\" aria-hidden=\"true\">\n\t\t\t\t\t\t\t\t\t\t\t\t\t\t\t<span class=\"elementor-accordion-icon-closed\"><i class=\"fas fa-plus\"><\/i><\/span>\n\t\t\t\t\t\t\t\t<span class=\"elementor-accordion-icon-opened\"><i class=\"fas fa-minus\"><\/i><\/span>\n\t\t\t\t\t\t\t\t\t\t\t\t\t\t<\/span>\n\t\t\t\t\t\t\t\t\t\t\t\t<a class=\"elementor-accordion-title\" tabindex=\"0\">Peut-on faire une petite salle de bain zen ?<\/a>\n\t\t\t\t\t<\/div>\n\t\t\t\t\t<div id=\"elementor-tab-content-1703\" class=\"elementor-tab-content elementor-clearfix\" data-tab=\"3\" role=\"region\" aria-labelledby=\"elementor-tab-title-1703\"><p>Oui, et les principes y sont m\u00eame plus efficaces qu&rsquo;ailleurs, puisque moins de mati\u00e8res et moins d&rsquo;objets est exactement ce dont une petite pi\u00e8ce a besoin. Trois leviers : un meuble suspendu qui laisse voir le sol, un grand miroir qui double la lumi\u00e8re et la profondeur, et de la verticalit\u00e9 plut\u00f4t que de l&rsquo;\u00e9talement.<\/p><\/div>\n\t\t\t\t<\/div>\n\t\t\t\t\t\t\t<div class=\"elementor-accordion-item\">\n\t\t\t\t\t<div id=\"elementor-tab-title-1704\" class=\"elementor-tab-title\" data-tab=\"4\" role=\"button\" aria-controls=\"elementor-tab-content-1704\" aria-expanded=\"false\">\n\t\t\t\t\t\t\t\t\t\t\t\t\t<span class=\"elementor-accordion-icon elementor-accordion-icon-left\" aria-hidden=\"true\">\n\t\t\t\t\t\t\t\t\t\t\t\t\t\t\t<span class=\"elementor-accordion-icon-closed\"><i class=\"fas fa-plus\"><\/i><\/span>\n\t\t\t\t\t\t\t\t<span class=\"elementor-accordion-icon-opened\"><i class=\"fas fa-minus\"><\/i><\/span>\n\t\t\t\t\t\t\t\t\t\t\t\t\t\t<\/span>\n\t\t\t\t\t\t\t\t\t\t\t\t<a class=\"elementor-accordion-title\" tabindex=\"0\">Quelle diff\u00e9rence entre salle de bain zen et japandi ?<\/a>\n\t\t\t\t\t<\/div>\n\t\t\t\t\t<div id=\"elementor-tab-content-1704\" class=\"elementor-tab-content elementor-clearfix\" data-tab=\"4\" role=\"region\" aria-labelledby=\"elementor-tab-title-1704\"><p>Le japandi est une variante du zen, crois\u00e9e avec le fonctionnalisme scandinave : bois plus clair, lignes plus droites, palette encore plus resserr\u00e9e. Le zen au sens large accepte des mati\u00e8res plus brutes et plus irr\u00e9guli\u00e8res, comme la pierre non taill\u00e9e. Le japandi est plus facile \u00e0 r\u00e9ussir dans un logement neuf, le zen min\u00e9ral dans une pi\u00e8ce ancienne.<\/p><\/div>\n\t\t\t\t<\/div>\n\t\t\t\t\t\t\t<div class=\"elementor-accordion-item\">\n\t\t\t\t\t<div id=\"elementor-tab-title-1705\" class=\"elementor-tab-title\" data-tab=\"5\" role=\"button\" aria-controls=\"elementor-tab-content-1705\" aria-expanded=\"false\">\n\t\t\t\t\t\t\t\t\t\t\t\t\t<span class=\"elementor-accordion-icon elementor-accordion-icon-left\" aria-hidden=\"true\">\n\t\t\t\t\t\t\t\t\t\t\t\t\t\t\t<span class=\"elementor-accordion-icon-closed\"><i class=\"fas fa-plus\"><\/i><\/span>\n\t\t\t\t\t\t\t\t<span class=\"elementor-accordion-icon-opened\"><i class=\"fas fa-minus\"><\/i><\/span>\n\t\t\t\t\t\t\t\t\t\t\t\t\t\t<\/span>\n\t\t\t\t\t\t\t\t\t\t\t\t<a class=\"elementor-accordion-title\" tabindex=\"0\">Quel \u00e9clairage pour une salle de bain zen ?<\/a>\n\t\t\t\t\t<\/div>\n\t\t\t\t\t<div id=\"elementor-tab-content-1705\" class=\"elementor-tab-content elementor-clearfix\" data-tab=\"5\" role=\"region\" aria-labelledby=\"elementor-tab-title-1705\"><p>Une lumi\u00e8re chaude autour de 2 700 K, et surtout indirecte : aucune source ne doit \u00eatre vue directement. Privil\u00e9giez plusieurs points lumineux diffus\u00e9s ou renvoy\u00e9s par un mur plut\u00f4t qu&rsquo;un plafonnier unique. Une lumi\u00e8re blanche froide \u00e0 4 000 K \u00e9teint le bois, grise la pierre et annule tous les autres efforts.<\/p><\/div>\n\t\t\t\t<\/div>\n\t\t\t\t\t\t\t<div class=\"elementor-accordion-item\">\n\t\t\t\t\t<div id=\"elementor-tab-title-1706\" class=\"elementor-tab-title\" data-tab=\"6\" role=\"button\" aria-controls=\"elementor-tab-content-1706\" aria-expanded=\"false\">\n\t\t\t\t\t\t\t\t\t\t\t\t\t<span class=\"elementor-accordion-icon elementor-accordion-icon-left\" aria-hidden=\"true\">\n\t\t\t\t\t\t\t\t\t\t\t\t\t\t\t<span class=\"elementor-accordion-icon-closed\"><i class=\"fas fa-plus\"><\/i><\/span>\n\t\t\t\t\t\t\t\t<span class=\"elementor-accordion-icon-opened\"><i class=\"fas fa-minus\"><\/i><\/span>\n\t\t\t\t\t\t\t\t\t\t\t\t\t\t<\/span>\n\t\t\t\t\t\t\t\t\t\t\t\t<a class=\"elementor-accordion-title\" tabindex=\"0\">Comment \u00e9viter l'effet spa d'h\u00f4tel ?<\/a>\n\t\t\t\t\t<\/div>\n\t\t\t\t\t<div id=\"elementor-tab-content-1706\" class=\"elementor-tab-content elementor-clearfix\" data-tab=\"6\" role=\"region\" aria-labelledby=\"elementor-tab-title-1706\"><p>En retirant au lieu d&rsquo;ajouter. L&rsquo;effet catalogue vient de l&rsquo;accumulation d&rsquo;objets qui signalent le style : bouddha d\u00e9coratif, bambou en pot, galets dans une coupelle, bougies parfum\u00e9es. Gardez trois mati\u00e8res, deux ou trois objets visibles seulement, et transvasez les produits dans des contenants en pierre pour faire dispara\u00eetre les \u00e9tiquettes commerciales.<\/p><\/div>\n\t\t\t\t<\/div>\n\t\t\t\t\t\t\t\t<\/div>\n\t\t\t\t\t\t<\/div>\n\t\t\t\t<\/div>\n\t\t\t\t<div class=\"elementor-element elementor-element-a87eb07 elementor-widget elementor-widget-html\" data-id=\"a87eb07\" data-element_type=\"widget\" data-widget_type=\"html.default\">\n\t\t\t\t<div class=\"elementor-widget-container\">\n\t\t\t\t\t<script type=\"application\/ld+json\">{\"@context\": \"https:\/\/schema.org\", \"@type\": \"Article\", \"headline\": \"Salle de bain zen : les principes, les mati\u00e8res et les erreurs\", \"description\": \"Salle de bain zen : les quatre principes qui la d\u00e9finissent, les mati\u00e8res qui fonctionnent, comment l'adapter \u00e0 une petite pi\u00e8ce et les erreurs qui la ratent.\", \"author\": {\"@type\": \"Organization\", \"name\": \"Wanda Collection\"}, \"publisher\": {\"@type\": \"Organization\", \"name\": \"Wanda Collection\", \"logo\": {\"@type\": \"ImageObject\", \"url\": \"https:\/\/www.wanda-collection.com\/img\/logo.png\"}}, \"mainEntityOfPage\": \"https:\/\/www.wanda-collection.com\/blog\/meubles-de-salle-de-bain-la-collection-zen\/\", \"image\": \"https:\/\/www.wanda-collection.com\/blog\/wp-content\/uploads\/2026\/08\/vq-galet.jpg\"}<\/script>\n<script type=\"application\/ld+json\">{\"@context\": \"https:\/\/schema.org\", \"@type\": \"FAQPage\", \"mainEntity\": [{\"@type\": \"Question\", \"name\": \"Qu'est-ce qui d\u00e9finit vraiment une salle de bain zen ?\", \"acceptedAnswer\": {\"@type\": \"Answer\", \"text\": \"Quatre principes, dont aucun ne concerne la d\u00e9coration : peu de mati\u00e8res (trois, quatre au maximum), peu de couleurs (une dominante neutre et un accent emprunt\u00e9 \u00e0 un mat\u00e9riau), le vide assum\u00e9 comme \u00e9l\u00e9ment de composition, et une lumi\u00e8re chaude et indirecte. Le bambou, les galets et les bougies ne sont qu'un vocabulaire d\u00e9coratif optionnel.\"}}, {\"@type\": \"Question\", \"name\": \"Quelles mati\u00e8res pour une salle de bain zen ?\", \"acceptedAnswer\": {\"@type\": \"Answer\", \"text\": \"Quatre familles fonctionnent : la pierre brute ou le galet de rivi\u00e8re pour l'irr\u00e9gularit\u00e9, le teck ou un bois brut pour la chaleur, une fibre v\u00e9g\u00e9tale comme la jacinthe d'eau ou le jonc de mer pour la texture, et le v\u00e9g\u00e9tal pour la seule couleur vive de la pi\u00e8ce. N'en retenez pas plus de quatre au total.\"}}, {\"@type\": \"Question\", \"name\": \"Peut-on faire une petite salle de bain zen ?\", \"acceptedAnswer\": {\"@type\": \"Answer\", \"text\": \"Oui, et les principes y sont m\u00eame plus efficaces qu'ailleurs, puisque moins de mati\u00e8res et moins d'objets est exactement ce dont une petite pi\u00e8ce a besoin. Trois leviers : un meuble suspendu qui laisse voir le sol, un grand miroir qui double la lumi\u00e8re et la profondeur, et de la verticalit\u00e9 plut\u00f4t que de l'\u00e9talement.\"}}, {\"@type\": \"Question\", \"name\": \"Quelle diff\u00e9rence entre salle de bain zen et japandi ?\", \"acceptedAnswer\": {\"@type\": \"Answer\", \"text\": \"Le japandi est une variante du zen, crois\u00e9e avec le fonctionnalisme scandinave : bois plus clair, lignes plus droites, palette encore plus resserr\u00e9e. Le zen au sens large accepte des mati\u00e8res plus brutes et plus irr\u00e9guli\u00e8res, comme la pierre non taill\u00e9e. Le japandi est plus facile \u00e0 r\u00e9ussir dans un logement neuf, le zen min\u00e9ral dans une pi\u00e8ce ancienne.\"}}, {\"@type\": \"Question\", \"name\": \"Quel \u00e9clairage pour une salle de bain zen ?\", \"acceptedAnswer\": {\"@type\": \"Answer\", \"text\": \"Une lumi\u00e8re chaude autour de 2 700 K, et surtout indirecte : aucune source ne doit \u00eatre vue directement. Privil\u00e9giez plusieurs points lumineux diffus\u00e9s ou renvoy\u00e9s par un mur plut\u00f4t qu'un plafonnier unique. Une lumi\u00e8re blanche froide \u00e0 4 000 K \u00e9teint le bois, grise la pierre et annule tous les autres efforts.\"}}, {\"@type\": \"Question\", \"name\": \"Comment \u00e9viter l'effet spa d'h\u00f4tel ?\", \"acceptedAnswer\": {\"@type\": \"Answer\", \"text\": \"En retirant au lieu d'ajouter. L'effet catalogue vient de l'accumulation d'objets qui signalent le style : bouddha d\u00e9coratif, bambou en pot, galets dans une coupelle, bougies parfum\u00e9es. Gardez trois mati\u00e8res, deux ou trois objets visibles seulement, et transvasez les produits dans des contenants en pierre pour faire dispara\u00eetre les \u00e9tiquettes commerciales.\"}}]}<\/script>\t\t\t\t<\/div>\n\t\t\t\t<\/div>\n\t\t\t\t\t<\/div>\n\t\t<\/div>\n\t\t\t\t\t<\/div>\n\t\t<\/section>\n\t\t\t\t<\/div>\n\t\t","protected":false},"excerpt":{"rendered":"<p>Salle de bain zen : les quatre principes qui la d\u00e9finissent, les mati\u00e8res qui fonctionnent, comment l&rsquo;adapter \u00e0 une petite pi\u00e8ce et les erreurs qui la ratent.<\/p>\n","protected":false},"author":2,"featured_media":992850,"comment_status":"closed","ping_status":"open","sticky":true,"template":"elementor_theme","format":"standard","meta":{"footnotes":""},"categories":[100,112,16],"tags":[114],"class_list":["post-988654","post","type-post","status-publish","format-standard","has-post-thumbnail","hentry","category-decoration-et-tendances","category-inspiration-interieure","category-salle-de-bain","tag-guide-dachat"],"yoast_head":"<!-- This site is optimized with the Yoast SEO plugin v25.5 - https:\/\/yoast.com\/wordpress\/plugins\/seo\/ -->\n<title>Salle de bain zen : les principes, les mati\u00e8res et les erreurs<\/title>\n<meta name=\"description\" content=\"Salle de bain zen : les quatre principes qui la d\u00e9finissent, les mati\u00e8res qui fonctionnent, comment l&#039;adapter \u00e0 une petite pi\u00e8ce et les erreurs qui la ratent.\" \/>\n<meta name=\"robots\" content=\"index, follow, max-snippet:-1, max-image-preview:large, max-video-preview:-1\" \/>\n<link rel=\"canonical\" href=\"https:\/\/www.wanda-collection.com\/blog\/meubles-de-salle-de-bain-la-collection-zen\/\" \/>\n<meta property=\"og:locale\" content=\"fr_FR\" \/>\n<meta property=\"og:type\" content=\"article\" \/>\n<meta property=\"og:title\" content=\"Salle de bain zen : les principes, les mati\u00e8res et les erreurs\" \/>\n<meta property=\"og:description\" content=\"Salle de bain zen : les quatre principes qui la d\u00e9finissent, les mati\u00e8res qui fonctionnent, comment l&#039;adapter \u00e0 une petite pi\u00e8ce et les erreurs qui la ratent.\" \/>\n<meta property=\"og:url\" content=\"https:\/\/www.wanda-collection.com\/blog\/meubles-de-salle-de-bain-la-collection-zen\/\" \/>\n<meta property=\"og:site_name\" content=\"Wanda collection Le blog\" \/>\n<meta property=\"article:publisher\" content=\"https:\/\/www.facebook.com\/WandaCollection.fr\/\" \/>\n<meta property=\"article:published_time\" content=\"2022-07-25T10:57:00+00:00\" \/>\n<meta property=\"article:modified_time\" content=\"2026-08-31T12:49:56+00:00\" \/>\n<meta property=\"og:image\" content=\"https:\/\/www.wanda-collection.com\/blog\/wp-content\/uploads\/2026\/08\/vq-galet.jpg\" \/>\n\t<meta property=\"og:image:width\" content=\"1028\" \/>\n\t<meta property=\"og:image:height\" content=\"1028\" \/>\n\t<meta property=\"og:image:type\" content=\"image\/jpeg\" \/>\n<meta name=\"author\" content=\"David\" \/>\n<meta name=\"twitter:card\" content=\"summary_large_image\" \/>\n<meta name=\"twitter:label1\" content=\"\u00c9crit par\" \/>\n\t<meta name=\"twitter:data1\" content=\"David\" \/>\n\t<meta name=\"twitter:label2\" content=\"Dur\u00e9e de lecture estim\u00e9e\" \/>\n\t<meta name=\"twitter:data2\" content=\"5 minutes\" \/>\n<script type=\"application\/ld+json\" class=\"yoast-schema-graph\">{\"@context\":\"https:\/\/schema.org\",\"@graph\":[{\"@type\":\"Article\",\"@id\":\"https:\/\/www.wanda-collection.com\/blog\/meubles-de-salle-de-bain-la-collection-zen\/#article\",\"isPartOf\":{\"@id\":\"https:\/\/www.wanda-collection.com\/blog\/meubles-de-salle-de-bain-la-collection-zen\/\"},\"author\":{\"name\":\"David\",\"@id\":\"https:\/\/www.wanda-collection.com\/blog\/#\/schema\/person\/173d78a9973ea0be9b1bff2a7d0ac370\"},\"headline\":\"Salle de bain zen : les principes, les mati\u00e8res et les erreurs\",\"datePublished\":\"2022-07-25T10:57:00+00:00\",\"dateModified\":\"2026-08-31T12:49:56+00:00\",\"mainEntityOfPage\":{\"@id\":\"https:\/\/www.wanda-collection.com\/blog\/meubles-de-salle-de-bain-la-collection-zen\/\"},\"wordCount\":2201,\"publisher\":{\"@id\":\"https:\/\/www.wanda-collection.com\/blog\/#organization\"},\"image\":{\"@id\":\"https:\/\/www.wanda-collection.com\/blog\/meubles-de-salle-de-bain-la-collection-zen\/#primaryimage\"},\"thumbnailUrl\":\"https:\/\/www.wanda-collection.com\/blog\/wp-content\/uploads\/2026\/08\/vq-galet.jpg\",\"keywords\":[\"Guide d'achat\"],\"articleSection\":[\"D\u00e9coration et tendances\",\"Inspiration int\u00e9rieure\",\"Salle de bain\"],\"inLanguage\":\"fr-FR\"},{\"@type\":\"WebPage\",\"@id\":\"https:\/\/www.wanda-collection.com\/blog\/meubles-de-salle-de-bain-la-collection-zen\/\",\"url\":\"https:\/\/www.wanda-collection.com\/blog\/meubles-de-salle-de-bain-la-collection-zen\/\",\"name\":\"Salle de bain zen : les principes, les mati\u00e8res et les erreurs\",\"isPartOf\":{\"@id\":\"https:\/\/www.wanda-collection.com\/blog\/#website\"},\"primaryImageOfPage\":{\"@id\":\"https:\/\/www.wanda-collection.com\/blog\/meubles-de-salle-de-bain-la-collection-zen\/#primaryimage\"},\"image\":{\"@id\":\"https:\/\/www.wanda-collection.com\/blog\/meubles-de-salle-de-bain-la-collection-zen\/#primaryimage\"},\"thumbnailUrl\":\"https:\/\/www.wanda-collection.com\/blog\/wp-content\/uploads\/2026\/08\/vq-galet.jpg\",\"datePublished\":\"2022-07-25T10:57:00+00:00\",\"dateModified\":\"2026-08-31T12:49:56+00:00\",\"description\":\"Salle de bain zen : les quatre principes qui la d\u00e9finissent, les mati\u00e8res qui fonctionnent, comment l'adapter \u00e0 une petite pi\u00e8ce et les erreurs qui la ratent.\",\"breadcrumb\":{\"@id\":\"https:\/\/www.wanda-collection.com\/blog\/meubles-de-salle-de-bain-la-collection-zen\/#breadcrumb\"},\"inLanguage\":\"fr-FR\",\"potentialAction\":[{\"@type\":\"ReadAction\",\"target\":[\"https:\/\/www.wanda-collection.com\/blog\/meubles-de-salle-de-bain-la-collection-zen\/\"]}]},{\"@type\":\"ImageObject\",\"inLanguage\":\"fr-FR\",\"@id\":\"https:\/\/www.wanda-collection.com\/blog\/meubles-de-salle-de-bain-la-collection-zen\/#primaryimage\",\"url\":\"https:\/\/www.wanda-collection.com\/blog\/wp-content\/uploads\/2026\/08\/vq-galet.jpg\",\"contentUrl\":\"https:\/\/www.wanda-collection.com\/blog\/wp-content\/uploads\/2026\/08\/vq-galet.jpg\",\"width\":1028,\"height\":1028,\"caption\":\"Vasque en galet de rivi\u00e8re, 40 cm\"},{\"@type\":\"BreadcrumbList\",\"@id\":\"https:\/\/www.wanda-collection.com\/blog\/meubles-de-salle-de-bain-la-collection-zen\/#breadcrumb\",\"itemListElement\":[{\"@type\":\"ListItem\",\"position\":1,\"name\":\"Accueil\",\"item\":\"https:\/\/www.wanda-collection.com\/blog\/\"},{\"@type\":\"ListItem\",\"position\":2,\"name\":\"Salle de bain\",\"item\":\"https:\/\/www.wanda-collection.com\/blog\/category\/salle-de-bain\/\"},{\"@type\":\"ListItem\",\"position\":3,\"name\":\"Meubles de salle de bain\",\"item\":\"https:\/\/www.wanda-collection.com\/blog\/category\/salle-de-bain\/meubles-de-salle-de-bain\/\"},{\"@type\":\"ListItem\",\"position\":4,\"name\":\"Salle de bain zen : les principes, les mati\u00e8res et les erreurs\"}]},{\"@type\":\"WebSite\",\"@id\":\"https:\/\/www.wanda-collection.com\/blog\/#website\",\"url\":\"https:\/\/www.wanda-collection.com\/blog\/\",\"name\":\"Wanda collection Le blog\",\"description\":\"\",\"publisher\":{\"@id\":\"https:\/\/www.wanda-collection.com\/blog\/#organization\"},\"potentialAction\":[{\"@type\":\"SearchAction\",\"target\":{\"@type\":\"EntryPoint\",\"urlTemplate\":\"https:\/\/www.wanda-collection.com\/blog\/?s={search_term_string}\"},\"query-input\":{\"@type\":\"PropertyValueSpecification\",\"valueRequired\":true,\"valueName\":\"search_term_string\"}}],\"inLanguage\":\"fr-FR\"},{\"@type\":\"Organization\",\"@id\":\"https:\/\/www.wanda-collection.com\/blog\/#organization\",\"name\":\"Wanda collection Le blog\",\"url\":\"https:\/\/www.wanda-collection.com\/blog\/\",\"logo\":{\"@type\":\"ImageObject\",\"inLanguage\":\"fr-FR\",\"@id\":\"https:\/\/www.wanda-collection.com\/blog\/#\/schema\/logo\/image\/\",\"url\":\"https:\/\/www.wanda-collection.com\/blog\/wp-content\/uploads\/2022\/09\/cropped-logo-Le-blog-5.png\",\"contentUrl\":\"https:\/\/www.wanda-collection.com\/blog\/wp-content\/uploads\/2022\/09\/cropped-logo-Le-blog-5.png\",\"width\":1141,\"height\":328,\"caption\":\"Wanda collection Le blog\"},\"image\":{\"@id\":\"https:\/\/www.wanda-collection.com\/blog\/#\/schema\/logo\/image\/\"},\"sameAs\":[\"https:\/\/www.facebook.com\/WandaCollection.fr\/\",\"https:\/\/www.pinterest.fr\/wandacollection\/\",\"https:\/\/www.instagram.com\/wanda.collection\/\"]},{\"@type\":\"Person\",\"@id\":\"https:\/\/www.wanda-collection.com\/blog\/#\/schema\/person\/173d78a9973ea0be9b1bff2a7d0ac370\",\"name\":\"David\",\"image\":{\"@type\":\"ImageObject\",\"inLanguage\":\"fr-FR\",\"@id\":\"https:\/\/www.wanda-collection.com\/blog\/#\/schema\/person\/image\/\",\"url\":\"https:\/\/secure.gravatar.com\/avatar\/9a07c287e9190bc6c95fa3ed42c95d09a7a2eebd3c4740b8a82ff624397988e3?s=96&d=mm&r=g\",\"contentUrl\":\"https:\/\/secure.gravatar.com\/avatar\/9a07c287e9190bc6c95fa3ed42c95d09a7a2eebd3c4740b8a82ff624397988e3?s=96&d=mm&r=g\",\"caption\":\"David\"}}]}<\/script>\n<!-- \/ Yoast SEO plugin. -->","yoast_head_json":{"title":"Salle de bain zen : les principes, les mati\u00e8res et les erreurs","description":"Salle de bain zen : les quatre principes qui la d\u00e9finissent, les mati\u00e8res qui fonctionnent, comment l'adapter \u00e0 une petite pi\u00e8ce et les erreurs qui la ratent.","robots":{"index":"index","follow":"follow","max-snippet":"max-snippet:-1","max-image-preview":"max-image-preview:large","max-video-preview":"max-video-preview:-1"},"canonical":"https:\/\/www.wanda-collection.com\/blog\/meubles-de-salle-de-bain-la-collection-zen\/","og_locale":"fr_FR","og_type":"article","og_title":"Salle de bain zen : les principes, les mati\u00e8res et les erreurs","og_description":"Salle de bain zen : les quatre principes qui la d\u00e9finissent, les mati\u00e8res qui fonctionnent, comment l'adapter \u00e0 une petite pi\u00e8ce et les erreurs qui la ratent.","og_url":"https:\/\/www.wanda-collection.com\/blog\/meubles-de-salle-de-bain-la-collection-zen\/","og_site_name":"Wanda collection Le blog","article_publisher":"https:\/\/www.facebook.com\/WandaCollection.fr\/","article_published_time":"2022-07-25T10:57:00+00:00","article_modified_time":"2026-08-31T12:49:56+00:00","og_image":[{"width":1028,"height":1028,"url":"https:\/\/www.wanda-collection.com\/blog\/wp-content\/uploads\/2026\/08\/vq-galet.jpg","type":"image\/jpeg"}],"author":"David","twitter_card":"summary_large_image","twitter_misc":{"\u00c9crit par":"David","Dur\u00e9e de lecture estim\u00e9e":"5 minutes"},"schema":{"@context":"https:\/\/schema.org","@graph":[{"@type":"Article","@id":"https:\/\/www.wanda-collection.com\/blog\/meubles-de-salle-de-bain-la-collection-zen\/#article","isPartOf":{"@id":"https:\/\/www.wanda-collection.com\/blog\/meubles-de-salle-de-bain-la-collection-zen\/"},"author":{"name":"David","@id":"https:\/\/www.wanda-collection.com\/blog\/#\/schema\/person\/173d78a9973ea0be9b1bff2a7d0ac370"},"headline":"Salle de bain zen : les principes, les mati\u00e8res et les erreurs","datePublished":"2022-07-25T10:57:00+00:00","dateModified":"2026-08-31T12:49:56+00:00","mainEntityOfPage":{"@id":"https:\/\/www.wanda-collection.com\/blog\/meubles-de-salle-de-bain-la-collection-zen\/"},"wordCount":2201,"publisher":{"@id":"https:\/\/www.wanda-collection.com\/blog\/#organization"},"image":{"@id":"https:\/\/www.wanda-collection.com\/blog\/meubles-de-salle-de-bain-la-collection-zen\/#primaryimage"},"thumbnailUrl":"https:\/\/www.wanda-collection.com\/blog\/wp-content\/uploads\/2026\/08\/vq-galet.jpg","keywords":["Guide d'achat"],"articleSection":["D\u00e9coration et tendances","Inspiration int\u00e9rieure","Salle de bain"],"inLanguage":"fr-FR"},{"@type":"WebPage","@id":"https:\/\/www.wanda-collection.com\/blog\/meubles-de-salle-de-bain-la-collection-zen\/","url":"https:\/\/www.wanda-collection.com\/blog\/meubles-de-salle-de-bain-la-collection-zen\/","name":"Salle de bain zen : les principes, les mati\u00e8res et les erreurs","isPartOf":{"@id":"https:\/\/www.wanda-collection.com\/blog\/#website"},"primaryImageOfPage":{"@id":"https:\/\/www.wanda-collection.com\/blog\/meubles-de-salle-de-bain-la-collection-zen\/#primaryimage"},"image":{"@id":"https:\/\/www.wanda-collection.com\/blog\/meubles-de-salle-de-bain-la-collection-zen\/#primaryimage"},"thumbnailUrl":"https:\/\/www.wanda-collection.com\/blog\/wp-content\/uploads\/2026\/08\/vq-galet.jpg","datePublished":"2022-07-25T10:57:00+00:00","dateModified":"2026-08-31T12:49:56+00:00","description":"Salle de bain zen : les quatre principes qui la d\u00e9finissent, les mati\u00e8res qui fonctionnent, comment l'adapter \u00e0 une petite pi\u00e8ce et les erreurs qui la ratent.","breadcrumb":{"@id":"https:\/\/www.wanda-collection.com\/blog\/meubles-de-salle-de-bain-la-collection-zen\/#breadcrumb"},"inLanguage":"fr-FR","potentialAction":[{"@type":"ReadAction","target":["https:\/\/www.wanda-collection.com\/blog\/meubles-de-salle-de-bain-la-collection-zen\/"]}]},{"@type":"ImageObject","inLanguage":"fr-FR","@id":"https:\/\/www.wanda-collection.com\/blog\/meubles-de-salle-de-bain-la-collection-zen\/#primaryimage","url":"https:\/\/www.wanda-collection.com\/blog\/wp-content\/uploads\/2026\/08\/vq-galet.jpg","contentUrl":"https:\/\/www.wanda-collection.com\/blog\/wp-content\/uploads\/2026\/08\/vq-galet.jpg","width":1028,"height":1028,"caption":"Vasque en galet de rivi\u00e8re, 40 cm"},{"@type":"BreadcrumbList","@id":"https:\/\/www.wanda-collection.com\/blog\/meubles-de-salle-de-bain-la-collection-zen\/#breadcrumb","itemListElement":[{"@type":"ListItem","position":1,"name":"Accueil","item":"https:\/\/www.wanda-collection.com\/blog\/"},{"@type":"ListItem","position":2,"name":"Salle de bain","item":"https:\/\/www.wanda-collection.com\/blog\/category\/salle-de-bain\/"},{"@type":"ListItem","position":3,"name":"Meubles de salle de bain","item":"https:\/\/www.wanda-collection.com\/blog\/category\/salle-de-bain\/meubles-de-salle-de-bain\/"},{"@type":"ListItem","position":4,"name":"Salle de bain zen : les principes, les mati\u00e8res et les erreurs"}]},{"@type":"WebSite","@id":"https:\/\/www.wanda-collection.com\/blog\/#website","url":"https:\/\/www.wanda-collection.com\/blog\/","name":"Wanda collection Le blog","description":"","publisher":{"@id":"https:\/\/www.wanda-collection.com\/blog\/#organization"},"potentialAction":[{"@type":"SearchAction","target":{"@type":"EntryPoint","urlTemplate":"https:\/\/www.wanda-collection.com\/blog\/?s={search_term_string}"},"query-input":{"@type":"PropertyValueSpecification","valueRequired":true,"valueName":"search_term_string"}}],"inLanguage":"fr-FR"},{"@type":"Organization","@id":"https:\/\/www.wanda-collection.com\/blog\/#organization","name":"Wanda collection Le blog","url":"https:\/\/www.wanda-collection.com\/blog\/","logo":{"@type":"ImageObject","inLanguage":"fr-FR","@id":"https:\/\/www.wanda-collection.com\/blog\/#\/schema\/logo\/image\/","url":"https:\/\/www.wanda-collection.com\/blog\/wp-content\/uploads\/2022\/09\/cropped-logo-Le-blog-5.png","contentUrl":"https:\/\/www.wanda-collection.com\/blog\/wp-content\/uploads\/2022\/09\/cropped-logo-Le-blog-5.png","width":1141,"height":328,"caption":"Wanda collection Le blog"},"image":{"@id":"https:\/\/www.wanda-collection.com\/blog\/#\/schema\/logo\/image\/"},"sameAs":["https:\/\/www.facebook.com\/WandaCollection.fr\/","https:\/\/www.pinterest.fr\/wandacollection\/","https:\/\/www.instagram.com\/wanda.collection\/"]},{"@type":"Person","@id":"https:\/\/www.wanda-collection.com\/blog\/#\/schema\/person\/173d78a9973ea0be9b1bff2a7d0ac370","name":"David","image":{"@type":"ImageObject","inLanguage":"fr-FR","@id":"https:\/\/www.wanda-collection.com\/blog\/#\/schema\/person\/image\/","url":"https:\/\/secure.gravatar.com\/avatar\/9a07c287e9190bc6c95fa3ed42c95d09a7a2eebd3c4740b8a82ff624397988e3?s=96&d=mm&r=g","contentUrl":"https:\/\/secure.gravatar.com\/avatar\/9a07c287e9190bc6c95fa3ed42c95d09a7a2eebd3c4740b8a82ff624397988e3?s=96&d=mm&r=g","caption":"David"}}]}},"_links":{"self":[{"href":"https:\/\/www.wanda-collection.com\/blog\/wp-json\/wp\/v2\/posts\/988654","targetHints":{"allow":["GET"]}}],"collection":[{"href":"https:\/\/www.wanda-collection.com\/blog\/wp-json\/wp\/v2\/posts"}],"about":[{"href":"https:\/\/www.wanda-collection.com\/blog\/wp-json\/wp\/v2\/types\/post"}],"author":[{"embeddable":true,"href":"https:\/\/www.wanda-collection.com\/blog\/wp-json\/wp\/v2\/users\/2"}],"replies":[{"embeddable":true,"href":"https:\/\/www.wanda-collection.com\/blog\/wp-json\/wp\/v2\/comments?post=988654"}],"version-history":[{"count":15,"href":"https:\/\/www.wanda-collection.com\/blog\/wp-json\/wp\/v2\/posts\/988654\/revisions"}],"predecessor-version":[{"id":992875,"href":"https:\/\/www.wanda-collection.com\/blog\/wp-json\/wp\/v2\/posts\/988654\/revisions\/992875"}],"wp:featuredmedia":[{"embeddable":true,"href":"https:\/\/www.wanda-collection.com\/blog\/wp-json\/wp\/v2\/media\/992850"}],"wp:attachment":[{"href":"https:\/\/www.wanda-collection.com\/blog\/wp-json\/wp\/v2\/media?parent=988654"}],"wp:term":[{"taxonomy":"category","embeddable":true,"href":"https:\/\/www.wanda-collection.com\/blog\/wp-json\/wp\/v2\/categories?post=988654"},{"taxonomy":"post_tag","embeddable":true,"href":"https:\/\/www.wanda-collection.com\/blog\/wp-json\/wp\/v2\/tags?post=988654"}],"curies":[{"name":"wp","href":"https:\/\/api.w.org\/{rel}","templated":true}]}}