{"id":988955,"date":"2022-10-25T13:45:50","date_gmt":"2022-10-25T11:45:50","guid":{"rendered":"https:\/\/www.wanda-collection.com\/blog\/?p=988955"},"modified":"2025-12-02T15:12:14","modified_gmt":"2025-12-02T14:12:14","slug":"salle-de-bain-en-teck","status":"publish","type":"post","link":"https:\/\/www.wanda-collection.com\/blog\/salle-de-bain-en-teck\/","title":{"rendered":"Salle de bain en teck\u00a0: d\u00e9couvrez la gamme Wanda Collection"},"content":{"rendered":"\t\t<div data-elementor-type=\"wp-post\" data-elementor-id=\"988955\" class=\"elementor elementor-988955\">\n\t\t\t\t\t\t<section class=\"elementor-section elementor-top-section elementor-element elementor-element-6b88c496 elementor-section-full_width elementor-section-height-default elementor-section-height-default\" data-id=\"6b88c496\" data-element_type=\"section\">\n\t\t\t\t\t\t<div class=\"elementor-container elementor-column-gap-no\">\n\t\t\t\t\t<div class=\"elementor-column elementor-col-100 elementor-top-column elementor-element elementor-element-71e48ff8\" data-id=\"71e48ff8\" data-element_type=\"column\">\n\t\t\t<div class=\"elementor-widget-wrap elementor-element-populated\">\n\t\t\t\t\t\t<div class=\"elementor-element elementor-element-42986e30 elementor-widget elementor-widget-heading\" data-id=\"42986e30\" data-element_type=\"widget\" data-widget_type=\"heading.default\">\n\t\t\t\t<div class=\"elementor-widget-container\">\n\t\t\t\t\t<h3 class=\"elementor-heading-title elementor-size-default\">Am\u00e9nagez la salle de bain en teck de vos r\u00eaves avec Wanda Collection<\/h3>\t\t\t\t<\/div>\n\t\t\t\t<\/div>\n\t\t\t\t<div class=\"elementor-element elementor-element-1600bbcd elementor-drop-cap-yes elementor-drop-cap-view-default elementor-widget elementor-widget-text-editor\" data-id=\"1600bbcd\" data-element_type=\"widget\" data-settings=\"{&quot;drop_cap&quot;:&quot;yes&quot;}\" data-widget_type=\"text-editor.default\">\n\t\t\t\t<div class=\"elementor-widget-container\">\n\t\t\t\t\t\t\t\t\t<p>Vous souhaitez am\u00e9nager une salle de bain moderne et chaleureuse\u00a0? Bois pr\u00e9cieux originaire d\u2019Asie, le teck se distingue par son \u00e9l\u00e9gance inimitable et ses propri\u00e9t\u00e9s exceptionnelles. Dans cet article, d\u00e9couvrez le meilleur de la salle de bain en teck avec Wanda Collection.<\/p>\t\t\t\t\t\t\t\t<\/div>\n\t\t\t\t<\/div>\n\t\t\t\t\t<\/div>\n\t\t<\/div>\n\t\t\t\t\t<\/div>\n\t\t<\/section>\n\t\t\t\t<section class=\"elementor-section elementor-top-section elementor-element elementor-element-0803d53 elementor-section-boxed elementor-section-height-default elementor-section-height-default\" data-id=\"0803d53\" data-element_type=\"section\">\n\t\t\t\t\t\t<div class=\"elementor-container elementor-column-gap-default\">\n\t\t\t\t\t<div class=\"elementor-column elementor-col-100 elementor-top-column elementor-element elementor-element-e16249c\" data-id=\"e16249c\" data-element_type=\"column\">\n\t\t\t<div class=\"elementor-widget-wrap\">\n\t\t\t\t\t\t\t<\/div>\n\t\t<\/div>\n\t\t\t\t\t<\/div>\n\t\t<\/section>\n\t\t\t\t<section class=\"elementor-section elementor-top-section elementor-element elementor-element-43cf060d elementor-section-full_width elementor-section-height-default elementor-section-height-default\" data-id=\"43cf060d\" data-element_type=\"section\">\n\t\t\t\t\t\t<div class=\"elementor-container elementor-column-gap-no\">\n\t\t\t\t\t<div class=\"elementor-column elementor-col-100 elementor-top-column elementor-element elementor-element-4f34c0d1\" data-id=\"4f34c0d1\" data-element_type=\"column\" data-settings=\"{&quot;background_background&quot;:&quot;classic&quot;}\">\n\t\t\t<div class=\"elementor-widget-wrap elementor-element-populated\">\n\t\t\t\t\t\t<div class=\"elementor-element elementor-element-7363db2 elementor-widget elementor-widget-spacer\" data-id=\"7363db2\" data-element_type=\"widget\" data-widget_type=\"spacer.default\">\n\t\t\t\t<div class=\"elementor-widget-container\">\n\t\t\t\t\t\t\t<div class=\"elementor-spacer\">\n\t\t\t<div class=\"elementor-spacer-inner\"><\/div>\n\t\t<\/div>\n\t\t\t\t\t\t<\/div>\n\t\t\t\t<\/div>\n\t\t\t\t<div class=\"elementor-element elementor-element-478c8436 elementor-widget elementor-widget-heading\" data-id=\"478c8436\" data-element_type=\"widget\" data-widget_type=\"heading.default\">\n\t\t\t\t<div class=\"elementor-widget-container\">\n\t\t\t\t\t<h2 class=\"elementor-heading-title elementor-size-default\">Pourquoi adopter le teck dans la salle de bain ?<\/h2>\t\t\t\t<\/div>\n\t\t\t\t<\/div>\n\t\t\t\t<div class=\"elementor-element elementor-element-86a84b4 elementor-widget elementor-widget-spacer\" data-id=\"86a84b4\" data-element_type=\"widget\" data-widget_type=\"spacer.default\">\n\t\t\t\t<div class=\"elementor-widget-container\">\n\t\t\t\t\t\t\t<div class=\"elementor-spacer\">\n\t\t\t<div class=\"elementor-spacer-inner\"><\/div>\n\t\t<\/div>\n\t\t\t\t\t\t<\/div>\n\t\t\t\t<\/div>\n\t\t\t\t<div class=\"elementor-element elementor-element-ddeb657 elementor-widget elementor-widget-heading\" data-id=\"ddeb657\" data-element_type=\"widget\" data-widget_type=\"heading.default\">\n\t\t\t\t<div class=\"elementor-widget-container\">\n\t\t\t\t\t<h3 class=\"elementor-heading-title elementor-size-default\">Une esth\u00e9tique chaleureuse et \u00e9l\u00e9gante<\/h3>\t\t\t\t<\/div>\n\t\t\t\t<\/div>\n\t\t\t\t<div class=\"elementor-element elementor-element-b0776ec elementor-widget elementor-widget-text-editor\" data-id=\"b0776ec\" data-element_type=\"widget\" data-widget_type=\"text-editor.default\">\n\t\t\t\t<div class=\"elementor-widget-container\">\n\t\t\t\t\t\t\t\t\t<p>Le bois massif permet d\u2019apporter une atmosph\u00e8re chaleureuse \u00e0 n\u2019importe quelle pi\u00e8ce de vie. Et c\u2019est particuli\u00e8rement vrai pour le teck, qui offre des couleurs chaudes et de belles finitions.<\/p><p>Bien qu\u2019il se d\u00e9cline en une infinit\u00e9 de coloris, le teck se distingue des autres essences de bois par ses reflets cuivr\u00e9s. Associ\u00e9 \u00e0 des teintes claires, il apporte de la s\u00e9r\u00e9nit\u00e9 \u00e0 votre espace. Mais il se marie \u00e9galement avec d\u2019autres mat\u00e9riaux, comme le b\u00e9ton, le m\u00e9tal ou la pierre naturelle.<\/p>\t\t\t\t\t\t\t\t<\/div>\n\t\t\t\t<\/div>\n\t\t\t\t<div class=\"elementor-element elementor-element-5768d30 elementor-widget elementor-widget-heading\" data-id=\"5768d30\" data-element_type=\"widget\" data-widget_type=\"heading.default\">\n\t\t\t\t<div class=\"elementor-widget-container\">\n\t\t\t\t\t<h3 class=\"elementor-heading-title elementor-size-default\">Des propri\u00e9t\u00e9s optimales<\/h3>\t\t\t\t<\/div>\n\t\t\t\t<\/div>\n\t\t\t\t<div class=\"elementor-element elementor-element-7d0c8d10 elementor-widget elementor-widget-text-editor\" data-id=\"7d0c8d10\" data-element_type=\"widget\" data-widget_type=\"text-editor.default\">\n\t\t\t\t<div class=\"elementor-widget-container\">\n\t\t\t\t\t\t\t\t\t<p>Si le bois est un mat\u00e9riau de construction incontournable, il n\u2019est pas toujours adapt\u00e9 \u00e0 la salle de bain. Les essences europ\u00e9ennes comme le ch\u00eane, le pin ou le ch\u00e2taignier doivent subir un traitement pour r\u00e9sister \u00e0 l\u2019humidit\u00e9 sur le long terme.<\/p><p>Mais le teck est un bois exotique, tout comme le bambou ou l\u2019ip\u00e9. Par cons\u00e9quent, il est naturellement imputrescible. Il ne craint ni l\u2019humidit\u00e9, ni la moisissure, ni le temps. Robuste, il ne se d\u00e9forme pas et r\u00e9siste aux multiples passages. Vous l\u2019aurez compris\u00a0: il s\u2019agit d\u2019un mat\u00e9riau id\u00e9al pour les pi\u00e8ces humides.<\/p>\t\t\t\t\t\t\t\t<\/div>\n\t\t\t\t<\/div>\n\t\t\t\t<div class=\"vamtam-has-theme-widget-styles elementor-element elementor-element-9d0225b elementor-widget elementor-widget-image\" data-id=\"9d0225b\" data-element_type=\"widget\" data-widget_type=\"image.default\">\n\t\t\t\t<div class=\"elementor-widget-container\">\n\t\t\t\t\t\t\t\t\t<div class=\"elementor-image\">\n\t\t\t\t\t\t\t\t\t\t\t\t\t\t\t\t\t\t\t\t\t\t<a href=\"https:\/\/www.wanda-collection.com\/art-meuble-salle-de-bain-en-teck-massif-120-cm-598.htm\">\n\t\t\t\t\t\t\t\t\t\t\t<img fetchpriority=\"high\" decoding=\"async\" width=\"1024\" height=\"1024\" src=\"https:\/\/www.wanda-collection.com\/blog\/wp-content\/uploads\/2022\/10\/31050-1-3-1024x1024.jpg\" class=\"attachment-large size-large wp-image-989145\" alt=\"\" srcset=\"https:\/\/www.wanda-collection.com\/blog\/wp-content\/uploads\/2022\/10\/31050-1-3-1024x1024.jpg 1024w, https:\/\/www.wanda-collection.com\/blog\/wp-content\/uploads\/2022\/10\/31050-1-3-300x300.jpg 300w, https:\/\/www.wanda-collection.com\/blog\/wp-content\/uploads\/2022\/10\/31050-1-3-150x150.jpg 150w, https:\/\/www.wanda-collection.com\/blog\/wp-content\/uploads\/2022\/10\/31050-1-3-768x768.jpg 768w, https:\/\/www.wanda-collection.com\/blog\/wp-content\/uploads\/2022\/10\/31050-1-3.jpg 1200w\" sizes=\"(max-width: 1024px) 100vw, 1024px\" \/>\t\t\t\t\t\t\t\t\t\t\t\t<\/a>\n\t\t\t\t\t\t\t\t\t\t\t\t\t\t\t\t\t\t\t\t\t\t\t\t<\/div>\n\t\t\t\t\t\t\t\t<\/div>\n\t\t\t\t<\/div>\n\t\t\t\t<div class=\"elementor-element elementor-element-669a1e9 elementor-widget elementor-widget-spacer\" data-id=\"669a1e9\" data-element_type=\"widget\" data-widget_type=\"spacer.default\">\n\t\t\t\t<div class=\"elementor-widget-container\">\n\t\t\t\t\t\t\t<div class=\"elementor-spacer\">\n\t\t\t<div class=\"elementor-spacer-inner\"><\/div>\n\t\t<\/div>\n\t\t\t\t\t\t<\/div>\n\t\t\t\t<\/div>\n\t\t\t\t<div class=\"elementor-element elementor-element-7ad90067 elementor-widget elementor-widget-heading\" data-id=\"7ad90067\" data-element_type=\"widget\" data-widget_type=\"heading.default\">\n\t\t\t\t<div class=\"elementor-widget-container\">\n\t\t\t\t\t<h2 class=\"elementor-heading-title elementor-size-default\">Comment entretenir une salle de bain en teck ?<\/h2>\t\t\t\t<\/div>\n\t\t\t\t<\/div>\n\t\t\t\t<section class=\"elementor-section elementor-inner-section elementor-element elementor-element-c8ea88d elementor-section-boxed elementor-section-height-default elementor-section-height-default\" data-id=\"c8ea88d\" data-element_type=\"section\">\n\t\t\t\t\t\t<div class=\"elementor-container elementor-column-gap-default\">\n\t\t\t\t\t<div class=\"elementor-column elementor-col-100 elementor-inner-column elementor-element elementor-element-5722978\" data-id=\"5722978\" data-element_type=\"column\">\n\t\t\t<div class=\"elementor-widget-wrap elementor-element-populated\">\n\t\t\t\t\t\t<div class=\"elementor-element elementor-element-3683e47 elementor-widget elementor-widget-text-editor\" data-id=\"3683e47\" data-element_type=\"widget\" data-widget_type=\"text-editor.default\">\n\t\t\t\t<div class=\"elementor-widget-container\">\n\t\t\t\t\t\t\t\t\t<p>Une salle de bain en teck n\u00e9cessite toutefois un entretien r\u00e9gulier. Pour en profiter sur le long terme, vous devez prendre quelques pr\u00e9cautions\u00a0:<\/p><ul><li>ne laissez pas l\u2019eau stagner sur le plan de toilette\u00a0;<\/li><li>n\u2019utilisez pas de produits abrasifs ;<\/li><li>une fois par an, appliquez de la cire ou de l\u2019huile pour pr\u00e9server l\u2019aspect du bois.<\/li><\/ul>\t\t\t\t\t\t\t\t<\/div>\n\t\t\t\t<\/div>\n\t\t\t\t\t<\/div>\n\t\t<\/div>\n\t\t\t\t\t<\/div>\n\t\t<\/section>\n\t\t\t\t<div class=\"elementor-element elementor-element-937f4da elementor-widget elementor-widget-spacer\" data-id=\"937f4da\" data-element_type=\"widget\" data-widget_type=\"spacer.default\">\n\t\t\t\t<div class=\"elementor-widget-container\">\n\t\t\t\t\t\t\t<div class=\"elementor-spacer\">\n\t\t\t<div class=\"elementor-spacer-inner\"><\/div>\n\t\t<\/div>\n\t\t\t\t\t\t<\/div>\n\t\t\t\t<\/div>\n\t\t\t\t<div class=\"elementor-element elementor-element-6198b963 elementor-widget elementor-widget-heading\" data-id=\"6198b963\" data-element_type=\"widget\" data-widget_type=\"heading.default\">\n\t\t\t\t<div class=\"elementor-widget-container\">\n\t\t\t\t\t<h2 class=\"elementor-heading-title elementor-size-default\">Les meubles de salle de bain en teck Wanda Collection : 20 styles \u00e0 d\u00e9couvrir<\/h2>\t\t\t\t<\/div>\n\t\t\t\t<\/div>\n\t\t\t\t<div class=\"elementor-element elementor-element-bcc790d elementor-widget elementor-widget-spacer\" data-id=\"bcc790d\" data-element_type=\"widget\" data-widget_type=\"spacer.default\">\n\t\t\t\t<div class=\"elementor-widget-container\">\n\t\t\t\t\t\t\t<div class=\"elementor-spacer\">\n\t\t\t<div class=\"elementor-spacer-inner\"><\/div>\n\t\t<\/div>\n\t\t\t\t\t\t<\/div>\n\t\t\t\t<\/div>\n\t\t\t\t\t<\/div>\n\t\t<\/div>\n\t\t\t\t\t<\/div>\n\t\t<\/section>\n\t\t\t\t<section class=\"elementor-section elementor-top-section elementor-element elementor-element-76e404b elementor-section-boxed elementor-section-height-default elementor-section-height-default\" data-id=\"76e404b\" data-element_type=\"section\">\n\t\t\t\t\t\t<div class=\"elementor-container elementor-column-gap-default\">\n\t\t\t\t\t<div class=\"elementor-column elementor-col-100 elementor-top-column elementor-element elementor-element-8f2c5a9\" data-id=\"8f2c5a9\" data-element_type=\"column\">\n\t\t\t<div class=\"elementor-widget-wrap elementor-element-populated\">\n\t\t\t\t\t\t<div class=\"elementor-element elementor-element-e4a6d1f elementor-widget elementor-widget-heading\" data-id=\"e4a6d1f\" data-element_type=\"widget\" data-widget_type=\"heading.default\">\n\t\t\t\t<div class=\"elementor-widget-container\">\n\t\t\t\t\t<h2 class=\"elementor-heading-title elementor-size-default\">Le meuble suspendu Milo, simple et \u00e9l\u00e9gant<\/h2>\t\t\t\t<\/div>\n\t\t\t\t<\/div>\n\t\t\t\t<div class=\"elementor-element elementor-element-f8a610a elementor-widget elementor-widget-text-editor\" data-id=\"f8a610a\" data-element_type=\"widget\" data-widget_type=\"text-editor.default\">\n\t\t\t\t<div class=\"elementor-widget-container\">\n\t\t\t\t\t\t\t\t\t<p>Avec son design minimaliste et ses lignes \u00e9pur\u00e9es, la collection Milo convient parfaitement aux salles de bain modernes. Le meuble vasque suspendu et la colonne permettent de ranger efficacement vos affaires de toilettes.<\/p>\t\t\t\t\t\t\t\t<\/div>\n\t\t\t\t<\/div>\n\t\t\t\t<section class=\"elementor-section elementor-inner-section elementor-element elementor-element-f04ab0f elementor-section-boxed elementor-section-height-default elementor-section-height-default\" data-id=\"f04ab0f\" data-element_type=\"section\">\n\t\t\t\t\t\t<div class=\"elementor-container elementor-column-gap-default\">\n\t\t\t\t\t<div class=\"elementor-column elementor-col-50 elementor-inner-column elementor-element elementor-element-837df96\" data-id=\"837df96\" data-element_type=\"column\">\n\t\t\t<div class=\"elementor-widget-wrap elementor-element-populated\">\n\t\t\t\t\t\t<div class=\"vamtam-has-theme-widget-styles elementor-element elementor-element-76e190a elementor-widget elementor-widget-image\" data-id=\"76e190a\" data-element_type=\"widget\" data-widget_type=\"image.default\">\n\t\t\t\t<div class=\"elementor-widget-container\">\n\t\t\t\t\t\t\t\t\t<div class=\"elementor-image\">\n\t\t\t\t\t\t\t\t\t\t\t\t\t\t\t\t\t\t\t\t\t\t<a href=\"https:\/\/www.wanda-collection.com\/art-meuble-salle-de-bain-suspendu-teck-milo-100-cm-4280.htm\">\n\t\t\t\t\t\t\t\t\t\t\t<img decoding=\"async\" width=\"555\" height=\"555\" src=\"https:\/\/www.wanda-collection.com\/blog\/wp-content\/uploads\/2022\/10\/31129-meuble-milo-6.jpg\" class=\"attachment-large size-large wp-image-989308\" alt=\"\" srcset=\"https:\/\/www.wanda-collection.com\/blog\/wp-content\/uploads\/2022\/10\/31129-meuble-milo-6.jpg 555w, https:\/\/www.wanda-collection.com\/blog\/wp-content\/uploads\/2022\/10\/31129-meuble-milo-6-300x300.jpg 300w, https:\/\/www.wanda-collection.com\/blog\/wp-content\/uploads\/2022\/10\/31129-meuble-milo-6-150x150.jpg 150w\" sizes=\"(max-width: 555px) 100vw, 555px\" \/>\t\t\t\t\t\t\t\t\t\t\t\t<\/a>\n\t\t\t\t\t\t\t\t\t\t\t\t\t\t\t\t\t\t\t\t\t\t\t\t<\/div>\n\t\t\t\t\t\t\t\t<\/div>\n\t\t\t\t<\/div>\n\t\t\t\t\t<\/div>\n\t\t<\/div>\n\t\t\t\t<div class=\"elementor-column elementor-col-50 elementor-inner-column elementor-element elementor-element-467e10f\" data-id=\"467e10f\" data-element_type=\"column\">\n\t\t\t<div class=\"elementor-widget-wrap elementor-element-populated\">\n\t\t\t\t\t\t<div class=\"vamtam-has-theme-widget-styles elementor-element elementor-element-3ceb064 elementor-widget elementor-widget-image\" data-id=\"3ceb064\" data-element_type=\"widget\" data-widget_type=\"image.default\">\n\t\t\t\t<div class=\"elementor-widget-container\">\n\t\t\t\t\t\t\t\t\t<div class=\"elementor-image\">\n\t\t\t\t\t\t\t\t\t\t\t\t\t\t\t\t\t\t\t\t\t\t<a href=\"https:\/\/www.wanda-collection.com\/art-meuble-salle-de-bain-suspendu-teck-milo-100-cm-4280.htm\">\n\t\t\t\t\t\t\t\t\t\t\t<img decoding=\"async\" width=\"555\" height=\"555\" src=\"https:\/\/www.wanda-collection.com\/blog\/wp-content\/uploads\/2022\/10\/31143.jpg\" class=\"attachment-large size-large wp-image-989040\" alt=\"\" srcset=\"https:\/\/www.wanda-collection.com\/blog\/wp-content\/uploads\/2022\/10\/31143.jpg 555w, https:\/\/www.wanda-collection.com\/blog\/wp-content\/uploads\/2022\/10\/31143-300x300.jpg 300w, https:\/\/www.wanda-collection.com\/blog\/wp-content\/uploads\/2022\/10\/31143-150x150.jpg 150w\" sizes=\"(max-width: 555px) 100vw, 555px\" \/>\t\t\t\t\t\t\t\t\t\t\t\t<\/a>\n\t\t\t\t\t\t\t\t\t\t\t\t\t\t\t\t\t\t\t\t\t\t\t\t<\/div>\n\t\t\t\t\t\t\t\t<\/div>\n\t\t\t\t<\/div>\n\t\t\t\t\t<\/div>\n\t\t<\/div>\n\t\t\t\t\t<\/div>\n\t\t<\/section>\n\t\t\t\t<div class=\"elementor-element elementor-element-60795e3 elementor-widget elementor-widget-spacer\" data-id=\"60795e3\" data-element_type=\"widget\" data-widget_type=\"spacer.default\">\n\t\t\t\t<div class=\"elementor-widget-container\">\n\t\t\t\t\t\t\t<div class=\"elementor-spacer\">\n\t\t\t<div class=\"elementor-spacer-inner\"><\/div>\n\t\t<\/div>\n\t\t\t\t\t\t<\/div>\n\t\t\t\t<\/div>\n\t\t\t\t\t<\/div>\n\t\t<\/div>\n\t\t\t\t\t<\/div>\n\t\t<\/section>\n\t\t\t\t<section class=\"elementor-section elementor-top-section elementor-element elementor-element-9d9840e elementor-section-boxed elementor-section-height-default elementor-section-height-default\" data-id=\"9d9840e\" data-element_type=\"section\">\n\t\t\t\t\t\t<div class=\"elementor-container elementor-column-gap-default\">\n\t\t\t\t\t<div class=\"elementor-column elementor-col-100 elementor-top-column elementor-element elementor-element-3818495\" data-id=\"3818495\" data-element_type=\"column\">\n\t\t\t<div class=\"elementor-widget-wrap elementor-element-populated\">\n\t\t\t\t\t\t<div class=\"elementor-element elementor-element-6c13eb9 elementor-widget elementor-widget-heading\" data-id=\"6c13eb9\" data-element_type=\"widget\" data-widget_type=\"heading.default\">\n\t\t\t\t<div class=\"elementor-widget-container\">\n\t\t\t\t\t<h2 class=\"elementor-heading-title elementor-size-default\">La collection R\u00e9tro et son esprit vintage<\/h2>\t\t\t\t<\/div>\n\t\t\t\t<\/div>\n\t\t\t\t<div class=\"elementor-element elementor-element-124ac68 elementor-widget elementor-widget-text-editor\" data-id=\"124ac68\" data-element_type=\"widget\" data-widget_type=\"text-editor.default\">\n\t\t\t\t<div class=\"elementor-widget-container\">\n\t\t\t\t\t\t\t\t\t<p>Puisant ses inspirations \u00e0 la fois dans les ann\u00e9es 70 et dans les tendances actuelles, la collection R\u00e9tro apportera du cachet \u00e0 votre d\u00e9coration int\u00e9rieure. Elle comprend deux meubles simple vasque dont l&rsquo;un suspendu, un meuble double vasque, deux miroirs et une \u00e9tag\u00e8re suspendue.<\/p>\t\t\t\t\t\t\t\t<\/div>\n\t\t\t\t<\/div>\n\t\t\t\t<section class=\"elementor-section elementor-inner-section elementor-element elementor-element-802b4e2 elementor-section-boxed elementor-section-height-default elementor-section-height-default\" data-id=\"802b4e2\" data-element_type=\"section\">\n\t\t\t\t\t\t<div class=\"elementor-container elementor-column-gap-default\">\n\t\t\t\t\t<div class=\"elementor-column elementor-col-50 elementor-inner-column elementor-element elementor-element-f325809\" data-id=\"f325809\" data-element_type=\"column\">\n\t\t\t<div class=\"elementor-widget-wrap elementor-element-populated\">\n\t\t\t\t\t\t<div class=\"vamtam-has-theme-widget-styles elementor-element elementor-element-36e2a45 elementor-widget elementor-widget-image\" data-id=\"36e2a45\" data-element_type=\"widget\" data-widget_type=\"image.default\">\n\t\t\t\t<div class=\"elementor-widget-container\">\n\t\t\t\t\t\t\t\t\t<div class=\"elementor-image\">\n\t\t\t\t\t\t\t\t\t\t\t\t\t\t\t\t\t\t\t\t\t\t<a href=\"https:\/\/www.wanda-collection.com\/art-meuble-de-salle-de-bain-en-teck-retro-120cm-584.htm\">\n\t\t\t\t\t\t\t\t\t\t\t<img loading=\"lazy\" decoding=\"async\" width=\"555\" height=\"555\" src=\"https:\/\/www.wanda-collection.com\/blog\/wp-content\/uploads\/2022\/10\/Jonathan-Sylvoz-JON_3395-08032022-12-59-05-1.jpg\" class=\"attachment-large size-large wp-image-989312\" alt=\"\" srcset=\"https:\/\/www.wanda-collection.com\/blog\/wp-content\/uploads\/2022\/10\/Jonathan-Sylvoz-JON_3395-08032022-12-59-05-1.jpg 555w, https:\/\/www.wanda-collection.com\/blog\/wp-content\/uploads\/2022\/10\/Jonathan-Sylvoz-JON_3395-08032022-12-59-05-1-300x300.jpg 300w, https:\/\/www.wanda-collection.com\/blog\/wp-content\/uploads\/2022\/10\/Jonathan-Sylvoz-JON_3395-08032022-12-59-05-1-150x150.jpg 150w\" sizes=\"(max-width: 555px) 100vw, 555px\" \/>\t\t\t\t\t\t\t\t\t\t\t\t<\/a>\n\t\t\t\t\t\t\t\t\t\t\t\t\t\t\t\t\t\t\t\t\t\t\t\t<\/div>\n\t\t\t\t\t\t\t\t<\/div>\n\t\t\t\t<\/div>\n\t\t\t\t\t<\/div>\n\t\t<\/div>\n\t\t\t\t<div class=\"elementor-column elementor-col-50 elementor-inner-column elementor-element elementor-element-10fb1ec\" data-id=\"10fb1ec\" data-element_type=\"column\">\n\t\t\t<div class=\"elementor-widget-wrap elementor-element-populated\">\n\t\t\t\t\t\t<div class=\"vamtam-has-theme-widget-styles elementor-element elementor-element-1e665c3 elementor-widget elementor-widget-image\" data-id=\"1e665c3\" data-element_type=\"widget\" data-widget_type=\"image.default\">\n\t\t\t\t<div class=\"elementor-widget-container\">\n\t\t\t\t\t\t\t\t\t<div class=\"elementor-image\">\n\t\t\t\t\t\t\t\t\t\t\t\t\t\t\t\t\t\t\t\t\t<img loading=\"lazy\" decoding=\"async\" width=\"555\" height=\"555\" src=\"https:\/\/www.wanda-collection.com\/blog\/wp-content\/uploads\/2022\/10\/31043M-9.jpg\" class=\"attachment-large size-large wp-image-989146\" alt=\"\" srcset=\"https:\/\/www.wanda-collection.com\/blog\/wp-content\/uploads\/2022\/10\/31043M-9.jpg 555w, https:\/\/www.wanda-collection.com\/blog\/wp-content\/uploads\/2022\/10\/31043M-9-300x300.jpg 300w, https:\/\/www.wanda-collection.com\/blog\/wp-content\/uploads\/2022\/10\/31043M-9-150x150.jpg 150w\" sizes=\"(max-width: 555px) 100vw, 555px\" \/>\t\t\t\t\t\t\t\t\t\t\t\t\t\t\t\t\t\t\t\t\t\t\t\t<\/div>\n\t\t\t\t\t\t\t\t<\/div>\n\t\t\t\t<\/div>\n\t\t\t\t\t<\/div>\n\t\t<\/div>\n\t\t\t\t\t<\/div>\n\t\t<\/section>\n\t\t\t\t<div class=\"elementor-element elementor-element-3a40eef elementor-widget elementor-widget-spacer\" data-id=\"3a40eef\" data-element_type=\"widget\" data-widget_type=\"spacer.default\">\n\t\t\t\t<div class=\"elementor-widget-container\">\n\t\t\t\t\t\t\t<div class=\"elementor-spacer\">\n\t\t\t<div class=\"elementor-spacer-inner\"><\/div>\n\t\t<\/div>\n\t\t\t\t\t\t<\/div>\n\t\t\t\t<\/div>\n\t\t\t\t\t<\/div>\n\t\t<\/div>\n\t\t\t\t\t<\/div>\n\t\t<\/section>\n\t\t\t\t<section class=\"elementor-section elementor-top-section elementor-element elementor-element-ea5a489 elementor-section-boxed elementor-section-height-default elementor-section-height-default\" data-id=\"ea5a489\" data-element_type=\"section\">\n\t\t\t\t\t\t<div class=\"elementor-container elementor-column-gap-default\">\n\t\t\t\t\t<div class=\"elementor-column elementor-col-100 elementor-top-column elementor-element elementor-element-57543a4\" data-id=\"57543a4\" data-element_type=\"column\">\n\t\t\t<div class=\"elementor-widget-wrap elementor-element-populated\">\n\t\t\t\t\t\t<div class=\"elementor-element elementor-element-7771059 elementor-widget elementor-widget-heading\" data-id=\"7771059\" data-element_type=\"widget\" data-widget_type=\"heading.default\">\n\t\t\t\t<div class=\"elementor-widget-container\">\n\t\t\t\t\t<h2 class=\"elementor-heading-title elementor-size-default\">\u00c9l\u00e9gance, entre bois et m\u00e9tal<\/h2>\t\t\t\t<\/div>\n\t\t\t\t<\/div>\n\t\t\t\t<div class=\"elementor-element elementor-element-08d1905 elementor-widget elementor-widget-text-editor\" data-id=\"08d1905\" data-element_type=\"widget\" data-widget_type=\"text-editor.default\">\n\t\t\t\t<div class=\"elementor-widget-container\">\n\t\t\t\t\t\t\t\t\t<p>La collection \u00c9l\u00e9gance marie la chaleur du teck et le chic du m\u00e9tal pour des meubles de salle de bain au design unique. Le meuble suspendu se marie aussi bien \u00e0 une vasque en c\u00e9ramique qu\u2019\u00e0 une vasque en m\u00e9tal.<\/p>\t\t\t\t\t\t\t\t<\/div>\n\t\t\t\t<\/div>\n\t\t\t\t<section class=\"elementor-section elementor-inner-section elementor-element elementor-element-459145a elementor-section-boxed elementor-section-height-default elementor-section-height-default\" data-id=\"459145a\" data-element_type=\"section\">\n\t\t\t\t\t\t<div class=\"elementor-container elementor-column-gap-default\">\n\t\t\t\t\t<div class=\"elementor-column elementor-col-50 elementor-inner-column elementor-element elementor-element-135aa65\" data-id=\"135aa65\" data-element_type=\"column\">\n\t\t\t<div class=\"elementor-widget-wrap elementor-element-populated\">\n\t\t\t\t\t\t<div class=\"vamtam-has-theme-widget-styles elementor-element elementor-element-6b6fca7 elementor-widget elementor-widget-image\" data-id=\"6b6fca7\" data-element_type=\"widget\" data-widget_type=\"image.default\">\n\t\t\t\t<div class=\"elementor-widget-container\">\n\t\t\t\t\t\t\t\t\t<div class=\"elementor-image\">\n\t\t\t\t\t\t\t\t\t\t\t\t\t\t\t\t\t\t\t\t\t\t<a href=\"https:\/\/www.wanda-collection.com\/art-meuble-de-salle-de-bain-suspendu-elegance-60-cm-1365.htm\">\n\t\t\t\t\t\t\t\t\t\t\t<img loading=\"lazy\" decoding=\"async\" width=\"555\" height=\"555\" src=\"https:\/\/www.wanda-collection.com\/blog\/wp-content\/uploads\/2022\/10\/152317152317_JON3309.jpg\" class=\"attachment-large size-large wp-image-989309\" alt=\"\" srcset=\"https:\/\/www.wanda-collection.com\/blog\/wp-content\/uploads\/2022\/10\/152317152317_JON3309.jpg 555w, https:\/\/www.wanda-collection.com\/blog\/wp-content\/uploads\/2022\/10\/152317152317_JON3309-300x300.jpg 300w, https:\/\/www.wanda-collection.com\/blog\/wp-content\/uploads\/2022\/10\/152317152317_JON3309-150x150.jpg 150w\" sizes=\"(max-width: 555px) 100vw, 555px\" \/>\t\t\t\t\t\t\t\t\t\t\t\t<\/a>\n\t\t\t\t\t\t\t\t\t\t\t\t\t\t\t\t\t\t\t\t\t\t\t\t<\/div>\n\t\t\t\t\t\t\t\t<\/div>\n\t\t\t\t<\/div>\n\t\t\t\t\t<\/div>\n\t\t<\/div>\n\t\t\t\t<div class=\"elementor-column elementor-col-50 elementor-inner-column elementor-element elementor-element-e0bf303\" data-id=\"e0bf303\" data-element_type=\"column\">\n\t\t\t<div class=\"elementor-widget-wrap elementor-element-populated\">\n\t\t\t\t\t\t<div class=\"vamtam-has-theme-widget-styles elementor-element elementor-element-3df7bb7 elementor-widget elementor-widget-image\" data-id=\"3df7bb7\" data-element_type=\"widget\" data-widget_type=\"image.default\">\n\t\t\t\t<div class=\"elementor-widget-container\">\n\t\t\t\t\t\t\t\t\t<div class=\"elementor-image\">\n\t\t\t\t\t\t\t\t\t\t\t\t\t\t\t\t\t\t\t\t\t\t<a href=\"https:\/\/www.wanda-collection.com\/art-meuble-double-suspendu-elegance-teck-metal-145-cm-1366.htm\">\n\t\t\t\t\t\t\t\t\t\t\t<img loading=\"lazy\" decoding=\"async\" width=\"555\" height=\"555\" src=\"https:\/\/www.wanda-collection.com\/blog\/wp-content\/uploads\/2022\/10\/31071_meuble_elegance_double-3.jpg\" class=\"attachment-large size-large wp-image-989042\" alt=\"\" srcset=\"https:\/\/www.wanda-collection.com\/blog\/wp-content\/uploads\/2022\/10\/31071_meuble_elegance_double-3.jpg 555w, https:\/\/www.wanda-collection.com\/blog\/wp-content\/uploads\/2022\/10\/31071_meuble_elegance_double-3-300x300.jpg 300w, https:\/\/www.wanda-collection.com\/blog\/wp-content\/uploads\/2022\/10\/31071_meuble_elegance_double-3-150x150.jpg 150w\" sizes=\"(max-width: 555px) 100vw, 555px\" \/>\t\t\t\t\t\t\t\t\t\t\t\t<\/a>\n\t\t\t\t\t\t\t\t\t\t\t\t\t\t\t\t\t\t\t\t\t\t\t\t<\/div>\n\t\t\t\t\t\t\t\t<\/div>\n\t\t\t\t<\/div>\n\t\t\t\t\t<\/div>\n\t\t<\/div>\n\t\t\t\t\t<\/div>\n\t\t<\/section>\n\t\t\t\t<div class=\"elementor-element elementor-element-b3ec4b9 elementor-widget elementor-widget-spacer\" data-id=\"b3ec4b9\" data-element_type=\"widget\" data-widget_type=\"spacer.default\">\n\t\t\t\t<div class=\"elementor-widget-container\">\n\t\t\t\t\t\t\t<div class=\"elementor-spacer\">\n\t\t\t<div class=\"elementor-spacer-inner\"><\/div>\n\t\t<\/div>\n\t\t\t\t\t\t<\/div>\n\t\t\t\t<\/div>\n\t\t\t\t\t<\/div>\n\t\t<\/div>\n\t\t\t\t\t<\/div>\n\t\t<\/section>\n\t\t\t\t<section class=\"elementor-section elementor-top-section elementor-element elementor-element-22fa669 elementor-section-boxed elementor-section-height-default elementor-section-height-default\" data-id=\"22fa669\" data-element_type=\"section\">\n\t\t\t\t\t\t<div class=\"elementor-container elementor-column-gap-default\">\n\t\t\t\t\t<div class=\"elementor-column elementor-col-100 elementor-top-column elementor-element elementor-element-b8cd627\" data-id=\"b8cd627\" data-element_type=\"column\">\n\t\t\t<div class=\"elementor-widget-wrap elementor-element-populated\">\n\t\t\t\t\t\t<div class=\"elementor-element elementor-element-ee24a0e elementor-widget elementor-widget-heading\" data-id=\"ee24a0e\" data-element_type=\"widget\" data-widget_type=\"heading.default\">\n\t\t\t\t<div class=\"elementor-widget-container\">\n\t\t\t\t\t<h2 class=\"elementor-heading-title elementor-size-default\">Courchevel, authentique et moderne<\/h2>\t\t\t\t<\/div>\n\t\t\t\t<\/div>\n\t\t\t\t<div class=\"elementor-element elementor-element-41cb242 elementor-widget elementor-widget-text-editor\" data-id=\"41cb242\" data-element_type=\"widget\" data-widget_type=\"text-editor.default\">\n\t\t\t\t<div class=\"elementor-widget-container\">\n\t\t\t\t\t\t\t\t\t<p>Vous r\u00eavez d\u2019une salle de bain moderne et chaleureuse\u00a0? La gamme de meubles sous vasque Courchevel associe des couleurs chaudes \u00e0 un design minimaliste\u2026 Sans oublier son espace de rangement parfaitement optimis\u00e9\u00a0!<\/p>\t\t\t\t\t\t\t\t<\/div>\n\t\t\t\t<\/div>\n\t\t\t\t<section class=\"elementor-section elementor-inner-section elementor-element elementor-element-caccae0 elementor-section-boxed elementor-section-height-default elementor-section-height-default\" data-id=\"caccae0\" data-element_type=\"section\">\n\t\t\t\t\t\t<div class=\"elementor-container elementor-column-gap-default\">\n\t\t\t\t\t<div class=\"elementor-column elementor-col-50 elementor-inner-column elementor-element elementor-element-9c97919\" data-id=\"9c97919\" data-element_type=\"column\">\n\t\t\t<div class=\"elementor-widget-wrap elementor-element-populated\">\n\t\t\t\t\t\t<div class=\"vamtam-has-theme-widget-styles elementor-element elementor-element-8cce125 elementor-widget elementor-widget-image\" data-id=\"8cce125\" data-element_type=\"widget\" data-widget_type=\"image.default\">\n\t\t\t\t<div class=\"elementor-widget-container\">\n\t\t\t\t\t\t\t\t\t<div class=\"elementor-image\">\n\t\t\t\t\t\t\t\t\t\t\t\t\t\t\t\t\t\t\t\t\t\t<a href=\"https:\/\/www.wanda-collection.com\/art-meuble-salle-de-bain-en-teck-courchevel-80-cm-2981.htm\">\n\t\t\t\t\t\t\t\t\t\t\t<img loading=\"lazy\" decoding=\"async\" width=\"555\" height=\"555\" src=\"https:\/\/www.wanda-collection.com\/blog\/wp-content\/uploads\/2022\/10\/Jonathan-Sylvoz-JON_3284-08032022-11-04-21-1.jpg\" class=\"attachment-large size-large wp-image-989052\" alt=\"\" srcset=\"https:\/\/www.wanda-collection.com\/blog\/wp-content\/uploads\/2022\/10\/Jonathan-Sylvoz-JON_3284-08032022-11-04-21-1.jpg 555w, https:\/\/www.wanda-collection.com\/blog\/wp-content\/uploads\/2022\/10\/Jonathan-Sylvoz-JON_3284-08032022-11-04-21-1-300x300.jpg 300w, https:\/\/www.wanda-collection.com\/blog\/wp-content\/uploads\/2022\/10\/Jonathan-Sylvoz-JON_3284-08032022-11-04-21-1-150x150.jpg 150w\" sizes=\"(max-width: 555px) 100vw, 555px\" \/>\t\t\t\t\t\t\t\t\t\t\t\t<\/a>\n\t\t\t\t\t\t\t\t\t\t\t\t\t\t\t\t\t\t\t\t\t\t\t\t<\/div>\n\t\t\t\t\t\t\t\t<\/div>\n\t\t\t\t<\/div>\n\t\t\t\t\t<\/div>\n\t\t<\/div>\n\t\t\t\t<div class=\"elementor-column elementor-col-50 elementor-inner-column elementor-element elementor-element-d33b316\" data-id=\"d33b316\" data-element_type=\"column\">\n\t\t\t<div class=\"elementor-widget-wrap elementor-element-populated\">\n\t\t\t\t\t\t<div class=\"vamtam-has-theme-widget-styles elementor-element elementor-element-f00f95d elementor-widget elementor-widget-image\" data-id=\"f00f95d\" data-element_type=\"widget\" data-widget_type=\"image.default\">\n\t\t\t\t<div class=\"elementor-widget-container\">\n\t\t\t\t\t\t\t\t\t<div class=\"elementor-image\">\n\t\t\t\t\t\t\t\t\t\t\t\t\t\t\t\t\t\t\t\t\t\t<a href=\"https:\/\/www.wanda-collection.com\/art-meuble-sous-vasque-en-teck-courchevel-160-cm-2983.htm\">\n\t\t\t\t\t\t\t\t\t\t\t<img loading=\"lazy\" decoding=\"async\" width=\"555\" height=\"218\" src=\"https:\/\/www.wanda-collection.com\/blog\/wp-content\/uploads\/2022\/10\/ori-meuble-sous-vasque-en-teck-courchevel-120-2982_3781-e1764673553718.jpg\" class=\"attachment-large size-large wp-image-989053\" alt=\"\" srcset=\"https:\/\/www.wanda-collection.com\/blog\/wp-content\/uploads\/2022\/10\/ori-meuble-sous-vasque-en-teck-courchevel-120-2982_3781-e1764673553718.jpg 555w, https:\/\/www.wanda-collection.com\/blog\/wp-content\/uploads\/2022\/10\/ori-meuble-sous-vasque-en-teck-courchevel-120-2982_3781-e1764673553718-300x118.jpg 300w\" sizes=\"(max-width: 555px) 100vw, 555px\" \/>\t\t\t\t\t\t\t\t\t\t\t\t<\/a>\n\t\t\t\t\t\t\t\t\t\t\t\t\t\t\t\t\t\t\t\t\t\t\t\t<\/div>\n\t\t\t\t\t\t\t\t<\/div>\n\t\t\t\t<\/div>\n\t\t\t\t\t<\/div>\n\t\t<\/div>\n\t\t\t\t\t<\/div>\n\t\t<\/section>\n\t\t\t\t<section class=\"elementor-section elementor-inner-section elementor-element elementor-element-5cda8c5 elementor-section-boxed elementor-section-height-default elementor-section-height-default\" data-id=\"5cda8c5\" data-element_type=\"section\">\n\t\t\t\t\t\t<div class=\"elementor-container elementor-column-gap-default\">\n\t\t\t\t\t<div class=\"elementor-column elementor-col-50 elementor-inner-column elementor-element elementor-element-ae4a6e1\" data-id=\"ae4a6e1\" data-element_type=\"column\">\n\t\t\t<div class=\"elementor-widget-wrap elementor-element-populated\">\n\t\t\t\t\t\t<div class=\"vamtam-has-theme-widget-styles elementor-element elementor-element-58bc902 elementor-widget elementor-widget-image\" data-id=\"58bc902\" data-element_type=\"widget\" data-widget_type=\"image.default\">\n\t\t\t\t<div class=\"elementor-widget-container\">\n\t\t\t\t\t\t\t\t\t<div class=\"elementor-image\">\n\t\t\t\t\t\t\t\t\t\t\t\t\t\t\t\t\t\t\t\t\t\t<a href=\"https:\/\/www.wanda-collection.com\/art-meuble-sous-vasque-en-teck-courchevel-120-cm-2982.htm\">\n\t\t\t\t\t\t\t\t\t\t\t<img loading=\"lazy\" decoding=\"async\" width=\"555\" height=\"555\" src=\"https:\/\/www.wanda-collection.com\/blog\/wp-content\/uploads\/2022\/10\/ori-meuble-sous-vasque-en-teck-courchevel-120-2982_3139-1.jpg\" class=\"attachment-large size-large wp-image-989051\" alt=\"\" srcset=\"https:\/\/www.wanda-collection.com\/blog\/wp-content\/uploads\/2022\/10\/ori-meuble-sous-vasque-en-teck-courchevel-120-2982_3139-1.jpg 555w, https:\/\/www.wanda-collection.com\/blog\/wp-content\/uploads\/2022\/10\/ori-meuble-sous-vasque-en-teck-courchevel-120-2982_3139-1-300x300.jpg 300w, https:\/\/www.wanda-collection.com\/blog\/wp-content\/uploads\/2022\/10\/ori-meuble-sous-vasque-en-teck-courchevel-120-2982_3139-1-150x150.jpg 150w\" sizes=\"(max-width: 555px) 100vw, 555px\" \/>\t\t\t\t\t\t\t\t\t\t\t\t<\/a>\n\t\t\t\t\t\t\t\t\t\t\t\t\t\t\t\t\t\t\t\t\t\t\t\t<\/div>\n\t\t\t\t\t\t\t\t<\/div>\n\t\t\t\t<\/div>\n\t\t\t\t\t<\/div>\n\t\t<\/div>\n\t\t\t\t<div class=\"elementor-column elementor-col-50 elementor-inner-column elementor-element elementor-element-619c83b\" data-id=\"619c83b\" data-element_type=\"column\">\n\t\t\t<div class=\"elementor-widget-wrap elementor-element-populated\">\n\t\t\t\t\t\t<div class=\"vamtam-has-theme-widget-styles elementor-element elementor-element-93c7c51 elementor-widget elementor-widget-image\" data-id=\"93c7c51\" data-element_type=\"widget\" data-widget_type=\"image.default\">\n\t\t\t\t<div class=\"elementor-widget-container\">\n\t\t\t\t\t\t\t\t\t<div class=\"elementor-image\">\n\t\t\t\t\t\t\t\t\t\t\t\t\t\t\t\t\t\t\t\t\t\t<a href=\"https:\/\/www.wanda-collection.com\/art-meuble-salle-de-bain-en-teck-courchevel-100-cm-3131.htm\">\n\t\t\t\t\t\t\t\t\t\t\t<img loading=\"lazy\" decoding=\"async\" width=\"555\" height=\"555\" src=\"https:\/\/www.wanda-collection.com\/blog\/wp-content\/uploads\/2022\/10\/ori-meuble-salle-de-bain-en-teck-courchevel-100-3131_3614-1.jpg\" class=\"attachment-large size-large wp-image-989050\" alt=\"\" srcset=\"https:\/\/www.wanda-collection.com\/blog\/wp-content\/uploads\/2022\/10\/ori-meuble-salle-de-bain-en-teck-courchevel-100-3131_3614-1.jpg 555w, https:\/\/www.wanda-collection.com\/blog\/wp-content\/uploads\/2022\/10\/ori-meuble-salle-de-bain-en-teck-courchevel-100-3131_3614-1-300x300.jpg 300w, https:\/\/www.wanda-collection.com\/blog\/wp-content\/uploads\/2022\/10\/ori-meuble-salle-de-bain-en-teck-courchevel-100-3131_3614-1-150x150.jpg 150w\" sizes=\"(max-width: 555px) 100vw, 555px\" \/>\t\t\t\t\t\t\t\t\t\t\t\t<\/a>\n\t\t\t\t\t\t\t\t\t\t\t\t\t\t\t\t\t\t\t\t\t\t\t\t<\/div>\n\t\t\t\t\t\t\t\t<\/div>\n\t\t\t\t<\/div>\n\t\t\t\t\t<\/div>\n\t\t<\/div>\n\t\t\t\t\t<\/div>\n\t\t<\/section>\n\t\t\t\t<div class=\"elementor-element elementor-element-22fc1b1 elementor-widget elementor-widget-spacer\" data-id=\"22fc1b1\" data-element_type=\"widget\" data-widget_type=\"spacer.default\">\n\t\t\t\t<div class=\"elementor-widget-container\">\n\t\t\t\t\t\t\t<div class=\"elementor-spacer\">\n\t\t\t<div class=\"elementor-spacer-inner\"><\/div>\n\t\t<\/div>\n\t\t\t\t\t\t<\/div>\n\t\t\t\t<\/div>\n\t\t\t\t\t<\/div>\n\t\t<\/div>\n\t\t\t\t\t<\/div>\n\t\t<\/section>\n\t\t\t\t<section class=\"elementor-section elementor-top-section elementor-element elementor-element-009a740 elementor-section-boxed elementor-section-height-default elementor-section-height-default\" data-id=\"009a740\" data-element_type=\"section\">\n\t\t\t\t\t\t<div class=\"elementor-container elementor-column-gap-default\">\n\t\t\t\t\t<div class=\"elementor-column elementor-col-100 elementor-top-column elementor-element elementor-element-83fc06f\" data-id=\"83fc06f\" data-element_type=\"column\">\n\t\t\t<div class=\"elementor-widget-wrap elementor-element-populated\">\n\t\t\t\t\t\t<div class=\"elementor-element elementor-element-ab66985 elementor-widget elementor-widget-heading\" data-id=\"ab66985\" data-element_type=\"widget\" data-widget_type=\"heading.default\">\n\t\t\t\t<div class=\"elementor-widget-container\">\n\t\t\t\t\t<h2 class=\"elementor-heading-title elementor-size-default\">Aktual, une collection qui porte bien son nom<\/h2>\t\t\t\t<\/div>\n\t\t\t\t<\/div>\n\t\t\t\t<div class=\"elementor-element elementor-element-5515b8f elementor-widget elementor-widget-text-editor\" data-id=\"5515b8f\" data-element_type=\"widget\" data-widget_type=\"text-editor.default\">\n\t\t\t\t<div class=\"elementor-widget-container\">\n\t\t\t\t\t\t\t\t\t<p>Misez sur la simplicit\u00e9 avec la collection Aktual, des meubles suspendus avec lavabo int\u00e9gr\u00e9. Les mat\u00e9riaux se r\u00e9pondent entre eux, pour un design moderne qui sera la pi\u00e8ce forte de votre salle d\u2019eau.<\/p>\t\t\t\t\t\t\t\t<\/div>\n\t\t\t\t<\/div>\n\t\t\t\t<section class=\"elementor-section elementor-inner-section elementor-element elementor-element-d43b648 elementor-section-boxed elementor-section-height-default elementor-section-height-default\" data-id=\"d43b648\" data-element_type=\"section\">\n\t\t\t\t\t\t<div class=\"elementor-container elementor-column-gap-default\">\n\t\t\t\t\t<div class=\"elementor-column elementor-col-50 elementor-inner-column elementor-element elementor-element-3589c7b\" data-id=\"3589c7b\" data-element_type=\"column\">\n\t\t\t<div class=\"elementor-widget-wrap elementor-element-populated\">\n\t\t\t\t\t\t<div class=\"vamtam-has-theme-widget-styles elementor-element elementor-element-dafeb66 elementor-widget elementor-widget-image\" data-id=\"dafeb66\" data-element_type=\"widget\" data-widget_type=\"image.default\">\n\t\t\t\t<div class=\"elementor-widget-container\">\n\t\t\t\t\t\t\t\t\t<div class=\"elementor-image\">\n\t\t\t\t\t\t\t\t\t\t\t\t\t\t\t\t\t\t\t\t\t\t<a href=\"https:\/\/www.wanda-collection.com\/art-meuble-salle-de-bain-en-teck-et-ceramique-aktual-60-cm-55200.htm\">\n\t\t\t\t\t\t\t\t\t\t\t<img loading=\"lazy\" decoding=\"async\" width=\"555\" height=\"555\" src=\"https:\/\/www.wanda-collection.com\/blog\/wp-content\/uploads\/2022\/10\/31056-2.jpg\" class=\"attachment-large size-large wp-image-989054\" alt=\"\" srcset=\"https:\/\/www.wanda-collection.com\/blog\/wp-content\/uploads\/2022\/10\/31056-2.jpg 555w, https:\/\/www.wanda-collection.com\/blog\/wp-content\/uploads\/2022\/10\/31056-2-300x300.jpg 300w, https:\/\/www.wanda-collection.com\/blog\/wp-content\/uploads\/2022\/10\/31056-2-150x150.jpg 150w\" sizes=\"(max-width: 555px) 100vw, 555px\" \/>\t\t\t\t\t\t\t\t\t\t\t\t<\/a>\n\t\t\t\t\t\t\t\t\t\t\t\t\t\t\t\t\t\t\t\t\t\t\t\t<\/div>\n\t\t\t\t\t\t\t\t<\/div>\n\t\t\t\t<\/div>\n\t\t\t\t\t<\/div>\n\t\t<\/div>\n\t\t\t\t<div class=\"elementor-column elementor-col-50 elementor-inner-column elementor-element elementor-element-651db4f\" data-id=\"651db4f\" data-element_type=\"column\">\n\t\t\t<div class=\"elementor-widget-wrap elementor-element-populated\">\n\t\t\t\t\t\t<div class=\"vamtam-has-theme-widget-styles elementor-element elementor-element-9178d91 elementor-widget elementor-widget-image\" data-id=\"9178d91\" data-element_type=\"widget\" data-widget_type=\"image.default\">\n\t\t\t\t<div class=\"elementor-widget-container\">\n\t\t\t\t\t\t\t\t\t<div class=\"elementor-image\">\n\t\t\t\t\t\t\t\t\t\t\t\t\t\t\t\t\t\t\t\t\t\t<a href=\"https:\/\/www.wanda-collection.com\/art-meuble-salle-de-bain-en-teck-et-ceramique-aktual-60-cm-55200.htm\">\n\t\t\t\t\t\t\t\t\t\t\t<img loading=\"lazy\" decoding=\"async\" width=\"555\" height=\"555\" src=\"https:\/\/www.wanda-collection.com\/blog\/wp-content\/uploads\/2022\/10\/31056-8.jpg\" class=\"attachment-large size-large wp-image-989057\" alt=\"\" srcset=\"https:\/\/www.wanda-collection.com\/blog\/wp-content\/uploads\/2022\/10\/31056-8.jpg 555w, https:\/\/www.wanda-collection.com\/blog\/wp-content\/uploads\/2022\/10\/31056-8-300x300.jpg 300w, https:\/\/www.wanda-collection.com\/blog\/wp-content\/uploads\/2022\/10\/31056-8-150x150.jpg 150w\" sizes=\"(max-width: 555px) 100vw, 555px\" \/>\t\t\t\t\t\t\t\t\t\t\t\t<\/a>\n\t\t\t\t\t\t\t\t\t\t\t\t\t\t\t\t\t\t\t\t\t\t\t\t<\/div>\n\t\t\t\t\t\t\t\t<\/div>\n\t\t\t\t<\/div>\n\t\t\t\t\t<\/div>\n\t\t<\/div>\n\t\t\t\t\t<\/div>\n\t\t<\/section>\n\t\t\t\t<section class=\"elementor-section elementor-inner-section elementor-element elementor-element-fb4596a elementor-section-boxed elementor-section-height-default elementor-section-height-default\" data-id=\"fb4596a\" data-element_type=\"section\">\n\t\t\t\t\t\t<div class=\"elementor-container elementor-column-gap-default\">\n\t\t\t\t\t<div class=\"elementor-column elementor-col-50 elementor-inner-column elementor-element elementor-element-d630551\" data-id=\"d630551\" data-element_type=\"column\">\n\t\t\t<div class=\"elementor-widget-wrap elementor-element-populated\">\n\t\t\t\t\t\t<div class=\"vamtam-has-theme-widget-styles elementor-element elementor-element-ffe2319 elementor-widget elementor-widget-image\" data-id=\"ffe2319\" data-element_type=\"widget\" data-widget_type=\"image.default\">\n\t\t\t\t<div class=\"elementor-widget-container\">\n\t\t\t\t\t\t\t\t\t<div class=\"elementor-image\">\n\t\t\t\t\t\t\t\t\t\t\t\t\t\t\t\t\t\t\t\t\t\t<a href=\"https:\/\/www.wanda-collection.com\/art-meuble-salle-de-bain-en-teck-et-ceramique-aktual-90-cm-55201.htm\">\n\t\t\t\t\t\t\t\t\t\t\t<img loading=\"lazy\" decoding=\"async\" width=\"555\" height=\"555\" src=\"https:\/\/www.wanda-collection.com\/blog\/wp-content\/uploads\/2022\/10\/31057-9.jpg\" class=\"attachment-large size-large wp-image-989055\" alt=\"\" srcset=\"https:\/\/www.wanda-collection.com\/blog\/wp-content\/uploads\/2022\/10\/31057-9.jpg 555w, https:\/\/www.wanda-collection.com\/blog\/wp-content\/uploads\/2022\/10\/31057-9-300x300.jpg 300w, https:\/\/www.wanda-collection.com\/blog\/wp-content\/uploads\/2022\/10\/31057-9-150x150.jpg 150w\" sizes=\"(max-width: 555px) 100vw, 555px\" \/>\t\t\t\t\t\t\t\t\t\t\t\t<\/a>\n\t\t\t\t\t\t\t\t\t\t\t\t\t\t\t\t\t\t\t\t\t\t\t\t<\/div>\n\t\t\t\t\t\t\t\t<\/div>\n\t\t\t\t<\/div>\n\t\t\t\t\t<\/div>\n\t\t<\/div>\n\t\t\t\t<div class=\"elementor-column elementor-col-50 elementor-inner-column elementor-element elementor-element-5da52ba\" data-id=\"5da52ba\" data-element_type=\"column\">\n\t\t\t<div class=\"elementor-widget-wrap elementor-element-populated\">\n\t\t\t\t\t\t<div class=\"vamtam-has-theme-widget-styles elementor-element elementor-element-ae7c66c elementor-widget elementor-widget-image\" data-id=\"ae7c66c\" data-element_type=\"widget\" data-widget_type=\"image.default\">\n\t\t\t\t<div class=\"elementor-widget-container\">\n\t\t\t\t\t\t\t\t\t<div class=\"elementor-image\">\n\t\t\t\t\t\t\t\t\t\t\t\t\t\t\t\t\t\t\t\t\t\t<a href=\"https:\/\/www.wanda-collection.com\/art-meuble-salle-de-bain-en-teck-et-ceramique-aktual-90-cm-55201.htm\">\n\t\t\t\t\t\t\t\t\t\t\t<img loading=\"lazy\" decoding=\"async\" width=\"555\" height=\"555\" src=\"https:\/\/www.wanda-collection.com\/blog\/wp-content\/uploads\/2022\/10\/31057-10.jpg\" class=\"attachment-large size-large wp-image-989056\" alt=\"\" srcset=\"https:\/\/www.wanda-collection.com\/blog\/wp-content\/uploads\/2022\/10\/31057-10.jpg 555w, https:\/\/www.wanda-collection.com\/blog\/wp-content\/uploads\/2022\/10\/31057-10-300x300.jpg 300w, https:\/\/www.wanda-collection.com\/blog\/wp-content\/uploads\/2022\/10\/31057-10-150x150.jpg 150w\" sizes=\"(max-width: 555px) 100vw, 555px\" \/>\t\t\t\t\t\t\t\t\t\t\t\t<\/a>\n\t\t\t\t\t\t\t\t\t\t\t\t\t\t\t\t\t\t\t\t\t\t\t\t<\/div>\n\t\t\t\t\t\t\t\t<\/div>\n\t\t\t\t<\/div>\n\t\t\t\t\t<\/div>\n\t\t<\/div>\n\t\t\t\t\t<\/div>\n\t\t<\/section>\n\t\t\t\t<div class=\"elementor-element elementor-element-cf04506 elementor-widget elementor-widget-spacer\" data-id=\"cf04506\" data-element_type=\"widget\" data-widget_type=\"spacer.default\">\n\t\t\t\t<div class=\"elementor-widget-container\">\n\t\t\t\t\t\t\t<div class=\"elementor-spacer\">\n\t\t\t<div class=\"elementor-spacer-inner\"><\/div>\n\t\t<\/div>\n\t\t\t\t\t\t<\/div>\n\t\t\t\t<\/div>\n\t\t\t\t\t<\/div>\n\t\t<\/div>\n\t\t\t\t\t<\/div>\n\t\t<\/section>\n\t\t\t\t<section class=\"elementor-section elementor-top-section elementor-element elementor-element-e9dfc8c elementor-section-boxed elementor-section-height-default elementor-section-height-default\" data-id=\"e9dfc8c\" data-element_type=\"section\">\n\t\t\t\t\t\t<div class=\"elementor-container elementor-column-gap-default\">\n\t\t\t\t\t<div class=\"elementor-column elementor-col-100 elementor-top-column elementor-element elementor-element-bdb7a80\" data-id=\"bdb7a80\" data-element_type=\"column\">\n\t\t\t<div class=\"elementor-widget-wrap elementor-element-populated\">\n\t\t\t\t\t\t<div class=\"elementor-element elementor-element-bd8f19d elementor-widget elementor-widget-heading\" data-id=\"bd8f19d\" data-element_type=\"widget\" data-widget_type=\"heading.default\">\n\t\t\t\t<div class=\"elementor-widget-container\">\n\t\t\t\t\t<h2 class=\"elementor-heading-title elementor-size-default\">La collection Luxe et ses vasques encastr\u00e9es<\/h2>\t\t\t\t<\/div>\n\t\t\t\t<\/div>\n\t\t\t\t<div class=\"elementor-element elementor-element-750a74e elementor-widget elementor-widget-text-editor\" data-id=\"750a74e\" data-element_type=\"widget\" data-widget_type=\"text-editor.default\">\n\t\t\t\t<div class=\"elementor-widget-container\">\n\t\t\t\t\t\t\t\t\t<p style=\"font-weight: 400;\">Le meuble en teck Luxe int\u00e8gre deux vasques encastr\u00e9es, disponibles en noir et en cr\u00e8me.<\/p><p style=\"font-weight: 400;\">Et pour une petite salle de bain\u00a0? Compact et design, le lave-mains suspendu de la collection est une solution id\u00e9ale pour optimiser l\u2019espace.<\/p>\t\t\t\t\t\t\t\t<\/div>\n\t\t\t\t<\/div>\n\t\t\t\t<section class=\"elementor-section elementor-inner-section elementor-element elementor-element-04407e3 elementor-section-boxed elementor-section-height-default elementor-section-height-default\" data-id=\"04407e3\" data-element_type=\"section\">\n\t\t\t\t\t\t<div class=\"elementor-container elementor-column-gap-default\">\n\t\t\t\t\t<div class=\"elementor-column elementor-col-50 elementor-inner-column elementor-element elementor-element-41e7c2f\" data-id=\"41e7c2f\" data-element_type=\"column\">\n\t\t\t<div class=\"elementor-widget-wrap elementor-element-populated\">\n\t\t\t\t\t\t<div class=\"vamtam-has-theme-widget-styles elementor-element elementor-element-feeecaa elementor-widget elementor-widget-image\" data-id=\"feeecaa\" data-element_type=\"widget\" data-widget_type=\"image.default\">\n\t\t\t\t<div class=\"elementor-widget-container\">\n\t\t\t\t\t\t\t\t\t<div class=\"elementor-image\">\n\t\t\t\t\t\t\t\t\t\t\t\t\t\t\t\t\t\t\t\t\t\t<a href=\"https:\/\/www.wanda-collection.com\/art-meuble-en-teck-et-vasques-de-salle-de-bain-luxe-140-noir-2984.htm\">\n\t\t\t\t\t\t\t\t\t\t\t<img loading=\"lazy\" decoding=\"async\" width=\"555\" height=\"555\" src=\"https:\/\/www.wanda-collection.com\/blog\/wp-content\/uploads\/2022\/10\/ori-meuble-en-teck-et-vasques-de-salle-de-bain-luxe-140-noir-2984_4289.jpg\" class=\"attachment-large size-large wp-image-989059\" alt=\"\" srcset=\"https:\/\/www.wanda-collection.com\/blog\/wp-content\/uploads\/2022\/10\/ori-meuble-en-teck-et-vasques-de-salle-de-bain-luxe-140-noir-2984_4289.jpg 555w, https:\/\/www.wanda-collection.com\/blog\/wp-content\/uploads\/2022\/10\/ori-meuble-en-teck-et-vasques-de-salle-de-bain-luxe-140-noir-2984_4289-300x300.jpg 300w, https:\/\/www.wanda-collection.com\/blog\/wp-content\/uploads\/2022\/10\/ori-meuble-en-teck-et-vasques-de-salle-de-bain-luxe-140-noir-2984_4289-150x150.jpg 150w\" sizes=\"(max-width: 555px) 100vw, 555px\" \/>\t\t\t\t\t\t\t\t\t\t\t\t<\/a>\n\t\t\t\t\t\t\t\t\t\t\t\t\t\t\t\t\t\t\t\t\t\t\t\t<\/div>\n\t\t\t\t\t\t\t\t<\/div>\n\t\t\t\t<\/div>\n\t\t\t\t\t<\/div>\n\t\t<\/div>\n\t\t\t\t<div class=\"elementor-column elementor-col-50 elementor-inner-column elementor-element elementor-element-695f6b7\" data-id=\"695f6b7\" data-element_type=\"column\">\n\t\t\t<div class=\"elementor-widget-wrap elementor-element-populated\">\n\t\t\t\t\t\t<div class=\"vamtam-has-theme-widget-styles elementor-element elementor-element-0865ead elementor-widget elementor-widget-image\" data-id=\"0865ead\" data-element_type=\"widget\" data-widget_type=\"image.default\">\n\t\t\t\t<div class=\"elementor-widget-container\">\n\t\t\t\t\t\t\t\t\t<div class=\"elementor-image\">\n\t\t\t\t\t\t\t\t\t\t\t\t\t\t\t\t\t\t\t\t\t\t<a href=\"https:\/\/www.wanda-collection.com\/art-meuble-en-teck-et-vasques-de-salle-de-bain-luxe-140-creme-3116.htm\">\n\t\t\t\t\t\t\t\t\t\t\t<img loading=\"lazy\" decoding=\"async\" width=\"555\" height=\"555\" src=\"https:\/\/www.wanda-collection.com\/blog\/wp-content\/uploads\/2022\/10\/ori-meuble-en-teck-et-vasques-de-salle-de-bain-luxe-140-creme-3116_3168.jpg\" class=\"attachment-large size-large wp-image-989102\" alt=\"\" srcset=\"https:\/\/www.wanda-collection.com\/blog\/wp-content\/uploads\/2022\/10\/ori-meuble-en-teck-et-vasques-de-salle-de-bain-luxe-140-creme-3116_3168.jpg 555w, https:\/\/www.wanda-collection.com\/blog\/wp-content\/uploads\/2022\/10\/ori-meuble-en-teck-et-vasques-de-salle-de-bain-luxe-140-creme-3116_3168-300x300.jpg 300w, https:\/\/www.wanda-collection.com\/blog\/wp-content\/uploads\/2022\/10\/ori-meuble-en-teck-et-vasques-de-salle-de-bain-luxe-140-creme-3116_3168-150x150.jpg 150w\" sizes=\"(max-width: 555px) 100vw, 555px\" \/>\t\t\t\t\t\t\t\t\t\t\t\t<\/a>\n\t\t\t\t\t\t\t\t\t\t\t\t\t\t\t\t\t\t\t\t\t\t\t\t<\/div>\n\t\t\t\t\t\t\t\t<\/div>\n\t\t\t\t<\/div>\n\t\t\t\t\t<\/div>\n\t\t<\/div>\n\t\t\t\t\t<\/div>\n\t\t<\/section>\n\t\t\t\t<div class=\"elementor-element elementor-element-f87e486 elementor-widget elementor-widget-spacer\" data-id=\"f87e486\" data-element_type=\"widget\" data-widget_type=\"spacer.default\">\n\t\t\t\t<div class=\"elementor-widget-container\">\n\t\t\t\t\t\t\t<div class=\"elementor-spacer\">\n\t\t\t<div class=\"elementor-spacer-inner\"><\/div>\n\t\t<\/div>\n\t\t\t\t\t\t<\/div>\n\t\t\t\t<\/div>\n\t\t\t\t\t<\/div>\n\t\t<\/div>\n\t\t\t\t\t<\/div>\n\t\t<\/section>\n\t\t\t\t<section class=\"elementor-section elementor-top-section elementor-element elementor-element-8c6c5b5 elementor-section-boxed elementor-section-height-default elementor-section-height-default\" data-id=\"8c6c5b5\" data-element_type=\"section\">\n\t\t\t\t\t\t<div class=\"elementor-container elementor-column-gap-default\">\n\t\t\t\t\t<div class=\"elementor-column elementor-col-100 elementor-top-column elementor-element elementor-element-5f7d9ce\" data-id=\"5f7d9ce\" data-element_type=\"column\">\n\t\t\t<div class=\"elementor-widget-wrap elementor-element-populated\">\n\t\t\t\t\t\t<div class=\"elementor-element elementor-element-a701e2e elementor-widget elementor-widget-heading\" data-id=\"a701e2e\" data-element_type=\"widget\" data-widget_type=\"heading.default\">\n\t\t\t\t<div class=\"elementor-widget-container\">\n\t\t\t\t\t<h2 class=\"elementor-heading-title elementor-size-default\">La gamme Vintage et ses inspirations scandinaves<\/h2>\t\t\t\t<\/div>\n\t\t\t\t<\/div>\n\t\t\t\t<div class=\"elementor-element elementor-element-1a9741c elementor-widget elementor-widget-text-editor\" data-id=\"1a9741c\" data-element_type=\"widget\" data-widget_type=\"text-editor.default\">\n\t\t\t\t<div class=\"elementor-widget-container\">\n\t\t\t\t\t\t\t\t\t<p>Le meuble simple ou double vasque de la collection Vintage flirte avec des inspirations scandinaves. Ses vastes placards offrent un gain de place consid\u00e9rable. Si vous souhaitez changer votre salle de bain pour un style Japandi, n&rsquo;h\u00e9sitez pas \u00e0 craquer pour cette collection.<\/p>\t\t\t\t\t\t\t\t<\/div>\n\t\t\t\t<\/div>\n\t\t\t\t<section class=\"elementor-section elementor-inner-section elementor-element elementor-element-19fbe27 elementor-section-boxed elementor-section-height-default elementor-section-height-default\" data-id=\"19fbe27\" data-element_type=\"section\">\n\t\t\t\t\t\t<div class=\"elementor-container elementor-column-gap-default\">\n\t\t\t\t\t<div class=\"elementor-column elementor-col-50 elementor-inner-column elementor-element elementor-element-864190b\" data-id=\"864190b\" data-element_type=\"column\">\n\t\t\t<div class=\"elementor-widget-wrap elementor-element-populated\">\n\t\t\t\t\t\t<div class=\"vamtam-has-theme-widget-styles elementor-element elementor-element-622e6a6 elementor-widget elementor-widget-image\" data-id=\"622e6a6\" data-element_type=\"widget\" data-widget_type=\"image.default\">\n\t\t\t\t<div class=\"elementor-widget-container\">\n\t\t\t\t\t\t\t\t\t<div class=\"elementor-image\">\n\t\t\t\t\t\t\t\t\t\t\t\t\t\t\t\t\t\t\t\t\t\t<a href=\"https:\/\/www.wanda-collection.com\/art-meuble-sous-vasque-en-teck-vintage-140-cm-2979.htm\">\n\t\t\t\t\t\t\t\t\t\t\t<img loading=\"lazy\" decoding=\"async\" width=\"555\" height=\"555\" src=\"https:\/\/www.wanda-collection.com\/blog\/wp-content\/uploads\/2022\/10\/ori-meuble-sous-vasque-en-teck-vintage-140-2979_3160.jpg\" class=\"attachment-large size-large wp-image-989062\" alt=\"\" srcset=\"https:\/\/www.wanda-collection.com\/blog\/wp-content\/uploads\/2022\/10\/ori-meuble-sous-vasque-en-teck-vintage-140-2979_3160.jpg 555w, https:\/\/www.wanda-collection.com\/blog\/wp-content\/uploads\/2022\/10\/ori-meuble-sous-vasque-en-teck-vintage-140-2979_3160-300x300.jpg 300w, https:\/\/www.wanda-collection.com\/blog\/wp-content\/uploads\/2022\/10\/ori-meuble-sous-vasque-en-teck-vintage-140-2979_3160-150x150.jpg 150w\" sizes=\"(max-width: 555px) 100vw, 555px\" \/>\t\t\t\t\t\t\t\t\t\t\t\t<\/a>\n\t\t\t\t\t\t\t\t\t\t\t\t\t\t\t\t\t\t\t\t\t\t\t\t<\/div>\n\t\t\t\t\t\t\t\t<\/div>\n\t\t\t\t<\/div>\n\t\t\t\t\t<\/div>\n\t\t<\/div>\n\t\t\t\t<div class=\"elementor-column elementor-col-50 elementor-inner-column elementor-element elementor-element-774058a\" data-id=\"774058a\" data-element_type=\"column\">\n\t\t\t<div class=\"elementor-widget-wrap elementor-element-populated\">\n\t\t\t\t\t\t<div class=\"vamtam-has-theme-widget-styles elementor-element elementor-element-57be0f3 elementor-widget elementor-widget-image\" data-id=\"57be0f3\" data-element_type=\"widget\" data-widget_type=\"image.default\">\n\t\t\t\t<div class=\"elementor-widget-container\">\n\t\t\t\t\t\t\t\t\t<div class=\"elementor-image\">\n\t\t\t\t\t\t\t\t\t\t\t\t\t\t\t\t\t\t\t\t\t\t<a href=\"https:\/\/www.wanda-collection.com\/art-meuble-salle-de-bain-en-teck-vintage-90-cm-2980.htm\">\n\t\t\t\t\t\t\t\t\t\t\t<img loading=\"lazy\" decoding=\"async\" width=\"555\" height=\"555\" src=\"https:\/\/www.wanda-collection.com\/blog\/wp-content\/uploads\/2022\/10\/ar-meuble-salle-de-bain-en-teck-vintage-90-2980.jpg\" class=\"attachment-large size-large wp-image-989063\" alt=\"\" srcset=\"https:\/\/www.wanda-collection.com\/blog\/wp-content\/uploads\/2022\/10\/ar-meuble-salle-de-bain-en-teck-vintage-90-2980.jpg 555w, https:\/\/www.wanda-collection.com\/blog\/wp-content\/uploads\/2022\/10\/ar-meuble-salle-de-bain-en-teck-vintage-90-2980-300x300.jpg 300w, https:\/\/www.wanda-collection.com\/blog\/wp-content\/uploads\/2022\/10\/ar-meuble-salle-de-bain-en-teck-vintage-90-2980-150x150.jpg 150w\" sizes=\"(max-width: 555px) 100vw, 555px\" \/>\t\t\t\t\t\t\t\t\t\t\t\t<\/a>\n\t\t\t\t\t\t\t\t\t\t\t\t\t\t\t\t\t\t\t\t\t\t\t\t<\/div>\n\t\t\t\t\t\t\t\t<\/div>\n\t\t\t\t<\/div>\n\t\t\t\t\t<\/div>\n\t\t<\/div>\n\t\t\t\t\t<\/div>\n\t\t<\/section>\n\t\t\t\t<div class=\"elementor-element elementor-element-dcab22c elementor-widget elementor-widget-spacer\" data-id=\"dcab22c\" data-element_type=\"widget\" data-widget_type=\"spacer.default\">\n\t\t\t\t<div class=\"elementor-widget-container\">\n\t\t\t\t\t\t\t<div class=\"elementor-spacer\">\n\t\t\t<div class=\"elementor-spacer-inner\"><\/div>\n\t\t<\/div>\n\t\t\t\t\t\t<\/div>\n\t\t\t\t<\/div>\n\t\t\t\t\t<\/div>\n\t\t<\/div>\n\t\t\t\t\t<\/div>\n\t\t<\/section>\n\t\t\t\t<section class=\"elementor-section elementor-top-section elementor-element elementor-element-4fd3c01 elementor-section-boxed elementor-section-height-default elementor-section-height-default\" data-id=\"4fd3c01\" data-element_type=\"section\">\n\t\t\t\t\t\t<div class=\"elementor-container elementor-column-gap-default\">\n\t\t\t\t\t<div class=\"elementor-column elementor-col-100 elementor-top-column elementor-element elementor-element-5c48906\" data-id=\"5c48906\" data-element_type=\"column\">\n\t\t\t<div class=\"elementor-widget-wrap elementor-element-populated\">\n\t\t\t\t\t\t<div class=\"elementor-element elementor-element-1291c60 elementor-widget elementor-widget-heading\" data-id=\"1291c60\" data-element_type=\"widget\" data-widget_type=\"heading.default\">\n\t\t\t\t<div class=\"elementor-widget-container\">\n\t\t\t\t\t<h2 class=\"elementor-heading-title elementor-size-default\">Le d\u00e9tail qui tue avec le collection Mya<\/h2>\t\t\t\t<\/div>\n\t\t\t\t<\/div>\n\t\t\t\t<div class=\"elementor-element elementor-element-6dc8304 elementor-widget elementor-widget-text-editor\" data-id=\"6dc8304\" data-element_type=\"widget\" data-widget_type=\"text-editor.default\">\n\t\t\t\t<div class=\"elementor-widget-container\">\n\t\t\t\t\t\t\t\t\t<p>Les meubles vasques de la collection Mya reposent sur des pieds en m\u00e9tal inclin\u00e9s. Ce petit d\u00e9tail apportera beaucoup de cachet \u00e0 votre salle d\u2019eau\u00a0!<\/p><p>\u00c9galement disponible en version meuble suspendu.<\/p>\t\t\t\t\t\t\t\t<\/div>\n\t\t\t\t<\/div>\n\t\t\t\t<section class=\"elementor-section elementor-inner-section elementor-element elementor-element-2834ac8 elementor-section-boxed elementor-section-height-default elementor-section-height-default\" data-id=\"2834ac8\" data-element_type=\"section\">\n\t\t\t\t\t\t<div class=\"elementor-container elementor-column-gap-default\">\n\t\t\t\t\t<div class=\"elementor-column elementor-col-50 elementor-inner-column elementor-element elementor-element-bd7ca8b\" data-id=\"bd7ca8b\" data-element_type=\"column\">\n\t\t\t<div class=\"elementor-widget-wrap elementor-element-populated\">\n\t\t\t\t\t\t<div class=\"vamtam-has-theme-widget-styles elementor-element elementor-element-4343e97 elementor-widget elementor-widget-image\" data-id=\"4343e97\" data-element_type=\"widget\" data-widget_type=\"image.default\">\n\t\t\t\t<div class=\"elementor-widget-container\">\n\t\t\t\t\t\t\t\t\t<div class=\"elementor-image\">\n\t\t\t\t\t\t\t\t\t\t\t\t\t\t\t\t\t\t\t\t\t\t<a href=\"https:\/\/www.wanda-collection.com\/art-meuble-de-salle-de-bain-suspendu-double-vasque-en-teck-mya-145-cm-4378.htm\">\n\t\t\t\t\t\t\t\t\t\t\t<img loading=\"lazy\" decoding=\"async\" width=\"555\" height=\"555\" src=\"https:\/\/www.wanda-collection.com\/blog\/wp-content\/uploads\/2022\/10\/ori-meuble-de-salle-de-bain-suspendu-double-vasque-en-teck-mya-145-cm-4378_7480.jpg\" class=\"attachment-large size-large wp-image-989065\" alt=\"\" srcset=\"https:\/\/www.wanda-collection.com\/blog\/wp-content\/uploads\/2022\/10\/ori-meuble-de-salle-de-bain-suspendu-double-vasque-en-teck-mya-145-cm-4378_7480.jpg 555w, https:\/\/www.wanda-collection.com\/blog\/wp-content\/uploads\/2022\/10\/ori-meuble-de-salle-de-bain-suspendu-double-vasque-en-teck-mya-145-cm-4378_7480-300x300.jpg 300w, https:\/\/www.wanda-collection.com\/blog\/wp-content\/uploads\/2022\/10\/ori-meuble-de-salle-de-bain-suspendu-double-vasque-en-teck-mya-145-cm-4378_7480-150x150.jpg 150w\" sizes=\"(max-width: 555px) 100vw, 555px\" \/>\t\t\t\t\t\t\t\t\t\t\t\t<\/a>\n\t\t\t\t\t\t\t\t\t\t\t\t\t\t\t\t\t\t\t\t\t\t\t\t<\/div>\n\t\t\t\t\t\t\t\t<\/div>\n\t\t\t\t<\/div>\n\t\t\t\t\t<\/div>\n\t\t<\/div>\n\t\t\t\t<div class=\"elementor-column elementor-col-50 elementor-inner-column elementor-element elementor-element-74fd5a4\" data-id=\"74fd5a4\" data-element_type=\"column\">\n\t\t\t<div class=\"elementor-widget-wrap elementor-element-populated\">\n\t\t\t\t\t\t<div class=\"vamtam-has-theme-widget-styles elementor-element elementor-element-1062d39 elementor-widget elementor-widget-image\" data-id=\"1062d39\" data-element_type=\"widget\" data-widget_type=\"image.default\">\n\t\t\t\t<div class=\"elementor-widget-container\">\n\t\t\t\t\t\t\t\t\t<div class=\"elementor-image\">\n\t\t\t\t\t\t\t\t\t\t\t\t\t\t\t\t\t\t\t\t\t\t<a href=\"https:\/\/www.wanda-collection.com\/art-meuble-salle-de-bain-en-teck-mya-90-cm-4376.htm\">\n\t\t\t\t\t\t\t\t\t\t\t<img loading=\"lazy\" decoding=\"async\" width=\"555\" height=\"555\" src=\"https:\/\/www.wanda-collection.com\/blog\/wp-content\/uploads\/2022\/10\/ori-meuble-salle-de-bain-en-teck-mya-90-cm-4376_5900-1.jpg\" class=\"attachment-large size-large wp-image-989064\" alt=\"\" srcset=\"https:\/\/www.wanda-collection.com\/blog\/wp-content\/uploads\/2022\/10\/ori-meuble-salle-de-bain-en-teck-mya-90-cm-4376_5900-1.jpg 555w, https:\/\/www.wanda-collection.com\/blog\/wp-content\/uploads\/2022\/10\/ori-meuble-salle-de-bain-en-teck-mya-90-cm-4376_5900-1-300x300.jpg 300w, https:\/\/www.wanda-collection.com\/blog\/wp-content\/uploads\/2022\/10\/ori-meuble-salle-de-bain-en-teck-mya-90-cm-4376_5900-1-150x150.jpg 150w\" sizes=\"(max-width: 555px) 100vw, 555px\" \/>\t\t\t\t\t\t\t\t\t\t\t\t<\/a>\n\t\t\t\t\t\t\t\t\t\t\t\t\t\t\t\t\t\t\t\t\t\t\t\t<\/div>\n\t\t\t\t\t\t\t\t<\/div>\n\t\t\t\t<\/div>\n\t\t\t\t\t<\/div>\n\t\t<\/div>\n\t\t\t\t\t<\/div>\n\t\t<\/section>\n\t\t\t\t<div class=\"elementor-element elementor-element-8403adf elementor-widget elementor-widget-spacer\" data-id=\"8403adf\" data-element_type=\"widget\" data-widget_type=\"spacer.default\">\n\t\t\t\t<div class=\"elementor-widget-container\">\n\t\t\t\t\t\t\t<div class=\"elementor-spacer\">\n\t\t\t<div class=\"elementor-spacer-inner\"><\/div>\n\t\t<\/div>\n\t\t\t\t\t\t<\/div>\n\t\t\t\t<\/div>\n\t\t\t\t\t<\/div>\n\t\t<\/div>\n\t\t\t\t\t<\/div>\n\t\t<\/section>\n\t\t\t\t<section class=\"elementor-section elementor-top-section elementor-element elementor-element-193bda1 elementor-section-boxed elementor-section-height-default elementor-section-height-default\" data-id=\"193bda1\" data-element_type=\"section\">\n\t\t\t\t\t\t<div class=\"elementor-container elementor-column-gap-default\">\n\t\t\t\t\t<div class=\"elementor-column elementor-col-100 elementor-top-column elementor-element elementor-element-49a8238\" data-id=\"49a8238\" data-element_type=\"column\">\n\t\t\t<div class=\"elementor-widget-wrap elementor-element-populated\">\n\t\t\t\t\t\t<div class=\"elementor-element elementor-element-0d4a2ab elementor-widget elementor-widget-heading\" data-id=\"0d4a2ab\" data-element_type=\"widget\" data-widget_type=\"heading.default\">\n\t\t\t\t<div class=\"elementor-widget-container\">\n\t\t\t\t\t<h2 class=\"elementor-heading-title elementor-size-default\">Th\u00e9a, pour une salle de bain en teck de caract\u00e8re<\/h2>\t\t\t\t<\/div>\n\t\t\t\t<\/div>\n\t\t\t\t<div class=\"elementor-element elementor-element-35a868e elementor-widget elementor-widget-text-editor\" data-id=\"35a868e\" data-element_type=\"widget\" data-widget_type=\"text-editor.default\">\n\t\t\t\t<div class=\"elementor-widget-container\">\n\t\t\t\t\t\t\t\t\t<p>Le mobilier en bois Th\u00e9a m\u00eale des influences vintages et contemporaines, pour un rendu unique en son genre. C\u2019est le meuble vasque id\u00e9al pour donner du caract\u00e8re \u00e0 votre salle de bain en teck\u00a0!<\/p>\t\t\t\t\t\t\t\t<\/div>\n\t\t\t\t<\/div>\n\t\t\t\t<section class=\"elementor-section elementor-inner-section elementor-element elementor-element-ab50e78 elementor-section-boxed elementor-section-height-default elementor-section-height-default\" data-id=\"ab50e78\" data-element_type=\"section\">\n\t\t\t\t\t\t<div class=\"elementor-container elementor-column-gap-default\">\n\t\t\t\t\t<div class=\"elementor-column elementor-col-50 elementor-inner-column elementor-element elementor-element-be07ea9\" data-id=\"be07ea9\" data-element_type=\"column\">\n\t\t\t<div class=\"elementor-widget-wrap elementor-element-populated\">\n\t\t\t\t\t\t<div class=\"vamtam-has-theme-widget-styles elementor-element elementor-element-574aff1 elementor-widget elementor-widget-image\" data-id=\"574aff1\" data-element_type=\"widget\" data-widget_type=\"image.default\">\n\t\t\t\t<div class=\"elementor-widget-container\">\n\t\t\t\t\t\t\t\t\t<div class=\"elementor-image\">\n\t\t\t\t\t\t\t\t\t\t\t\t\t\t\t\t\t\t\t\t\t\t<a href=\"https:\/\/www.wanda-collection.com\/art-meuble-double-vasque-en-teck-massif-thea-165-cm-4384.htm\">\n\t\t\t\t\t\t\t\t\t\t\t<img loading=\"lazy\" decoding=\"async\" width=\"555\" height=\"555\" src=\"https:\/\/www.wanda-collection.com\/blog\/wp-content\/uploads\/2022\/10\/ori-meuble-double-vasque-en-teck-massif-thea-165-cm-4384_5943.jpg\" class=\"attachment-large size-large wp-image-989069\" alt=\"\" srcset=\"https:\/\/www.wanda-collection.com\/blog\/wp-content\/uploads\/2022\/10\/ori-meuble-double-vasque-en-teck-massif-thea-165-cm-4384_5943.jpg 555w, https:\/\/www.wanda-collection.com\/blog\/wp-content\/uploads\/2022\/10\/ori-meuble-double-vasque-en-teck-massif-thea-165-cm-4384_5943-300x300.jpg 300w, https:\/\/www.wanda-collection.com\/blog\/wp-content\/uploads\/2022\/10\/ori-meuble-double-vasque-en-teck-massif-thea-165-cm-4384_5943-150x150.jpg 150w\" sizes=\"(max-width: 555px) 100vw, 555px\" \/>\t\t\t\t\t\t\t\t\t\t\t\t<\/a>\n\t\t\t\t\t\t\t\t\t\t\t\t\t\t\t\t\t\t\t\t\t\t\t\t<\/div>\n\t\t\t\t\t\t\t\t<\/div>\n\t\t\t\t<\/div>\n\t\t\t\t\t<\/div>\n\t\t<\/div>\n\t\t\t\t<div class=\"elementor-column elementor-col-50 elementor-inner-column elementor-element elementor-element-c693157\" data-id=\"c693157\" data-element_type=\"column\">\n\t\t\t<div class=\"elementor-widget-wrap elementor-element-populated\">\n\t\t\t\t\t\t<div class=\"vamtam-has-theme-widget-styles elementor-element elementor-element-468a88b elementor-widget elementor-widget-image\" data-id=\"468a88b\" data-element_type=\"widget\" data-widget_type=\"image.default\">\n\t\t\t\t<div class=\"elementor-widget-container\">\n\t\t\t\t\t\t\t\t\t<div class=\"elementor-image\">\n\t\t\t\t\t\t\t\t\t\t\t\t\t\t\t\t\t\t\t\t\t\t<a href=\"https:\/\/www.wanda-collection.com\/art-meuble-salle-de-bain-en-teck-massif-thea-100-cm-4382.htm\">\n\t\t\t\t\t\t\t\t\t\t\t<img loading=\"lazy\" decoding=\"async\" width=\"555\" height=\"555\" src=\"https:\/\/www.wanda-collection.com\/blog\/wp-content\/uploads\/2022\/10\/ar-meuble-salle-de-bain-en-teck-massif-thea-100-cm-4382.jpg\" class=\"attachment-large size-large wp-image-989068\" alt=\"\" srcset=\"https:\/\/www.wanda-collection.com\/blog\/wp-content\/uploads\/2022\/10\/ar-meuble-salle-de-bain-en-teck-massif-thea-100-cm-4382.jpg 555w, https:\/\/www.wanda-collection.com\/blog\/wp-content\/uploads\/2022\/10\/ar-meuble-salle-de-bain-en-teck-massif-thea-100-cm-4382-300x300.jpg 300w, https:\/\/www.wanda-collection.com\/blog\/wp-content\/uploads\/2022\/10\/ar-meuble-salle-de-bain-en-teck-massif-thea-100-cm-4382-150x150.jpg 150w\" sizes=\"(max-width: 555px) 100vw, 555px\" \/>\t\t\t\t\t\t\t\t\t\t\t\t<\/a>\n\t\t\t\t\t\t\t\t\t\t\t\t\t\t\t\t\t\t\t\t\t\t\t\t<\/div>\n\t\t\t\t\t\t\t\t<\/div>\n\t\t\t\t<\/div>\n\t\t\t\t\t<\/div>\n\t\t<\/div>\n\t\t\t\t\t<\/div>\n\t\t<\/section>\n\t\t\t\t<div class=\"elementor-element elementor-element-66b562b elementor-widget elementor-widget-spacer\" data-id=\"66b562b\" data-element_type=\"widget\" data-widget_type=\"spacer.default\">\n\t\t\t\t<div class=\"elementor-widget-container\">\n\t\t\t\t\t\t\t<div class=\"elementor-spacer\">\n\t\t\t<div class=\"elementor-spacer-inner\"><\/div>\n\t\t<\/div>\n\t\t\t\t\t\t<\/div>\n\t\t\t\t<\/div>\n\t\t\t\t\t<\/div>\n\t\t<\/div>\n\t\t\t\t\t<\/div>\n\t\t<\/section>\n\t\t\t\t<section class=\"elementor-section elementor-top-section elementor-element elementor-element-bb57abb elementor-section-boxed elementor-section-height-default elementor-section-height-default\" data-id=\"bb57abb\" data-element_type=\"section\">\n\t\t\t\t\t\t<div class=\"elementor-container elementor-column-gap-default\">\n\t\t\t\t\t<div class=\"elementor-column elementor-col-100 elementor-top-column elementor-element elementor-element-1f3fd04\" data-id=\"1f3fd04\" data-element_type=\"column\">\n\t\t\t<div class=\"elementor-widget-wrap elementor-element-populated\">\n\t\t\t\t\t\t<div class=\"elementor-element elementor-element-a29ad20 elementor-widget elementor-widget-heading\" data-id=\"a29ad20\" data-element_type=\"widget\" data-widget_type=\"heading.default\">\n\t\t\t\t<div class=\"elementor-widget-container\">\n\t\t\t\t\t<h2 class=\"elementor-heading-title elementor-size-default\">Le meuble simple vasque et le meuble double vasque Scandinave<\/h2>\t\t\t\t<\/div>\n\t\t\t\t<\/div>\n\t\t\t\t<div class=\"elementor-element elementor-element-8c7a6c6 elementor-widget elementor-widget-text-editor\" data-id=\"8c7a6c6\" data-element_type=\"widget\" data-widget_type=\"text-editor.default\">\n\t\t\t\t<div class=\"elementor-widget-container\">\n\t\t\t\t\t\t\t\t\t<p>La gamme Scandinave tire parti des avantages du teck pour proposer des meubles au go\u00fbt du jour. Associ\u00e9e \u00e0 des vasques \u00e0 poser, elle instaurera une ambiance zen dans votre salle d\u2019eau.<\/p>\t\t\t\t\t\t\t\t<\/div>\n\t\t\t\t<\/div>\n\t\t\t\t<section class=\"elementor-section elementor-inner-section elementor-element elementor-element-31b43a4 elementor-section-boxed elementor-section-height-default elementor-section-height-default\" data-id=\"31b43a4\" data-element_type=\"section\">\n\t\t\t\t\t\t<div class=\"elementor-container elementor-column-gap-default\">\n\t\t\t\t\t<div class=\"elementor-column elementor-col-50 elementor-inner-column elementor-element elementor-element-05dc0d7\" data-id=\"05dc0d7\" data-element_type=\"column\">\n\t\t\t<div class=\"elementor-widget-wrap elementor-element-populated\">\n\t\t\t\t\t\t<div class=\"vamtam-has-theme-widget-styles elementor-element elementor-element-3aaa8ec elementor-widget elementor-widget-image\" data-id=\"3aaa8ec\" data-element_type=\"widget\" data-widget_type=\"image.default\">\n\t\t\t\t<div class=\"elementor-widget-container\">\n\t\t\t\t\t\t\t\t\t<div class=\"elementor-image\">\n\t\t\t\t\t\t\t\t\t\t\t\t\t\t\t\t\t\t\t\t\t\t<a href=\"https:\/\/www.wanda-collection.com\/art-meuble-en-teck-de-salle-de-bain-scandinave-140-cm-2985.htm\">\n\t\t\t\t\t\t\t\t\t\t\t<img loading=\"lazy\" decoding=\"async\" width=\"555\" height=\"555\" src=\"https:\/\/www.wanda-collection.com\/blog\/wp-content\/uploads\/2022\/10\/ori-meuble-en-teck-de-salle-de-bain-scandinave-140-2985_11386.jpg\" class=\"attachment-large size-large wp-image-989099\" alt=\"\" srcset=\"https:\/\/www.wanda-collection.com\/blog\/wp-content\/uploads\/2022\/10\/ori-meuble-en-teck-de-salle-de-bain-scandinave-140-2985_11386.jpg 555w, https:\/\/www.wanda-collection.com\/blog\/wp-content\/uploads\/2022\/10\/ori-meuble-en-teck-de-salle-de-bain-scandinave-140-2985_11386-300x300.jpg 300w, https:\/\/www.wanda-collection.com\/blog\/wp-content\/uploads\/2022\/10\/ori-meuble-en-teck-de-salle-de-bain-scandinave-140-2985_11386-150x150.jpg 150w\" sizes=\"(max-width: 555px) 100vw, 555px\" \/>\t\t\t\t\t\t\t\t\t\t\t\t<\/a>\n\t\t\t\t\t\t\t\t\t\t\t\t\t\t\t\t\t\t\t\t\t\t\t\t<\/div>\n\t\t\t\t\t\t\t\t<\/div>\n\t\t\t\t<\/div>\n\t\t\t\t\t<\/div>\n\t\t<\/div>\n\t\t\t\t<div class=\"elementor-column elementor-col-50 elementor-inner-column elementor-element elementor-element-6f2303f\" data-id=\"6f2303f\" data-element_type=\"column\">\n\t\t\t<div class=\"elementor-widget-wrap elementor-element-populated\">\n\t\t\t\t\t\t<div class=\"vamtam-has-theme-widget-styles elementor-element elementor-element-817b017 elementor-widget elementor-widget-image\" data-id=\"817b017\" data-element_type=\"widget\" data-widget_type=\"image.default\">\n\t\t\t\t<div class=\"elementor-widget-container\">\n\t\t\t\t\t\t\t\t\t<div class=\"elementor-image\">\n\t\t\t\t\t\t\t\t\t\t\t\t\t\t\t\t\t\t\t\t\t\t<a href=\"https:\/\/www.wanda-collection.com\/art-meuble-salle-de-bain-en-teck-scandinave-70-cm-2997.htm\">\n\t\t\t\t\t\t\t\t\t\t\t<img loading=\"lazy\" decoding=\"async\" width=\"555\" height=\"555\" src=\"https:\/\/www.wanda-collection.com\/blog\/wp-content\/uploads\/2022\/10\/ori-mueble-de-teca-para-cuarto-de-bano-escandinavia-140-2985_3115.jpg\" class=\"attachment-large size-large wp-image-989162\" alt=\"\" srcset=\"https:\/\/www.wanda-collection.com\/blog\/wp-content\/uploads\/2022\/10\/ori-mueble-de-teca-para-cuarto-de-bano-escandinavia-140-2985_3115.jpg 555w, https:\/\/www.wanda-collection.com\/blog\/wp-content\/uploads\/2022\/10\/ori-mueble-de-teca-para-cuarto-de-bano-escandinavia-140-2985_3115-300x300.jpg 300w, https:\/\/www.wanda-collection.com\/blog\/wp-content\/uploads\/2022\/10\/ori-mueble-de-teca-para-cuarto-de-bano-escandinavia-140-2985_3115-150x150.jpg 150w\" sizes=\"(max-width: 555px) 100vw, 555px\" \/>\t\t\t\t\t\t\t\t\t\t\t\t<\/a>\n\t\t\t\t\t\t\t\t\t\t\t\t\t\t\t\t\t\t\t\t\t\t\t\t<\/div>\n\t\t\t\t\t\t\t\t<\/div>\n\t\t\t\t<\/div>\n\t\t\t\t\t<\/div>\n\t\t<\/div>\n\t\t\t\t\t<\/div>\n\t\t<\/section>\n\t\t\t\t\t<\/div>\n\t\t<\/div>\n\t\t\t\t\t<\/div>\n\t\t<\/section>\n\t\t\t\t<section class=\"elementor-section elementor-top-section elementor-element elementor-element-2b1cef6 elementor-section-boxed elementor-section-height-default elementor-section-height-default\" data-id=\"2b1cef6\" data-element_type=\"section\">\n\t\t\t\t\t\t<div class=\"elementor-container elementor-column-gap-default\">\n\t\t\t\t\t<div class=\"elementor-column elementor-col-100 elementor-top-column elementor-element elementor-element-b690c59\" data-id=\"b690c59\" data-element_type=\"column\">\n\t\t\t<div class=\"elementor-widget-wrap elementor-element-populated\">\n\t\t\t\t\t\t<div class=\"elementor-element elementor-element-5e1460e elementor-widget elementor-widget-spacer\" data-id=\"5e1460e\" data-element_type=\"widget\" data-widget_type=\"spacer.default\">\n\t\t\t\t<div class=\"elementor-widget-container\">\n\t\t\t\t\t\t\t<div class=\"elementor-spacer\">\n\t\t\t<div class=\"elementor-spacer-inner\"><\/div>\n\t\t<\/div>\n\t\t\t\t\t\t<\/div>\n\t\t\t\t<\/div>\n\t\t\t\t<div class=\"elementor-element elementor-element-567a1d0 elementor-widget elementor-widget-heading\" data-id=\"567a1d0\" data-element_type=\"widget\" data-widget_type=\"heading.default\">\n\t\t\t\t<div class=\"elementor-widget-container\">\n\t\t\t\t\t<h2 class=\"elementor-heading-title elementor-size-default\">Florence, de la pierre naturelle dans votre salle de bain en teck<\/h2>\t\t\t\t<\/div>\n\t\t\t\t<\/div>\n\t\t\t\t<div class=\"elementor-element elementor-element-164e405 elementor-widget elementor-widget-text-editor\" data-id=\"164e405\" data-element_type=\"widget\" data-widget_type=\"text-editor.default\">\n\t\t\t\t<div class=\"elementor-widget-container\">\n\t\t\t\t\t\t\t\t\t<p class=\"MsoNormal\">La vasque sur pied Florence repose sur un pied conique en marbre noir ou cr\u00e8me. Elle peut \u00eatre associ\u00e9e au meuble sous vasque de la collection, qui \u00e9pouse ses formes, offrant un espace de rangement fonctionnel.<\/p>\t\t\t\t\t\t\t\t<\/div>\n\t\t\t\t<\/div>\n\t\t\t\t<section class=\"elementor-section elementor-inner-section elementor-element elementor-element-38d8113 elementor-section-boxed elementor-section-height-default elementor-section-height-default\" data-id=\"38d8113\" data-element_type=\"section\">\n\t\t\t\t\t\t<div class=\"elementor-container elementor-column-gap-default\">\n\t\t\t\t\t<div class=\"elementor-column elementor-col-50 elementor-inner-column elementor-element elementor-element-f0718f5\" data-id=\"f0718f5\" data-element_type=\"column\">\n\t\t\t<div class=\"elementor-widget-wrap elementor-element-populated\">\n\t\t\t\t\t\t<div class=\"vamtam-has-theme-widget-styles elementor-element elementor-element-98faa87 elementor-widget elementor-widget-image\" data-id=\"98faa87\" data-element_type=\"widget\" data-widget_type=\"image.default\">\n\t\t\t\t<div class=\"elementor-widget-container\">\n\t\t\t\t\t\t\t\t\t<div class=\"elementor-image\">\n\t\t\t\t\t\t\t\t\t\t\t\t\t\t\t\t\t\t\t\t\t\t<a href=\"https:\/\/www.wanda-collection.com\/art-meuble-de-salle-de-bain-en-teck-florence-120cm-vasque-creme-2939.htm\">\n\t\t\t\t\t\t\t\t\t\t\t<img loading=\"lazy\" decoding=\"async\" width=\"555\" height=\"555\" src=\"https:\/\/www.wanda-collection.com\/blog\/wp-content\/uploads\/2022\/10\/ar-meuble-de-salle-de-bain-en-teck-florence-120cm-vasque-creme-2939.jpg\" class=\"attachment-large size-large wp-image-989113\" alt=\"\" srcset=\"https:\/\/www.wanda-collection.com\/blog\/wp-content\/uploads\/2022\/10\/ar-meuble-de-salle-de-bain-en-teck-florence-120cm-vasque-creme-2939.jpg 555w, https:\/\/www.wanda-collection.com\/blog\/wp-content\/uploads\/2022\/10\/ar-meuble-de-salle-de-bain-en-teck-florence-120cm-vasque-creme-2939-300x300.jpg 300w, https:\/\/www.wanda-collection.com\/blog\/wp-content\/uploads\/2022\/10\/ar-meuble-de-salle-de-bain-en-teck-florence-120cm-vasque-creme-2939-150x150.jpg 150w\" sizes=\"(max-width: 555px) 100vw, 555px\" \/>\t\t\t\t\t\t\t\t\t\t\t\t<\/a>\n\t\t\t\t\t\t\t\t\t\t\t\t\t\t\t\t\t\t\t\t\t\t\t\t<\/div>\n\t\t\t\t\t\t\t\t<\/div>\n\t\t\t\t<\/div>\n\t\t\t\t\t<\/div>\n\t\t<\/div>\n\t\t\t\t<div class=\"elementor-column elementor-col-50 elementor-inner-column elementor-element elementor-element-8df8b74\" data-id=\"8df8b74\" data-element_type=\"column\">\n\t\t\t<div class=\"elementor-widget-wrap elementor-element-populated\">\n\t\t\t\t\t\t<div class=\"vamtam-has-theme-widget-styles elementor-element elementor-element-28e81ee elementor-widget elementor-widget-image\" data-id=\"28e81ee\" data-element_type=\"widget\" data-widget_type=\"image.default\">\n\t\t\t\t<div class=\"elementor-widget-container\">\n\t\t\t\t\t\t\t\t\t<div class=\"elementor-image\">\n\t\t\t\t\t\t\t\t\t\t\t\t\t\t\t\t\t\t\t\t\t\t<a href=\"https:\/\/www.wanda-collection.com\/art-meuble-sous-vasque-en-teck-florence-120cm-vasque-noir-2941.htm\">\n\t\t\t\t\t\t\t\t\t\t\t<img loading=\"lazy\" decoding=\"async\" width=\"555\" height=\"555\" src=\"https:\/\/www.wanda-collection.com\/blog\/wp-content\/uploads\/2022\/10\/ori-meuble-sous-vasque-en-teck-florence-120cm-vasque-noir-2941_2691.jpg\" class=\"attachment-large size-large wp-image-989114\" alt=\"\" srcset=\"https:\/\/www.wanda-collection.com\/blog\/wp-content\/uploads\/2022\/10\/ori-meuble-sous-vasque-en-teck-florence-120cm-vasque-noir-2941_2691.jpg 555w, https:\/\/www.wanda-collection.com\/blog\/wp-content\/uploads\/2022\/10\/ori-meuble-sous-vasque-en-teck-florence-120cm-vasque-noir-2941_2691-300x300.jpg 300w, https:\/\/www.wanda-collection.com\/blog\/wp-content\/uploads\/2022\/10\/ori-meuble-sous-vasque-en-teck-florence-120cm-vasque-noir-2941_2691-150x150.jpg 150w\" sizes=\"(max-width: 555px) 100vw, 555px\" \/>\t\t\t\t\t\t\t\t\t\t\t\t<\/a>\n\t\t\t\t\t\t\t\t\t\t\t\t\t\t\t\t\t\t\t\t\t\t\t\t<\/div>\n\t\t\t\t\t\t\t\t<\/div>\n\t\t\t\t<\/div>\n\t\t\t\t\t<\/div>\n\t\t<\/div>\n\t\t\t\t\t<\/div>\n\t\t<\/section>\n\t\t\t\t<section class=\"elementor-section elementor-inner-section elementor-element elementor-element-b78da7e elementor-section-boxed elementor-section-height-default elementor-section-height-default\" data-id=\"b78da7e\" data-element_type=\"section\">\n\t\t\t\t\t\t<div class=\"elementor-container elementor-column-gap-default\">\n\t\t\t\t\t<div class=\"elementor-column elementor-col-50 elementor-inner-column elementor-element elementor-element-d83a714\" data-id=\"d83a714\" data-element_type=\"column\">\n\t\t\t<div class=\"elementor-widget-wrap elementor-element-populated\">\n\t\t\t\t\t\t<div class=\"vamtam-has-theme-widget-styles elementor-element elementor-element-31a155d elementor-widget elementor-widget-image\" data-id=\"31a155d\" data-element_type=\"widget\" data-widget_type=\"image.default\">\n\t\t\t\t<div class=\"elementor-widget-container\">\n\t\t\t\t\t\t\t\t\t<div class=\"elementor-image\">\n\t\t\t\t\t\t\t\t\t\t\t\t\t\t\t\t\t\t\t\t\t\t<a href=\"https:\/\/www.wanda-collection.com\/art-meuble-de-salle-de-bain-en-teck-florence-double-180cm-vasques-gris-2946.htm\">\n\t\t\t\t\t\t\t\t\t\t\t<img loading=\"lazy\" decoding=\"async\" width=\"555\" height=\"555\" src=\"https:\/\/www.wanda-collection.com\/blog\/wp-content\/uploads\/2022\/10\/ori-meuble-de-salle-de-bain-en-teck-florence-double-180cm-vasques-gris-2946_4049.jpg\" class=\"attachment-large size-large wp-image-989112\" alt=\"\" srcset=\"https:\/\/www.wanda-collection.com\/blog\/wp-content\/uploads\/2022\/10\/ori-meuble-de-salle-de-bain-en-teck-florence-double-180cm-vasques-gris-2946_4049.jpg 555w, https:\/\/www.wanda-collection.com\/blog\/wp-content\/uploads\/2022\/10\/ori-meuble-de-salle-de-bain-en-teck-florence-double-180cm-vasques-gris-2946_4049-300x300.jpg 300w, https:\/\/www.wanda-collection.com\/blog\/wp-content\/uploads\/2022\/10\/ori-meuble-de-salle-de-bain-en-teck-florence-double-180cm-vasques-gris-2946_4049-150x150.jpg 150w\" sizes=\"(max-width: 555px) 100vw, 555px\" \/>\t\t\t\t\t\t\t\t\t\t\t\t<\/a>\n\t\t\t\t\t\t\t\t\t\t\t\t\t\t\t\t\t\t\t\t\t\t\t\t<\/div>\n\t\t\t\t\t\t\t\t<\/div>\n\t\t\t\t<\/div>\n\t\t\t\t\t<\/div>\n\t\t<\/div>\n\t\t\t\t<div class=\"elementor-column elementor-col-50 elementor-inner-column elementor-element elementor-element-e429f8e\" data-id=\"e429f8e\" data-element_type=\"column\">\n\t\t\t<div class=\"elementor-widget-wrap elementor-element-populated\">\n\t\t\t\t\t\t<div class=\"vamtam-has-theme-widget-styles elementor-element elementor-element-64bcc1a elementor-widget elementor-widget-image\" data-id=\"64bcc1a\" data-element_type=\"widget\" data-widget_type=\"image.default\">\n\t\t\t\t<div class=\"elementor-widget-container\">\n\t\t\t\t\t\t\t\t\t<div class=\"elementor-image\">\n\t\t\t\t\t\t\t\t\t\t\t\t\t\t\t\t\t\t\t\t\t\t<a href=\"https:\/\/www.wanda-collection.com\/art-meuble-de-salle-de-bain-en-teck-florence-double-180cm-vasques-creme-2942.htm\">\n\t\t\t\t\t\t\t\t\t\t\t<img loading=\"lazy\" decoding=\"async\" width=\"555\" height=\"555\" src=\"https:\/\/www.wanda-collection.com\/blog\/wp-content\/uploads\/2022\/10\/ori-meuble-de-salle-de-bain-en-teck-florence-120cm-vasque-creme-2939_2686.jpg\" class=\"attachment-large size-large wp-image-989111\" alt=\"\" srcset=\"https:\/\/www.wanda-collection.com\/blog\/wp-content\/uploads\/2022\/10\/ori-meuble-de-salle-de-bain-en-teck-florence-120cm-vasque-creme-2939_2686.jpg 555w, https:\/\/www.wanda-collection.com\/blog\/wp-content\/uploads\/2022\/10\/ori-meuble-de-salle-de-bain-en-teck-florence-120cm-vasque-creme-2939_2686-300x300.jpg 300w, https:\/\/www.wanda-collection.com\/blog\/wp-content\/uploads\/2022\/10\/ori-meuble-de-salle-de-bain-en-teck-florence-120cm-vasque-creme-2939_2686-150x150.jpg 150w\" sizes=\"(max-width: 555px) 100vw, 555px\" \/>\t\t\t\t\t\t\t\t\t\t\t\t<\/a>\n\t\t\t\t\t\t\t\t\t\t\t\t\t\t\t\t\t\t\t\t\t\t\t\t<\/div>\n\t\t\t\t\t\t\t\t<\/div>\n\t\t\t\t<\/div>\n\t\t\t\t\t<\/div>\n\t\t<\/div>\n\t\t\t\t\t<\/div>\n\t\t<\/section>\n\t\t\t\t<div class=\"elementor-element elementor-element-e2f34f4 elementor-widget elementor-widget-spacer\" data-id=\"e2f34f4\" data-element_type=\"widget\" data-widget_type=\"spacer.default\">\n\t\t\t\t<div class=\"elementor-widget-container\">\n\t\t\t\t\t\t\t<div class=\"elementor-spacer\">\n\t\t\t<div class=\"elementor-spacer-inner\"><\/div>\n\t\t<\/div>\n\t\t\t\t\t\t<\/div>\n\t\t\t\t<\/div>\n\t\t\t\t\t<\/div>\n\t\t<\/div>\n\t\t\t\t\t<\/div>\n\t\t<\/section>\n\t\t\t\t<section class=\"elementor-section elementor-top-section elementor-element elementor-element-35857d2 elementor-section-boxed elementor-section-height-default elementor-section-height-default\" data-id=\"35857d2\" data-element_type=\"section\">\n\t\t\t\t\t\t<div class=\"elementor-container elementor-column-gap-default\">\n\t\t\t\t\t<div class=\"elementor-column elementor-col-100 elementor-top-column elementor-element elementor-element-cffd0c1\" data-id=\"cffd0c1\" data-element_type=\"column\">\n\t\t\t<div class=\"elementor-widget-wrap elementor-element-populated\">\n\t\t\t\t\t\t<div class=\"elementor-element elementor-element-2e5b61a elementor-widget elementor-widget-heading\" data-id=\"2e5b61a\" data-element_type=\"widget\" data-widget_type=\"heading.default\">\n\t\t\t\t<div class=\"elementor-widget-container\">\n\t\t\t\t\t<h2 class=\"elementor-heading-title elementor-size-default\">Apportez un esprit industriel \u00e0 votre espace avec Factory<\/h2>\t\t\t\t<\/div>\n\t\t\t\t<\/div>\n\t\t\t\t<div class=\"elementor-element elementor-element-10f43de elementor-widget elementor-widget-text-editor\" data-id=\"10f43de\" data-element_type=\"widget\" data-widget_type=\"text-editor.default\">\n\t\t\t\t<div class=\"elementor-widget-container\">\n\t\t\t\t\t\t\t\t\t<p>Alliant le bois et le m\u00e9tal, la collection Factory est id\u00e9ale pour am\u00e9nager une salle de bain de style industriel. Elle comprend deux meubles vasques, deux miroirs et un meuble colonne.<\/p>\t\t\t\t\t\t\t\t<\/div>\n\t\t\t\t<\/div>\n\t\t\t\t<section class=\"elementor-section elementor-inner-section elementor-element elementor-element-1f69b41 elementor-section-boxed elementor-section-height-default elementor-section-height-default\" data-id=\"1f69b41\" data-element_type=\"section\">\n\t\t\t\t\t\t<div class=\"elementor-container elementor-column-gap-default\">\n\t\t\t\t\t<div class=\"elementor-column elementor-col-50 elementor-inner-column elementor-element elementor-element-2425c59\" data-id=\"2425c59\" data-element_type=\"column\">\n\t\t\t<div class=\"elementor-widget-wrap elementor-element-populated\">\n\t\t\t\t\t\t<div class=\"vamtam-has-theme-widget-styles elementor-element elementor-element-034ce27 elementor-widget elementor-widget-image\" data-id=\"034ce27\" data-element_type=\"widget\" data-widget_type=\"image.default\">\n\t\t\t\t<div class=\"elementor-widget-container\">\n\t\t\t\t\t\t\t\t\t<div class=\"elementor-image\">\n\t\t\t\t\t\t\t\t\t\t\t\t\t\t\t\t\t\t\t\t\t\t<a href=\"https:\/\/www.wanda-collection.com\/art-meuble-double-de-salle-de-bain-factory-teck-metal-140-cm-1359.htm\">\n\t\t\t\t\t\t\t\t\t\t\t<img loading=\"lazy\" decoding=\"async\" width=\"555\" height=\"555\" src=\"https:\/\/www.wanda-collection.com\/blog\/wp-content\/uploads\/2022\/10\/ori-meuble-double-de-salle-de-bain-factory-teck-metal-140-cm-1359_2423.jpg\" class=\"attachment-large size-large wp-image-989119\" alt=\"\" srcset=\"https:\/\/www.wanda-collection.com\/blog\/wp-content\/uploads\/2022\/10\/ori-meuble-double-de-salle-de-bain-factory-teck-metal-140-cm-1359_2423.jpg 555w, https:\/\/www.wanda-collection.com\/blog\/wp-content\/uploads\/2022\/10\/ori-meuble-double-de-salle-de-bain-factory-teck-metal-140-cm-1359_2423-300x300.jpg 300w, https:\/\/www.wanda-collection.com\/blog\/wp-content\/uploads\/2022\/10\/ori-meuble-double-de-salle-de-bain-factory-teck-metal-140-cm-1359_2423-150x150.jpg 150w\" sizes=\"(max-width: 555px) 100vw, 555px\" \/>\t\t\t\t\t\t\t\t\t\t\t\t<\/a>\n\t\t\t\t\t\t\t\t\t\t\t\t\t\t\t\t\t\t\t\t\t\t\t\t<\/div>\n\t\t\t\t\t\t\t\t<\/div>\n\t\t\t\t<\/div>\n\t\t\t\t\t<\/div>\n\t\t<\/div>\n\t\t\t\t<div class=\"elementor-column elementor-col-50 elementor-inner-column elementor-element elementor-element-5f69b66\" data-id=\"5f69b66\" data-element_type=\"column\">\n\t\t\t<div class=\"elementor-widget-wrap elementor-element-populated\">\n\t\t\t\t\t\t<div class=\"vamtam-has-theme-widget-styles elementor-element elementor-element-89bea40 elementor-widget elementor-widget-image\" data-id=\"89bea40\" data-element_type=\"widget\" data-widget_type=\"image.default\">\n\t\t\t\t<div class=\"elementor-widget-container\">\n\t\t\t\t\t\t\t\t\t<div class=\"elementor-image\">\n\t\t\t\t\t\t\t\t\t\t\t\t\t\t\t\t\t\t\t\t\t\t<a href=\"https:\/\/www.wanda-collection.com\/art-meuble-de-salle-de-bain-factory-teck-metal-70-cm-1358.htm\">\n\t\t\t\t\t\t\t\t\t\t\t<img loading=\"lazy\" decoding=\"async\" width=\"555\" height=\"555\" src=\"https:\/\/www.wanda-collection.com\/blog\/wp-content\/uploads\/2022\/10\/ori-meuble-de-salle-de-bain-factory-teck-metal-70-cm-1358_2419.jpg\" class=\"attachment-large size-large wp-image-989120\" alt=\"\" srcset=\"https:\/\/www.wanda-collection.com\/blog\/wp-content\/uploads\/2022\/10\/ori-meuble-de-salle-de-bain-factory-teck-metal-70-cm-1358_2419.jpg 555w, https:\/\/www.wanda-collection.com\/blog\/wp-content\/uploads\/2022\/10\/ori-meuble-de-salle-de-bain-factory-teck-metal-70-cm-1358_2419-300x300.jpg 300w, https:\/\/www.wanda-collection.com\/blog\/wp-content\/uploads\/2022\/10\/ori-meuble-de-salle-de-bain-factory-teck-metal-70-cm-1358_2419-150x150.jpg 150w\" sizes=\"(max-width: 555px) 100vw, 555px\" \/>\t\t\t\t\t\t\t\t\t\t\t\t<\/a>\n\t\t\t\t\t\t\t\t\t\t\t\t\t\t\t\t\t\t\t\t\t\t\t\t<\/div>\n\t\t\t\t\t\t\t\t<\/div>\n\t\t\t\t<\/div>\n\t\t\t\t\t<\/div>\n\t\t<\/div>\n\t\t\t\t\t<\/div>\n\t\t<\/section>\n\t\t\t\t<div class=\"elementor-element elementor-element-c8b90fe elementor-widget elementor-widget-spacer\" data-id=\"c8b90fe\" data-element_type=\"widget\" data-widget_type=\"spacer.default\">\n\t\t\t\t<div class=\"elementor-widget-container\">\n\t\t\t\t\t\t\t<div class=\"elementor-spacer\">\n\t\t\t<div class=\"elementor-spacer-inner\"><\/div>\n\t\t<\/div>\n\t\t\t\t\t\t<\/div>\n\t\t\t\t<\/div>\n\t\t\t\t\t<\/div>\n\t\t<\/div>\n\t\t\t\t\t<\/div>\n\t\t<\/section>\n\t\t\t\t<section class=\"elementor-section elementor-top-section elementor-element elementor-element-a3568e3 elementor-section-boxed elementor-section-height-default elementor-section-height-default\" data-id=\"a3568e3\" data-element_type=\"section\">\n\t\t\t\t\t\t<div class=\"elementor-container elementor-column-gap-default\">\n\t\t\t\t\t<div class=\"elementor-column elementor-col-100 elementor-top-column elementor-element elementor-element-68666e8\" data-id=\"68666e8\" data-element_type=\"column\">\n\t\t\t<div class=\"elementor-widget-wrap elementor-element-populated\">\n\t\t\t\t\t\t<div class=\"elementor-element elementor-element-628e3d5 elementor-widget elementor-widget-heading\" data-id=\"628e3d5\" data-element_type=\"widget\" data-widget_type=\"heading.default\">\n\t\t\t\t<div class=\"elementor-widget-container\">\n\t\t\t\t\t<h2 class=\"elementor-heading-title elementor-size-default\">Loft, des pi\u00e8ces fortes pour votre d\u00e9coration int\u00e9rieure<\/h2>\t\t\t\t<\/div>\n\t\t\t\t<\/div>\n\t\t\t\t<div class=\"elementor-element elementor-element-4fc5008 elementor-widget elementor-widget-text-editor\" data-id=\"4fc5008\" data-element_type=\"widget\" data-widget_type=\"text-editor.default\">\n\t\t\t\t<div class=\"elementor-widget-container\">\n\t\t\t\t\t\t\t\t\t<p>La gamme de meubles de salle de bain en teck Loft s\u2019inspire des ateliers industriels pour apporter un style unique \u00e0 votre int\u00e9rieur. Elle est disponible en plusieurs teintes\u00a0: bois naturel, blanc vieilli ou mindi gris\u00e9.<\/p>\t\t\t\t\t\t\t\t<\/div>\n\t\t\t\t<\/div>\n\t\t\t\t<section class=\"elementor-section elementor-inner-section elementor-element elementor-element-7d21d45 elementor-section-boxed elementor-section-height-default elementor-section-height-default\" data-id=\"7d21d45\" data-element_type=\"section\">\n\t\t\t\t\t\t<div class=\"elementor-container elementor-column-gap-default\">\n\t\t\t\t\t<div class=\"elementor-column elementor-col-50 elementor-inner-column elementor-element elementor-element-5379ce7\" data-id=\"5379ce7\" data-element_type=\"column\">\n\t\t\t<div class=\"elementor-widget-wrap elementor-element-populated\">\n\t\t\t\t\t\t<div class=\"vamtam-has-theme-widget-styles elementor-element elementor-element-5e7ba81 elementor-widget elementor-widget-image\" data-id=\"5e7ba81\" data-element_type=\"widget\" data-widget_type=\"image.default\">\n\t\t\t\t<div class=\"elementor-widget-container\">\n\t\t\t\t\t\t\t\t\t<div class=\"elementor-image\">\n\t\t\t\t\t\t\t\t\t\t\t\t\t\t\t\t\t\t\t\t\t\t<a href=\"https:\/\/www.wanda-collection.com\/art-meuble-de-salle-de-bain-loft-en-mindi-et-metal-60-cm-gris-1351.htm\">\n\t\t\t\t\t\t\t\t\t\t\t<img loading=\"lazy\" decoding=\"async\" width=\"555\" height=\"555\" src=\"https:\/\/www.wanda-collection.com\/blog\/wp-content\/uploads\/2022\/10\/ori-colonne-de-salle-de-bain-loft-en-bois-et-metal-190-cm-gris-1355_3593.jpg\" class=\"attachment-large size-large wp-image-989127\" alt=\"\" srcset=\"https:\/\/www.wanda-collection.com\/blog\/wp-content\/uploads\/2022\/10\/ori-colonne-de-salle-de-bain-loft-en-bois-et-metal-190-cm-gris-1355_3593.jpg 555w, https:\/\/www.wanda-collection.com\/blog\/wp-content\/uploads\/2022\/10\/ori-colonne-de-salle-de-bain-loft-en-bois-et-metal-190-cm-gris-1355_3593-300x300.jpg 300w, https:\/\/www.wanda-collection.com\/blog\/wp-content\/uploads\/2022\/10\/ori-colonne-de-salle-de-bain-loft-en-bois-et-metal-190-cm-gris-1355_3593-150x150.jpg 150w\" sizes=\"(max-width: 555px) 100vw, 555px\" \/>\t\t\t\t\t\t\t\t\t\t\t\t<\/a>\n\t\t\t\t\t\t\t\t\t\t\t\t\t\t\t\t\t\t\t\t\t\t\t\t<\/div>\n\t\t\t\t\t\t\t\t<\/div>\n\t\t\t\t<\/div>\n\t\t\t\t<div class=\"vamtam-has-theme-widget-styles elementor-element elementor-element-ecce356 elementor-widget elementor-widget-image\" data-id=\"ecce356\" data-element_type=\"widget\" data-widget_type=\"image.default\">\n\t\t\t\t<div class=\"elementor-widget-container\">\n\t\t\t\t\t\t\t\t\t<div class=\"elementor-image\">\n\t\t\t\t\t\t\t\t\t\t\t\t\t\t\t\t\t\t\t\t\t\t<a href=\"https:\/\/www.wanda-collection.com\/art-meuble-de-salle-de-bain-en-mindi-naturel-et-metal-60-loft-2035.htm\">\n\t\t\t\t\t\t\t\t\t\t\t<img loading=\"lazy\" decoding=\"async\" width=\"555\" height=\"555\" src=\"https:\/\/www.wanda-collection.com\/blog\/wp-content\/uploads\/2022\/10\/ori-meuble-de-salle-de-bain-en-mindi-naturel-et-metal-60-loft-2035_2603.jpg\" class=\"attachment-large size-large wp-image-989126\" alt=\"\" srcset=\"https:\/\/www.wanda-collection.com\/blog\/wp-content\/uploads\/2022\/10\/ori-meuble-de-salle-de-bain-en-mindi-naturel-et-metal-60-loft-2035_2603.jpg 555w, https:\/\/www.wanda-collection.com\/blog\/wp-content\/uploads\/2022\/10\/ori-meuble-de-salle-de-bain-en-mindi-naturel-et-metal-60-loft-2035_2603-300x300.jpg 300w, https:\/\/www.wanda-collection.com\/blog\/wp-content\/uploads\/2022\/10\/ori-meuble-de-salle-de-bain-en-mindi-naturel-et-metal-60-loft-2035_2603-150x150.jpg 150w\" sizes=\"(max-width: 555px) 100vw, 555px\" \/>\t\t\t\t\t\t\t\t\t\t\t\t<\/a>\n\t\t\t\t\t\t\t\t\t\t\t\t\t\t\t\t\t\t\t\t\t\t\t\t<\/div>\n\t\t\t\t\t\t\t\t<\/div>\n\t\t\t\t<\/div>\n\t\t\t\t\t<\/div>\n\t\t<\/div>\n\t\t\t\t<div class=\"elementor-column elementor-col-50 elementor-inner-column elementor-element elementor-element-44192bb\" data-id=\"44192bb\" data-element_type=\"column\">\n\t\t\t<div class=\"elementor-widget-wrap elementor-element-populated\">\n\t\t\t\t\t\t<div class=\"vamtam-has-theme-widget-styles elementor-element elementor-element-9efd21d elementor-widget elementor-widget-image\" data-id=\"9efd21d\" data-element_type=\"widget\" data-widget_type=\"image.default\">\n\t\t\t\t<div class=\"elementor-widget-container\">\n\t\t\t\t\t\t\t\t\t<div class=\"elementor-image\">\n\t\t\t\t\t\t\t\t\t\t\t\t\t\t\t\t\t\t\t\t\t\t<a href=\"https:\/\/www.wanda-collection.com\/art-meuble-double-vasque-en-mindi-et-acier-160-loft-naturel-2036.htm\">\n\t\t\t\t\t\t\t\t\t\t\t<img loading=\"lazy\" decoding=\"async\" width=\"555\" height=\"555\" src=\"https:\/\/www.wanda-collection.com\/blog\/wp-content\/uploads\/2022\/10\/ori-meuble-double-vasque-en-mindi-et-acier-160-loft-naturel-2036_2602-1.jpg\" class=\"attachment-large size-large wp-image-989124\" alt=\"\" srcset=\"https:\/\/www.wanda-collection.com\/blog\/wp-content\/uploads\/2022\/10\/ori-meuble-double-vasque-en-mindi-et-acier-160-loft-naturel-2036_2602-1.jpg 555w, https:\/\/www.wanda-collection.com\/blog\/wp-content\/uploads\/2022\/10\/ori-meuble-double-vasque-en-mindi-et-acier-160-loft-naturel-2036_2602-1-300x300.jpg 300w, https:\/\/www.wanda-collection.com\/blog\/wp-content\/uploads\/2022\/10\/ori-meuble-double-vasque-en-mindi-et-acier-160-loft-naturel-2036_2602-1-150x150.jpg 150w\" sizes=\"(max-width: 555px) 100vw, 555px\" \/>\t\t\t\t\t\t\t\t\t\t\t\t<\/a>\n\t\t\t\t\t\t\t\t\t\t\t\t\t\t\t\t\t\t\t\t\t\t\t\t<\/div>\n\t\t\t\t\t\t\t\t<\/div>\n\t\t\t\t<\/div>\n\t\t\t\t<div class=\"vamtam-has-theme-widget-styles elementor-element elementor-element-9b11667 elementor-widget elementor-widget-image\" data-id=\"9b11667\" data-element_type=\"widget\" data-widget_type=\"image.default\">\n\t\t\t\t<div class=\"elementor-widget-container\">\n\t\t\t\t\t\t\t\t\t<div class=\"elementor-image\">\n\t\t\t\t\t\t\t\t\t\t\t\t\t\t\t\t\t\t\t\t\t\t<a href=\"https:\/\/www.wanda-collection.com\/art-meuble-double-sous-vasque-loft-mindi-et-metal-160-blanc-2044.htm\">\n\t\t\t\t\t\t\t\t\t\t\t<img loading=\"lazy\" decoding=\"async\" width=\"555\" height=\"555\" src=\"https:\/\/www.wanda-collection.com\/blog\/wp-content\/uploads\/2022\/10\/ori-meuble-double-sous-vasque-loft-mindi-et-metal-160-blanc-2044_3985.jpg\" class=\"attachment-large size-large wp-image-989122\" alt=\"\" srcset=\"https:\/\/www.wanda-collection.com\/blog\/wp-content\/uploads\/2022\/10\/ori-meuble-double-sous-vasque-loft-mindi-et-metal-160-blanc-2044_3985.jpg 555w, https:\/\/www.wanda-collection.com\/blog\/wp-content\/uploads\/2022\/10\/ori-meuble-double-sous-vasque-loft-mindi-et-metal-160-blanc-2044_3985-300x300.jpg 300w, https:\/\/www.wanda-collection.com\/blog\/wp-content\/uploads\/2022\/10\/ori-meuble-double-sous-vasque-loft-mindi-et-metal-160-blanc-2044_3985-150x150.jpg 150w\" sizes=\"(max-width: 555px) 100vw, 555px\" \/>\t\t\t\t\t\t\t\t\t\t\t\t<\/a>\n\t\t\t\t\t\t\t\t\t\t\t\t\t\t\t\t\t\t\t\t\t\t\t\t<\/div>\n\t\t\t\t\t\t\t\t<\/div>\n\t\t\t\t<\/div>\n\t\t\t\t\t<\/div>\n\t\t<\/div>\n\t\t\t\t\t<\/div>\n\t\t<\/section>\n\t\t\t\t<section class=\"elementor-section elementor-inner-section elementor-element elementor-element-11ffbf7 elementor-section-boxed elementor-section-height-default elementor-section-height-default\" data-id=\"11ffbf7\" data-element_type=\"section\">\n\t\t\t\t\t\t<div class=\"elementor-container elementor-column-gap-default\">\n\t\t\t\t\t<div class=\"elementor-column elementor-col-50 elementor-inner-column elementor-element elementor-element-194d0a6\" data-id=\"194d0a6\" data-element_type=\"column\">\n\t\t\t<div class=\"elementor-widget-wrap\">\n\t\t\t\t\t\t\t<\/div>\n\t\t<\/div>\n\t\t\t\t<div class=\"elementor-column elementor-col-50 elementor-inner-column elementor-element elementor-element-2292d37\" data-id=\"2292d37\" data-element_type=\"column\">\n\t\t\t<div class=\"elementor-widget-wrap\">\n\t\t\t\t\t\t\t<\/div>\n\t\t<\/div>\n\t\t\t\t\t<\/div>\n\t\t<\/section>\n\t\t\t\t<div class=\"elementor-element elementor-element-57fe3ef elementor-widget elementor-widget-spacer\" data-id=\"57fe3ef\" data-element_type=\"widget\" data-widget_type=\"spacer.default\">\n\t\t\t\t<div class=\"elementor-widget-container\">\n\t\t\t\t\t\t\t<div class=\"elementor-spacer\">\n\t\t\t<div class=\"elementor-spacer-inner\"><\/div>\n\t\t<\/div>\n\t\t\t\t\t\t<\/div>\n\t\t\t\t<\/div>\n\t\t\t\t\t<\/div>\n\t\t<\/div>\n\t\t\t\t\t<\/div>\n\t\t<\/section>\n\t\t\t\t<section class=\"elementor-section elementor-top-section elementor-element elementor-element-ca5d18e elementor-section-boxed elementor-section-height-default elementor-section-height-default\" data-id=\"ca5d18e\" data-element_type=\"section\">\n\t\t\t\t\t\t<div class=\"elementor-container elementor-column-gap-default\">\n\t\t\t\t\t<div class=\"elementor-column elementor-col-100 elementor-top-column elementor-element elementor-element-04a40ab\" data-id=\"04a40ab\" data-element_type=\"column\">\n\t\t\t<div class=\"elementor-widget-wrap elementor-element-populated\">\n\t\t\t\t\t\t<div class=\"elementor-element elementor-element-c251161 elementor-widget elementor-widget-heading\" data-id=\"c251161\" data-element_type=\"widget\" data-widget_type=\"heading.default\">\n\t\t\t\t<div class=\"elementor-widget-container\">\n\t\t\t\t\t<h2 class=\"elementor-heading-title elementor-size-default\">Place \u00e0 la relaxation avec la collection Zen<\/h2>\t\t\t\t<\/div>\n\t\t\t\t<\/div>\n\t\t\t\t<div class=\"elementor-element elementor-element-eaea485 elementor-widget elementor-widget-text-editor\" data-id=\"eaea485\" data-element_type=\"widget\" data-widget_type=\"text-editor.default\">\n\t\t\t\t<div class=\"elementor-widget-container\">\n\t\t\t\t\t\t\t\t\t<p>Les inspirations asiatiques sont tr\u00e8s appr\u00e9ci\u00e9es dans la salle de bain, car elles permettent d\u2019agencer un espace propice \u00e0 la relaxation\u2026 Faites-le choix d\u2019un mobilier Zen, \u00e0 associer \u00e0 une vasque \u00e0 poser.<\/p>\t\t\t\t\t\t\t\t<\/div>\n\t\t\t\t<\/div>\n\t\t\t\t<section class=\"elementor-section elementor-inner-section elementor-element elementor-element-c530a6f elementor-section-boxed elementor-section-height-default elementor-section-height-default\" data-id=\"c530a6f\" data-element_type=\"section\">\n\t\t\t\t\t\t<div class=\"elementor-container elementor-column-gap-default\">\n\t\t\t\t\t<div class=\"elementor-column elementor-col-50 elementor-inner-column elementor-element elementor-element-8787791\" data-id=\"8787791\" data-element_type=\"column\">\n\t\t\t<div class=\"elementor-widget-wrap elementor-element-populated\">\n\t\t\t\t\t\t<div class=\"vamtam-has-theme-widget-styles elementor-element elementor-element-b3d6020 elementor-widget elementor-widget-image\" data-id=\"b3d6020\" data-element_type=\"widget\" data-widget_type=\"image.default\">\n\t\t\t\t<div class=\"elementor-widget-container\">\n\t\t\t\t\t\t\t\t\t<div class=\"elementor-image\">\n\t\t\t\t\t\t\t\t\t\t\t\t\t\t\t\t\t\t\t\t\t\t<a href=\"https:\/\/www.wanda-collection.com\/art-meuble-de-salle-de-bain-en-teck-zen-double-vasque-145cm-439.htm\">\n\t\t\t\t\t\t\t\t\t\t\t<img loading=\"lazy\" decoding=\"async\" width=\"1024\" height=\"1024\" src=\"https:\/\/www.wanda-collection.com\/blog\/wp-content\/uploads\/2022\/10\/ori-meuble-de-salle-de-bain-en-teck-zen-double-vasque-145cm-439_3836-2-1024x1024.jpg\" class=\"attachment-large size-large wp-image-989918\" alt=\"\" srcset=\"https:\/\/www.wanda-collection.com\/blog\/wp-content\/uploads\/2022\/10\/ori-meuble-de-salle-de-bain-en-teck-zen-double-vasque-145cm-439_3836-2-1024x1024.jpg 1024w, https:\/\/www.wanda-collection.com\/blog\/wp-content\/uploads\/2022\/10\/ori-meuble-de-salle-de-bain-en-teck-zen-double-vasque-145cm-439_3836-2-300x300.jpg 300w, https:\/\/www.wanda-collection.com\/blog\/wp-content\/uploads\/2022\/10\/ori-meuble-de-salle-de-bain-en-teck-zen-double-vasque-145cm-439_3836-2-150x150.jpg 150w, https:\/\/www.wanda-collection.com\/blog\/wp-content\/uploads\/2022\/10\/ori-meuble-de-salle-de-bain-en-teck-zen-double-vasque-145cm-439_3836-2-768x768.jpg 768w, https:\/\/www.wanda-collection.com\/blog\/wp-content\/uploads\/2022\/10\/ori-meuble-de-salle-de-bain-en-teck-zen-double-vasque-145cm-439_3836-2.jpg 1200w\" sizes=\"(max-width: 1024px) 100vw, 1024px\" \/>\t\t\t\t\t\t\t\t\t\t\t\t<\/a>\n\t\t\t\t\t\t\t\t\t\t\t\t\t\t\t\t\t\t\t\t\t\t\t\t<\/div>\n\t\t\t\t\t\t\t\t<\/div>\n\t\t\t\t<\/div>\n\t\t\t\t\t<\/div>\n\t\t<\/div>\n\t\t\t\t<div class=\"elementor-column elementor-col-50 elementor-inner-column elementor-element elementor-element-fcaaff7\" data-id=\"fcaaff7\" data-element_type=\"column\">\n\t\t\t<div class=\"elementor-widget-wrap elementor-element-populated\">\n\t\t\t\t\t\t<div class=\"vamtam-has-theme-widget-styles elementor-element elementor-element-c1f9457 elementor-widget elementor-widget-image\" data-id=\"c1f9457\" data-element_type=\"widget\" data-widget_type=\"image.default\">\n\t\t\t\t<div class=\"elementor-widget-container\">\n\t\t\t\t\t\t\t\t\t<div class=\"elementor-image\">\n\t\t\t\t\t\t\t\t\t\t\t\t\t\t\t\t\t\t\t\t\t\t<a href=\"https:\/\/www.wanda-collection.com\/art-petit-meuble-salle-de-bain-wc-zen-en-teck-40cm-654.htm\">\n\t\t\t\t\t\t\t\t\t\t\t<img loading=\"lazy\" decoding=\"async\" width=\"555\" height=\"555\" src=\"https:\/\/www.wanda-collection.com\/blog\/wp-content\/uploads\/2022\/10\/ori-petit-meuble-salle-de-bain-wc-zen-en-teck-40cm-654_3752.jpg\" class=\"attachment-large size-large wp-image-989140\" alt=\"\" srcset=\"https:\/\/www.wanda-collection.com\/blog\/wp-content\/uploads\/2022\/10\/ori-petit-meuble-salle-de-bain-wc-zen-en-teck-40cm-654_3752.jpg 555w, https:\/\/www.wanda-collection.com\/blog\/wp-content\/uploads\/2022\/10\/ori-petit-meuble-salle-de-bain-wc-zen-en-teck-40cm-654_3752-300x300.jpg 300w, https:\/\/www.wanda-collection.com\/blog\/wp-content\/uploads\/2022\/10\/ori-petit-meuble-salle-de-bain-wc-zen-en-teck-40cm-654_3752-150x150.jpg 150w\" sizes=\"(max-width: 555px) 100vw, 555px\" \/>\t\t\t\t\t\t\t\t\t\t\t\t<\/a>\n\t\t\t\t\t\t\t\t\t\t\t\t\t\t\t\t\t\t\t\t\t\t\t\t<\/div>\n\t\t\t\t\t\t\t\t<\/div>\n\t\t\t\t<\/div>\n\t\t\t\t\t<\/div>\n\t\t<\/div>\n\t\t\t\t\t<\/div>\n\t\t<\/section>\n\t\t\t\t<div class=\"elementor-element elementor-element-35ec9e3 elementor-widget elementor-widget-spacer\" data-id=\"35ec9e3\" data-element_type=\"widget\" data-widget_type=\"spacer.default\">\n\t\t\t\t<div class=\"elementor-widget-container\">\n\t\t\t\t\t\t\t<div class=\"elementor-spacer\">\n\t\t\t<div class=\"elementor-spacer-inner\"><\/div>\n\t\t<\/div>\n\t\t\t\t\t\t<\/div>\n\t\t\t\t<\/div>\n\t\t\t\t\t<\/div>\n\t\t<\/div>\n\t\t\t\t\t<\/div>\n\t\t<\/section>\n\t\t\t\t<section class=\"elementor-section elementor-top-section elementor-element elementor-element-9c7e660 elementor-section-boxed elementor-section-height-default elementor-section-height-default\" data-id=\"9c7e660\" data-element_type=\"section\">\n\t\t\t\t\t\t<div class=\"elementor-container elementor-column-gap-default\">\n\t\t\t\t\t<div class=\"elementor-column elementor-col-100 elementor-top-column elementor-element elementor-element-f3531a5\" data-id=\"f3531a5\" data-element_type=\"column\">\n\t\t\t<div class=\"elementor-widget-wrap elementor-element-populated\">\n\t\t\t\t\t\t<div class=\"elementor-element elementor-element-ab41f58 elementor-widget elementor-widget-heading\" data-id=\"ab41f58\" data-element_type=\"widget\" data-widget_type=\"heading.default\">\n\t\t\t\t<div class=\"elementor-widget-container\">\n\t\t\t\t\t<h2 class=\"elementor-heading-title elementor-size-default\">Cosy, des meubles tout en douceur<\/h2>\t\t\t\t<\/div>\n\t\t\t\t<\/div>\n\t\t\t\t<div class=\"elementor-element elementor-element-eff4d96 elementor-widget elementor-widget-text-editor\" data-id=\"eff4d96\" data-element_type=\"widget\" data-widget_type=\"text-editor.default\">\n\t\t\t\t<div class=\"elementor-widget-container\">\n\t\t\t\t\t\t\t\t\t<p>La collection Cosy propose une large gamme de meubles vasques au design simple et moderne. Tournez-vous vers un mod\u00e8le avec vasque int\u00e9gr\u00e9e, ou bien optez pour la vasque \u00e0 poser en marbre de la collection.<\/p>\t\t\t\t\t\t\t\t<\/div>\n\t\t\t\t<\/div>\n\t\t\t\t<section class=\"elementor-section elementor-inner-section elementor-element elementor-element-d2e6955 elementor-section-boxed elementor-section-height-default elementor-section-height-default\" data-id=\"d2e6955\" data-element_type=\"section\">\n\t\t\t\t\t\t<div class=\"elementor-container elementor-column-gap-default\">\n\t\t\t\t\t<div class=\"elementor-column elementor-col-50 elementor-inner-column elementor-element elementor-element-828fffb\" data-id=\"828fffb\" data-element_type=\"column\">\n\t\t\t<div class=\"elementor-widget-wrap elementor-element-populated\">\n\t\t\t\t\t\t<div class=\"vamtam-has-theme-widget-styles elementor-element elementor-element-4690844 elementor-widget elementor-widget-image\" data-id=\"4690844\" data-element_type=\"widget\" data-widget_type=\"image.default\">\n\t\t\t\t<div class=\"elementor-widget-container\">\n\t\t\t\t\t\t\t\t\t<div class=\"elementor-image\">\n\t\t\t\t\t\t\t\t\t\t\t\t\t\t\t\t\t\t\t\t\t\t<a href=\"https:\/\/www.wanda-collection.com\/art-meuble-sous-vasque-en-teck-massif-cosy-160cm-2-vasques-gris-2948.htm\">\n\t\t\t\t\t\t\t\t\t\t\t<img loading=\"lazy\" decoding=\"async\" width=\"555\" height=\"555\" src=\"https:\/\/www.wanda-collection.com\/blog\/wp-content\/uploads\/2022\/10\/ori-meuble-en-teck-massif-cosy-67cm-vasque-gris-2952_3735.jpg\" class=\"attachment-large size-large wp-image-989157\" alt=\"\" srcset=\"https:\/\/www.wanda-collection.com\/blog\/wp-content\/uploads\/2022\/10\/ori-meuble-en-teck-massif-cosy-67cm-vasque-gris-2952_3735.jpg 555w, https:\/\/www.wanda-collection.com\/blog\/wp-content\/uploads\/2022\/10\/ori-meuble-en-teck-massif-cosy-67cm-vasque-gris-2952_3735-300x300.jpg 300w, https:\/\/www.wanda-collection.com\/blog\/wp-content\/uploads\/2022\/10\/ori-meuble-en-teck-massif-cosy-67cm-vasque-gris-2952_3735-150x150.jpg 150w\" sizes=\"(max-width: 555px) 100vw, 555px\" \/>\t\t\t\t\t\t\t\t\t\t\t\t<\/a>\n\t\t\t\t\t\t\t\t\t\t\t\t\t\t\t\t\t\t\t\t\t\t\t\t<\/div>\n\t\t\t\t\t\t\t\t<\/div>\n\t\t\t\t<\/div>\n\t\t\t\t\t<\/div>\n\t\t<\/div>\n\t\t\t\t<div class=\"elementor-column elementor-col-50 elementor-inner-column elementor-element elementor-element-fdbbdf5\" data-id=\"fdbbdf5\" data-element_type=\"column\">\n\t\t\t<div class=\"elementor-widget-wrap elementor-element-populated\">\n\t\t\t\t\t\t<div class=\"vamtam-has-theme-widget-styles elementor-element elementor-element-2c4d7bb elementor-widget elementor-widget-image\" data-id=\"2c4d7bb\" data-element_type=\"widget\" data-widget_type=\"image.default\">\n\t\t\t\t<div class=\"elementor-widget-container\">\n\t\t\t\t\t\t\t\t\t<div class=\"elementor-image\">\n\t\t\t\t\t\t\t\t\t\t\t\t\t\t\t\t\t\t\t\t\t\t<a href=\"https:\/\/www.wanda-collection.com\/art-meuble-sous-vasque-de-salle-de-bain-en-teck-cosy-160cm-590.htm\">\n\t\t\t\t\t\t\t\t\t\t\t<img loading=\"lazy\" decoding=\"async\" width=\"555\" height=\"555\" src=\"https:\/\/www.wanda-collection.com\/blog\/wp-content\/uploads\/2022\/10\/ori-meuble-sous-vasque-de-salle-de-bain-en-teck-cosy-160cm-590_3764.jpg\" class=\"attachment-large size-large wp-image-989158\" alt=\"\" srcset=\"https:\/\/www.wanda-collection.com\/blog\/wp-content\/uploads\/2022\/10\/ori-meuble-sous-vasque-de-salle-de-bain-en-teck-cosy-160cm-590_3764.jpg 555w, https:\/\/www.wanda-collection.com\/blog\/wp-content\/uploads\/2022\/10\/ori-meuble-sous-vasque-de-salle-de-bain-en-teck-cosy-160cm-590_3764-300x300.jpg 300w, https:\/\/www.wanda-collection.com\/blog\/wp-content\/uploads\/2022\/10\/ori-meuble-sous-vasque-de-salle-de-bain-en-teck-cosy-160cm-590_3764-150x150.jpg 150w\" sizes=\"(max-width: 555px) 100vw, 555px\" \/>\t\t\t\t\t\t\t\t\t\t\t\t<\/a>\n\t\t\t\t\t\t\t\t\t\t\t\t\t\t\t\t\t\t\t\t\t\t\t\t<\/div>\n\t\t\t\t\t\t\t\t<\/div>\n\t\t\t\t<\/div>\n\t\t\t\t\t<\/div>\n\t\t<\/div>\n\t\t\t\t\t<\/div>\n\t\t<\/section>\n\t\t\t\t<section class=\"elementor-section elementor-inner-section elementor-element elementor-element-387bb56 elementor-section-boxed elementor-section-height-default elementor-section-height-default\" data-id=\"387bb56\" data-element_type=\"section\">\n\t\t\t\t\t\t<div class=\"elementor-container elementor-column-gap-default\">\n\t\t\t\t\t<div class=\"elementor-column elementor-col-50 elementor-inner-column elementor-element elementor-element-ba46cb0\" data-id=\"ba46cb0\" data-element_type=\"column\">\n\t\t\t<div class=\"elementor-widget-wrap elementor-element-populated\">\n\t\t\t\t\t\t<div class=\"vamtam-has-theme-widget-styles elementor-element elementor-element-ee01c20 elementor-widget elementor-widget-image\" data-id=\"ee01c20\" data-element_type=\"widget\" data-widget_type=\"image.default\">\n\t\t\t\t<div class=\"elementor-widget-container\">\n\t\t\t\t\t\t\t\t\t<div class=\"elementor-image\">\n\t\t\t\t\t\t\t\t\t\t\t\t\t\t\t\t\t\t\t\t\t\t<a href=\"https:\/\/www.wanda-collection.com\/art-meuble-en-teck-massif-cosy-67cm-vasque-gris-2952.htm\">\n\t\t\t\t\t\t\t\t\t\t\t<img loading=\"lazy\" decoding=\"async\" width=\"555\" height=\"555\" src=\"https:\/\/www.wanda-collection.com\/blog\/wp-content\/uploads\/2022\/10\/ori-colonne-salle-de-bain-en-teck-massif-harmonie-190cm-592_1608.jpg\" class=\"attachment-large size-large wp-image-989163\" alt=\"\" srcset=\"https:\/\/www.wanda-collection.com\/blog\/wp-content\/uploads\/2022\/10\/ori-colonne-salle-de-bain-en-teck-massif-harmonie-190cm-592_1608.jpg 555w, https:\/\/www.wanda-collection.com\/blog\/wp-content\/uploads\/2022\/10\/ori-colonne-salle-de-bain-en-teck-massif-harmonie-190cm-592_1608-300x300.jpg 300w, https:\/\/www.wanda-collection.com\/blog\/wp-content\/uploads\/2022\/10\/ori-colonne-salle-de-bain-en-teck-massif-harmonie-190cm-592_1608-150x150.jpg 150w\" sizes=\"(max-width: 555px) 100vw, 555px\" \/>\t\t\t\t\t\t\t\t\t\t\t\t<\/a>\n\t\t\t\t\t\t\t\t\t\t\t\t\t\t\t\t\t\t\t\t\t\t\t\t<\/div>\n\t\t\t\t\t\t\t\t<\/div>\n\t\t\t\t<\/div>\n\t\t\t\t\t<\/div>\n\t\t<\/div>\n\t\t\t\t<div class=\"elementor-column elementor-col-50 elementor-inner-column elementor-element elementor-element-fc16f89\" data-id=\"fc16f89\" data-element_type=\"column\">\n\t\t\t<div class=\"elementor-widget-wrap elementor-element-populated\">\n\t\t\t\t\t\t<div class=\"vamtam-has-theme-widget-styles elementor-element elementor-element-8caaf11 elementor-widget elementor-widget-image\" data-id=\"8caaf11\" data-element_type=\"widget\" data-widget_type=\"image.default\">\n\t\t\t\t<div class=\"elementor-widget-container\">\n\t\t\t\t\t\t\t\t\t<div class=\"elementor-image\">\n\t\t\t\t\t\t\t\t\t\t\t\t\t\t\t\t\t\t\t\t\t\t<a href=\"https:\/\/www.wanda-collection.com\/art-meuble-en-teck-massif-cosy-67cm-vasque-creme-2950.htm\">\n\t\t\t\t\t\t\t\t\t\t\t<img loading=\"lazy\" decoding=\"async\" width=\"555\" height=\"555\" src=\"https:\/\/www.wanda-collection.com\/blog\/wp-content\/uploads\/2022\/10\/ori-meuble-en-teck-massif-cosy-67cm-vasque-creme-2950_2722.jpg\" class=\"attachment-large size-large wp-image-989156\" alt=\"\" srcset=\"https:\/\/www.wanda-collection.com\/blog\/wp-content\/uploads\/2022\/10\/ori-meuble-en-teck-massif-cosy-67cm-vasque-creme-2950_2722.jpg 555w, https:\/\/www.wanda-collection.com\/blog\/wp-content\/uploads\/2022\/10\/ori-meuble-en-teck-massif-cosy-67cm-vasque-creme-2950_2722-300x300.jpg 300w, https:\/\/www.wanda-collection.com\/blog\/wp-content\/uploads\/2022\/10\/ori-meuble-en-teck-massif-cosy-67cm-vasque-creme-2950_2722-150x150.jpg 150w\" sizes=\"(max-width: 555px) 100vw, 555px\" \/>\t\t\t\t\t\t\t\t\t\t\t\t<\/a>\n\t\t\t\t\t\t\t\t\t\t\t\t\t\t\t\t\t\t\t\t\t\t\t\t<\/div>\n\t\t\t\t\t\t\t\t<\/div>\n\t\t\t\t<\/div>\n\t\t\t\t\t<\/div>\n\t\t<\/div>\n\t\t\t\t\t<\/div>\n\t\t<\/section>\n\t\t\t\t\t<\/div>\n\t\t<\/div>\n\t\t\t\t\t<\/div>\n\t\t<\/section>\n\t\t\t\t<section class=\"elementor-section elementor-top-section elementor-element elementor-element-2f4fe9c elementor-section-boxed elementor-section-height-default elementor-section-height-default\" data-id=\"2f4fe9c\" data-element_type=\"section\">\n\t\t\t\t\t\t<div class=\"elementor-container elementor-column-gap-default\">\n\t\t\t\t\t<div class=\"elementor-column elementor-col-100 elementor-top-column elementor-element elementor-element-69dfc6f\" data-id=\"69dfc6f\" data-element_type=\"column\">\n\t\t\t<div class=\"elementor-widget-wrap elementor-element-populated\">\n\t\t\t\t\t\t<div class=\"elementor-element elementor-element-287c10d elementor-widget elementor-widget-spacer\" data-id=\"287c10d\" data-element_type=\"widget\" data-widget_type=\"spacer.default\">\n\t\t\t\t<div class=\"elementor-widget-container\">\n\t\t\t\t\t\t\t<div class=\"elementor-spacer\">\n\t\t\t<div class=\"elementor-spacer-inner\"><\/div>\n\t\t<\/div>\n\t\t\t\t\t\t<\/div>\n\t\t\t\t<\/div>\n\t\t\t\t<div class=\"elementor-element elementor-element-c3557d0 elementor-widget elementor-widget-heading\" data-id=\"c3557d0\" data-element_type=\"widget\" data-widget_type=\"heading.default\">\n\t\t\t\t<div class=\"elementor-widget-container\">\n\t\t\t\t\t<h2 class=\"elementor-heading-title elementor-size-default\">Le meuble double vasque Meg\u00e8ve : le teck en vedette<\/h2>\t\t\t\t<\/div>\n\t\t\t\t<\/div>\n\t\t\t\t<div class=\"elementor-element elementor-element-335a633 elementor-widget elementor-widget-text-editor\" data-id=\"335a633\" data-element_type=\"widget\" data-widget_type=\"text-editor.default\">\n\t\t\t\t<div class=\"elementor-widget-container\">\n\t\t\t\t\t\t\t\t\t<p class=\"MsoNormal\">Faites le choix de l\u2019efficacit\u00e9 avec le meuble vasque Meg\u00e8ve, qui allie des lignes \u00e9pur\u00e9es \u00e0 la chaleur du teck. Id\u00e9al pour mettre en valeur une baignoire \u00eelot ou une douche \u00e0 l\u2019italienne contemporaine.<\/p>\t\t\t\t\t\t\t\t<\/div>\n\t\t\t\t<\/div>\n\t\t\t\t<section class=\"elementor-section elementor-inner-section elementor-element elementor-element-3456b2c elementor-section-boxed elementor-section-height-default elementor-section-height-default\" data-id=\"3456b2c\" data-element_type=\"section\">\n\t\t\t\t\t\t<div class=\"elementor-container elementor-column-gap-default\">\n\t\t\t\t\t<div class=\"elementor-column elementor-col-50 elementor-inner-column elementor-element elementor-element-70402cf\" data-id=\"70402cf\" data-element_type=\"column\">\n\t\t\t<div class=\"elementor-widget-wrap elementor-element-populated\">\n\t\t\t\t\t\t<div class=\"vamtam-has-theme-widget-styles elementor-element elementor-element-043dba5 elementor-widget elementor-widget-image\" data-id=\"043dba5\" data-element_type=\"widget\" data-widget_type=\"image.default\">\n\t\t\t\t<div class=\"elementor-widget-container\">\n\t\t\t\t\t\t\t\t\t<div class=\"elementor-image\">\n\t\t\t\t\t\t\t\t\t\t\t\t\t\t\t\t\t\t\t\t\t\t<a href=\"https:\/\/www.wanda-collection.com\/art-meuble-salle-de-bain-en-teck-megeve-140-cm-2994.htm\">\n\t\t\t\t\t\t\t\t\t\t\t<img loading=\"lazy\" decoding=\"async\" width=\"555\" height=\"555\" src=\"https:\/\/www.wanda-collection.com\/blog\/wp-content\/uploads\/2022\/10\/ori-meuble-salle-de-bain-en-teck-megeve-140-2994_3621.jpg\" class=\"attachment-large size-large wp-image-989164\" alt=\"\" srcset=\"https:\/\/www.wanda-collection.com\/blog\/wp-content\/uploads\/2022\/10\/ori-meuble-salle-de-bain-en-teck-megeve-140-2994_3621.jpg 555w, https:\/\/www.wanda-collection.com\/blog\/wp-content\/uploads\/2022\/10\/ori-meuble-salle-de-bain-en-teck-megeve-140-2994_3621-300x300.jpg 300w, https:\/\/www.wanda-collection.com\/blog\/wp-content\/uploads\/2022\/10\/ori-meuble-salle-de-bain-en-teck-megeve-140-2994_3621-150x150.jpg 150w\" sizes=\"(max-width: 555px) 100vw, 555px\" \/>\t\t\t\t\t\t\t\t\t\t\t\t<\/a>\n\t\t\t\t\t\t\t\t\t\t\t\t\t\t\t\t\t\t\t\t\t\t\t\t<\/div>\n\t\t\t\t\t\t\t\t<\/div>\n\t\t\t\t<\/div>\n\t\t\t\t\t<\/div>\n\t\t<\/div>\n\t\t\t\t<div class=\"elementor-column elementor-col-50 elementor-inner-column elementor-element elementor-element-e22d8a1\" data-id=\"e22d8a1\" data-element_type=\"column\">\n\t\t\t<div class=\"elementor-widget-wrap elementor-element-populated\">\n\t\t\t\t\t\t<div class=\"vamtam-has-theme-widget-styles elementor-element elementor-element-d63ed3e elementor-widget elementor-widget-image\" data-id=\"d63ed3e\" data-element_type=\"widget\" data-widget_type=\"image.default\">\n\t\t\t\t<div class=\"elementor-widget-container\">\n\t\t\t\t\t\t\t\t\t<div class=\"elementor-image\">\n\t\t\t\t\t\t\t\t\t\t\t\t\t\t\t\t\t\t\t\t\t\t<a href=\"https:\/\/www.wanda-collection.com\/art-meuble-salle-de-bain-en-teck-megeve-140-cm-2994.htm\">\n\t\t\t\t\t\t\t\t\t\t\t<img loading=\"lazy\" decoding=\"async\" width=\"555\" height=\"555\" src=\"https:\/\/www.wanda-collection.com\/blog\/wp-content\/uploads\/2022\/10\/ori-meuble-salle-de-bain-en-teck-megeve-140-2994_3162.jpg\" class=\"attachment-large size-large wp-image-989165\" alt=\"\" srcset=\"https:\/\/www.wanda-collection.com\/blog\/wp-content\/uploads\/2022\/10\/ori-meuble-salle-de-bain-en-teck-megeve-140-2994_3162.jpg 555w, https:\/\/www.wanda-collection.com\/blog\/wp-content\/uploads\/2022\/10\/ori-meuble-salle-de-bain-en-teck-megeve-140-2994_3162-300x300.jpg 300w, https:\/\/www.wanda-collection.com\/blog\/wp-content\/uploads\/2022\/10\/ori-meuble-salle-de-bain-en-teck-megeve-140-2994_3162-150x150.jpg 150w\" sizes=\"(max-width: 555px) 100vw, 555px\" \/>\t\t\t\t\t\t\t\t\t\t\t\t<\/a>\n\t\t\t\t\t\t\t\t\t\t\t\t\t\t\t\t\t\t\t\t\t\t\t\t<\/div>\n\t\t\t\t\t\t\t\t<\/div>\n\t\t\t\t<\/div>\n\t\t\t\t\t<\/div>\n\t\t<\/div>\n\t\t\t\t\t<\/div>\n\t\t<\/section>\n\t\t\t\t<div class=\"elementor-element elementor-element-ddaa1a5 elementor-widget elementor-widget-spacer\" data-id=\"ddaa1a5\" data-element_type=\"widget\" data-widget_type=\"spacer.default\">\n\t\t\t\t<div class=\"elementor-widget-container\">\n\t\t\t\t\t\t\t<div class=\"elementor-spacer\">\n\t\t\t<div class=\"elementor-spacer-inner\"><\/div>\n\t\t<\/div>\n\t\t\t\t\t\t<\/div>\n\t\t\t\t<\/div>\n\t\t\t\t\t<\/div>\n\t\t<\/div>\n\t\t\t\t\t<\/div>\n\t\t<\/section>\n\t\t\t\t<section class=\"elementor-section elementor-top-section elementor-element elementor-element-30087f3 elementor-section-boxed elementor-section-height-default elementor-section-height-default\" data-id=\"30087f3\" data-element_type=\"section\">\n\t\t\t\t\t\t<div class=\"elementor-container elementor-column-gap-default\">\n\t\t\t\t\t<div class=\"elementor-column elementor-col-100 elementor-top-column elementor-element elementor-element-d22c872\" data-id=\"d22c872\" data-element_type=\"column\">\n\t\t\t<div class=\"elementor-widget-wrap elementor-element-populated\">\n\t\t\t\t\t\t<div class=\"elementor-element elementor-element-e42de80 elementor-widget elementor-widget-heading\" data-id=\"e42de80\" data-element_type=\"widget\" data-widget_type=\"heading.default\">\n\t\t\t\t<div class=\"elementor-widget-container\">\n\t\t\t\t\t<h2 class=\"elementor-heading-title elementor-size-default\">Sortez du cadre avec le meuble en teck Kh\u00e9ops<\/h2>\t\t\t\t<\/div>\n\t\t\t\t<\/div>\n\t\t\t\t<div class=\"elementor-element elementor-element-5abfc2d elementor-widget elementor-widget-text-editor\" data-id=\"5abfc2d\" data-element_type=\"widget\" data-widget_type=\"text-editor.default\">\n\t\t\t\t<div class=\"elementor-widget-container\">\n\t\t\t\t\t\t\t\t\t<p class=\"MsoNormal\">Le design original de ce meuble double vasque apportera une atmosph\u00e8re unique \u00e0 votre espace de bain. Kh\u00e9ops est livr\u00e9 avec deux vasques pyramidales en terrazzo noir ou blanc.<\/p>\t\t\t\t\t\t\t\t<\/div>\n\t\t\t\t<\/div>\n\t\t\t\t<section class=\"elementor-section elementor-inner-section elementor-element elementor-element-9b83b8b elementor-section-boxed elementor-section-height-default elementor-section-height-default\" data-id=\"9b83b8b\" data-element_type=\"section\">\n\t\t\t\t\t\t<div class=\"elementor-container elementor-column-gap-default\">\n\t\t\t\t\t<div class=\"elementor-column elementor-col-50 elementor-inner-column elementor-element elementor-element-3363cee\" data-id=\"3363cee\" data-element_type=\"column\">\n\t\t\t<div class=\"elementor-widget-wrap elementor-element-populated\">\n\t\t\t\t\t\t<div class=\"vamtam-has-theme-widget-styles elementor-element elementor-element-2845381 elementor-widget elementor-widget-image\" data-id=\"2845381\" data-element_type=\"widget\" data-widget_type=\"image.default\">\n\t\t\t\t<div class=\"elementor-widget-container\">\n\t\t\t\t\t\t\t\t\t<div class=\"elementor-image\">\n\t\t\t\t\t\t\t\t\t\t\t\t\t\t\t\t\t\t\t\t\t\t<a href=\"https:\/\/www.wanda-collection.com\/art-meuble-sous-vasque-en-teck-kheops-140-cm-4190.htm\">\n\t\t\t\t\t\t\t\t\t\t\t<img loading=\"lazy\" decoding=\"async\" width=\"555\" height=\"555\" src=\"https:\/\/www.wanda-collection.com\/blog\/wp-content\/uploads\/2022\/10\/ar-meuble-sous-vasque-en-teck-kheops-140-cm-4190.jpg\" class=\"attachment-large size-large wp-image-989106\" alt=\"\" srcset=\"https:\/\/www.wanda-collection.com\/blog\/wp-content\/uploads\/2022\/10\/ar-meuble-sous-vasque-en-teck-kheops-140-cm-4190.jpg 555w, https:\/\/www.wanda-collection.com\/blog\/wp-content\/uploads\/2022\/10\/ar-meuble-sous-vasque-en-teck-kheops-140-cm-4190-300x300.jpg 300w, https:\/\/www.wanda-collection.com\/blog\/wp-content\/uploads\/2022\/10\/ar-meuble-sous-vasque-en-teck-kheops-140-cm-4190-150x150.jpg 150w\" sizes=\"(max-width: 555px) 100vw, 555px\" \/>\t\t\t\t\t\t\t\t\t\t\t\t<\/a>\n\t\t\t\t\t\t\t\t\t\t\t\t\t\t\t\t\t\t\t\t\t\t\t\t<\/div>\n\t\t\t\t\t\t\t\t<\/div>\n\t\t\t\t<\/div>\n\t\t\t\t\t<\/div>\n\t\t<\/div>\n\t\t\t\t<div class=\"elementor-column elementor-col-50 elementor-inner-column elementor-element elementor-element-174f262\" data-id=\"174f262\" data-element_type=\"column\">\n\t\t\t<div class=\"elementor-widget-wrap elementor-element-populated\">\n\t\t\t\t\t\t<div class=\"vamtam-has-theme-widget-styles elementor-element elementor-element-1a8f9bc elementor-widget elementor-widget-image\" data-id=\"1a8f9bc\" data-element_type=\"widget\" data-widget_type=\"image.default\">\n\t\t\t\t<div class=\"elementor-widget-container\">\n\t\t\t\t\t\t\t\t\t<div class=\"elementor-image\">\n\t\t\t\t\t\t\t\t\t\t\t\t\t\t\t\t\t\t\t\t\t\t<a href=\"https:\/\/www.wanda-collection.com\/art-meuble-avec-vasque-en-teck-kheops-140-cm-4448.htm\">\n\t\t\t\t\t\t\t\t\t\t\t<img loading=\"lazy\" decoding=\"async\" width=\"555\" height=\"555\" src=\"https:\/\/www.wanda-collection.com\/blog\/wp-content\/uploads\/2022\/10\/ori-meuble-avec-vasque-en-teck-kheops-140-4448_6299.jpg\" class=\"attachment-large size-large wp-image-989107\" alt=\"\" srcset=\"https:\/\/www.wanda-collection.com\/blog\/wp-content\/uploads\/2022\/10\/ori-meuble-avec-vasque-en-teck-kheops-140-4448_6299.jpg 555w, https:\/\/www.wanda-collection.com\/blog\/wp-content\/uploads\/2022\/10\/ori-meuble-avec-vasque-en-teck-kheops-140-4448_6299-300x300.jpg 300w, https:\/\/www.wanda-collection.com\/blog\/wp-content\/uploads\/2022\/10\/ori-meuble-avec-vasque-en-teck-kheops-140-4448_6299-150x150.jpg 150w\" sizes=\"(max-width: 555px) 100vw, 555px\" \/>\t\t\t\t\t\t\t\t\t\t\t\t<\/a>\n\t\t\t\t\t\t\t\t\t\t\t\t\t\t\t\t\t\t\t\t\t\t\t\t<\/div>\n\t\t\t\t\t\t\t\t<\/div>\n\t\t\t\t<\/div>\n\t\t\t\t\t<\/div>\n\t\t<\/div>\n\t\t\t\t\t<\/div>\n\t\t<\/section>\n\t\t\t\t<div class=\"elementor-element elementor-element-f1a9f89 elementor-widget elementor-widget-spacer\" data-id=\"f1a9f89\" data-element_type=\"widget\" data-widget_type=\"spacer.default\">\n\t\t\t\t<div class=\"elementor-widget-container\">\n\t\t\t\t\t\t\t<div class=\"elementor-spacer\">\n\t\t\t<div class=\"elementor-spacer-inner\"><\/div>\n\t\t<\/div>\n\t\t\t\t\t\t<\/div>\n\t\t\t\t<\/div>\n\t\t\t\t\t<\/div>\n\t\t<\/div>\n\t\t\t\t\t<\/div>\n\t\t<\/section>\n\t\t\t\t<\/div>\n\t\t","protected":false},"excerpt":{"rendered":"<p>Vous souhaitez am\u00e9nager une salle de bain moderne et chaleureuse ? Bois pr\u00e9cieux originaire d\u2019Asie, le teck se distingue par son \u00e9l\u00e9gance inimitable et ses propri\u00e9t\u00e9s exceptionnelles. Dans cet article, d\u00e9couvrez le meilleur de la salle de bain en teck avec Wanda Collection.<\/p>\n","protected":false},"author":2,"featured_media":989111,"comment_status":"closed","ping_status":"open","sticky":false,"template":"","format":"standard","meta":{"footnotes":""},"categories":[110,102,113],"tags":[],"class_list":["post-988955","post","type-post","status-publish","format-standard","has-post-thumbnail","hentry","category-bois-massif","category-meubles-de-salle-de-bain","category-tendances-deco"],"yoast_head":"<!-- This site is optimized with the Yoast SEO plugin v25.5 - https:\/\/yoast.com\/wordpress\/plugins\/seo\/ -->\n<title>Salle de bain en teck\u00a0: d\u00e9couvrez la gamme Wanda Collection<\/title>\n<meta name=\"description\" content=\"On vous pr\u00e9sente une partie de la gamme de meuble de salle de bain en teck pour une exclusivit\u00e9 et originalit\u00e9 sign\u00e9 Wanda collection\" \/>\n<meta name=\"robots\" content=\"index, follow, max-snippet:-1, max-image-preview:large, max-video-preview:-1\" \/>\n<link rel=\"canonical\" href=\"https:\/\/www.wanda-collection.com\/blog\/salle-de-bain-en-teck\/\" \/>\n<meta property=\"og:locale\" content=\"fr_FR\" \/>\n<meta property=\"og:type\" content=\"article\" \/>\n<meta property=\"og:title\" content=\"Salle de bain en teck\u00a0: d\u00e9couvrez la gamme Wanda Collection\" \/>\n<meta property=\"og:description\" content=\"On vous pr\u00e9sente une partie de la gamme de meuble de salle de bain en teck pour une exclusivit\u00e9 et originalit\u00e9 sign\u00e9 Wanda collection\" \/>\n<meta property=\"og:url\" content=\"https:\/\/www.wanda-collection.com\/blog\/salle-de-bain-en-teck\/\" \/>\n<meta property=\"og:site_name\" content=\"Wanda collection Le blog\" \/>\n<meta property=\"article:publisher\" content=\"https:\/\/www.facebook.com\/WandaCollection.fr\/\" \/>\n<meta property=\"article:published_time\" content=\"2022-10-25T11:45:50+00:00\" \/>\n<meta property=\"article:modified_time\" content=\"2025-12-02T14:12:14+00:00\" \/>\n<meta property=\"og:image\" content=\"https:\/\/www.wanda-collection.com\/blog\/wp-content\/uploads\/2022\/10\/ori-meuble-de-salle-de-bain-en-teck-florence-120cm-vasque-creme-2939_2686.jpg\" \/>\n\t<meta property=\"og:image:width\" content=\"555\" \/>\n\t<meta property=\"og:image:height\" content=\"555\" \/>\n\t<meta property=\"og:image:type\" content=\"image\/jpeg\" \/>\n<meta name=\"author\" content=\"David\" \/>\n<meta name=\"twitter:card\" content=\"summary_large_image\" \/>\n<meta name=\"twitter:label1\" content=\"\u00c9crit par\" \/>\n\t<meta name=\"twitter:data1\" content=\"David\" \/>\n\t<meta name=\"twitter:label2\" content=\"Dur\u00e9e de lecture estim\u00e9e\" \/>\n\t<meta name=\"twitter:data2\" content=\"15 minutes\" \/>\n<script type=\"application\/ld+json\" class=\"yoast-schema-graph\">{\"@context\":\"https:\/\/schema.org\",\"@graph\":[{\"@type\":\"Article\",\"@id\":\"https:\/\/www.wanda-collection.com\/blog\/salle-de-bain-en-teck\/#article\",\"isPartOf\":{\"@id\":\"https:\/\/www.wanda-collection.com\/blog\/salle-de-bain-en-teck\/\"},\"author\":{\"name\":\"David\",\"@id\":\"https:\/\/www.wanda-collection.com\/blog\/#\/schema\/person\/173d78a9973ea0be9b1bff2a7d0ac370\"},\"headline\":\"Salle de bain en teck\u00a0: d\u00e9couvrez la gamme Wanda Collection\",\"datePublished\":\"2022-10-25T11:45:50+00:00\",\"dateModified\":\"2025-12-02T14:12:14+00:00\",\"mainEntityOfPage\":{\"@id\":\"https:\/\/www.wanda-collection.com\/blog\/salle-de-bain-en-teck\/\"},\"wordCount\":1164,\"publisher\":{\"@id\":\"https:\/\/www.wanda-collection.com\/blog\/#organization\"},\"image\":{\"@id\":\"https:\/\/www.wanda-collection.com\/blog\/salle-de-bain-en-teck\/#primaryimage\"},\"thumbnailUrl\":\"https:\/\/www.wanda-collection.com\/blog\/wp-content\/uploads\/2022\/10\/ori-meuble-de-salle-de-bain-en-teck-florence-120cm-vasque-creme-2939_2686.jpg\",\"articleSection\":[\"Bois massif\",\"Meubles de salle de bain\",\"Tendances d\u00e9co\"],\"inLanguage\":\"fr-FR\"},{\"@type\":\"WebPage\",\"@id\":\"https:\/\/www.wanda-collection.com\/blog\/salle-de-bain-en-teck\/\",\"url\":\"https:\/\/www.wanda-collection.com\/blog\/salle-de-bain-en-teck\/\",\"name\":\"Salle de bain en teck\u00a0: d\u00e9couvrez la gamme Wanda Collection\",\"isPartOf\":{\"@id\":\"https:\/\/www.wanda-collection.com\/blog\/#website\"},\"primaryImageOfPage\":{\"@id\":\"https:\/\/www.wanda-collection.com\/blog\/salle-de-bain-en-teck\/#primaryimage\"},\"image\":{\"@id\":\"https:\/\/www.wanda-collection.com\/blog\/salle-de-bain-en-teck\/#primaryimage\"},\"thumbnailUrl\":\"https:\/\/www.wanda-collection.com\/blog\/wp-content\/uploads\/2022\/10\/ori-meuble-de-salle-de-bain-en-teck-florence-120cm-vasque-creme-2939_2686.jpg\",\"datePublished\":\"2022-10-25T11:45:50+00:00\",\"dateModified\":\"2025-12-02T14:12:14+00:00\",\"description\":\"On vous pr\u00e9sente une partie de la gamme de meuble de salle de bain en teck pour une exclusivit\u00e9 et originalit\u00e9 sign\u00e9 Wanda collection\",\"breadcrumb\":{\"@id\":\"https:\/\/www.wanda-collection.com\/blog\/salle-de-bain-en-teck\/#breadcrumb\"},\"inLanguage\":\"fr-FR\",\"potentialAction\":[{\"@type\":\"ReadAction\",\"target\":[\"https:\/\/www.wanda-collection.com\/blog\/salle-de-bain-en-teck\/\"]}]},{\"@type\":\"ImageObject\",\"inLanguage\":\"fr-FR\",\"@id\":\"https:\/\/www.wanda-collection.com\/blog\/salle-de-bain-en-teck\/#primaryimage\",\"url\":\"https:\/\/www.wanda-collection.com\/blog\/wp-content\/uploads\/2022\/10\/ori-meuble-de-salle-de-bain-en-teck-florence-120cm-vasque-creme-2939_2686.jpg\",\"contentUrl\":\"https:\/\/www.wanda-collection.com\/blog\/wp-content\/uploads\/2022\/10\/ori-meuble-de-salle-de-bain-en-teck-florence-120cm-vasque-creme-2939_2686.jpg\",\"width\":555,\"height\":555},{\"@type\":\"BreadcrumbList\",\"@id\":\"https:\/\/www.wanda-collection.com\/blog\/salle-de-bain-en-teck\/#breadcrumb\",\"itemListElement\":[{\"@type\":\"ListItem\",\"position\":1,\"name\":\"Accueil\",\"item\":\"https:\/\/www.wanda-collection.com\/blog\/\"},{\"@type\":\"ListItem\",\"position\":2,\"name\":\"Salle de bain\",\"item\":\"https:\/\/www.wanda-collection.com\/blog\/category\/salle-de-bain\/\"},{\"@type\":\"ListItem\",\"position\":3,\"name\":\"Meubles de salle de bain\",\"item\":\"https:\/\/www.wanda-collection.com\/blog\/category\/salle-de-bain\/meubles-de-salle-de-bain\/\"},{\"@type\":\"ListItem\",\"position\":4,\"name\":\"Salle de bain en teck\u00a0: d\u00e9couvrez la gamme Wanda Collection\"}]},{\"@type\":\"WebSite\",\"@id\":\"https:\/\/www.wanda-collection.com\/blog\/#website\",\"url\":\"https:\/\/www.wanda-collection.com\/blog\/\",\"name\":\"Wanda collection Le blog\",\"description\":\"\",\"publisher\":{\"@id\":\"https:\/\/www.wanda-collection.com\/blog\/#organization\"},\"potentialAction\":[{\"@type\":\"SearchAction\",\"target\":{\"@type\":\"EntryPoint\",\"urlTemplate\":\"https:\/\/www.wanda-collection.com\/blog\/?s={search_term_string}\"},\"query-input\":{\"@type\":\"PropertyValueSpecification\",\"valueRequired\":true,\"valueName\":\"search_term_string\"}}],\"inLanguage\":\"fr-FR\"},{\"@type\":\"Organization\",\"@id\":\"https:\/\/www.wanda-collection.com\/blog\/#organization\",\"name\":\"Wanda collection Le blog\",\"url\":\"https:\/\/www.wanda-collection.com\/blog\/\",\"logo\":{\"@type\":\"ImageObject\",\"inLanguage\":\"fr-FR\",\"@id\":\"https:\/\/www.wanda-collection.com\/blog\/#\/schema\/logo\/image\/\",\"url\":\"https:\/\/www.wanda-collection.com\/blog\/wp-content\/uploads\/2022\/09\/cropped-logo-Le-blog-5.png\",\"contentUrl\":\"https:\/\/www.wanda-collection.com\/blog\/wp-content\/uploads\/2022\/09\/cropped-logo-Le-blog-5.png\",\"width\":1141,\"height\":328,\"caption\":\"Wanda collection Le blog\"},\"image\":{\"@id\":\"https:\/\/www.wanda-collection.com\/blog\/#\/schema\/logo\/image\/\"},\"sameAs\":[\"https:\/\/www.facebook.com\/WandaCollection.fr\/\",\"https:\/\/www.pinterest.fr\/wandacollection\/\",\"https:\/\/www.instagram.com\/wanda.collection\/\"]},{\"@type\":\"Person\",\"@id\":\"https:\/\/www.wanda-collection.com\/blog\/#\/schema\/person\/173d78a9973ea0be9b1bff2a7d0ac370\",\"name\":\"David\",\"image\":{\"@type\":\"ImageObject\",\"inLanguage\":\"fr-FR\",\"@id\":\"https:\/\/www.wanda-collection.com\/blog\/#\/schema\/person\/image\/\",\"url\":\"https:\/\/secure.gravatar.com\/avatar\/9a07c287e9190bc6c95fa3ed42c95d09a7a2eebd3c4740b8a82ff624397988e3?s=96&d=mm&r=g\",\"contentUrl\":\"https:\/\/secure.gravatar.com\/avatar\/9a07c287e9190bc6c95fa3ed42c95d09a7a2eebd3c4740b8a82ff624397988e3?s=96&d=mm&r=g\",\"caption\":\"David\"}}]}<\/script>\n<!-- \/ Yoast SEO plugin. -->","yoast_head_json":{"title":"Salle de bain en teck\u00a0: d\u00e9couvrez la gamme Wanda Collection","description":"On vous pr\u00e9sente une partie de la gamme de meuble de salle de bain en teck pour une exclusivit\u00e9 et originalit\u00e9 sign\u00e9 Wanda collection","robots":{"index":"index","follow":"follow","max-snippet":"max-snippet:-1","max-image-preview":"max-image-preview:large","max-video-preview":"max-video-preview:-1"},"canonical":"https:\/\/www.wanda-collection.com\/blog\/salle-de-bain-en-teck\/","og_locale":"fr_FR","og_type":"article","og_title":"Salle de bain en teck\u00a0: d\u00e9couvrez la gamme Wanda Collection","og_description":"On vous pr\u00e9sente une partie de la gamme de meuble de salle de bain en teck pour une exclusivit\u00e9 et originalit\u00e9 sign\u00e9 Wanda collection","og_url":"https:\/\/www.wanda-collection.com\/blog\/salle-de-bain-en-teck\/","og_site_name":"Wanda collection Le blog","article_publisher":"https:\/\/www.facebook.com\/WandaCollection.fr\/","article_published_time":"2022-10-25T11:45:50+00:00","article_modified_time":"2025-12-02T14:12:14+00:00","og_image":[{"width":555,"height":555,"url":"https:\/\/www.wanda-collection.com\/blog\/wp-content\/uploads\/2022\/10\/ori-meuble-de-salle-de-bain-en-teck-florence-120cm-vasque-creme-2939_2686.jpg","type":"image\/jpeg"}],"author":"David","twitter_card":"summary_large_image","twitter_misc":{"\u00c9crit par":"David","Dur\u00e9e de lecture estim\u00e9e":"15 minutes"},"schema":{"@context":"https:\/\/schema.org","@graph":[{"@type":"Article","@id":"https:\/\/www.wanda-collection.com\/blog\/salle-de-bain-en-teck\/#article","isPartOf":{"@id":"https:\/\/www.wanda-collection.com\/blog\/salle-de-bain-en-teck\/"},"author":{"name":"David","@id":"https:\/\/www.wanda-collection.com\/blog\/#\/schema\/person\/173d78a9973ea0be9b1bff2a7d0ac370"},"headline":"Salle de bain en teck\u00a0: d\u00e9couvrez la gamme Wanda Collection","datePublished":"2022-10-25T11:45:50+00:00","dateModified":"2025-12-02T14:12:14+00:00","mainEntityOfPage":{"@id":"https:\/\/www.wanda-collection.com\/blog\/salle-de-bain-en-teck\/"},"wordCount":1164,"publisher":{"@id":"https:\/\/www.wanda-collection.com\/blog\/#organization"},"image":{"@id":"https:\/\/www.wanda-collection.com\/blog\/salle-de-bain-en-teck\/#primaryimage"},"thumbnailUrl":"https:\/\/www.wanda-collection.com\/blog\/wp-content\/uploads\/2022\/10\/ori-meuble-de-salle-de-bain-en-teck-florence-120cm-vasque-creme-2939_2686.jpg","articleSection":["Bois massif","Meubles de salle de bain","Tendances d\u00e9co"],"inLanguage":"fr-FR"},{"@type":"WebPage","@id":"https:\/\/www.wanda-collection.com\/blog\/salle-de-bain-en-teck\/","url":"https:\/\/www.wanda-collection.com\/blog\/salle-de-bain-en-teck\/","name":"Salle de bain en teck\u00a0: d\u00e9couvrez la gamme Wanda Collection","isPartOf":{"@id":"https:\/\/www.wanda-collection.com\/blog\/#website"},"primaryImageOfPage":{"@id":"https:\/\/www.wanda-collection.com\/blog\/salle-de-bain-en-teck\/#primaryimage"},"image":{"@id":"https:\/\/www.wanda-collection.com\/blog\/salle-de-bain-en-teck\/#primaryimage"},"thumbnailUrl":"https:\/\/www.wanda-collection.com\/blog\/wp-content\/uploads\/2022\/10\/ori-meuble-de-salle-de-bain-en-teck-florence-120cm-vasque-creme-2939_2686.jpg","datePublished":"2022-10-25T11:45:50+00:00","dateModified":"2025-12-02T14:12:14+00:00","description":"On vous pr\u00e9sente une partie de la gamme de meuble de salle de bain en teck pour une exclusivit\u00e9 et originalit\u00e9 sign\u00e9 Wanda collection","breadcrumb":{"@id":"https:\/\/www.wanda-collection.com\/blog\/salle-de-bain-en-teck\/#breadcrumb"},"inLanguage":"fr-FR","potentialAction":[{"@type":"ReadAction","target":["https:\/\/www.wanda-collection.com\/blog\/salle-de-bain-en-teck\/"]}]},{"@type":"ImageObject","inLanguage":"fr-FR","@id":"https:\/\/www.wanda-collection.com\/blog\/salle-de-bain-en-teck\/#primaryimage","url":"https:\/\/www.wanda-collection.com\/blog\/wp-content\/uploads\/2022\/10\/ori-meuble-de-salle-de-bain-en-teck-florence-120cm-vasque-creme-2939_2686.jpg","contentUrl":"https:\/\/www.wanda-collection.com\/blog\/wp-content\/uploads\/2022\/10\/ori-meuble-de-salle-de-bain-en-teck-florence-120cm-vasque-creme-2939_2686.jpg","width":555,"height":555},{"@type":"BreadcrumbList","@id":"https:\/\/www.wanda-collection.com\/blog\/salle-de-bain-en-teck\/#breadcrumb","itemListElement":[{"@type":"ListItem","position":1,"name":"Accueil","item":"https:\/\/www.wanda-collection.com\/blog\/"},{"@type":"ListItem","position":2,"name":"Salle de bain","item":"https:\/\/www.wanda-collection.com\/blog\/category\/salle-de-bain\/"},{"@type":"ListItem","position":3,"name":"Meubles de salle de bain","item":"https:\/\/www.wanda-collection.com\/blog\/category\/salle-de-bain\/meubles-de-salle-de-bain\/"},{"@type":"ListItem","position":4,"name":"Salle de bain en teck\u00a0: d\u00e9couvrez la gamme Wanda Collection"}]},{"@type":"WebSite","@id":"https:\/\/www.wanda-collection.com\/blog\/#website","url":"https:\/\/www.wanda-collection.com\/blog\/","name":"Wanda collection Le blog","description":"","publisher":{"@id":"https:\/\/www.wanda-collection.com\/blog\/#organization"},"potentialAction":[{"@type":"SearchAction","target":{"@type":"EntryPoint","urlTemplate":"https:\/\/www.wanda-collection.com\/blog\/?s={search_term_string}"},"query-input":{"@type":"PropertyValueSpecification","valueRequired":true,"valueName":"search_term_string"}}],"inLanguage":"fr-FR"},{"@type":"Organization","@id":"https:\/\/www.wanda-collection.com\/blog\/#organization","name":"Wanda collection Le blog","url":"https:\/\/www.wanda-collection.com\/blog\/","logo":{"@type":"ImageObject","inLanguage":"fr-FR","@id":"https:\/\/www.wanda-collection.com\/blog\/#\/schema\/logo\/image\/","url":"https:\/\/www.wanda-collection.com\/blog\/wp-content\/uploads\/2022\/09\/cropped-logo-Le-blog-5.png","contentUrl":"https:\/\/www.wanda-collection.com\/blog\/wp-content\/uploads\/2022\/09\/cropped-logo-Le-blog-5.png","width":1141,"height":328,"caption":"Wanda collection Le blog"},"image":{"@id":"https:\/\/www.wanda-collection.com\/blog\/#\/schema\/logo\/image\/"},"sameAs":["https:\/\/www.facebook.com\/WandaCollection.fr\/","https:\/\/www.pinterest.fr\/wandacollection\/","https:\/\/www.instagram.com\/wanda.collection\/"]},{"@type":"Person","@id":"https:\/\/www.wanda-collection.com\/blog\/#\/schema\/person\/173d78a9973ea0be9b1bff2a7d0ac370","name":"David","image":{"@type":"ImageObject","inLanguage":"fr-FR","@id":"https:\/\/www.wanda-collection.com\/blog\/#\/schema\/person\/image\/","url":"https:\/\/secure.gravatar.com\/avatar\/9a07c287e9190bc6c95fa3ed42c95d09a7a2eebd3c4740b8a82ff624397988e3?s=96&d=mm&r=g","contentUrl":"https:\/\/secure.gravatar.com\/avatar\/9a07c287e9190bc6c95fa3ed42c95d09a7a2eebd3c4740b8a82ff624397988e3?s=96&d=mm&r=g","caption":"David"}}]}},"_links":{"self":[{"href":"https:\/\/www.wanda-collection.com\/blog\/wp-json\/wp\/v2\/posts\/988955","targetHints":{"allow":["GET"]}}],"collection":[{"href":"https:\/\/www.wanda-collection.com\/blog\/wp-json\/wp\/v2\/posts"}],"about":[{"href":"https:\/\/www.wanda-collection.com\/blog\/wp-json\/wp\/v2\/types\/post"}],"author":[{"embeddable":true,"href":"https:\/\/www.wanda-collection.com\/blog\/wp-json\/wp\/v2\/users\/2"}],"replies":[{"embeddable":true,"href":"https:\/\/www.wanda-collection.com\/blog\/wp-json\/wp\/v2\/comments?post=988955"}],"version-history":[{"count":89,"href":"https:\/\/www.wanda-collection.com\/blog\/wp-json\/wp\/v2\/posts\/988955\/revisions"}],"predecessor-version":[{"id":990683,"href":"https:\/\/www.wanda-collection.com\/blog\/wp-json\/wp\/v2\/posts\/988955\/revisions\/990683"}],"wp:featuredmedia":[{"embeddable":true,"href":"https:\/\/www.wanda-collection.com\/blog\/wp-json\/wp\/v2\/media\/989111"}],"wp:attachment":[{"href":"https:\/\/www.wanda-collection.com\/blog\/wp-json\/wp\/v2\/media?parent=988955"}],"wp:term":[{"taxonomy":"category","embeddable":true,"href":"https:\/\/www.wanda-collection.com\/blog\/wp-json\/wp\/v2\/categories?post=988955"},{"taxonomy":"post_tag","embeddable":true,"href":"https:\/\/www.wanda-collection.com\/blog\/wp-json\/wp\/v2\/tags?post=988955"}],"curies":[{"name":"wp","href":"https:\/\/api.w.org\/{rel}","templated":true}]}}