{"id":990315,"date":"2024-01-10T10:00:00","date_gmt":"2024-01-10T09:00:00","guid":{"rendered":"https:\/\/www.wanda-collection.com\/blog\/?p=990315"},"modified":"2026-08-31T14:49:40","modified_gmt":"2026-08-31T12:49:40","slug":"comment-creer-une-salle-de-bain-au-style-japandi","status":"publish","type":"post","link":"https:\/\/www.wanda-collection.com\/blog\/comment-creer-une-salle-de-bain-au-style-japandi\/","title":{"rendered":"Salle de bain japandi : les r\u00e8gles, les mati\u00e8res et les proportions"},"content":{"rendered":"\t\t<div data-elementor-type=\"wp-post\" data-elementor-id=\"990315\" class=\"elementor elementor-990315\">\n\t\t\t\t\t\t<section class=\"elementor-section elementor-top-section elementor-element elementor-element-48d366d elementor-section-boxed elementor-section-height-default elementor-section-height-default\" data-id=\"48d366d\" data-element_type=\"section\">\n\t\t\t\t\t\t<div class=\"elementor-container elementor-column-gap-default\">\n\t\t\t\t\t<div class=\"elementor-column elementor-col-100 elementor-top-column elementor-element elementor-element-8963693\" data-id=\"8963693\" data-element_type=\"column\">\n\t\t\t<div class=\"elementor-widget-wrap elementor-element-populated\">\n\t\t\t\t\t\t<div class=\"elementor-element elementor-element-e473728 elementor-drop-cap-yes elementor-drop-cap-view-default elementor-widget elementor-widget-text-editor\" data-id=\"e473728\" data-element_type=\"widget\" data-settings=\"{&quot;drop_cap&quot;:&quot;yes&quot;}\" data-widget_type=\"text-editor.default\">\n\t\t\t\t<div class=\"elementor-widget-container\">\n\t\t\t\t\t\t\t\t\t<p>Le mot est un mot-valise : japonais et scandinave. Il d\u00e9signe la rencontre de deux traditions qui, contrairement \u00e0 ce que l&rsquo;assemblage laisse croire, ne se ressemblent pas beaucoup. L&rsquo;une cherche l&rsquo;effacement, l&rsquo;autre le confort. Le japandi tient dans la tension entre les deux.<\/p><p>C&rsquo;est ce qui explique qu&rsquo;une <strong>salle de bain japandi<\/strong> r\u00e9ussie ne ressemble ni \u00e0 un temple ni \u00e0 un int\u00e9rieur su\u00e9dois. Elle emprunte au Japon la r\u00e9duction, la ligne basse et l&rsquo;attention \u00e0 la mati\u00e8re brute, et \u00e0 la Scandinavie la clart\u00e9 du bois, la chaleur des textiles et le refus de l&rsquo;aust\u00e9rit\u00e9.<\/p><p>Ce guide part de cette distinction, souvent escamot\u00e9e, puis traite les trois mati\u00e8res qui portent le style, les proportions justes, et les erreurs qui font basculer d&rsquo;un c\u00f4t\u00e9 ou de l&rsquo;autre. Une FAQ ferme l&rsquo;article.<\/p>\t\t\t\t\t\t\t\t<\/div>\n\t\t\t\t<\/div>\n\t\t\t\t<div class=\"elementor-element elementor-element-68048b6 elementor-widget elementor-widget-text-editor\" data-id=\"68048b6\" data-element_type=\"widget\" data-widget_type=\"text-editor.default\">\n\t\t\t\t<div class=\"elementor-widget-container\">\n\t\t\t\t\t\t\t\t\t<h2>Salle de bain japandi : le guide pour r\u00e9ussir l&rsquo;\u00e9quilibre<\/h2>\t\t\t\t\t\t\t\t<\/div>\n\t\t\t\t<\/div>\n\t\t\t\t\t<\/div>\n\t\t<\/div>\n\t\t\t\t\t<\/div>\n\t\t<\/section>\n\t\t\t\t<section class=\"elementor-section elementor-top-section elementor-element elementor-element-5395b97 elementor-section-boxed elementor-section-height-default elementor-section-height-default\" data-id=\"5395b97\" data-element_type=\"section\">\n\t\t\t\t\t\t<div class=\"elementor-container elementor-column-gap-default\">\n\t\t\t\t\t<div class=\"elementor-column elementor-col-100 elementor-top-column elementor-element elementor-element-9a3a7cd\" data-id=\"9a3a7cd\" data-element_type=\"column\">\n\t\t\t<div class=\"elementor-widget-wrap elementor-element-populated\">\n\t\t\t\t\t\t<div class=\"elementor-element elementor-element-2f3f82e elementor-widget elementor-widget-heading\" data-id=\"2f3f82e\" data-element_type=\"widget\" data-widget_type=\"heading.default\">\n\t\t\t\t<div class=\"elementor-widget-container\">\n\t\t\t\t\t<h2 class=\"elementor-heading-title elementor-size-default\">Japandi, zen, scandinave : les diff\u00e9rences<\/h2>\t\t\t\t<\/div>\n\t\t\t\t<\/div>\n\t\t\t\t\t<\/div>\n\t\t<\/div>\n\t\t\t\t\t<\/div>\n\t\t<\/section>\n\t\t\t\t<section class=\"elementor-section elementor-top-section elementor-element elementor-element-e3cac94 elementor-section-boxed elementor-section-height-default elementor-section-height-default\" data-id=\"e3cac94\" data-element_type=\"section\">\n\t\t\t\t\t\t<div class=\"elementor-container elementor-column-gap-default\">\n\t\t\t\t\t<div class=\"elementor-column elementor-col-60 elementor-top-column elementor-element elementor-element-995077f\" data-id=\"995077f\" data-element_type=\"column\">\n\t\t\t<div class=\"elementor-widget-wrap elementor-element-populated\">\n\t\t\t\t\t\t<div class=\"elementor-element elementor-element-164dcc3 elementor-widget elementor-widget-text-editor\" data-id=\"164dcc3\" data-element_type=\"widget\" data-widget_type=\"text-editor.default\">\n\t\t\t\t<div class=\"elementor-widget-container\">\n\t\t\t\t\t\t\t\t\t<p>Pour situer le japandi, le plus simple est de le comparer \u00e0 ses deux parents et \u00e0 son cousin le plus proche.<\/p><h3>Ce qu&rsquo;il prend au Japon<\/h3><p>La r\u00e9duction avant tout : peu d&rsquo;objets, peu de mati\u00e8res, et l&rsquo;id\u00e9e que le vide fait partie de la composition. Il en garde aussi la ligne basse, les proportions horizontales, et le go\u00fbt de la mati\u00e8re laiss\u00e9e brute plut\u00f4t que finie.<\/p><h3>Ce qu&rsquo;il prend \u00e0 la Scandinavie<\/h3><p>La lumi\u00e8re et la chaleur. Bois clair plut\u00f4t que sombre, textiles pr\u00e9sents, formes arrondies aux angles. C&rsquo;est cet apport qui emp\u00eache le japandi de tomber dans l&rsquo;aust\u00e9rit\u00e9 monacale d&rsquo;un int\u00e9rieur japonais strict.<\/p><h3>Ce qui le distingue du zen<\/h3><p>C&rsquo;est la question la plus fr\u00e9quente. Le zen accepte la mati\u00e8re irr\u00e9guli\u00e8re, la pierre non taill\u00e9e, le galet brut, l&rsquo;imperfection assum\u00e9e. Le japandi pr\u00e9f\u00e8re la ligne nette : bois clair rabot\u00e9, angles droits, surfaces lisses. Les deux r\u00e9duisent, mais le zen r\u00e9duit vers le brut quand le japandi r\u00e9duit vers le net. Notre <a href=\"https:\/\/www.wanda-collection.com\/blog\/meubles-de-salle-de-bain-la-collection-zen\/\">guide de la salle de bain zen<\/a> d\u00e9veloppe l&rsquo;autre versant.<\/p>\t\t\t\t\t\t\t\t<\/div>\n\t\t\t\t<\/div>\n\t\t\t\t\t<\/div>\n\t\t<\/div>\n\t\t\t\t<div class=\"elementor-column elementor-col-40 elementor-top-column elementor-element elementor-element-96faa9a\" data-id=\"96faa9a\" data-element_type=\"column\">\n\t\t\t<div class=\"elementor-widget-wrap elementor-element-populated\">\n\t\t\t\t\t\t<div class=\"vamtam-has-theme-widget-styles elementor-element elementor-element-114b328 elementor-widget elementor-widget-image\" data-id=\"114b328\" data-element_type=\"widget\" data-widget_type=\"image.default\">\n\t\t\t\t<div class=\"elementor-widget-container\">\n\t\t\t\t\t\t\t\t\t<div class=\"elementor-image\">\n\t\t\t\t\t\t\t\t\t\t\t\t\t\t\t\t<figure class=\"wp-caption\">\n\t\t\t\t\t\t\t\t\t\t\t\t\t\t\t\t\t<a href=\"https:\/\/www.wanda-collection.com\/art-meuble-salle-de-bain-en-teck-et-beton-sira-60-cm-55448.htm\">\n\t\t\t\t\t\t\t\t\t\t\t<img fetchpriority=\"high\" decoding=\"async\" width=\"1028\" height=\"1028\" src=\"https:\/\/www.wanda-collection.com\/blog\/wp-content\/uploads\/2026\/08\/jp-beton60.jpg\" class=\"attachment-full size-full wp-image-992888\" alt=\"Meuble de salle de bain en teck clair et plateau b\u00e9ton, style japandi\" srcset=\"https:\/\/www.wanda-collection.com\/blog\/wp-content\/uploads\/2026\/08\/jp-beton60.jpg 1028w, https:\/\/www.wanda-collection.com\/blog\/wp-content\/uploads\/2026\/08\/jp-beton60-300x300.jpg 300w, https:\/\/www.wanda-collection.com\/blog\/wp-content\/uploads\/2026\/08\/jp-beton60-1024x1024.jpg 1024w, https:\/\/www.wanda-collection.com\/blog\/wp-content\/uploads\/2026\/08\/jp-beton60-150x150.jpg 150w, https:\/\/www.wanda-collection.com\/blog\/wp-content\/uploads\/2026\/08\/jp-beton60-768x768.jpg 768w\" sizes=\"(max-width: 1028px) 100vw, 1028px\" \/>\t\t\t\t\t\t\t\t\t\t\t\t<\/a>\n\t\t\t\t\t\t\t\t\t\t\t\t\t\t\t\t\t<figcaption class=\"widget-image-caption wp-caption-text\">Meuble en teck et b\u00e9ton Sira, 60 cm<\/figcaption>\n\t\t\t\t\t\t\t\t\t\t\t\t\t\t\t\t<\/figure>\n\t\t\t\t\t\t\t\t\t\t\t\t\t\t<\/div>\n\t\t\t\t\t\t\t\t<\/div>\n\t\t\t\t<\/div>\n\t\t\t\t\t<\/div>\n\t\t<\/div>\n\t\t\t\t\t<\/div>\n\t\t<\/section>\n\t\t\t\t<section class=\"elementor-section elementor-top-section elementor-element elementor-element-93f9f3a elementor-section-boxed elementor-section-height-default elementor-section-height-default\" data-id=\"93f9f3a\" data-element_type=\"section\">\n\t\t\t\t\t\t<div class=\"elementor-container elementor-column-gap-default\">\n\t\t\t\t\t<div class=\"elementor-column elementor-col-100 elementor-top-column elementor-element elementor-element-9c41704\" data-id=\"9c41704\" data-element_type=\"column\">\n\t\t\t<div class=\"elementor-widget-wrap elementor-element-populated\">\n\t\t\t\t\t\t<div class=\"elementor-element elementor-element-9759b85 elementor-widget elementor-widget-heading\" data-id=\"9759b85\" data-element_type=\"widget\" data-widget_type=\"heading.default\">\n\t\t\t\t<div class=\"elementor-widget-container\">\n\t\t\t\t\t<h2 class=\"elementor-heading-title elementor-size-default\">Les trois mati\u00e8res du japandi<\/h2>\t\t\t\t<\/div>\n\t\t\t\t<\/div>\n\t\t\t\t\t<\/div>\n\t\t<\/div>\n\t\t\t\t\t<\/div>\n\t\t<\/section>\n\t\t\t\t<section class=\"elementor-section elementor-top-section elementor-element elementor-element-1c1f94d elementor-section-boxed elementor-section-height-default elementor-section-height-default\" data-id=\"1c1f94d\" data-element_type=\"section\">\n\t\t\t\t\t\t<div class=\"elementor-container elementor-column-gap-default\">\n\t\t\t\t\t<div class=\"elementor-column elementor-col-100 elementor-top-column elementor-element elementor-element-25add9f\" data-id=\"25add9f\" data-element_type=\"column\">\n\t\t\t<div class=\"elementor-widget-wrap elementor-element-populated\">\n\t\t\t\t\t\t<div class=\"elementor-element elementor-element-9c4bac9 elementor-widget elementor-widget-text-editor\" data-id=\"9c4bac9\" data-element_type=\"widget\" data-widget_type=\"text-editor.default\">\n\t\t\t\t<div class=\"elementor-widget-container\">\n\t\t\t\t\t\t\t\t\t<p>Trois mati\u00e8res suffisent, et c&rsquo;est m\u00eame la condition. Une quatri\u00e8me fait basculer vers autre chose.<\/p>\t\t\t\t\t\t\t\t<\/div>\n\t\t\t\t<\/div>\n\t\t\t\t\t<\/div>\n\t\t<\/div>\n\t\t\t\t\t<\/div>\n\t\t<\/section>\n\t\t\t\t<section class=\"elementor-section elementor-top-section elementor-element elementor-element-e2a196b elementor-section-boxed elementor-section-height-default elementor-section-height-default\" data-id=\"e2a196b\" data-element_type=\"section\">\n\t\t\t\t\t\t<div class=\"elementor-container elementor-column-gap-default\">\n\t\t\t\t\t<div class=\"elementor-column elementor-col-40 elementor-top-column elementor-element elementor-element-b68bef9\" data-id=\"b68bef9\" data-element_type=\"column\">\n\t\t\t<div class=\"elementor-widget-wrap elementor-element-populated\">\n\t\t\t\t\t\t<div class=\"vamtam-has-theme-widget-styles elementor-element elementor-element-70bf463 elementor-widget elementor-widget-image\" data-id=\"70bf463\" data-element_type=\"widget\" data-widget_type=\"image.default\">\n\t\t\t\t<div class=\"elementor-widget-container\">\n\t\t\t\t\t\t\t\t\t<div class=\"elementor-image\">\n\t\t\t\t\t\t\t\t\t\t\t\t\t\t\t\t<figure class=\"wp-caption\">\n\t\t\t\t\t\t\t\t\t\t\t\t\t\t\t\t\t<a href=\"https:\/\/www.wanda-collection.com\/art-meuble-salle-de-bain-en-teck-et-ceramique-sira-60-cm-55181.htm\">\n\t\t\t\t\t\t\t\t\t\t\t<img decoding=\"async\" width=\"1028\" height=\"1028\" src=\"https:\/\/www.wanda-collection.com\/blog\/wp-content\/uploads\/2026\/08\/jp-sira60.jpg\" class=\"attachment-full size-full wp-image-992889\" alt=\"Meuble de salle de bain en teck avec plateau en c\u00e9ramique mate\" srcset=\"https:\/\/www.wanda-collection.com\/blog\/wp-content\/uploads\/2026\/08\/jp-sira60.jpg 1028w, https:\/\/www.wanda-collection.com\/blog\/wp-content\/uploads\/2026\/08\/jp-sira60-300x300.jpg 300w, https:\/\/www.wanda-collection.com\/blog\/wp-content\/uploads\/2026\/08\/jp-sira60-1024x1024.jpg 1024w, https:\/\/www.wanda-collection.com\/blog\/wp-content\/uploads\/2026\/08\/jp-sira60-150x150.jpg 150w, https:\/\/www.wanda-collection.com\/blog\/wp-content\/uploads\/2026\/08\/jp-sira60-768x768.jpg 768w\" sizes=\"(max-width: 1028px) 100vw, 1028px\" \/>\t\t\t\t\t\t\t\t\t\t\t\t<\/a>\n\t\t\t\t\t\t\t\t\t\t\t\t\t\t\t\t\t<figcaption class=\"widget-image-caption wp-caption-text\">Meuble en teck et c\u00e9ramique Sira, 60 cm<\/figcaption>\n\t\t\t\t\t\t\t\t\t\t\t\t\t\t\t\t<\/figure>\n\t\t\t\t\t\t\t\t\t\t\t\t\t\t<\/div>\n\t\t\t\t\t\t\t\t<\/div>\n\t\t\t\t<\/div>\n\t\t\t\t\t<\/div>\n\t\t<\/div>\n\t\t\t\t<div class=\"elementor-column elementor-col-60 elementor-top-column elementor-element elementor-element-d253615\" data-id=\"d253615\" data-element_type=\"column\">\n\t\t\t<div class=\"elementor-widget-wrap elementor-element-populated\">\n\t\t\t\t\t\t<div class=\"elementor-element elementor-element-11e1f02 elementor-widget elementor-widget-text-editor\" data-id=\"11e1f02\" data-element_type=\"widget\" data-widget_type=\"text-editor.default\">\n\t\t\t\t<div class=\"elementor-widget-container\">\n\t\t\t\t\t\t\t\t\t<h3>Le bois clair, en surface g\u00e9n\u00e9reuse<\/h3><p>C&rsquo;est la mati\u00e8re dominante, et elle doit occuper de la surface : une fa\u00e7ade de meuble enti\u00e8re, pas seulement une poign\u00e9e ou un cadre. Le japandi se reconna\u00eet d&rsquo;abord \u00e0 cette masse de bois clair pos\u00e9e dans une pi\u00e8ce par ailleurs blanche.<\/p><p>Le teck convient parfaitement, \u00e0 condition d&rsquo;en choisir une teinte claire et de le laisser huil\u00e9 plut\u00f4t que teint\u00e9. Ses lignes doivent rester droites : un meuble sculpt\u00e9 ou moulur\u00e9 sort imm\u00e9diatement du registre. Voir notre <a href=\"https:\/\/www.wanda-collection.com\/blog\/meuble-salle-de-bain-bois-massif\/\">guide du meuble de salle de bain en bois<\/a>.<\/p>\t\t\t\t\t\t\t\t<\/div>\n\t\t\t\t<\/div>\n\t\t\t\t<div class=\"vamtam-has-theme-widget-styles elementor-element elementor-element-6a81b69 elementor-align-center elementor-widget elementor-widget-button\" data-id=\"6a81b69\" data-element_type=\"widget\" data-widget_type=\"button.default\">\n\t\t\t\t<div class=\"elementor-widget-container\">\n\t\t\t\t\t\t\t\t\t<div class=\"elementor-button-wrapper\">\n\t\t\t\t\t<a class=\"elementor-button elementor-button-link elementor-size-sm\" href=\"https:\/\/www.wanda-collection.com\/cat-salle-de-bain-6.htm\">\n\t\t\t\t\t\t<span class=\"elementor-button-content-wrapper\">\n\t\t\t\t\t\t\t\t\t<span class=\"elementor-button-text\">Voir les meubles en teck clair<\/span>\n\t\t\t\t\t<\/span>\n\t\t\t\t\t<\/a>\n\t\t\t\t<\/div>\n\t\t\t\t\t\t\t\t<\/div>\n\t\t\t\t<\/div>\n\t\t\t\t\t<\/div>\n\t\t<\/div>\n\t\t\t\t\t<\/div>\n\t\t<\/section>\n\t\t\t\t<section class=\"elementor-section elementor-top-section elementor-element elementor-element-9fb7054 elementor-section-boxed elementor-section-height-default elementor-section-height-default\" data-id=\"9fb7054\" data-element_type=\"section\">\n\t\t\t\t\t\t<div class=\"elementor-container elementor-column-gap-default\">\n\t\t\t\t\t<div class=\"elementor-column elementor-col-60 elementor-top-column elementor-element elementor-element-5d2f74f\" data-id=\"5d2f74f\" data-element_type=\"column\">\n\t\t\t<div class=\"elementor-widget-wrap elementor-element-populated\">\n\t\t\t\t\t\t<div class=\"elementor-element elementor-element-dce2ea6 elementor-widget elementor-widget-text-editor\" data-id=\"dce2ea6\" data-element_type=\"widget\" data-widget_type=\"text-editor.default\">\n\t\t\t\t<div class=\"elementor-widget-container\">\n\t\t\t\t\t\t\t\t\t<h3>Un min\u00e9ral mat, jamais brillant<\/h3><p>B\u00e9ton, c\u00e9ramique mate, terrazzo \u00e0 grain fin : le min\u00e9ral apporte la fra\u00eecheur et la plan\u00e9it\u00e9 qui r\u00e9pondent au bois. La condition est l&rsquo;absence de brillance. Un plan en marbre poli miroir, aussi beau soit-il, appartient \u00e0 un autre vocabulaire.<\/p><p>Le contraste entre un caisson en teck clair et un plateau en b\u00e9ton ou en c\u00e9ramique mate est l&rsquo;accord le plus caract\u00e9ristique du style, et le plus facile \u00e0 r\u00e9ussir puisqu&rsquo;il se joue sur un seul meuble. Le <a href=\"https:\/\/www.wanda-collection.com\/blog\/le-terrazzo-dans-une-salle-de-bain-en-bois-5-idees-deco\/\">terrazzo<\/a> fonctionne aussi, \u00e0 condition de rester sur un grain fin et une teinte neutre.<\/p>\t\t\t\t\t\t\t\t<\/div>\n\t\t\t\t<\/div>\n\t\t\t\t<div class=\"vamtam-has-theme-widget-styles elementor-element elementor-element-8531533 elementor-align-center elementor-widget elementor-widget-button\" data-id=\"8531533\" data-element_type=\"widget\" data-widget_type=\"button.default\">\n\t\t\t\t<div class=\"elementor-widget-container\">\n\t\t\t\t\t\t\t\t\t<div class=\"elementor-button-wrapper\">\n\t\t\t\t\t<a class=\"elementor-button elementor-button-link elementor-size-sm\" href=\"https:\/\/www.wanda-collection.com\/art-meuble-salle-de-bain-en-teck-et-terrazzo-noir-aktual-60cm-56189.htm\">\n\t\t\t\t\t\t<span class=\"elementor-button-content-wrapper\">\n\t\t\t\t\t\t\t\t\t<span class=\"elementor-button-text\">Voir le meuble teck et terrazzo<\/span>\n\t\t\t\t\t<\/span>\n\t\t\t\t\t<\/a>\n\t\t\t\t<\/div>\n\t\t\t\t\t\t\t\t<\/div>\n\t\t\t\t<\/div>\n\t\t\t\t\t<\/div>\n\t\t<\/div>\n\t\t\t\t<div class=\"elementor-column elementor-col-40 elementor-top-column elementor-element elementor-element-07a8004\" data-id=\"07a8004\" data-element_type=\"column\">\n\t\t\t<div class=\"elementor-widget-wrap elementor-element-populated\">\n\t\t\t\t\t\t<div class=\"vamtam-has-theme-widget-styles elementor-element elementor-element-26ec3b4 elementor-widget elementor-widget-image\" data-id=\"26ec3b4\" data-element_type=\"widget\" data-widget_type=\"image.default\">\n\t\t\t\t<div class=\"elementor-widget-container\">\n\t\t\t\t\t\t\t\t\t<div class=\"elementor-image\">\n\t\t\t\t\t\t\t\t\t\t\t\t\t\t\t\t<figure class=\"wp-caption\">\n\t\t\t\t\t\t\t\t\t\t\t\t\t\t\t\t\t<a href=\"https:\/\/www.wanda-collection.com\/art-meuble-salle-de-bain-en-teck-et-terrazzo-noir-aktual-60cm-56189.htm\">\n\t\t\t\t\t\t\t\t\t\t\t<img decoding=\"async\" width=\"1028\" height=\"1028\" src=\"https:\/\/www.wanda-collection.com\/blog\/wp-content\/uploads\/2026\/08\/mb-terrazzo60.jpg\" class=\"attachment-full size-full wp-image-992844\" alt=\"Meuble en teck avec plateau en terrazzo noir Aktual de 60 cm\" srcset=\"https:\/\/www.wanda-collection.com\/blog\/wp-content\/uploads\/2026\/08\/mb-terrazzo60.jpg 1028w, https:\/\/www.wanda-collection.com\/blog\/wp-content\/uploads\/2026\/08\/mb-terrazzo60-300x300.jpg 300w, https:\/\/www.wanda-collection.com\/blog\/wp-content\/uploads\/2026\/08\/mb-terrazzo60-1024x1024.jpg 1024w, https:\/\/www.wanda-collection.com\/blog\/wp-content\/uploads\/2026\/08\/mb-terrazzo60-150x150.jpg 150w, https:\/\/www.wanda-collection.com\/blog\/wp-content\/uploads\/2026\/08\/mb-terrazzo60-768x768.jpg 768w\" sizes=\"(max-width: 1028px) 100vw, 1028px\" \/>\t\t\t\t\t\t\t\t\t\t\t\t<\/a>\n\t\t\t\t\t\t\t\t\t\t\t\t\t\t\t\t\t<figcaption class=\"widget-image-caption wp-caption-text\">Meuble en teck et terrazzo noir, 60 cm<\/figcaption>\n\t\t\t\t\t\t\t\t\t\t\t\t\t\t\t\t<\/figure>\n\t\t\t\t\t\t\t\t\t\t\t\t\t\t<\/div>\n\t\t\t\t\t\t\t\t<\/div>\n\t\t\t\t<\/div>\n\t\t\t\t\t<\/div>\n\t\t<\/div>\n\t\t\t\t\t<\/div>\n\t\t<\/section>\n\t\t\t\t<section class=\"elementor-section elementor-top-section elementor-element elementor-element-a105caf elementor-section-boxed elementor-section-height-default elementor-section-height-default\" data-id=\"a105caf\" data-element_type=\"section\">\n\t\t\t\t\t\t<div class=\"elementor-container elementor-column-gap-default\">\n\t\t\t\t\t<div class=\"elementor-column elementor-col-40 elementor-top-column elementor-element elementor-element-3ba0303\" data-id=\"3ba0303\" data-element_type=\"column\">\n\t\t\t<div class=\"elementor-widget-wrap elementor-element-populated\">\n\t\t\t\t\t\t<div class=\"vamtam-has-theme-widget-styles elementor-element elementor-element-4d4778d elementor-widget elementor-widget-image\" data-id=\"4d4778d\" data-element_type=\"widget\" data-widget_type=\"image.default\">\n\t\t\t\t<div class=\"elementor-widget-container\">\n\t\t\t\t\t\t\t\t\t<div class=\"elementor-image\">\n\t\t\t\t\t\t\t\t\t\t\t\t\t\t\t\t<figure class=\"wp-caption\">\n\t\t\t\t\t\t\t\t\t\t\t\t\t\t\t\t\t<a href=\"https:\/\/www.wanda-collection.com\/art-panier-tresse-en-jacinthe-d-eau-m-vito-55222.htm\">\n\t\t\t\t\t\t\t\t\t\t\t<img loading=\"lazy\" decoding=\"async\" width=\"1028\" height=\"1028\" src=\"https:\/\/www.wanda-collection.com\/blog\/wp-content\/uploads\/2026\/08\/pa-jacinthe-vito.jpg\" class=\"attachment-full size-full wp-image-992882\" alt=\"Panier de rangement tress\u00e9 en jacinthe d&#039;eau, taille M\" srcset=\"https:\/\/www.wanda-collection.com\/blog\/wp-content\/uploads\/2026\/08\/pa-jacinthe-vito.jpg 1028w, https:\/\/www.wanda-collection.com\/blog\/wp-content\/uploads\/2026\/08\/pa-jacinthe-vito-300x300.jpg 300w, https:\/\/www.wanda-collection.com\/blog\/wp-content\/uploads\/2026\/08\/pa-jacinthe-vito-1024x1024.jpg 1024w, https:\/\/www.wanda-collection.com\/blog\/wp-content\/uploads\/2026\/08\/pa-jacinthe-vito-150x150.jpg 150w, https:\/\/www.wanda-collection.com\/blog\/wp-content\/uploads\/2026\/08\/pa-jacinthe-vito-768x768.jpg 768w\" sizes=\"(max-width: 1028px) 100vw, 1028px\" \/>\t\t\t\t\t\t\t\t\t\t\t\t<\/a>\n\t\t\t\t\t\t\t\t\t\t\t\t\t\t\t\t\t<figcaption class=\"widget-image-caption wp-caption-text\">Panier en jacinthe d'eau Vito<\/figcaption>\n\t\t\t\t\t\t\t\t\t\t\t\t\t\t\t\t<\/figure>\n\t\t\t\t\t\t\t\t\t\t\t\t\t\t<\/div>\n\t\t\t\t\t\t\t\t<\/div>\n\t\t\t\t<\/div>\n\t\t\t\t\t<\/div>\n\t\t<\/div>\n\t\t\t\t<div class=\"elementor-column elementor-col-60 elementor-top-column elementor-element elementor-element-453d7d5\" data-id=\"453d7d5\" data-element_type=\"column\">\n\t\t\t<div class=\"elementor-widget-wrap elementor-element-populated\">\n\t\t\t\t\t\t<div class=\"elementor-element elementor-element-3643b4b elementor-widget elementor-widget-text-editor\" data-id=\"3643b4b\" data-element_type=\"widget\" data-widget_type=\"text-editor.default\">\n\t\t\t\t<div class=\"elementor-widget-container\">\n\t\t\t\t\t\t\t\t\t<h3>Un textile ou une fibre, pour la chaleur<\/h3><p>C&rsquo;est l&rsquo;apport scandinave, et celui qu&rsquo;on oublie le plus. Sans lui, la pi\u00e8ce est correcte mais froide. Un panier tress\u00e9, un tapis en fibre, des serviettes en coton gaufr\u00e9 : il en faut peu, mais il en faut.<\/p><p>Pr\u00e9f\u00e9rez les fibres claires et les tressages r\u00e9guliers. La jacinthe d&rsquo;eau et le jonc de mer conviennent bien, la corde bicolore un peu moins, parce qu&rsquo;elle introduit un motif.<\/p>\t\t\t\t\t\t\t\t<\/div>\n\t\t\t\t<\/div>\n\t\t\t\t<div class=\"vamtam-has-theme-widget-styles elementor-element elementor-element-d9eb25e elementor-align-center elementor-widget elementor-widget-button\" data-id=\"d9eb25e\" data-element_type=\"widget\" data-widget_type=\"button.default\">\n\t\t\t\t<div class=\"elementor-widget-container\">\n\t\t\t\t\t\t\t\t\t<div class=\"elementor-button-wrapper\">\n\t\t\t\t\t<a class=\"elementor-button elementor-button-link elementor-size-sm\" href=\"https:\/\/www.wanda-collection.com\/cat-panier-fibre-naturelle-1205.htm\">\n\t\t\t\t\t\t<span class=\"elementor-button-content-wrapper\">\n\t\t\t\t\t\t\t\t\t<span class=\"elementor-button-text\">Voir les paniers en fibre naturelle<\/span>\n\t\t\t\t\t<\/span>\n\t\t\t\t\t<\/a>\n\t\t\t\t<\/div>\n\t\t\t\t\t\t\t\t<\/div>\n\t\t\t\t<\/div>\n\t\t\t\t\t<\/div>\n\t\t<\/div>\n\t\t\t\t\t<\/div>\n\t\t<\/section>\n\t\t\t\t<section class=\"elementor-section elementor-top-section elementor-element elementor-element-d3f77f0 elementor-section-boxed elementor-section-height-default elementor-section-height-default\" data-id=\"d3f77f0\" data-element_type=\"section\">\n\t\t\t\t\t\t<div class=\"elementor-container elementor-column-gap-default\">\n\t\t\t\t\t<div class=\"elementor-column elementor-col-100 elementor-top-column elementor-element elementor-element-02f6c1c\" data-id=\"02f6c1c\" data-element_type=\"column\">\n\t\t\t<div class=\"elementor-widget-wrap elementor-element-populated\">\n\t\t\t\t\t\t<div class=\"elementor-element elementor-element-6a3546f elementor-widget elementor-widget-text-editor\" data-id=\"6a3546f\" data-element_type=\"widget\" data-widget_type=\"text-editor.default\">\n\t\t\t\t<div class=\"elementor-widget-container\">\n\t\t\t\t\t\t\t\t\t<h2>Les proportions, sujet plus important que les objets<\/h2><p>C&rsquo;est ce qui s\u00e9pare une salle de bain japandi d&rsquo;une salle de bain simplement sobre, et presque aucun article ne le mentionne.<\/p><h3>Privil\u00e9gier l&rsquo;horizontale<\/h3><p>Meuble bas et large plut\u00f4t que colonne haute, miroir en format paysage plut\u00f4t que portrait, \u00e9tag\u00e8re longue plut\u00f4t que rangements empil\u00e9s. L&rsquo;architecture japonaise traditionnelle est horizontale, et c&rsquo;est ce qui donne cette impression de repos.<\/p><p>Concr\u00e8tement, dans une pi\u00e8ce donn\u00e9e, pr\u00e9f\u00e9rez un meuble de 90 cm de large et bas \u00e0 un meuble de 60 cm surmont\u00e9 d&rsquo;une colonne.<\/p><h3>Laisser une zone enti\u00e8rement vide<\/h3><p>Un pan de mur sans rien, un bout de plan sans objet. Le vide doit \u00eatre visible et identifiable, pas seulement l&rsquo;espace r\u00e9siduel entre deux meubles. C&rsquo;est la r\u00e8gle la plus difficile \u00e0 tenir et la plus efficace.<\/p><h3>Aligner les hauteurs<\/h3><p>Le haut du miroir, le haut d&rsquo;une \u00e9tag\u00e8re, le haut d&rsquo;une porte de douche : quand deux ou trois \u00e9l\u00e9ments partagent une m\u00eame ligne horizontale, l&rsquo;\u0153il se repose. Quand chacun est \u00e0 une hauteur diff\u00e9rente, la pi\u00e8ce para\u00eet d\u00e9sordonn\u00e9e m\u00eame parfaitement rang\u00e9e.<\/p>\t\t\t\t\t\t\t\t<\/div>\n\t\t\t\t<\/div>\n\t\t\t\t\t<\/div>\n\t\t<\/div>\n\t\t\t\t\t<\/div>\n\t\t<\/section>\n\t\t\t\t<section class=\"elementor-section elementor-top-section elementor-element elementor-element-3553905 elementor-section-boxed elementor-section-height-default elementor-section-height-default\" data-id=\"3553905\" data-element_type=\"section\">\n\t\t\t\t\t\t<div class=\"elementor-container elementor-column-gap-default\">\n\t\t\t\t\t<div class=\"elementor-column elementor-col-60 elementor-top-column elementor-element elementor-element-62c866b\" data-id=\"62c866b\" data-element_type=\"column\">\n\t\t\t<div class=\"elementor-widget-wrap elementor-element-populated\">\n\t\t\t\t\t\t<div class=\"elementor-element elementor-element-f6d71b1 elementor-widget elementor-widget-text-editor\" data-id=\"f6d71b1\" data-element_type=\"widget\" data-widget_type=\"text-editor.default\">\n\t\t\t\t<div class=\"elementor-widget-container\">\n\t\t\t\t\t\t\t\t\t<h2>La palette<\/h2><p>Trois teintes, quatre au maximum, toutes d\u00e9satur\u00e9es.<\/p><p><strong>Les dominantes<\/strong> : blanc cass\u00e9 ou beige tr\u00e8s clair sur les murs, bois clair sur le mobilier. Ces deux l\u00e0 couvrent l&rsquo;essentiel de la pi\u00e8ce.<\/p><p><strong>L&rsquo;accent sombre<\/strong> : c&rsquo;est la signature japandi, et elle est souvent oubli\u00e9e. Un noir mat ou un gris anthracite, en tr\u00e8s petite quantit\u00e9, sur la robinetterie ou un cadre de miroir. Sans ce point sombre, l&rsquo;ensemble reste scandinave. Notre <a href=\"https:\/\/www.wanda-collection.com\/blog\/robinet-vasque-salle-de-bain\/\">guide du robinet de vasque<\/a> compare les finitions noires.<\/p><p><strong>Le v\u00e9g\u00e9tal<\/strong> : la seule couleur vive tol\u00e9r\u00e9e, et en un seul point. Une plante \u00e0 feuillage graphique, pas un ensemble de pots. Voir nos <a href=\"https:\/\/www.wanda-collection.com\/blog\/les-bienfaits-des-plantes-dans-la-salle-de-bain\/\">plantes pour la salle de bain<\/a>.<\/p><p>Ce qui est exclu : les couleurs pastel, le bois orang\u00e9 ou rougi, les m\u00e9taux dor\u00e9s et cuivr\u00e9s. Ces trois familles appartiennent \u00e0 d&rsquo;autres registres.<\/p>\t\t\t\t\t\t\t\t<\/div>\n\t\t\t\t<\/div>\n\t\t\t\t\t<\/div>\n\t\t<\/div>\n\t\t\t\t<div class=\"elementor-column elementor-col-40 elementor-top-column elementor-element elementor-element-e7a975d\" data-id=\"e7a975d\" data-element_type=\"column\">\n\t\t\t<div class=\"elementor-widget-wrap elementor-element-populated\">\n\t\t\t\t\t\t<div class=\"vamtam-has-theme-widget-styles elementor-element elementor-element-c51d175 elementor-widget elementor-widget-image\" data-id=\"c51d175\" data-element_type=\"widget\" data-widget_type=\"image.default\">\n\t\t\t\t<div class=\"elementor-widget-container\">\n\t\t\t\t\t\t\t\t\t<div class=\"elementor-image\">\n\t\t\t\t\t\t\t\t\t\t\t\t\t\t\t\t<figure class=\"wp-caption\">\n\t\t\t\t\t\t\t\t\t\t\t\t\t\t\t\t\t<a href=\"https:\/\/www.wanda-collection.com\/art-vasque-en-ceramique-a-poser-origami-57cm-55027.htm\">\n\t\t\t\t\t\t\t\t\t\t\t<img loading=\"lazy\" decoding=\"async\" width=\"1028\" height=\"1028\" src=\"https:\/\/www.wanda-collection.com\/blog\/wp-content\/uploads\/2026\/08\/vq-ceramique.jpg\" class=\"attachment-full size-full wp-image-992851\" alt=\"Vasque en c\u00e9ramique \u00e0 poser Origami de 57 cm, parois fines\" srcset=\"https:\/\/www.wanda-collection.com\/blog\/wp-content\/uploads\/2026\/08\/vq-ceramique.jpg 1028w, https:\/\/www.wanda-collection.com\/blog\/wp-content\/uploads\/2026\/08\/vq-ceramique-300x300.jpg 300w, https:\/\/www.wanda-collection.com\/blog\/wp-content\/uploads\/2026\/08\/vq-ceramique-1024x1024.jpg 1024w, https:\/\/www.wanda-collection.com\/blog\/wp-content\/uploads\/2026\/08\/vq-ceramique-150x150.jpg 150w, https:\/\/www.wanda-collection.com\/blog\/wp-content\/uploads\/2026\/08\/vq-ceramique-768x768.jpg 768w\" sizes=\"(max-width: 1028px) 100vw, 1028px\" \/>\t\t\t\t\t\t\t\t\t\t\t\t<\/a>\n\t\t\t\t\t\t\t\t\t\t\t\t\t\t\t\t\t<figcaption class=\"widget-image-caption wp-caption-text\">Vasque en c\u00e9ramique Origami, 57 cm<\/figcaption>\n\t\t\t\t\t\t\t\t\t\t\t\t\t\t\t\t<\/figure>\n\t\t\t\t\t\t\t\t\t\t\t\t\t\t<\/div>\n\t\t\t\t\t\t\t\t<\/div>\n\t\t\t\t<\/div>\n\t\t\t\t\t<\/div>\n\t\t<\/div>\n\t\t\t\t\t<\/div>\n\t\t<\/section>\n\t\t\t\t<section class=\"elementor-section elementor-top-section elementor-element elementor-element-11d59c9 elementor-section-boxed elementor-section-height-default elementor-section-height-default\" data-id=\"11d59c9\" data-element_type=\"section\">\n\t\t\t\t\t\t<div class=\"elementor-container elementor-column-gap-default\">\n\t\t\t\t\t<div class=\"elementor-column elementor-col-40 elementor-top-column elementor-element elementor-element-dad6eb6\" data-id=\"dad6eb6\" data-element_type=\"column\">\n\t\t\t<div class=\"elementor-widget-wrap elementor-element-populated\">\n\t\t\t\t\t\t<div class=\"vamtam-has-theme-widget-styles elementor-element elementor-element-d7eb930 elementor-widget elementor-widget-image\" data-id=\"d7eb930\" data-element_type=\"widget\" data-widget_type=\"image.default\">\n\t\t\t\t<div class=\"elementor-widget-container\">\n\t\t\t\t\t\t\t\t\t<div class=\"elementor-image\">\n\t\t\t\t\t\t\t\t\t\t\t\t\t\t\t\t<figure class=\"wp-caption\">\n\t\t\t\t\t\t\t\t\t\t\t\t\t\t\t\t\t<a href=\"https:\/\/www.wanda-collection.com\/art-miroir-retro-en-teck-massif-70-cm-x-50cm-673.htm\">\n\t\t\t\t\t\t\t\t\t\t\t<img loading=\"lazy\" decoding=\"async\" width=\"1028\" height=\"1028\" src=\"https:\/\/www.wanda-collection.com\/blog\/wp-content\/uploads\/2026\/08\/pv-miroir-teck.jpg\" class=\"attachment-full size-full wp-image-992867\" alt=\"Miroir de salle de bain r\u00e9tro \u00e0 cadre en teck massif\" srcset=\"https:\/\/www.wanda-collection.com\/blog\/wp-content\/uploads\/2026\/08\/pv-miroir-teck.jpg 1028w, https:\/\/www.wanda-collection.com\/blog\/wp-content\/uploads\/2026\/08\/pv-miroir-teck-300x300.jpg 300w, https:\/\/www.wanda-collection.com\/blog\/wp-content\/uploads\/2026\/08\/pv-miroir-teck-1024x1024.jpg 1024w, https:\/\/www.wanda-collection.com\/blog\/wp-content\/uploads\/2026\/08\/pv-miroir-teck-150x150.jpg 150w, https:\/\/www.wanda-collection.com\/blog\/wp-content\/uploads\/2026\/08\/pv-miroir-teck-768x768.jpg 768w\" sizes=\"(max-width: 1028px) 100vw, 1028px\" \/>\t\t\t\t\t\t\t\t\t\t\t\t<\/a>\n\t\t\t\t\t\t\t\t\t\t\t\t\t\t\t\t\t<figcaption class=\"widget-image-caption wp-caption-text\">Miroir r\u00e9tro en teck massif<\/figcaption>\n\t\t\t\t\t\t\t\t\t\t\t\t\t\t\t\t<\/figure>\n\t\t\t\t\t\t\t\t\t\t\t\t\t\t<\/div>\n\t\t\t\t\t\t\t\t<\/div>\n\t\t\t\t<\/div>\n\t\t\t\t\t<\/div>\n\t\t<\/div>\n\t\t\t\t<div class=\"elementor-column elementor-col-60 elementor-top-column elementor-element elementor-element-4c31250\" data-id=\"4c31250\" data-element_type=\"column\">\n\t\t\t<div class=\"elementor-widget-wrap elementor-element-populated\">\n\t\t\t\t\t\t<div class=\"elementor-element elementor-element-e061101 elementor-widget elementor-widget-text-editor\" data-id=\"e061101\" data-element_type=\"widget\" data-widget_type=\"text-editor.default\">\n\t\t\t\t<div class=\"elementor-widget-container\">\n\t\t\t\t\t\t\t\t\t<h2>Le japandi dans une petite salle de bain<\/h2><p>Le style s&rsquo;y pr\u00eate particuli\u00e8rement bien, parce que sa r\u00e8gle principale, r\u00e9duire, est aussi ce dont une petite pi\u00e8ce a besoin.<\/p><p>Deux adaptations suffisent. <strong>Le meuble suspendu<\/strong> devient la norme : il renforce l&rsquo;horizontale et laisse voir le sol, ce qui agrandit la pi\u00e8ce. <strong>Un seul grand miroir<\/strong>, en format paysage, plut\u00f4t que deux petits \u00e9l\u00e9ments : il double la lumi\u00e8re et affirme la ligne horizontale d&rsquo;un seul geste. Voir notre <a href=\"https:\/\/www.wanda-collection.com\/blog\/miroir-bois-salle-de-bain\/\">guide du miroir en bois<\/a>.<\/p><p>Renoncez en revanche \u00e0 la zone vide : dans 4 m\u00b2, elle n&rsquo;est pas tenable. Compensez par une r\u00e9duction plus stricte du nombre d&rsquo;objets visibles.<\/p>\t\t\t\t\t\t\t\t<\/div>\n\t\t\t\t<\/div>\n\t\t\t\t<div class=\"vamtam-has-theme-widget-styles elementor-element elementor-element-b6d56ac elementor-align-center elementor-widget elementor-widget-button\" data-id=\"b6d56ac\" data-element_type=\"widget\" data-widget_type=\"button.default\">\n\t\t\t\t<div class=\"elementor-widget-container\">\n\t\t\t\t\t\t\t\t\t<div class=\"elementor-button-wrapper\">\n\t\t\t\t\t<a class=\"elementor-button elementor-button-link elementor-size-sm\" href=\"https:\/\/www.wanda-collection.com\/art-miroir-retro-en-teck-massif-70-cm-x-50cm-673.htm\">\n\t\t\t\t\t\t<span class=\"elementor-button-content-wrapper\">\n\t\t\t\t\t\t\t\t\t<span class=\"elementor-button-text\">Voir le miroir en teck massif<\/span>\n\t\t\t\t\t<\/span>\n\t\t\t\t\t<\/a>\n\t\t\t\t<\/div>\n\t\t\t\t\t\t\t\t<\/div>\n\t\t\t\t<\/div>\n\t\t\t\t\t<\/div>\n\t\t<\/div>\n\t\t\t\t\t<\/div>\n\t\t<\/section>\n\t\t\t\t<section class=\"elementor-section elementor-top-section elementor-element elementor-element-8de8f96 elementor-section-boxed elementor-section-height-default elementor-section-height-default\" data-id=\"8de8f96\" data-element_type=\"section\">\n\t\t\t\t\t\t<div class=\"elementor-container elementor-column-gap-default\">\n\t\t\t\t\t<div class=\"elementor-column elementor-col-100 elementor-top-column elementor-element elementor-element-f680671\" data-id=\"f680671\" data-element_type=\"column\">\n\t\t\t<div class=\"elementor-widget-wrap elementor-element-populated\">\n\t\t\t\t\t\t<div class=\"elementor-element elementor-element-bee9d57 elementor-widget elementor-widget-text-editor\" data-id=\"bee9d57\" data-element_type=\"widget\" data-widget_type=\"text-editor.default\">\n\t\t\t\t<div class=\"elementor-widget-container\">\n\t\t\t\t\t\t\t\t\t<h2>Les cinq erreurs les plus fr\u00e9quentes<\/h2><p><strong>Oublier l&rsquo;accent sombre.<\/strong> Sans le point noir mat, la pi\u00e8ce est scandinave, pas japandi. C&rsquo;est l&rsquo;erreur la plus fr\u00e9quente et la plus facile \u00e0 corriger.<\/p><p><strong>Ajouter du dor\u00e9 ou du cuivr\u00e9.<\/strong> Les m\u00e9taux chauds appartiennent au registre m\u00e9diterran\u00e9en. En japandi, le m\u00e9tal est noir, gris ou nickel.<\/p><p><strong>Prendre un bois trop fonc\u00e9 ou trop orang\u00e9.<\/strong> Le japandi demande un bois clair. Un teck tr\u00e8s ambr\u00e9 tire vers l&rsquo;exotique, pas vers le Japon.<\/p><p><strong>Verticaliser le rangement.<\/strong> Colonnes empil\u00e9es et rangements hauts contredisent l&rsquo;horizontale qui fonde le style. Un meuble bas et large range autant.<\/p><p><strong>D\u00e9corer avec des objets japonisants.<\/strong> Estampe, bonsa\u00ef, id\u00e9ogramme : le japandi ne cite pas le Japon, il en applique la m\u00e9thode. Ces objets font basculer dans le pastiche.<\/p>\t\t\t\t\t\t\t\t<\/div>\n\t\t\t\t<\/div>\n\t\t\t\t\t<\/div>\n\t\t<\/div>\n\t\t\t\t\t<\/div>\n\t\t<\/section>\n\t\t\t\t<section class=\"elementor-section elementor-top-section elementor-element elementor-element-03062ff elementor-section-boxed elementor-section-height-default elementor-section-height-default\" data-id=\"03062ff\" data-element_type=\"section\">\n\t\t\t\t\t\t<div class=\"elementor-container elementor-column-gap-default\">\n\t\t\t\t\t<div class=\"elementor-column elementor-col-100 elementor-top-column elementor-element elementor-element-98577a6\" data-id=\"98577a6\" data-element_type=\"column\">\n\t\t\t<div class=\"elementor-widget-wrap elementor-element-populated\">\n\t\t\t\t\t\t<div class=\"elementor-element elementor-element-1ffb73d elementor-widget elementor-widget-heading\" data-id=\"1ffb73d\" data-element_type=\"widget\" data-widget_type=\"heading.default\">\n\t\t\t\t<div class=\"elementor-widget-container\">\n\t\t\t\t\t<h2 class=\"elementor-heading-title elementor-size-default\">La s\u00e9lection Wanda Collection<\/h2>\t\t\t\t<\/div>\n\t\t\t\t<\/div>\n\t\t\t\t\t<\/div>\n\t\t<\/div>\n\t\t\t\t\t<\/div>\n\t\t<\/section>\n\t\t\t\t<section class=\"elementor-section elementor-top-section elementor-element elementor-element-a6e79e6 elementor-section-boxed elementor-section-height-default elementor-section-height-default\" data-id=\"a6e79e6\" data-element_type=\"section\">\n\t\t\t\t\t\t<div class=\"elementor-container elementor-column-gap-default\">\n\t\t\t\t\t<div class=\"elementor-column elementor-col-100 elementor-top-column elementor-element elementor-element-8f43997\" data-id=\"8f43997\" data-element_type=\"column\">\n\t\t\t<div class=\"elementor-widget-wrap elementor-element-populated\">\n\t\t\t\t\t\t<div class=\"elementor-element elementor-element-4140695 elementor-widget elementor-widget-text-editor\" data-id=\"4140695\" data-element_type=\"widget\" data-widget_type=\"text-editor.default\">\n\t\t\t\t<div class=\"elementor-widget-container\">\n\t\t\t\t\t\t\t\t\t<p>Voici les pi\u00e8ces de la collection Wanda qui entrent le plus directement dans ce registre : bois clair, min\u00e9ral mat, ligne droite.<\/p><ul><li><strong><a href=\"https:\/\/www.wanda-collection.com\/art-meuble-salle-de-bain-en-teck-et-beton-sira-60-cm-55448.htm\">Meuble en teck et b\u00e9ton Sira 60 cm<\/a><\/strong> : l&rsquo;accord caract\u00e9ristique du style, bois clair et min\u00e9ral mat.<\/li><li><strong><a href=\"https:\/\/www.wanda-collection.com\/art-meuble-salle-de-bain-en-teck-et-ceramique-sira-60-cm-55181.htm\">Meuble en teck et c\u00e9ramique Sira 60 cm<\/a><\/strong> : m\u00eame logique avec un plateau c\u00e9ramique.<\/li><li><strong><a href=\"https:\/\/www.wanda-collection.com\/art-meuble-salle-de-bain-en-teck-et-terrazzo-noir-aktual-60cm-56189.htm\">Meuble en teck et terrazzo noir Aktual 60 cm<\/a><\/strong> : le terrazzo \u00e0 grain fin, teinte sombre en accent.<\/li><li><strong><a href=\"https:\/\/www.wanda-collection.com\/art-vasque-en-ceramique-a-poser-origami-57cm-55027.htm\">Vasque en c\u00e9ramique Origami 57 cm<\/a><\/strong> : parois fines et angles vifs, impossibles en pierre taill\u00e9e.<\/li><li><strong><a href=\"https:\/\/www.wanda-collection.com\/art-miroir-retro-en-teck-massif-70-cm-x-50cm-673.htm\">Miroir r\u00e9tro en teck massif, 70 x 50 cm<\/a><\/strong> : format paysage, cadre bois, ligne horizontale.<\/li><li><strong><a href=\"https:\/\/www.wanda-collection.com\/art-mitigeur-vasque-salle-de-bain-lana-noir-mat-55456.htm\">Mitigeur Lana noir mat<\/a><\/strong> : l&rsquo;accent sombre qui fait la signature.<\/li><li><strong><a href=\"https:\/\/www.wanda-collection.com\/art-gobelet-en-marbre-gris-302.htm\">Gobelet en marbre gris<\/a><\/strong> : min\u00e9ral mat, teinte neutre, forme cylindrique simple.<\/li><li><strong><a href=\"https:\/\/www.wanda-collection.com\/art-panier-tresse-en-jacinthe-d-eau-m-vito-55222.htm\">Panier tress\u00e9 en jacinthe d&rsquo;eau M Vito<\/a><\/strong> : l&rsquo;apport textile scandinave, en fibre claire.<\/li><\/ul>\t\t\t\t\t\t\t\t<\/div>\n\t\t\t\t<\/div>\n\t\t\t\t<div class=\"vamtam-has-theme-widget-styles elementor-element elementor-element-171e53e elementor-align-center elementor-widget elementor-widget-button\" data-id=\"171e53e\" data-element_type=\"widget\" data-widget_type=\"button.default\">\n\t\t\t\t<div class=\"elementor-widget-container\">\n\t\t\t\t\t\t\t\t\t<div class=\"elementor-button-wrapper\">\n\t\t\t\t\t<a class=\"elementor-button elementor-button-link elementor-size-sm\" href=\"https:\/\/www.wanda-collection.com\/cat-salle-de-bain-6.htm\">\n\t\t\t\t\t\t<span class=\"elementor-button-content-wrapper\">\n\t\t\t\t\t\t\t\t\t<span class=\"elementor-button-text\">D\u00e9couvrir la collection salle de bain<\/span>\n\t\t\t\t\t<\/span>\n\t\t\t\t\t<\/a>\n\t\t\t\t<\/div>\n\t\t\t\t\t\t\t\t<\/div>\n\t\t\t\t<\/div>\n\t\t\t\t\t<\/div>\n\t\t<\/div>\n\t\t\t\t\t<\/div>\n\t\t<\/section>\n\t\t\t\t<section class=\"elementor-section elementor-top-section elementor-element elementor-element-1615e81 elementor-section-boxed elementor-section-height-default elementor-section-height-default\" data-id=\"1615e81\" data-element_type=\"section\">\n\t\t\t\t\t\t<div class=\"elementor-container elementor-column-gap-default\">\n\t\t\t\t\t<div class=\"elementor-column elementor-col-100 elementor-top-column elementor-element elementor-element-f32d94e\" data-id=\"f32d94e\" data-element_type=\"column\">\n\t\t\t<div class=\"elementor-widget-wrap elementor-element-populated\">\n\t\t\t\t\t\t<div class=\"elementor-element elementor-element-6c6380c elementor-widget elementor-widget-text-editor\" data-id=\"6c6380c\" data-element_type=\"widget\" data-widget_type=\"text-editor.default\">\n\t\t\t\t<div class=\"elementor-widget-container\">\n\t\t\t\t\t\t\t\t\t<p>Si vous ne deviez retenir que deux choses : un bois clair en grande surface, et un point noir mat quelque part. Ces deux \u00e9l\u00e9ments suffisent \u00e0 identifier le style, tout le reste consiste \u00e0 retirer. Notre <a href=\"https:\/\/www.wanda-collection.com\/blog\/meubles-de-salle-de-bain-la-collection-zen\/\">guide de la salle de bain zen<\/a> pose les principes communs, et la <a href=\"https:\/\/www.wanda-collection.com\/blog\/salle-de-bain-en-teck\/\">salle de bain en teck<\/a> montre comment le bois se comporte dans la dur\u00e9e.<\/p>\n<!-- wanda-maillage-2026-08 --><div style=\"background:#faf6ef; border-left:4px solid #d4a84b; padding:24px 28px; margin:32px 0; border-radius:0 8px 8px 0;\"><p style=\"color:#1a1a2e; font-size:1.15em; margin:0 0 14px; font-weight:600; letter-spacing:0.3px; text-transform:uppercase;\">\u00c0 lire aussi sur le blog Wanda<\/p><ul style=\"margin:0; padding:0 0 0 18px; line-height:1.9;\"><li><a href=\"https:\/\/www.wanda-collection.com\/blog\/meubles-de-salle-de-bain-la-collection-zen\/\" style=\"font-weight:700; text-decoration:underline; color:#1a1a2e;\"><strong>Salle de bain zen : le guide complet<\/strong><\/a><\/li><li><a href=\"https:\/\/www.wanda-collection.com\/blog\/le-terrazzo-dans-une-salle-de-bain-en-bois-5-idees-deco\/\" style=\"font-weight:700; text-decoration:underline; color:#1a1a2e;\"><strong>Terrazzo et bois en salle de bain<\/strong><\/a><\/li><li><a href=\"https:\/\/www.wanda-collection.com\/blog\/miroir-bois-salle-de-bain\/\" style=\"font-weight:700; text-decoration:underline; color:#1a1a2e;\"><strong>Miroir en bois pour la salle de bain<\/strong><\/a><\/li><\/ul><\/div>\t\t\t\t\t\t\t\t<\/div>\n\t\t\t\t<\/div>\n\t\t\t\t\t<\/div>\n\t\t<\/div>\n\t\t\t\t\t<\/div>\n\t\t<\/section>\n\t\t\t\t<section class=\"elementor-section elementor-top-section elementor-element elementor-element-bf33d72 elementor-section-boxed elementor-section-height-default elementor-section-height-default\" data-id=\"bf33d72\" data-element_type=\"section\">\n\t\t\t\t\t\t<div class=\"elementor-container elementor-column-gap-default\">\n\t\t\t\t\t<div class=\"elementor-column elementor-col-100 elementor-top-column elementor-element elementor-element-9cbb452\" data-id=\"9cbb452\" data-element_type=\"column\">\n\t\t\t<div class=\"elementor-widget-wrap elementor-element-populated\">\n\t\t\t\t\t\t<div class=\"elementor-element elementor-element-904f24a elementor-widget elementor-widget-heading\" data-id=\"904f24a\" data-element_type=\"widget\" data-widget_type=\"heading.default\">\n\t\t\t\t<div class=\"elementor-widget-container\">\n\t\t\t\t\t<h2 class=\"elementor-heading-title elementor-size-default\">FAQ : salle de bain japandi<\/h2>\t\t\t\t<\/div>\n\t\t\t\t<\/div>\n\t\t\t\t\t<\/div>\n\t\t<\/div>\n\t\t\t\t\t<\/div>\n\t\t<\/section>\n\t\t\t\t<section class=\"elementor-section elementor-top-section elementor-element elementor-element-93b04ea elementor-section-boxed elementor-section-height-default elementor-section-height-default\" data-id=\"93b04ea\" data-element_type=\"section\">\n\t\t\t\t\t\t<div class=\"elementor-container elementor-column-gap-default\">\n\t\t\t\t\t<div class=\"elementor-column elementor-col-100 elementor-top-column elementor-element elementor-element-ed14b77\" data-id=\"ed14b77\" data-element_type=\"column\">\n\t\t\t<div class=\"elementor-widget-wrap elementor-element-populated\">\n\t\t\t\t\t\t<div class=\"elementor-element elementor-element-715b5b6 elementor-widget elementor-widget-accordion\" data-id=\"715b5b6\" data-element_type=\"widget\" data-widget_type=\"accordion.default\">\n\t\t\t\t<div class=\"elementor-widget-container\">\n\t\t\t\t\t\t\t<div class=\"elementor-accordion\">\n\t\t\t\t\t\t\t<div class=\"elementor-accordion-item\">\n\t\t\t\t\t<div id=\"elementor-tab-title-1181\" class=\"elementor-tab-title\" data-tab=\"1\" role=\"button\" aria-controls=\"elementor-tab-content-1181\" aria-expanded=\"false\">\n\t\t\t\t\t\t\t\t\t\t\t\t\t<span class=\"elementor-accordion-icon elementor-accordion-icon-left\" aria-hidden=\"true\">\n\t\t\t\t\t\t\t\t\t\t\t\t\t\t\t<span class=\"elementor-accordion-icon-closed\"><i class=\"fas fa-plus\"><\/i><\/span>\n\t\t\t\t\t\t\t\t<span class=\"elementor-accordion-icon-opened\"><i class=\"fas fa-minus\"><\/i><\/span>\n\t\t\t\t\t\t\t\t\t\t\t\t\t\t<\/span>\n\t\t\t\t\t\t\t\t\t\t\t\t<a class=\"elementor-accordion-title\" tabindex=\"0\">Qu'est-ce que le style japandi ?<\/a>\n\t\t\t\t\t<\/div>\n\t\t\t\t\t<div id=\"elementor-tab-content-1181\" class=\"elementor-tab-content elementor-clearfix\" data-tab=\"1\" role=\"region\" aria-labelledby=\"elementor-tab-title-1181\"><p>C&rsquo;est la rencontre du minimalisme japonais et du fonctionnalisme scandinave. Il emprunte au Japon la r\u00e9duction, la ligne basse et le go\u00fbt de la mati\u00e8re brute, et \u00e0 la Scandinavie la clart\u00e9 du bois, la chaleur des textiles et le refus de l&rsquo;aust\u00e9rit\u00e9. C&rsquo;est cette seconde part qui l&#8217;emp\u00eache de tomber dans l&rsquo;aust\u00e9rit\u00e9 d&rsquo;un int\u00e9rieur japonais strict.<\/p><\/div>\n\t\t\t\t<\/div>\n\t\t\t\t\t\t\t<div class=\"elementor-accordion-item\">\n\t\t\t\t\t<div id=\"elementor-tab-title-1182\" class=\"elementor-tab-title\" data-tab=\"2\" role=\"button\" aria-controls=\"elementor-tab-content-1182\" aria-expanded=\"false\">\n\t\t\t\t\t\t\t\t\t\t\t\t\t<span class=\"elementor-accordion-icon elementor-accordion-icon-left\" aria-hidden=\"true\">\n\t\t\t\t\t\t\t\t\t\t\t\t\t\t\t<span class=\"elementor-accordion-icon-closed\"><i class=\"fas fa-plus\"><\/i><\/span>\n\t\t\t\t\t\t\t\t<span class=\"elementor-accordion-icon-opened\"><i class=\"fas fa-minus\"><\/i><\/span>\n\t\t\t\t\t\t\t\t\t\t\t\t\t\t<\/span>\n\t\t\t\t\t\t\t\t\t\t\t\t<a class=\"elementor-accordion-title\" tabindex=\"0\">Quelle diff\u00e9rence entre japandi et salle de bain zen ?<\/a>\n\t\t\t\t\t<\/div>\n\t\t\t\t\t<div id=\"elementor-tab-content-1182\" class=\"elementor-tab-content elementor-clearfix\" data-tab=\"2\" role=\"region\" aria-labelledby=\"elementor-tab-title-1182\"><p>Les deux r\u00e9duisent, mais pas dans la m\u00eame direction. Le zen accepte la mati\u00e8re irr\u00e9guli\u00e8re : pierre non taill\u00e9e, galet brut, imperfection assum\u00e9e. Le japandi pr\u00e9f\u00e8re la ligne nette : bois clair rabot\u00e9, angles droits, surfaces lisses. Le zen r\u00e9duit vers le brut, le japandi r\u00e9duit vers le net.<\/p><\/div>\n\t\t\t\t<\/div>\n\t\t\t\t\t\t\t<div class=\"elementor-accordion-item\">\n\t\t\t\t\t<div id=\"elementor-tab-title-1183\" class=\"elementor-tab-title\" data-tab=\"3\" role=\"button\" aria-controls=\"elementor-tab-content-1183\" aria-expanded=\"false\">\n\t\t\t\t\t\t\t\t\t\t\t\t\t<span class=\"elementor-accordion-icon elementor-accordion-icon-left\" aria-hidden=\"true\">\n\t\t\t\t\t\t\t\t\t\t\t\t\t\t\t<span class=\"elementor-accordion-icon-closed\"><i class=\"fas fa-plus\"><\/i><\/span>\n\t\t\t\t\t\t\t\t<span class=\"elementor-accordion-icon-opened\"><i class=\"fas fa-minus\"><\/i><\/span>\n\t\t\t\t\t\t\t\t\t\t\t\t\t\t<\/span>\n\t\t\t\t\t\t\t\t\t\t\t\t<a class=\"elementor-accordion-title\" tabindex=\"0\">Quelles couleurs pour une salle de bain japandi ?<\/a>\n\t\t\t\t\t<\/div>\n\t\t\t\t\t<div id=\"elementor-tab-content-1183\" class=\"elementor-tab-content elementor-clearfix\" data-tab=\"3\" role=\"region\" aria-labelledby=\"elementor-tab-title-1183\"><p>Trois teintes, quatre au maximum, toutes d\u00e9satur\u00e9es. Blanc cass\u00e9 ou beige tr\u00e8s clair sur les murs, bois clair sur le mobilier, et surtout un accent sombre en tr\u00e8s petite quantit\u00e9, noir mat ou gris anthracite, sur la robinetterie ou un cadre. Sans ce point sombre, l&rsquo;ensemble reste scandinave. Le v\u00e9g\u00e9tal fournit la seule couleur vive, en un seul point.<\/p><\/div>\n\t\t\t\t<\/div>\n\t\t\t\t\t\t\t<div class=\"elementor-accordion-item\">\n\t\t\t\t\t<div id=\"elementor-tab-title-1184\" class=\"elementor-tab-title\" data-tab=\"4\" role=\"button\" aria-controls=\"elementor-tab-content-1184\" aria-expanded=\"false\">\n\t\t\t\t\t\t\t\t\t\t\t\t\t<span class=\"elementor-accordion-icon elementor-accordion-icon-left\" aria-hidden=\"true\">\n\t\t\t\t\t\t\t\t\t\t\t\t\t\t\t<span class=\"elementor-accordion-icon-closed\"><i class=\"fas fa-plus\"><\/i><\/span>\n\t\t\t\t\t\t\t\t<span class=\"elementor-accordion-icon-opened\"><i class=\"fas fa-minus\"><\/i><\/span>\n\t\t\t\t\t\t\t\t\t\t\t\t\t\t<\/span>\n\t\t\t\t\t\t\t\t\t\t\t\t<a class=\"elementor-accordion-title\" tabindex=\"0\">Quelles mati\u00e8res retenir en japandi ?<\/a>\n\t\t\t\t\t<\/div>\n\t\t\t\t\t<div id=\"elementor-tab-content-1184\" class=\"elementor-tab-content elementor-clearfix\" data-tab=\"4\" role=\"region\" aria-labelledby=\"elementor-tab-title-1184\"><p>Trois seulement : un bois clair en surface g\u00e9n\u00e9reuse, qui domine ; un min\u00e9ral mat comme le b\u00e9ton, la c\u00e9ramique mate ou un terrazzo \u00e0 grain fin, jamais brillant ; et un textile ou une fibre claire pour la chaleur, panier tress\u00e9 ou tapis. Une quatri\u00e8me mati\u00e8re fait basculer vers autre chose.<\/p><\/div>\n\t\t\t\t<\/div>\n\t\t\t\t\t\t\t<div class=\"elementor-accordion-item\">\n\t\t\t\t\t<div id=\"elementor-tab-title-1185\" class=\"elementor-tab-title\" data-tab=\"5\" role=\"button\" aria-controls=\"elementor-tab-content-1185\" aria-expanded=\"false\">\n\t\t\t\t\t\t\t\t\t\t\t\t\t<span class=\"elementor-accordion-icon elementor-accordion-icon-left\" aria-hidden=\"true\">\n\t\t\t\t\t\t\t\t\t\t\t\t\t\t\t<span class=\"elementor-accordion-icon-closed\"><i class=\"fas fa-plus\"><\/i><\/span>\n\t\t\t\t\t\t\t\t<span class=\"elementor-accordion-icon-opened\"><i class=\"fas fa-minus\"><\/i><\/span>\n\t\t\t\t\t\t\t\t\t\t\t\t\t\t<\/span>\n\t\t\t\t\t\t\t\t\t\t\t\t<a class=\"elementor-accordion-title\" tabindex=\"0\">Pourquoi privil\u00e9gier l'horizontale ?<\/a>\n\t\t\t\t\t<\/div>\n\t\t\t\t\t<div id=\"elementor-tab-content-1185\" class=\"elementor-tab-content elementor-clearfix\" data-tab=\"5\" role=\"region\" aria-labelledby=\"elementor-tab-title-1185\"><p>L&rsquo;architecture japonaise traditionnelle est horizontale, et c&rsquo;est de l\u00e0 que vient l&rsquo;impression de repos. Concr\u00e8tement : un meuble bas et large plut\u00f4t qu&rsquo;une colonne haute, un miroir en format paysage plut\u00f4t que portrait, une \u00e9tag\u00e8re longue plut\u00f4t que des rangements empil\u00e9s. Alignez aussi les hauteurs de deux ou trois \u00e9l\u00e9ments sur une m\u00eame ligne : l&rsquo;\u0153il s&rsquo;y repose.<\/p><\/div>\n\t\t\t\t<\/div>\n\t\t\t\t\t\t\t<div class=\"elementor-accordion-item\">\n\t\t\t\t\t<div id=\"elementor-tab-title-1186\" class=\"elementor-tab-title\" data-tab=\"6\" role=\"button\" aria-controls=\"elementor-tab-content-1186\" aria-expanded=\"false\">\n\t\t\t\t\t\t\t\t\t\t\t\t\t<span class=\"elementor-accordion-icon elementor-accordion-icon-left\" aria-hidden=\"true\">\n\t\t\t\t\t\t\t\t\t\t\t\t\t\t\t<span class=\"elementor-accordion-icon-closed\"><i class=\"fas fa-plus\"><\/i><\/span>\n\t\t\t\t\t\t\t\t<span class=\"elementor-accordion-icon-opened\"><i class=\"fas fa-minus\"><\/i><\/span>\n\t\t\t\t\t\t\t\t\t\t\t\t\t\t<\/span>\n\t\t\t\t\t\t\t\t\t\t\t\t<a class=\"elementor-accordion-title\" tabindex=\"0\">Le japandi convient-il \u00e0 une petite salle de bain ?<\/a>\n\t\t\t\t\t<\/div>\n\t\t\t\t\t<div id=\"elementor-tab-content-1186\" class=\"elementor-tab-content elementor-clearfix\" data-tab=\"6\" role=\"region\" aria-labelledby=\"elementor-tab-title-1186\"><p>Oui, particuli\u00e8rement bien, puisque sa r\u00e8gle principale est de r\u00e9duire. Deux adaptations : un meuble suspendu, qui renforce l&rsquo;horizontale et laisse voir le sol, et un seul grand miroir en format paysage plut\u00f4t que plusieurs petits \u00e9l\u00e9ments. Renoncez en revanche \u00e0 la zone enti\u00e8rement vide, intenable dans 4 m\u00b2, et compensez par une r\u00e9duction plus stricte des objets visibles.<\/p><\/div>\n\t\t\t\t<\/div>\n\t\t\t\t\t\t\t\t<\/div>\n\t\t\t\t\t\t<\/div>\n\t\t\t\t<\/div>\n\t\t\t\t<div class=\"elementor-element elementor-element-daf7b1c elementor-widget elementor-widget-html\" data-id=\"daf7b1c\" data-element_type=\"widget\" data-widget_type=\"html.default\">\n\t\t\t\t<div class=\"elementor-widget-container\">\n\t\t\t\t\t<script type=\"application\/ld+json\">{\"@context\": \"https:\/\/schema.org\", \"@type\": \"Article\", \"headline\": \"Salle de bain japandi : les r\u00e8gles, les mati\u00e8res et les proportions\", \"description\": \"Salle de bain japandi : ce qui la distingue du zen et du scandinave, les trois mati\u00e8res \u00e0 retenir, les proportions justes et les erreurs qui la font basculer.\", \"author\": {\"@type\": \"Organization\", \"name\": \"Wanda Collection\"}, \"publisher\": {\"@type\": \"Organization\", \"name\": \"Wanda Collection\", \"logo\": {\"@type\": \"ImageObject\", \"url\": \"https:\/\/www.wanda-collection.com\/img\/logo.png\"}}, \"mainEntityOfPage\": \"https:\/\/www.wanda-collection.com\/blog\/comment-creer-une-salle-de-bain-au-style-japandi\/\", \"image\": \"https:\/\/www.wanda-collection.com\/blog\/wp-content\/uploads\/2026\/08\/jp-beton60.jpg\"}<\/script>\n<script type=\"application\/ld+json\">{\"@context\": \"https:\/\/schema.org\", \"@type\": \"FAQPage\", \"mainEntity\": [{\"@type\": \"Question\", \"name\": \"Qu'est-ce que le style japandi ?\", \"acceptedAnswer\": {\"@type\": \"Answer\", \"text\": \"C'est la rencontre du minimalisme japonais et du fonctionnalisme scandinave. Il emprunte au Japon la r\u00e9duction, la ligne basse et le go\u00fbt de la mati\u00e8re brute, et \u00e0 la Scandinavie la clart\u00e9 du bois, la chaleur des textiles et le refus de l'aust\u00e9rit\u00e9. C'est cette seconde part qui l'emp\u00eache de tomber dans l'aust\u00e9rit\u00e9 d'un int\u00e9rieur japonais strict.\"}}, {\"@type\": \"Question\", \"name\": \"Quelle diff\u00e9rence entre japandi et salle de bain zen ?\", \"acceptedAnswer\": {\"@type\": \"Answer\", \"text\": \"Les deux r\u00e9duisent, mais pas dans la m\u00eame direction. Le zen accepte la mati\u00e8re irr\u00e9guli\u00e8re : pierre non taill\u00e9e, galet brut, imperfection assum\u00e9e. Le japandi pr\u00e9f\u00e8re la ligne nette : bois clair rabot\u00e9, angles droits, surfaces lisses. Le zen r\u00e9duit vers le brut, le japandi r\u00e9duit vers le net.\"}}, {\"@type\": \"Question\", \"name\": \"Quelles couleurs pour une salle de bain japandi ?\", \"acceptedAnswer\": {\"@type\": \"Answer\", \"text\": \"Trois teintes, quatre au maximum, toutes d\u00e9satur\u00e9es. Blanc cass\u00e9 ou beige tr\u00e8s clair sur les murs, bois clair sur le mobilier, et surtout un accent sombre en tr\u00e8s petite quantit\u00e9, noir mat ou gris anthracite, sur la robinetterie ou un cadre. Sans ce point sombre, l'ensemble reste scandinave. Le v\u00e9g\u00e9tal fournit la seule couleur vive, en un seul point.\"}}, {\"@type\": \"Question\", \"name\": \"Quelles mati\u00e8res retenir en japandi ?\", \"acceptedAnswer\": {\"@type\": \"Answer\", \"text\": \"Trois seulement : un bois clair en surface g\u00e9n\u00e9reuse, qui domine ; un min\u00e9ral mat comme le b\u00e9ton, la c\u00e9ramique mate ou un terrazzo \u00e0 grain fin, jamais brillant ; et un textile ou une fibre claire pour la chaleur, panier tress\u00e9 ou tapis. Une quatri\u00e8me mati\u00e8re fait basculer vers autre chose.\"}}, {\"@type\": \"Question\", \"name\": \"Pourquoi privil\u00e9gier l'horizontale ?\", \"acceptedAnswer\": {\"@type\": \"Answer\", \"text\": \"L'architecture japonaise traditionnelle est horizontale, et c'est de l\u00e0 que vient l'impression de repos. Concr\u00e8tement : un meuble bas et large plut\u00f4t qu'une colonne haute, un miroir en format paysage plut\u00f4t que portrait, une \u00e9tag\u00e8re longue plut\u00f4t que des rangements empil\u00e9s. Alignez aussi les hauteurs de deux ou trois \u00e9l\u00e9ments sur une m\u00eame ligne : l'\u0153il s'y repose.\"}}, {\"@type\": \"Question\", \"name\": \"Le japandi convient-il \u00e0 une petite salle de bain ?\", \"acceptedAnswer\": {\"@type\": \"Answer\", \"text\": \"Oui, particuli\u00e8rement bien, puisque sa r\u00e8gle principale est de r\u00e9duire. Deux adaptations : un meuble suspendu, qui renforce l'horizontale et laisse voir le sol, et un seul grand miroir en format paysage plut\u00f4t que plusieurs petits \u00e9l\u00e9ments. Renoncez en revanche \u00e0 la zone enti\u00e8rement vide, intenable dans 4 m\u00b2, et compensez par une r\u00e9duction plus stricte des objets visibles.\"}}]}<\/script>\t\t\t\t<\/div>\n\t\t\t\t<\/div>\n\t\t\t\t\t<\/div>\n\t\t<\/div>\n\t\t\t\t\t<\/div>\n\t\t<\/section>\n\t\t\t\t<\/div>\n\t\t","protected":false},"excerpt":{"rendered":"<p>Salle de bain japandi : ce qui la distingue du zen et du scandinave, les trois mati\u00e8res \u00e0 retenir, les proportions justes et les erreurs qui la font basculer.<\/p>\n","protected":false},"author":3,"featured_media":992888,"comment_status":"closed","ping_status":"open","sticky":false,"template":"","format":"standard","meta":{"footnotes":""},"categories":[100,112,16],"tags":[114],"class_list":["post-990315","post","type-post","status-publish","format-standard","has-post-thumbnail","hentry","category-decoration-et-tendances","category-inspiration-interieure","category-salle-de-bain","tag-guide-dachat"],"yoast_head":"<!-- This site is optimized with the Yoast SEO plugin v25.5 - https:\/\/yoast.com\/wordpress\/plugins\/seo\/ -->\n<title>Salle de bain japandi : les r\u00e8gles, les mati\u00e8res et les proportions<\/title>\n<meta name=\"description\" content=\"Salle de bain japandi : ce qui la distingue du zen et du scandinave, les trois mati\u00e8res \u00e0 retenir, les proportions justes et les erreurs qui la font basculer.\" \/>\n<meta name=\"robots\" content=\"index, follow, max-snippet:-1, max-image-preview:large, max-video-preview:-1\" \/>\n<link rel=\"canonical\" href=\"https:\/\/www.wanda-collection.com\/blog\/comment-creer-une-salle-de-bain-au-style-japandi\/\" \/>\n<meta property=\"og:locale\" content=\"fr_FR\" \/>\n<meta property=\"og:type\" content=\"article\" \/>\n<meta property=\"og:title\" content=\"Salle de bain japandi : les r\u00e8gles, les mati\u00e8res et les proportions\" \/>\n<meta property=\"og:description\" content=\"Salle de bain japandi : ce qui la distingue du zen et du scandinave, les trois mati\u00e8res \u00e0 retenir, les proportions justes et les erreurs qui la font basculer.\" \/>\n<meta property=\"og:url\" content=\"https:\/\/www.wanda-collection.com\/blog\/comment-creer-une-salle-de-bain-au-style-japandi\/\" \/>\n<meta property=\"og:site_name\" content=\"Wanda collection Le blog\" \/>\n<meta property=\"article:publisher\" content=\"https:\/\/www.facebook.com\/WandaCollection.fr\/\" \/>\n<meta property=\"article:published_time\" content=\"2024-01-10T09:00:00+00:00\" \/>\n<meta property=\"article:modified_time\" content=\"2026-08-31T12:49:40+00:00\" \/>\n<meta property=\"og:image\" content=\"https:\/\/www.wanda-collection.com\/blog\/wp-content\/uploads\/2026\/08\/jp-beton60.jpg\" \/>\n\t<meta property=\"og:image:width\" content=\"1028\" \/>\n\t<meta property=\"og:image:height\" content=\"1028\" \/>\n\t<meta property=\"og:image:type\" content=\"image\/jpeg\" \/>\n<meta name=\"author\" content=\"Lucie\" \/>\n<meta name=\"twitter:card\" content=\"summary_large_image\" \/>\n<meta name=\"twitter:label1\" content=\"\u00c9crit par\" \/>\n\t<meta name=\"twitter:data1\" content=\"Lucie\" \/>\n\t<meta name=\"twitter:label2\" content=\"Dur\u00e9e de lecture estim\u00e9e\" \/>\n\t<meta name=\"twitter:data2\" content=\"6 minutes\" \/>\n<script type=\"application\/ld+json\" class=\"yoast-schema-graph\">{\"@context\":\"https:\/\/schema.org\",\"@graph\":[{\"@type\":\"Article\",\"@id\":\"https:\/\/www.wanda-collection.com\/blog\/comment-creer-une-salle-de-bain-au-style-japandi\/#article\",\"isPartOf\":{\"@id\":\"https:\/\/www.wanda-collection.com\/blog\/comment-creer-une-salle-de-bain-au-style-japandi\/\"},\"author\":{\"name\":\"Lucie\",\"@id\":\"https:\/\/www.wanda-collection.com\/blog\/#\/schema\/person\/43f44d8fe3d6683ee8d2b4f771d9e572\"},\"headline\":\"Salle de bain japandi : les r\u00e8gles, les mati\u00e8res et les proportions\",\"datePublished\":\"2024-01-10T09:00:00+00:00\",\"dateModified\":\"2026-08-31T12:49:40+00:00\",\"mainEntityOfPage\":{\"@id\":\"https:\/\/www.wanda-collection.com\/blog\/comment-creer-une-salle-de-bain-au-style-japandi\/\"},\"wordCount\":1961,\"publisher\":{\"@id\":\"https:\/\/www.wanda-collection.com\/blog\/#organization\"},\"image\":{\"@id\":\"https:\/\/www.wanda-collection.com\/blog\/comment-creer-une-salle-de-bain-au-style-japandi\/#primaryimage\"},\"thumbnailUrl\":\"https:\/\/www.wanda-collection.com\/blog\/wp-content\/uploads\/2026\/08\/jp-beton60.jpg\",\"keywords\":[\"Guide d'achat\"],\"articleSection\":[\"D\u00e9coration et tendances\",\"Inspiration int\u00e9rieure\",\"Salle de bain\"],\"inLanguage\":\"fr-FR\"},{\"@type\":\"WebPage\",\"@id\":\"https:\/\/www.wanda-collection.com\/blog\/comment-creer-une-salle-de-bain-au-style-japandi\/\",\"url\":\"https:\/\/www.wanda-collection.com\/blog\/comment-creer-une-salle-de-bain-au-style-japandi\/\",\"name\":\"Salle de bain japandi : les r\u00e8gles, les mati\u00e8res et les proportions\",\"isPartOf\":{\"@id\":\"https:\/\/www.wanda-collection.com\/blog\/#website\"},\"primaryImageOfPage\":{\"@id\":\"https:\/\/www.wanda-collection.com\/blog\/comment-creer-une-salle-de-bain-au-style-japandi\/#primaryimage\"},\"image\":{\"@id\":\"https:\/\/www.wanda-collection.com\/blog\/comment-creer-une-salle-de-bain-au-style-japandi\/#primaryimage\"},\"thumbnailUrl\":\"https:\/\/www.wanda-collection.com\/blog\/wp-content\/uploads\/2026\/08\/jp-beton60.jpg\",\"datePublished\":\"2024-01-10T09:00:00+00:00\",\"dateModified\":\"2026-08-31T12:49:40+00:00\",\"description\":\"Salle de bain japandi : ce qui la distingue du zen et du scandinave, les trois mati\u00e8res \u00e0 retenir, les proportions justes et les erreurs qui la font basculer.\",\"breadcrumb\":{\"@id\":\"https:\/\/www.wanda-collection.com\/blog\/comment-creer-une-salle-de-bain-au-style-japandi\/#breadcrumb\"},\"inLanguage\":\"fr-FR\",\"potentialAction\":[{\"@type\":\"ReadAction\",\"target\":[\"https:\/\/www.wanda-collection.com\/blog\/comment-creer-une-salle-de-bain-au-style-japandi\/\"]}]},{\"@type\":\"ImageObject\",\"inLanguage\":\"fr-FR\",\"@id\":\"https:\/\/www.wanda-collection.com\/blog\/comment-creer-une-salle-de-bain-au-style-japandi\/#primaryimage\",\"url\":\"https:\/\/www.wanda-collection.com\/blog\/wp-content\/uploads\/2026\/08\/jp-beton60.jpg\",\"contentUrl\":\"https:\/\/www.wanda-collection.com\/blog\/wp-content\/uploads\/2026\/08\/jp-beton60.jpg\",\"width\":1028,\"height\":1028,\"caption\":\"Meuble en teck et b\u00e9ton Sira, 60 cm\"},{\"@type\":\"BreadcrumbList\",\"@id\":\"https:\/\/www.wanda-collection.com\/blog\/comment-creer-une-salle-de-bain-au-style-japandi\/#breadcrumb\",\"itemListElement\":[{\"@type\":\"ListItem\",\"position\":1,\"name\":\"Accueil\",\"item\":\"https:\/\/www.wanda-collection.com\/blog\/\"},{\"@type\":\"ListItem\",\"position\":2,\"name\":\"Salle de bain\",\"item\":\"https:\/\/www.wanda-collection.com\/blog\/category\/salle-de-bain\/\"},{\"@type\":\"ListItem\",\"position\":3,\"name\":\"Am\u00e9nagement\",\"item\":\"https:\/\/www.wanda-collection.com\/blog\/category\/salle-de-bain\/amenagement\/\"},{\"@type\":\"ListItem\",\"position\":4,\"name\":\"Salle de bain japandi : les r\u00e8gles, les mati\u00e8res et les proportions\"}]},{\"@type\":\"WebSite\",\"@id\":\"https:\/\/www.wanda-collection.com\/blog\/#website\",\"url\":\"https:\/\/www.wanda-collection.com\/blog\/\",\"name\":\"Wanda collection Le blog\",\"description\":\"\",\"publisher\":{\"@id\":\"https:\/\/www.wanda-collection.com\/blog\/#organization\"},\"potentialAction\":[{\"@type\":\"SearchAction\",\"target\":{\"@type\":\"EntryPoint\",\"urlTemplate\":\"https:\/\/www.wanda-collection.com\/blog\/?s={search_term_string}\"},\"query-input\":{\"@type\":\"PropertyValueSpecification\",\"valueRequired\":true,\"valueName\":\"search_term_string\"}}],\"inLanguage\":\"fr-FR\"},{\"@type\":\"Organization\",\"@id\":\"https:\/\/www.wanda-collection.com\/blog\/#organization\",\"name\":\"Wanda collection Le blog\",\"url\":\"https:\/\/www.wanda-collection.com\/blog\/\",\"logo\":{\"@type\":\"ImageObject\",\"inLanguage\":\"fr-FR\",\"@id\":\"https:\/\/www.wanda-collection.com\/blog\/#\/schema\/logo\/image\/\",\"url\":\"https:\/\/www.wanda-collection.com\/blog\/wp-content\/uploads\/2022\/09\/cropped-logo-Le-blog-5.png\",\"contentUrl\":\"https:\/\/www.wanda-collection.com\/blog\/wp-content\/uploads\/2022\/09\/cropped-logo-Le-blog-5.png\",\"width\":1141,\"height\":328,\"caption\":\"Wanda collection Le blog\"},\"image\":{\"@id\":\"https:\/\/www.wanda-collection.com\/blog\/#\/schema\/logo\/image\/\"},\"sameAs\":[\"https:\/\/www.facebook.com\/WandaCollection.fr\/\",\"https:\/\/www.pinterest.fr\/wandacollection\/\",\"https:\/\/www.instagram.com\/wanda.collection\/\"]},{\"@type\":\"Person\",\"@id\":\"https:\/\/www.wanda-collection.com\/blog\/#\/schema\/person\/43f44d8fe3d6683ee8d2b4f771d9e572\",\"name\":\"Lucie\",\"image\":{\"@type\":\"ImageObject\",\"inLanguage\":\"fr-FR\",\"@id\":\"https:\/\/www.wanda-collection.com\/blog\/#\/schema\/person\/image\/\",\"url\":\"https:\/\/secure.gravatar.com\/avatar\/2374ace24cfe34734c3ad61c37200b20777dbdac6514c25efaebb555c78b12ea?s=96&d=mm&r=g\",\"contentUrl\":\"https:\/\/secure.gravatar.com\/avatar\/2374ace24cfe34734c3ad61c37200b20777dbdac6514c25efaebb555c78b12ea?s=96&d=mm&r=g\",\"caption\":\"Lucie\"}}]}<\/script>\n<!-- \/ Yoast SEO plugin. -->","yoast_head_json":{"title":"Salle de bain japandi : les r\u00e8gles, les mati\u00e8res et les proportions","description":"Salle de bain japandi : ce qui la distingue du zen et du scandinave, les trois mati\u00e8res \u00e0 retenir, les proportions justes et les erreurs qui la font basculer.","robots":{"index":"index","follow":"follow","max-snippet":"max-snippet:-1","max-image-preview":"max-image-preview:large","max-video-preview":"max-video-preview:-1"},"canonical":"https:\/\/www.wanda-collection.com\/blog\/comment-creer-une-salle-de-bain-au-style-japandi\/","og_locale":"fr_FR","og_type":"article","og_title":"Salle de bain japandi : les r\u00e8gles, les mati\u00e8res et les proportions","og_description":"Salle de bain japandi : ce qui la distingue du zen et du scandinave, les trois mati\u00e8res \u00e0 retenir, les proportions justes et les erreurs qui la font basculer.","og_url":"https:\/\/www.wanda-collection.com\/blog\/comment-creer-une-salle-de-bain-au-style-japandi\/","og_site_name":"Wanda collection Le blog","article_publisher":"https:\/\/www.facebook.com\/WandaCollection.fr\/","article_published_time":"2024-01-10T09:00:00+00:00","article_modified_time":"2026-08-31T12:49:40+00:00","og_image":[{"width":1028,"height":1028,"url":"https:\/\/www.wanda-collection.com\/blog\/wp-content\/uploads\/2026\/08\/jp-beton60.jpg","type":"image\/jpeg"}],"author":"Lucie","twitter_card":"summary_large_image","twitter_misc":{"\u00c9crit par":"Lucie","Dur\u00e9e de lecture estim\u00e9e":"6 minutes"},"schema":{"@context":"https:\/\/schema.org","@graph":[{"@type":"Article","@id":"https:\/\/www.wanda-collection.com\/blog\/comment-creer-une-salle-de-bain-au-style-japandi\/#article","isPartOf":{"@id":"https:\/\/www.wanda-collection.com\/blog\/comment-creer-une-salle-de-bain-au-style-japandi\/"},"author":{"name":"Lucie","@id":"https:\/\/www.wanda-collection.com\/blog\/#\/schema\/person\/43f44d8fe3d6683ee8d2b4f771d9e572"},"headline":"Salle de bain japandi : les r\u00e8gles, les mati\u00e8res et les proportions","datePublished":"2024-01-10T09:00:00+00:00","dateModified":"2026-08-31T12:49:40+00:00","mainEntityOfPage":{"@id":"https:\/\/www.wanda-collection.com\/blog\/comment-creer-une-salle-de-bain-au-style-japandi\/"},"wordCount":1961,"publisher":{"@id":"https:\/\/www.wanda-collection.com\/blog\/#organization"},"image":{"@id":"https:\/\/www.wanda-collection.com\/blog\/comment-creer-une-salle-de-bain-au-style-japandi\/#primaryimage"},"thumbnailUrl":"https:\/\/www.wanda-collection.com\/blog\/wp-content\/uploads\/2026\/08\/jp-beton60.jpg","keywords":["Guide d'achat"],"articleSection":["D\u00e9coration et tendances","Inspiration int\u00e9rieure","Salle de bain"],"inLanguage":"fr-FR"},{"@type":"WebPage","@id":"https:\/\/www.wanda-collection.com\/blog\/comment-creer-une-salle-de-bain-au-style-japandi\/","url":"https:\/\/www.wanda-collection.com\/blog\/comment-creer-une-salle-de-bain-au-style-japandi\/","name":"Salle de bain japandi : les r\u00e8gles, les mati\u00e8res et les proportions","isPartOf":{"@id":"https:\/\/www.wanda-collection.com\/blog\/#website"},"primaryImageOfPage":{"@id":"https:\/\/www.wanda-collection.com\/blog\/comment-creer-une-salle-de-bain-au-style-japandi\/#primaryimage"},"image":{"@id":"https:\/\/www.wanda-collection.com\/blog\/comment-creer-une-salle-de-bain-au-style-japandi\/#primaryimage"},"thumbnailUrl":"https:\/\/www.wanda-collection.com\/blog\/wp-content\/uploads\/2026\/08\/jp-beton60.jpg","datePublished":"2024-01-10T09:00:00+00:00","dateModified":"2026-08-31T12:49:40+00:00","description":"Salle de bain japandi : ce qui la distingue du zen et du scandinave, les trois mati\u00e8res \u00e0 retenir, les proportions justes et les erreurs qui la font basculer.","breadcrumb":{"@id":"https:\/\/www.wanda-collection.com\/blog\/comment-creer-une-salle-de-bain-au-style-japandi\/#breadcrumb"},"inLanguage":"fr-FR","potentialAction":[{"@type":"ReadAction","target":["https:\/\/www.wanda-collection.com\/blog\/comment-creer-une-salle-de-bain-au-style-japandi\/"]}]},{"@type":"ImageObject","inLanguage":"fr-FR","@id":"https:\/\/www.wanda-collection.com\/blog\/comment-creer-une-salle-de-bain-au-style-japandi\/#primaryimage","url":"https:\/\/www.wanda-collection.com\/blog\/wp-content\/uploads\/2026\/08\/jp-beton60.jpg","contentUrl":"https:\/\/www.wanda-collection.com\/blog\/wp-content\/uploads\/2026\/08\/jp-beton60.jpg","width":1028,"height":1028,"caption":"Meuble en teck et b\u00e9ton Sira, 60 cm"},{"@type":"BreadcrumbList","@id":"https:\/\/www.wanda-collection.com\/blog\/comment-creer-une-salle-de-bain-au-style-japandi\/#breadcrumb","itemListElement":[{"@type":"ListItem","position":1,"name":"Accueil","item":"https:\/\/www.wanda-collection.com\/blog\/"},{"@type":"ListItem","position":2,"name":"Salle de bain","item":"https:\/\/www.wanda-collection.com\/blog\/category\/salle-de-bain\/"},{"@type":"ListItem","position":3,"name":"Am\u00e9nagement","item":"https:\/\/www.wanda-collection.com\/blog\/category\/salle-de-bain\/amenagement\/"},{"@type":"ListItem","position":4,"name":"Salle de bain japandi : les r\u00e8gles, les mati\u00e8res et les proportions"}]},{"@type":"WebSite","@id":"https:\/\/www.wanda-collection.com\/blog\/#website","url":"https:\/\/www.wanda-collection.com\/blog\/","name":"Wanda collection Le blog","description":"","publisher":{"@id":"https:\/\/www.wanda-collection.com\/blog\/#organization"},"potentialAction":[{"@type":"SearchAction","target":{"@type":"EntryPoint","urlTemplate":"https:\/\/www.wanda-collection.com\/blog\/?s={search_term_string}"},"query-input":{"@type":"PropertyValueSpecification","valueRequired":true,"valueName":"search_term_string"}}],"inLanguage":"fr-FR"},{"@type":"Organization","@id":"https:\/\/www.wanda-collection.com\/blog\/#organization","name":"Wanda collection Le blog","url":"https:\/\/www.wanda-collection.com\/blog\/","logo":{"@type":"ImageObject","inLanguage":"fr-FR","@id":"https:\/\/www.wanda-collection.com\/blog\/#\/schema\/logo\/image\/","url":"https:\/\/www.wanda-collection.com\/blog\/wp-content\/uploads\/2022\/09\/cropped-logo-Le-blog-5.png","contentUrl":"https:\/\/www.wanda-collection.com\/blog\/wp-content\/uploads\/2022\/09\/cropped-logo-Le-blog-5.png","width":1141,"height":328,"caption":"Wanda collection Le blog"},"image":{"@id":"https:\/\/www.wanda-collection.com\/blog\/#\/schema\/logo\/image\/"},"sameAs":["https:\/\/www.facebook.com\/WandaCollection.fr\/","https:\/\/www.pinterest.fr\/wandacollection\/","https:\/\/www.instagram.com\/wanda.collection\/"]},{"@type":"Person","@id":"https:\/\/www.wanda-collection.com\/blog\/#\/schema\/person\/43f44d8fe3d6683ee8d2b4f771d9e572","name":"Lucie","image":{"@type":"ImageObject","inLanguage":"fr-FR","@id":"https:\/\/www.wanda-collection.com\/blog\/#\/schema\/person\/image\/","url":"https:\/\/secure.gravatar.com\/avatar\/2374ace24cfe34734c3ad61c37200b20777dbdac6514c25efaebb555c78b12ea?s=96&d=mm&r=g","contentUrl":"https:\/\/secure.gravatar.com\/avatar\/2374ace24cfe34734c3ad61c37200b20777dbdac6514c25efaebb555c78b12ea?s=96&d=mm&r=g","caption":"Lucie"}}]}},"_links":{"self":[{"href":"https:\/\/www.wanda-collection.com\/blog\/wp-json\/wp\/v2\/posts\/990315","targetHints":{"allow":["GET"]}}],"collection":[{"href":"https:\/\/www.wanda-collection.com\/blog\/wp-json\/wp\/v2\/posts"}],"about":[{"href":"https:\/\/www.wanda-collection.com\/blog\/wp-json\/wp\/v2\/types\/post"}],"author":[{"embeddable":true,"href":"https:\/\/www.wanda-collection.com\/blog\/wp-json\/wp\/v2\/users\/3"}],"replies":[{"embeddable":true,"href":"https:\/\/www.wanda-collection.com\/blog\/wp-json\/wp\/v2\/comments?post=990315"}],"version-history":[{"count":14,"href":"https:\/\/www.wanda-collection.com\/blog\/wp-json\/wp\/v2\/posts\/990315\/revisions"}],"predecessor-version":[{"id":992890,"href":"https:\/\/www.wanda-collection.com\/blog\/wp-json\/wp\/v2\/posts\/990315\/revisions\/992890"}],"wp:featuredmedia":[{"embeddable":true,"href":"https:\/\/www.wanda-collection.com\/blog\/wp-json\/wp\/v2\/media\/992888"}],"wp:attachment":[{"href":"https:\/\/www.wanda-collection.com\/blog\/wp-json\/wp\/v2\/media?parent=990315"}],"wp:term":[{"taxonomy":"category","embeddable":true,"href":"https:\/\/www.wanda-collection.com\/blog\/wp-json\/wp\/v2\/categories?post=990315"},{"taxonomy":"post_tag","embeddable":true,"href":"https:\/\/www.wanda-collection.com\/blog\/wp-json\/wp\/v2\/tags?post=990315"}],"curies":[{"name":"wp","href":"https:\/\/api.w.org\/{rel}","templated":true}]}}