{"id":991531,"date":"2025-09-18T18:15:39","date_gmt":"2025-09-18T16:15:39","guid":{"rendered":"https:\/\/www.wanda-collection.com\/blog\/?p=991531"},"modified":"2026-08-31T16:58:33","modified_gmt":"2026-08-31T14:58:33","slug":"meuble-salle-de-bain-bois-massif","status":"publish","type":"post","link":"https:\/\/www.wanda-collection.com\/blog\/meuble-salle-de-bain-bois-massif\/","title":{"rendered":"Meuble de salle de bain en bois : quelle largeur et quelle essence"},"content":{"rendered":"\t\t<div data-elementor-type=\"wp-post\" data-elementor-id=\"991531\" class=\"elementor elementor-991531\">\n\t\t\t\t\t\t<section class=\"elementor-section elementor-top-section elementor-element elementor-element-a50c614 elementor-section-boxed elementor-section-height-default elementor-section-height-default\" data-id=\"a50c614\" data-element_type=\"section\">\n\t\t\t\t\t\t<div class=\"elementor-container elementor-column-gap-default\">\n\t\t\t\t\t<div class=\"elementor-column elementor-col-100 elementor-top-column elementor-element elementor-element-526857d\" data-id=\"526857d\" data-element_type=\"column\">\n\t\t\t<div class=\"elementor-widget-wrap elementor-element-populated\">\n\t\t\t\t\t\t<div class=\"elementor-element elementor-element-b911707 elementor-drop-cap-yes elementor-drop-cap-view-default elementor-widget elementor-widget-text-editor\" data-id=\"b911707\" data-element_type=\"widget\" data-settings=\"{&quot;drop_cap&quot;:&quot;yes&quot;}\" data-widget_type=\"text-editor.default\">\n\t\t\t\t<div class=\"elementor-widget-container\">\n\t\t\t\t\t\t\t\t\t<p>Une salle de bain est la pi\u00e8ce la plus hostile de la maison pour un meuble. Vapeur saturante deux fois par jour, s\u00e9chage complet entre temps, projections d&rsquo;eau permanentes au pied du bassin. Un panneau de particules m\u00e9lamin\u00e9 y tient trois \u00e0 cinq ans avant que ses chants ne gonflent. Un bois massif adapt\u00e9 y passe quinze ans sans broncher.<\/p><p>C&rsquo;est tout l&rsquo;int\u00e9r\u00eat du <strong>meuble de salle de bain en bois<\/strong>, \u00e0 condition de choisir la bonne essence : toutes ne se valent pas face \u00e0 l&rsquo;humidit\u00e9, et l&rsquo;\u00e9cart de long\u00e9vit\u00e9 entre elles se compte en ann\u00e9es, pas en mois.<\/p><p>Avant l&rsquo;essence, il y a pourtant une d\u00e9cision plus structurante encore, celle de la largeur. Elle conditionne la taille de la vasque, le volume de rangement et la circulation dans la pi\u00e8ce. Ce guide part donc de la largeur, de 40 \u00e0 120 cm, puis traite l&rsquo;essence, le mode de pose, le plateau et l&rsquo;entretien. Une FAQ ferme l&rsquo;article.<\/p>\t\t\t\t\t\t\t\t<\/div>\n\t\t\t\t<\/div>\n\t\t\t\t<div class=\"elementor-element elementor-element-cabab93 elementor-widget elementor-widget-text-editor\" data-id=\"cabab93\" data-element_type=\"widget\" data-widget_type=\"text-editor.default\">\n\t\t\t\t<div class=\"elementor-widget-container\">\n\t\t\t\t\t\t\t\t\t<h2>Meuble de salle de bain en bois : le guide pour bien choisir<\/h2>\t\t\t\t\t\t\t\t<\/div>\n\t\t\t\t<\/div>\n\t\t\t\t\t<\/div>\n\t\t<\/div>\n\t\t\t\t\t<\/div>\n\t\t<\/section>\n\t\t\t\t<section class=\"elementor-section elementor-top-section elementor-element elementor-element-a8687ee elementor-section-boxed elementor-section-height-default elementor-section-height-default\" data-id=\"a8687ee\" data-element_type=\"section\">\n\t\t\t\t\t\t<div class=\"elementor-container elementor-column-gap-default\">\n\t\t\t\t\t<div class=\"elementor-column elementor-col-100 elementor-top-column elementor-element elementor-element-7e1f5fe\" data-id=\"7e1f5fe\" data-element_type=\"column\">\n\t\t\t<div class=\"elementor-widget-wrap elementor-element-populated\">\n\t\t\t\t\t\t<div class=\"elementor-element elementor-element-cfa1a4b elementor-widget elementor-widget-heading\" data-id=\"cfa1a4b\" data-element_type=\"widget\" data-widget_type=\"heading.default\">\n\t\t\t\t<div class=\"elementor-widget-container\">\n\t\t\t\t\t<h2 class=\"elementor-heading-title elementor-size-default\">La largeur, premi\u00e8re d\u00e9cision \u00e0 prendre<\/h2>\t\t\t\t<\/div>\n\t\t\t\t<\/div>\n\t\t\t\t\t<\/div>\n\t\t<\/div>\n\t\t\t\t\t<\/div>\n\t\t<\/section>\n\t\t\t\t<section class=\"elementor-section elementor-top-section elementor-element elementor-element-beff820 elementor-section-boxed elementor-section-height-default elementor-section-height-default\" data-id=\"beff820\" data-element_type=\"section\">\n\t\t\t\t\t\t<div class=\"elementor-container elementor-column-gap-default\">\n\t\t\t\t\t<div class=\"elementor-column elementor-col-60 elementor-top-column elementor-element elementor-element-21d6536\" data-id=\"21d6536\" data-element_type=\"column\">\n\t\t\t<div class=\"elementor-widget-wrap elementor-element-populated\">\n\t\t\t\t\t\t<div class=\"elementor-element elementor-element-c94c0d4 elementor-widget elementor-widget-text-editor\" data-id=\"c94c0d4\" data-element_type=\"widget\" data-widget_type=\"text-editor.default\">\n\t\t\t\t<div class=\"elementor-widget-container\">\n\t\t\t\t\t\t\t\t\t<p>La largeur d&rsquo;un meuble sous vasque se d\u00e9duit de deux contraintes : la place disponible au mur, et le d\u00e9gagement n\u00e9cessaire devant. Comptez toujours <strong>80 cm libres devant la fa\u00e7ade<\/strong> pour se tenir debout et ouvrir un tiroir. En dessous de 70 cm, la pi\u00e8ce devient p\u00e9nible \u00e0 vivre quelle que soit la qualit\u00e9 du meuble.<\/p><p>Une pr\u00e9cision utile avant d&rsquo;entrer dans le d\u00e9tail : ce guide couvre les meubles simple vasque, de 40 \u00e0 120 cm. Au del\u00e0 de 140 cm, on entre dans le domaine de la double vasque, qui ob\u00e9it \u00e0 des r\u00e8gles diff\u00e9rentes et fait l&rsquo;objet de notre <a href=\"https:\/\/www.wanda-collection.com\/blog\/choisir-un-meuble-double-vasque-pour-sa-salle-de-bain\/\">guide du meuble double vasque<\/a>.<\/p>\t\t\t\t\t\t\t\t<\/div>\n\t\t\t\t<\/div>\n\t\t\t\t<div class=\"vamtam-has-theme-widget-styles elementor-element elementor-element-c018dee elementor-align-center elementor-widget elementor-widget-button\" data-id=\"c018dee\" data-element_type=\"widget\" data-widget_type=\"button.default\">\n\t\t\t\t<div class=\"elementor-widget-container\">\n\t\t\t\t\t\t\t\t\t<div class=\"elementor-button-wrapper\">\n\t\t\t\t\t<a class=\"elementor-button elementor-button-link elementor-size-sm\" href=\"https:\/\/www.wanda-collection.com\/cat-meuble-simple-vasque-156.htm\">\n\t\t\t\t\t\t<span class=\"elementor-button-content-wrapper\">\n\t\t\t\t\t\t\t\t\t<span class=\"elementor-button-text\">Voir les meubles simple vasque<\/span>\n\t\t\t\t\t<\/span>\n\t\t\t\t\t<\/a>\n\t\t\t\t<\/div>\n\t\t\t\t\t\t\t\t<\/div>\n\t\t\t\t<\/div>\n\t\t\t\t\t<\/div>\n\t\t<\/div>\n\t\t\t\t<div class=\"elementor-column elementor-col-40 elementor-top-column elementor-element elementor-element-4b03d50\" data-id=\"4b03d50\" data-element_type=\"column\">\n\t\t\t<div class=\"elementor-widget-wrap elementor-element-populated\">\n\t\t\t\t\t\t<div class=\"vamtam-has-theme-widget-styles elementor-element elementor-element-3091d88 elementor-widget elementor-widget-image\" data-id=\"3091d88\" data-element_type=\"widget\" data-widget_type=\"image.default\">\n\t\t\t\t<div class=\"elementor-widget-container\">\n\t\t\t\t\t\t\t\t\t<div class=\"elementor-image\">\n\t\t\t\t\t\t\t\t\t\t\t\t\t\t\t\t<figure class=\"wp-caption\">\n\t\t\t\t\t\t\t\t\t\t\t\t\t\t\t\t\t<a href=\"https:\/\/www.wanda-collection.com\/art-meuble-sous-vasque-en-teck-massif-vila-80cm-56156.htm\">\n\t\t\t\t\t\t\t\t\t\t\t<img fetchpriority=\"high\" decoding=\"async\" width=\"1028\" height=\"1028\" src=\"https:\/\/www.wanda-collection.com\/blog\/wp-content\/uploads\/2026\/08\/mb-vila80.jpg\" class=\"attachment-full size-full wp-image-992839\" alt=\"Meuble de salle de bain en teck massif Vila de 80 cm sous vasque\" srcset=\"https:\/\/www.wanda-collection.com\/blog\/wp-content\/uploads\/2026\/08\/mb-vila80.jpg 1028w, https:\/\/www.wanda-collection.com\/blog\/wp-content\/uploads\/2026\/08\/mb-vila80-300x300.jpg 300w, https:\/\/www.wanda-collection.com\/blog\/wp-content\/uploads\/2026\/08\/mb-vila80-1024x1024.jpg 1024w, https:\/\/www.wanda-collection.com\/blog\/wp-content\/uploads\/2026\/08\/mb-vila80-150x150.jpg 150w, https:\/\/www.wanda-collection.com\/blog\/wp-content\/uploads\/2026\/08\/mb-vila80-768x768.jpg 768w\" sizes=\"(max-width: 1028px) 100vw, 1028px\" \/>\t\t\t\t\t\t\t\t\t\t\t\t<\/a>\n\t\t\t\t\t\t\t\t\t\t\t\t\t\t\t\t\t<figcaption class=\"widget-image-caption wp-caption-text\">Meuble en teck massif Vila, 80 cm<\/figcaption>\n\t\t\t\t\t\t\t\t\t\t\t\t\t\t\t\t<\/figure>\n\t\t\t\t\t\t\t\t\t\t\t\t\t\t<\/div>\n\t\t\t\t\t\t\t\t<\/div>\n\t\t\t\t<\/div>\n\t\t\t\t\t<\/div>\n\t\t<\/div>\n\t\t\t\t\t<\/div>\n\t\t<\/section>\n\t\t\t\t<section class=\"elementor-section elementor-top-section elementor-element elementor-element-bb4c438 elementor-section-boxed elementor-section-height-default elementor-section-height-default\" data-id=\"bb4c438\" data-element_type=\"section\">\n\t\t\t\t\t\t<div class=\"elementor-container elementor-column-gap-default\">\n\t\t\t\t\t<div class=\"elementor-column elementor-col-100 elementor-top-column elementor-element elementor-element-922b2be\" data-id=\"922b2be\" data-element_type=\"column\">\n\t\t\t<div class=\"elementor-widget-wrap elementor-element-populated\">\n\t\t\t\t\t\t<div class=\"elementor-element elementor-element-63859ed elementor-widget elementor-widget-text-editor\" data-id=\"63859ed\" data-element_type=\"widget\" data-widget_type=\"text-editor.default\">\n\t\t\t\t<div class=\"elementor-widget-container\">\n\t\t\t\t\t\t\t\t\t<h3>Ce que permet chaque largeur<\/h3><table style=\"width:100%; border-collapse:collapse; margin:18px 0;\"><thead><tr style=\"background:#faf6ef;\"><th style=\"padding:10px; text-align:left; border-bottom:2px solid #d4a84b;\">Largeur<\/th><th style=\"padding:10px; text-align:left; border-bottom:2px solid #d4a84b;\">Usage<\/th><th style=\"padding:10px; text-align:left; border-bottom:2px solid #d4a84b;\">Rangement<\/th><\/tr><\/thead><tbody><tr><td style=\"padding:10px; border-bottom:1px solid #eee;\">40 \u00e0 50 cm<\/td><td style=\"padding:10px; border-bottom:1px solid #eee;\">Lave-mains, WC, salle d&rsquo;eau d&rsquo;appoint<\/td><td style=\"padding:10px; border-bottom:1px solid #eee;\">Symbolique<\/td><\/tr><tr><td style=\"padding:10px; border-bottom:1px solid #eee;\"><strong>60 \u00e0 70 cm<\/strong><\/td><td style=\"padding:10px; border-bottom:1px solid #eee;\">Salle de bain de ville, usage quotidien<\/td><td style=\"padding:10px; border-bottom:1px solid #eee;\"><strong>Le standard<\/strong><\/td><\/tr><tr><td style=\"padding:10px; border-bottom:1px solid #eee;\"><strong>80 \u00e0 90 cm<\/strong><\/td><td style=\"padding:10px; border-bottom:1px solid #eee;\">Grande vasque, plan de d\u00e9pose confortable<\/td><td style=\"padding:10px; border-bottom:1px solid #eee;\"><strong>Le confort<\/strong><\/td><\/tr><tr><td style=\"padding:10px; border-bottom:1px solid #eee;\">100 \u00e0 120 cm<\/td><td style=\"padding:10px; border-bottom:1px solid #eee;\">Une vasque et un vrai plan libre \u00e0 c\u00f4t\u00e9<\/td><td style=\"padding:10px; border-bottom:1px solid #eee;\">Maximal en simple vasque<\/td><\/tr><\/tbody><\/table>\t\t\t\t\t\t\t\t<\/div>\n\t\t\t\t<\/div>\n\t\t\t\t\t<\/div>\n\t\t<\/div>\n\t\t\t\t\t<\/div>\n\t\t<\/section>\n\t\t\t\t<section class=\"elementor-section elementor-top-section elementor-element elementor-element-068e94f elementor-section-boxed elementor-section-height-default elementor-section-height-default\" data-id=\"068e94f\" data-element_type=\"section\">\n\t\t\t\t\t\t<div class=\"elementor-container elementor-column-gap-default\">\n\t\t\t\t\t<div class=\"elementor-column elementor-col-40 elementor-top-column elementor-element elementor-element-2464bcd\" data-id=\"2464bcd\" data-element_type=\"column\">\n\t\t\t<div class=\"elementor-widget-wrap elementor-element-populated\">\n\t\t\t\t\t\t<div class=\"vamtam-has-theme-widget-styles elementor-element elementor-element-bc14dd7 elementor-widget elementor-widget-image\" data-id=\"bc14dd7\" data-element_type=\"widget\" data-widget_type=\"image.default\">\n\t\t\t\t<div class=\"elementor-widget-container\">\n\t\t\t\t\t\t\t\t\t<div class=\"elementor-image\">\n\t\t\t\t\t\t\t\t\t\t\t\t\t\t\t\t<figure class=\"wp-caption\">\n\t\t\t\t\t\t\t\t\t\t\t\t\t\t\t\t\t<a href=\"https:\/\/www.wanda-collection.com\/art-meuble-de-salle-de-bain-suspendu-en-teck-cosy-40cm-1380.htm\">\n\t\t\t\t\t\t\t\t\t\t\t<img decoding=\"async\" width=\"1028\" height=\"1028\" src=\"https:\/\/www.wanda-collection.com\/blog\/wp-content\/uploads\/2026\/08\/mb-cosy40.jpg\" class=\"attachment-full size-full wp-image-992840\" alt=\"Petit meuble de salle de bain suspendu en teck de 40 cm pour lave-mains\" srcset=\"https:\/\/www.wanda-collection.com\/blog\/wp-content\/uploads\/2026\/08\/mb-cosy40.jpg 1028w, https:\/\/www.wanda-collection.com\/blog\/wp-content\/uploads\/2026\/08\/mb-cosy40-300x300.jpg 300w, https:\/\/www.wanda-collection.com\/blog\/wp-content\/uploads\/2026\/08\/mb-cosy40-1024x1024.jpg 1024w, https:\/\/www.wanda-collection.com\/blog\/wp-content\/uploads\/2026\/08\/mb-cosy40-150x150.jpg 150w, https:\/\/www.wanda-collection.com\/blog\/wp-content\/uploads\/2026\/08\/mb-cosy40-768x768.jpg 768w\" sizes=\"(max-width: 1028px) 100vw, 1028px\" \/>\t\t\t\t\t\t\t\t\t\t\t\t<\/a>\n\t\t\t\t\t\t\t\t\t\t\t\t\t\t\t\t\t<figcaption class=\"widget-image-caption wp-caption-text\">Meuble suspendu en teck Cosy, 40 cm<\/figcaption>\n\t\t\t\t\t\t\t\t\t\t\t\t\t\t\t\t<\/figure>\n\t\t\t\t\t\t\t\t\t\t\t\t\t\t<\/div>\n\t\t\t\t\t\t\t\t<\/div>\n\t\t\t\t<\/div>\n\t\t\t\t\t<\/div>\n\t\t<\/div>\n\t\t\t\t<div class=\"elementor-column elementor-col-60 elementor-top-column elementor-element elementor-element-283b6b8\" data-id=\"283b6b8\" data-element_type=\"column\">\n\t\t\t<div class=\"elementor-widget-wrap elementor-element-populated\">\n\t\t\t\t\t\t<div class=\"elementor-element elementor-element-ba00085 elementor-widget elementor-widget-text-editor\" data-id=\"ba00085\" data-element_type=\"widget\" data-widget_type=\"text-editor.default\">\n\t\t\t\t<div class=\"elementor-widget-container\">\n\t\t\t\t\t\t\t\t\t<h3>40 \u00e0 50 cm : le lave-mains et les WC<\/h3><p>\u00c0 cette largeur, on n&rsquo;installe pas une salle de bain, on \u00e9quipe un point d&rsquo;eau. Le meuble accueille une petite vasque et sert surtout \u00e0 masquer le siphon tout en offrant une tablette. Le rangement se limite \u00e0 un produit ou deux.<\/p><p>C&rsquo;est le format des WC avec lave-mains, des salles d&rsquo;eau sous escalier et des chambres d&rsquo;amis. En teck massif, il tient sans probl\u00e8me dans un espace mal ventil\u00e9, ce qui est justement le cas de ces petites pi\u00e8ces souvent d\u00e9pourvues de fen\u00eatre.<\/p>\t\t\t\t\t\t\t\t<\/div>\n\t\t\t\t<\/div>\n\t\t\t\t<div class=\"vamtam-has-theme-widget-styles elementor-element elementor-element-eb2e40e elementor-align-center elementor-widget elementor-widget-button\" data-id=\"eb2e40e\" data-element_type=\"widget\" data-widget_type=\"button.default\">\n\t\t\t\t<div class=\"elementor-widget-container\">\n\t\t\t\t\t\t\t\t\t<div class=\"elementor-button-wrapper\">\n\t\t\t\t\t<a class=\"elementor-button elementor-button-link elementor-size-sm\" href=\"https:\/\/www.wanda-collection.com\/art-meuble-de-salle-de-bain-suspendu-en-teck-cosy-40cm-1380.htm\">\n\t\t\t\t\t\t<span class=\"elementor-button-content-wrapper\">\n\t\t\t\t\t\t\t\t\t<span class=\"elementor-button-text\">Voir le meuble Cosy 40 cm<\/span>\n\t\t\t\t\t<\/span>\n\t\t\t\t\t<\/a>\n\t\t\t\t<\/div>\n\t\t\t\t\t\t\t\t<\/div>\n\t\t\t\t<\/div>\n\t\t\t\t\t<\/div>\n\t\t<\/div>\n\t\t\t\t\t<\/div>\n\t\t<\/section>\n\t\t\t\t<section class=\"elementor-section elementor-top-section elementor-element elementor-element-bc9d141 elementor-section-boxed elementor-section-height-default elementor-section-height-default\" data-id=\"bc9d141\" data-element_type=\"section\">\n\t\t\t\t\t\t<div class=\"elementor-container elementor-column-gap-default\">\n\t\t\t\t\t<div class=\"elementor-column elementor-col-60 elementor-top-column elementor-element elementor-element-7b9dbb0\" data-id=\"7b9dbb0\" data-element_type=\"column\">\n\t\t\t<div class=\"elementor-widget-wrap elementor-element-populated\">\n\t\t\t\t\t\t<div class=\"elementor-element elementor-element-93d764f elementor-widget elementor-widget-text-editor\" data-id=\"93d764f\" data-element_type=\"widget\" data-widget_type=\"text-editor.default\">\n\t\t\t\t<div class=\"elementor-widget-container\">\n\t\t\t\t\t\t\t\t\t<h3>60 \u00e0 70 cm : le format le plus courant<\/h3><p>C&rsquo;est la largeur de r\u00e9f\u00e9rence, celle qui \u00e9quipe la majorit\u00e9 des salles de bain fran\u00e7aises. Elle accueille une vasque de diam\u00e8tre normal, laisse une bande de plan de chaque c\u00f4t\u00e9, et offre un caisson r\u00e9ellement utilisable sous le bassin.<\/p><p>Si votre pi\u00e8ce fait moins de 5 m\u00b2, c&rsquo;est le format \u00e0 viser sans h\u00e9siter : au del\u00e0, le meuble mange la circulation. Nos conseils pour <a href=\"https:\/\/www.wanda-collection.com\/blog\/comment-amenager-une-petite-salle-de-bain\/\">am\u00e9nager une petite salle de bain<\/a> d\u00e9taillent les arbitrages de surface.<\/p>\t\t\t\t\t\t\t\t<\/div>\n\t\t\t\t<\/div>\n\t\t\t\t<div class=\"vamtam-has-theme-widget-styles elementor-element elementor-element-5b8a3dd elementor-align-center elementor-widget elementor-widget-button\" data-id=\"5b8a3dd\" data-element_type=\"widget\" data-widget_type=\"button.default\">\n\t\t\t\t<div class=\"elementor-widget-container\">\n\t\t\t\t\t\t\t\t\t<div class=\"elementor-button-wrapper\">\n\t\t\t\t\t<a class=\"elementor-button elementor-button-link elementor-size-sm\" href=\"https:\/\/www.wanda-collection.com\/art-meuble-sous-vasque-en-teck-aktual-60cm-56153.htm\">\n\t\t\t\t\t\t<span class=\"elementor-button-content-wrapper\">\n\t\t\t\t\t\t\t\t\t<span class=\"elementor-button-text\">Voir le meuble Aktual 60 cm<\/span>\n\t\t\t\t\t<\/span>\n\t\t\t\t\t<\/a>\n\t\t\t\t<\/div>\n\t\t\t\t\t\t\t\t<\/div>\n\t\t\t\t<\/div>\n\t\t\t\t\t<\/div>\n\t\t<\/div>\n\t\t\t\t<div class=\"elementor-column elementor-col-40 elementor-top-column elementor-element elementor-element-ec52840\" data-id=\"ec52840\" data-element_type=\"column\">\n\t\t\t<div class=\"elementor-widget-wrap elementor-element-populated\">\n\t\t\t\t\t\t<div class=\"vamtam-has-theme-widget-styles elementor-element elementor-element-62948d0 elementor-widget elementor-widget-image\" data-id=\"62948d0\" data-element_type=\"widget\" data-widget_type=\"image.default\">\n\t\t\t\t<div class=\"elementor-widget-container\">\n\t\t\t\t\t\t\t\t\t<div class=\"elementor-image\">\n\t\t\t\t\t\t\t\t\t\t\t\t\t\t\t\t<figure class=\"wp-caption\">\n\t\t\t\t\t\t\t\t\t\t\t\t\t\t\t\t\t<a href=\"https:\/\/www.wanda-collection.com\/art-meuble-sous-vasque-en-teck-aktual-60cm-56153.htm\">\n\t\t\t\t\t\t\t\t\t\t\t<img decoding=\"async\" width=\"1028\" height=\"1028\" src=\"https:\/\/www.wanda-collection.com\/blog\/wp-content\/uploads\/2026\/08\/mb-aktual60.jpg\" class=\"attachment-full size-full wp-image-992841\" alt=\"Meuble sous vasque suspendu en teck Aktual de 60 cm\" srcset=\"https:\/\/www.wanda-collection.com\/blog\/wp-content\/uploads\/2026\/08\/mb-aktual60.jpg 1028w, https:\/\/www.wanda-collection.com\/blog\/wp-content\/uploads\/2026\/08\/mb-aktual60-300x300.jpg 300w, https:\/\/www.wanda-collection.com\/blog\/wp-content\/uploads\/2026\/08\/mb-aktual60-1024x1024.jpg 1024w, https:\/\/www.wanda-collection.com\/blog\/wp-content\/uploads\/2026\/08\/mb-aktual60-150x150.jpg 150w, https:\/\/www.wanda-collection.com\/blog\/wp-content\/uploads\/2026\/08\/mb-aktual60-768x768.jpg 768w\" sizes=\"(max-width: 1028px) 100vw, 1028px\" \/>\t\t\t\t\t\t\t\t\t\t\t\t<\/a>\n\t\t\t\t\t\t\t\t\t\t\t\t\t\t\t\t\t<figcaption class=\"widget-image-caption wp-caption-text\">Meuble sous vasque en teck Aktual, 60 cm<\/figcaption>\n\t\t\t\t\t\t\t\t\t\t\t\t\t\t\t\t<\/figure>\n\t\t\t\t\t\t\t\t\t\t\t\t\t\t<\/div>\n\t\t\t\t\t\t\t\t<\/div>\n\t\t\t\t<\/div>\n\t\t\t\t\t<\/div>\n\t\t<\/div>\n\t\t\t\t\t<\/div>\n\t\t<\/section>\n\t\t\t\t<section class=\"elementor-section elementor-top-section elementor-element elementor-element-096720c elementor-section-boxed elementor-section-height-default elementor-section-height-default\" data-id=\"096720c\" data-element_type=\"section\">\n\t\t\t\t\t\t<div class=\"elementor-container elementor-column-gap-default\">\n\t\t\t\t\t<div class=\"elementor-column elementor-col-40 elementor-top-column elementor-element elementor-element-c0d9f30\" data-id=\"c0d9f30\" data-element_type=\"column\">\n\t\t\t<div class=\"elementor-widget-wrap elementor-element-populated\">\n\t\t\t\t\t\t<div class=\"vamtam-has-theme-widget-styles elementor-element elementor-element-d287080 elementor-widget elementor-widget-image\" data-id=\"d287080\" data-element_type=\"widget\" data-widget_type=\"image.default\">\n\t\t\t\t<div class=\"elementor-widget-container\">\n\t\t\t\t\t\t\t\t\t<div class=\"elementor-image\">\n\t\t\t\t\t\t\t\t\t\t\t\t\t\t\t\t<figure class=\"wp-caption\">\n\t\t\t\t\t\t\t\t\t\t\t\t\t\t\t\t\t<a href=\"https:\/\/www.wanda-collection.com\/art-meuble-salle-de-bain-en-teck-vintage-90-cm-2980.htm\">\n\t\t\t\t\t\t\t\t\t\t\t<img loading=\"lazy\" decoding=\"async\" width=\"1028\" height=\"1028\" src=\"https:\/\/www.wanda-collection.com\/blog\/wp-content\/uploads\/2026\/08\/mb-vintage90.jpg\" class=\"attachment-full size-full wp-image-992842\" alt=\"Meuble de salle de bain en teck Vintage de 90 cm pos\u00e9 au sol\" srcset=\"https:\/\/www.wanda-collection.com\/blog\/wp-content\/uploads\/2026\/08\/mb-vintage90.jpg 1028w, https:\/\/www.wanda-collection.com\/blog\/wp-content\/uploads\/2026\/08\/mb-vintage90-300x300.jpg 300w, https:\/\/www.wanda-collection.com\/blog\/wp-content\/uploads\/2026\/08\/mb-vintage90-1024x1024.jpg 1024w, https:\/\/www.wanda-collection.com\/blog\/wp-content\/uploads\/2026\/08\/mb-vintage90-150x150.jpg 150w, https:\/\/www.wanda-collection.com\/blog\/wp-content\/uploads\/2026\/08\/mb-vintage90-768x768.jpg 768w\" sizes=\"(max-width: 1028px) 100vw, 1028px\" \/>\t\t\t\t\t\t\t\t\t\t\t\t<\/a>\n\t\t\t\t\t\t\t\t\t\t\t\t\t\t\t\t\t<figcaption class=\"widget-image-caption wp-caption-text\">Meuble en teck Vintage, 90 cm<\/figcaption>\n\t\t\t\t\t\t\t\t\t\t\t\t\t\t\t\t<\/figure>\n\t\t\t\t\t\t\t\t\t\t\t\t\t\t<\/div>\n\t\t\t\t\t\t\t\t<\/div>\n\t\t\t\t<\/div>\n\t\t\t\t\t<\/div>\n\t\t<\/div>\n\t\t\t\t<div class=\"elementor-column elementor-col-60 elementor-top-column elementor-element elementor-element-c90bcf2\" data-id=\"c90bcf2\" data-element_type=\"column\">\n\t\t\t<div class=\"elementor-widget-wrap elementor-element-populated\">\n\t\t\t\t\t\t<div class=\"elementor-element elementor-element-c1512e9 elementor-widget elementor-widget-text-editor\" data-id=\"c1512e9\" data-element_type=\"widget\" data-widget_type=\"text-editor.default\">\n\t\t\t\t<div class=\"elementor-widget-container\">\n\t\t\t\t\t\t\t\t\t<h3>80 \u00e0 90 cm : le vrai confort d&rsquo;usage<\/h3><p>Le saut de qualit\u00e9 se joue ici. \u00c0 80 cm, on peut poser une grande vasque et conserver une surface de d\u00e9pose \u00e0 droite comme \u00e0 gauche, ce qui change l&rsquo;usage quotidien : la trousse de toilette, le verre, le flacon trouvent leur place sans encombrer le bassin.<\/p><p>Le caisson gagne aussi en profondeur utile. \u00c0 90 cm, un meuble \u00e0 deux portes ou \u00e0 trois tiroirs absorbe le contenu entier d&rsquo;une armoire de toilette. C&rsquo;est le format \u00e0 retenir d\u00e8s que la pi\u00e8ce d\u00e9passe 6 m\u00b2.<\/p>\t\t\t\t\t\t\t\t<\/div>\n\t\t\t\t<\/div>\n\t\t\t\t<div class=\"vamtam-has-theme-widget-styles elementor-element elementor-element-21f9e2b elementor-align-center elementor-widget elementor-widget-button\" data-id=\"21f9e2b\" data-element_type=\"widget\" data-widget_type=\"button.default\">\n\t\t\t\t<div class=\"elementor-widget-container\">\n\t\t\t\t\t\t\t\t\t<div class=\"elementor-button-wrapper\">\n\t\t\t\t\t<a class=\"elementor-button elementor-button-link elementor-size-sm\" href=\"https:\/\/www.wanda-collection.com\/art-meuble-salle-de-bain-en-teck-vintage-90-cm-2980.htm\">\n\t\t\t\t\t\t<span class=\"elementor-button-content-wrapper\">\n\t\t\t\t\t\t\t\t\t<span class=\"elementor-button-text\">Voir le meuble Vintage 90 cm<\/span>\n\t\t\t\t\t<\/span>\n\t\t\t\t\t<\/a>\n\t\t\t\t<\/div>\n\t\t\t\t\t\t\t\t<\/div>\n\t\t\t\t<\/div>\n\t\t\t\t\t<\/div>\n\t\t<\/div>\n\t\t\t\t\t<\/div>\n\t\t<\/section>\n\t\t\t\t<section class=\"elementor-section elementor-top-section elementor-element elementor-element-b76261e elementor-section-boxed elementor-section-height-default elementor-section-height-default\" data-id=\"b76261e\" data-element_type=\"section\">\n\t\t\t\t\t\t<div class=\"elementor-container elementor-column-gap-default\">\n\t\t\t\t\t<div class=\"elementor-column elementor-col-60 elementor-top-column elementor-element elementor-element-45e55e8\" data-id=\"45e55e8\" data-element_type=\"column\">\n\t\t\t<div class=\"elementor-widget-wrap elementor-element-populated\">\n\t\t\t\t\t\t<div class=\"elementor-element elementor-element-576ddf5 elementor-widget elementor-widget-text-editor\" data-id=\"576ddf5\" data-element_type=\"widget\" data-widget_type=\"text-editor.default\">\n\t\t\t\t<div class=\"elementor-widget-container\">\n\t\t\t\t\t\t\t\t\t<h3>100 \u00e0 120 cm : une vasque et un plan libre<\/h3><p>\u00c0 cette largeur, on ne cherche plus \u00e0 caser une vasque mais \u00e0 cr\u00e9er un plan de travail. Un meuble de 120 cm avec une seule vasque d\u00e9centr\u00e9e lib\u00e8re 50 \u00e0 60 cm de plateau continu, ce qui vaut mieux qu&rsquo;une double vasque \u00e0 l&rsquo;\u00e9troit sur la m\u00eame largeur.<\/p><p>C&rsquo;est d&rsquo;ailleurs l&rsquo;arbitrage \u00e0 faire : sous 140 cm, une simple vasque large est un meilleur achat qu&rsquo;une double vasque contrainte. Le confort d&rsquo;un grand plan d\u00e9passe celui d&rsquo;un second bassin inutilisable \u00e0 deux.<\/p>\t\t\t\t\t\t\t\t<\/div>\n\t\t\t\t<\/div>\n\t\t\t\t<div class=\"vamtam-has-theme-widget-styles elementor-element elementor-element-15836b5 elementor-align-center elementor-widget elementor-widget-button\" data-id=\"15836b5\" data-element_type=\"widget\" data-widget_type=\"button.default\">\n\t\t\t\t<div class=\"elementor-widget-container\">\n\t\t\t\t\t\t\t\t\t<div class=\"elementor-button-wrapper\">\n\t\t\t\t\t<a class=\"elementor-button elementor-button-link elementor-size-sm\" href=\"https:\/\/www.wanda-collection.com\/art-meuble-salle-de-bain-en-teck-et-ceramique-sira-solo-120-cm-55183.htm\">\n\t\t\t\t\t\t<span class=\"elementor-button-content-wrapper\">\n\t\t\t\t\t\t\t\t\t<span class=\"elementor-button-text\">Voir le meuble Sira solo 120 cm<\/span>\n\t\t\t\t\t<\/span>\n\t\t\t\t\t<\/a>\n\t\t\t\t<\/div>\n\t\t\t\t\t\t\t\t<\/div>\n\t\t\t\t<\/div>\n\t\t\t\t\t<\/div>\n\t\t<\/div>\n\t\t\t\t<div class=\"elementor-column elementor-col-40 elementor-top-column elementor-element elementor-element-fb8096d\" data-id=\"fb8096d\" data-element_type=\"column\">\n\t\t\t<div class=\"elementor-widget-wrap elementor-element-populated\">\n\t\t\t\t\t\t<div class=\"vamtam-has-theme-widget-styles elementor-element elementor-element-a22addc elementor-widget elementor-widget-image\" data-id=\"a22addc\" data-element_type=\"widget\" data-widget_type=\"image.default\">\n\t\t\t\t<div class=\"elementor-widget-container\">\n\t\t\t\t\t\t\t\t\t<div class=\"elementor-image\">\n\t\t\t\t\t\t\t\t\t\t\t\t\t\t\t\t<figure class=\"wp-caption\">\n\t\t\t\t\t\t\t\t\t\t\t\t\t\t\t\t\t<a href=\"https:\/\/www.wanda-collection.com\/art-meuble-salle-de-bain-en-teck-et-ceramique-sira-solo-120-cm-55183.htm\">\n\t\t\t\t\t\t\t\t\t\t\t<img loading=\"lazy\" decoding=\"async\" width=\"1028\" height=\"1028\" src=\"https:\/\/www.wanda-collection.com\/blog\/wp-content\/uploads\/2026\/08\/mb-sira120.jpg\" class=\"attachment-full size-full wp-image-992843\" alt=\"Meuble en teck et c\u00e9ramique Sira solo de 120 cm avec plan libre\" srcset=\"https:\/\/www.wanda-collection.com\/blog\/wp-content\/uploads\/2026\/08\/mb-sira120.jpg 1028w, https:\/\/www.wanda-collection.com\/blog\/wp-content\/uploads\/2026\/08\/mb-sira120-300x300.jpg 300w, https:\/\/www.wanda-collection.com\/blog\/wp-content\/uploads\/2026\/08\/mb-sira120-1024x1024.jpg 1024w, https:\/\/www.wanda-collection.com\/blog\/wp-content\/uploads\/2026\/08\/mb-sira120-150x150.jpg 150w, https:\/\/www.wanda-collection.com\/blog\/wp-content\/uploads\/2026\/08\/mb-sira120-768x768.jpg 768w\" sizes=\"(max-width: 1028px) 100vw, 1028px\" \/>\t\t\t\t\t\t\t\t\t\t\t\t<\/a>\n\t\t\t\t\t\t\t\t\t\t\t\t\t\t\t\t\t<figcaption class=\"widget-image-caption wp-caption-text\">Meuble en teck et c\u00e9ramique Sira solo, 120 cm<\/figcaption>\n\t\t\t\t\t\t\t\t\t\t\t\t\t\t\t\t<\/figure>\n\t\t\t\t\t\t\t\t\t\t\t\t\t\t<\/div>\n\t\t\t\t\t\t\t\t<\/div>\n\t\t\t\t<\/div>\n\t\t\t\t\t<\/div>\n\t\t<\/div>\n\t\t\t\t\t<\/div>\n\t\t<\/section>\n\t\t\t\t<section class=\"elementor-section elementor-top-section elementor-element elementor-element-a7d9b0f elementor-section-boxed elementor-section-height-default elementor-section-height-default\" data-id=\"a7d9b0f\" data-element_type=\"section\">\n\t\t\t\t\t\t<div class=\"elementor-container elementor-column-gap-default\">\n\t\t\t\t\t<div class=\"elementor-column elementor-col-40 elementor-top-column elementor-element elementor-element-e2d237d\" data-id=\"e2d237d\" data-element_type=\"column\">\n\t\t\t<div class=\"elementor-widget-wrap elementor-element-populated\">\n\t\t\t\t\t\t<div class=\"vamtam-has-theme-widget-styles elementor-element elementor-element-5dcc49e elementor-widget elementor-widget-image\" data-id=\"5dcc49e\" data-element_type=\"widget\" data-widget_type=\"image.default\">\n\t\t\t\t<div class=\"elementor-widget-container\">\n\t\t\t\t\t\t\t\t\t<div class=\"elementor-image\">\n\t\t\t\t\t\t\t\t\t\t\t\t\t\t\t\t<figure class=\"wp-caption\">\n\t\t\t\t\t\t\t\t\t\t\t\t\t\t\t\t\t<a href=\"https:\/\/www.wanda-collection.com\/art-meuble-de-salle-de-bain-en-mindi-60-cm-loft-blanc-2042.htm\">\n\t\t\t\t\t\t\t\t\t\t\t<img loading=\"lazy\" decoding=\"async\" width=\"1028\" height=\"1028\" src=\"https:\/\/www.wanda-collection.com\/blog\/wp-content\/uploads\/2026\/08\/mb-mindi60.jpg\" class=\"attachment-full size-full wp-image-992845\" alt=\"Meuble de salle de bain en mindi et m\u00e9tal blanc de 60 cm\" srcset=\"https:\/\/www.wanda-collection.com\/blog\/wp-content\/uploads\/2026\/08\/mb-mindi60.jpg 1028w, https:\/\/www.wanda-collection.com\/blog\/wp-content\/uploads\/2026\/08\/mb-mindi60-300x300.jpg 300w, https:\/\/www.wanda-collection.com\/blog\/wp-content\/uploads\/2026\/08\/mb-mindi60-1024x1024.jpg 1024w, https:\/\/www.wanda-collection.com\/blog\/wp-content\/uploads\/2026\/08\/mb-mindi60-150x150.jpg 150w, https:\/\/www.wanda-collection.com\/blog\/wp-content\/uploads\/2026\/08\/mb-mindi60-768x768.jpg 768w\" sizes=\"(max-width: 1028px) 100vw, 1028px\" \/>\t\t\t\t\t\t\t\t\t\t\t\t<\/a>\n\t\t\t\t\t\t\t\t\t\t\t\t\t\t\t\t\t<figcaption class=\"widget-image-caption wp-caption-text\">Meuble en mindi Loft blanc, 60 cm<\/figcaption>\n\t\t\t\t\t\t\t\t\t\t\t\t\t\t\t\t<\/figure>\n\t\t\t\t\t\t\t\t\t\t\t\t\t\t<\/div>\n\t\t\t\t\t\t\t\t<\/div>\n\t\t\t\t<\/div>\n\t\t\t\t\t<\/div>\n\t\t<\/div>\n\t\t\t\t<div class=\"elementor-column elementor-col-60 elementor-top-column elementor-element elementor-element-cb8e401\" data-id=\"cb8e401\" data-element_type=\"column\">\n\t\t\t<div class=\"elementor-widget-wrap elementor-element-populated\">\n\t\t\t\t\t\t<div class=\"elementor-element elementor-element-733ed4a elementor-widget elementor-widget-text-editor\" data-id=\"733ed4a\" data-element_type=\"widget\" data-widget_type=\"text-editor.default\">\n\t\t\t\t<div class=\"elementor-widget-container\">\n\t\t\t\t\t\t\t\t\t<h2>L&rsquo;essence de bois : ce qui tient vraiment dans une pi\u00e8ce humide<\/h2><p>Toutes les essences ne se comportent pas de la m\u00eame fa\u00e7on face \u00e0 la vapeur. L&rsquo;\u00e9cart est consid\u00e9rable et se joue sur la teneur naturelle en huile du bois.<\/p><h3>Le teck massif<\/h3><p>Le teck contient naturellement des huiles et de la silice qui le rendent stable en atmosph\u00e8re humide : il ne gonfle pas, ne se fend pas, ne se d\u00e9lamine pas, et r\u00e9siste aux champignons sans traitement. C&rsquo;est pour cette raison qu&rsquo;on l&rsquo;utilise historiquement sur les ponts de bateau, expos\u00e9s en permanence \u00e0 l&rsquo;eau de mer.<\/p><p>Concr\u00e8tement, un meuble en teck massif traverse la dur\u00e9e de vie de deux \u00e0 trois meubles en panneau m\u00e9lamin\u00e9. Il se ponce si on veut le rafra\u00eechir, ce qu&rsquo;aucun panneau plaqu\u00e9 ne permet, et prend une patine ambr\u00e9e en vieillissant plut\u00f4t que de se d\u00e9grader.<\/p><h3>Le mindi<\/h3><p>Bois d&rsquo;Asie du Sud-Est plus tendre et bien moins cher, le mindi supporte correctement l&rsquo;humidit\u00e9 une fois trait\u00e9 et laqu\u00e9. Il convient aux salles de bain bien ventil\u00e9es et aux budgets serr\u00e9s, souvent associ\u00e9 \u00e0 une structure m\u00e9tallique qui laisse l&rsquo;air circuler.<\/p><p>Sa limite est la reprise : une rayure profonde ou un choc entament la laque, et le bois nu expos\u00e9 absorbe alors l&rsquo;eau. L\u00e0 o\u00f9 le teck se ponce, le mindi laqu\u00e9 se r\u00e9pare mal.<\/p><h3>Ce qu&rsquo;il faut \u00e9viter<\/h3><p>Le panneau de particules m\u00e9lamin\u00e9, m\u00eame vendu comme sp\u00e9cial salle de bain, reste le mat\u00e9riau le plus fragile : les chants gonflent d\u00e8s que l&rsquo;eau s&rsquo;infiltre sous le film, et le ph\u00e9nom\u00e8ne est irr\u00e9versible. Le contreplaqu\u00e9 non marine se d\u00e9lamine par les bords. Le pin non trait\u00e9 bleuit et se d\u00e9forme en une \u00e0 deux saisons.<\/p>\t\t\t\t\t\t\t\t<\/div>\n\t\t\t\t<\/div>\n\t\t\t\t<div class=\"vamtam-has-theme-widget-styles elementor-element elementor-element-6c55e81 elementor-align-center elementor-widget elementor-widget-button\" data-id=\"6c55e81\" data-element_type=\"widget\" data-widget_type=\"button.default\">\n\t\t\t\t<div class=\"elementor-widget-container\">\n\t\t\t\t\t\t\t\t\t<div class=\"elementor-button-wrapper\">\n\t\t\t\t\t<a class=\"elementor-button elementor-button-link elementor-size-sm\" href=\"https:\/\/www.wanda-collection.com\/cat-meuble-sous-vasque-155.htm\">\n\t\t\t\t\t\t<span class=\"elementor-button-content-wrapper\">\n\t\t\t\t\t\t\t\t\t<span class=\"elementor-button-text\">Voir les meubles en teck massif<\/span>\n\t\t\t\t\t<\/span>\n\t\t\t\t\t<\/a>\n\t\t\t\t<\/div>\n\t\t\t\t\t\t\t\t<\/div>\n\t\t\t\t<\/div>\n\t\t\t\t\t<\/div>\n\t\t<\/div>\n\t\t\t\t\t<\/div>\n\t\t<\/section>\n\t\t\t\t<section class=\"elementor-section elementor-top-section elementor-element elementor-element-49b19bd elementor-section-boxed elementor-section-height-default elementor-section-height-default\" data-id=\"49b19bd\" data-element_type=\"section\">\n\t\t\t\t\t\t<div class=\"elementor-container elementor-column-gap-default\">\n\t\t\t\t\t<div class=\"elementor-column elementor-col-60 elementor-top-column elementor-element elementor-element-25aafcc\" data-id=\"25aafcc\" data-element_type=\"column\">\n\t\t\t<div class=\"elementor-widget-wrap elementor-element-populated\">\n\t\t\t\t\t\t<div class=\"elementor-element elementor-element-5030bc3 elementor-widget elementor-widget-text-editor\" data-id=\"5030bc3\" data-element_type=\"widget\" data-widget_type=\"text-editor.default\">\n\t\t\t\t<div class=\"elementor-widget-container\">\n\t\t\t\t\t\t\t\t\t<h2>Suspendu ou pos\u00e9 au sol<\/h2><h3>Le meuble suspendu<\/h3><p>Fix\u00e9 au mur, il laisse le carrelage visible en dessous. Le gain est d&rsquo;abord visuel : voir le sol se prolonger sous le meuble agrandit nettement une petite pi\u00e8ce. Le gain est ensuite sanitaire, puisqu&rsquo;on passe la serpilli\u00e8re d&rsquo;un seul geste sans contourner de pieds, et qu&rsquo;aucune humidit\u00e9 ne stagne \u00e0 la base.<\/p><p>La contrainte est le mur. Un meuble de 80 cm charg\u00e9 d&rsquo;une vasque en pierre, d&rsquo;eau et de rangement d\u00e9passe vite 50 kg. Il faut un mur porteur ou une cloison renforc\u00e9e, avec des fixations dimensionn\u00e9es. Sur une cloison en plaques de pl\u00e2tre standard sans renfort, il faut renoncer.<\/p><h3>Le meuble pos\u00e9 au sol<\/h3><p>Le poids descend au sol, la question de la portance ne se pose plus. C&rsquo;est le choix \u00e9vident en r\u00e9novation, quand on ignore ce que cache la cloison. Il offre \u00e9galement plus de volume, puisqu&rsquo;il exploite toute la hauteur jusqu&rsquo;au plancher.<\/p><p>Veillez seulement \u00e0 ce que la base soit en bois massif ou sur\u00e9lev\u00e9e sur des pieds : un caisson qui repose \u00e0 plat sur un carrelage r\u00e9guli\u00e8rement mouill\u00e9 finit par absorber l&rsquo;humidit\u00e9 par le bas.<\/p>\t\t\t\t\t\t\t\t<\/div>\n\t\t\t\t<\/div>\n\t\t\t\t<div class=\"vamtam-has-theme-widget-styles elementor-element elementor-element-64b9230 elementor-align-center elementor-widget elementor-widget-button\" data-id=\"64b9230\" data-element_type=\"widget\" data-widget_type=\"button.default\">\n\t\t\t\t<div class=\"elementor-widget-container\">\n\t\t\t\t\t\t\t\t\t<div class=\"elementor-button-wrapper\">\n\t\t\t\t\t<a class=\"elementor-button elementor-button-link elementor-size-sm\" href=\"https:\/\/www.wanda-collection.com\/art-meuble-de-salle-de-bain-factory-teck-metal-70-cm-1358.htm\">\n\t\t\t\t\t\t<span class=\"elementor-button-content-wrapper\">\n\t\t\t\t\t\t\t\t\t<span class=\"elementor-button-text\">Voir le meuble Factory 70 cm<\/span>\n\t\t\t\t\t<\/span>\n\t\t\t\t\t<\/a>\n\t\t\t\t<\/div>\n\t\t\t\t\t\t\t\t<\/div>\n\t\t\t\t<\/div>\n\t\t\t\t\t<\/div>\n\t\t<\/div>\n\t\t\t\t<div class=\"elementor-column elementor-col-40 elementor-top-column elementor-element elementor-element-58a5e8e\" data-id=\"58a5e8e\" data-element_type=\"column\">\n\t\t\t<div class=\"elementor-widget-wrap elementor-element-populated\">\n\t\t\t\t\t\t<div class=\"vamtam-has-theme-widget-styles elementor-element elementor-element-b3564bc elementor-widget elementor-widget-image\" data-id=\"b3564bc\" data-element_type=\"widget\" data-widget_type=\"image.default\">\n\t\t\t\t<div class=\"elementor-widget-container\">\n\t\t\t\t\t\t\t\t\t<div class=\"elementor-image\">\n\t\t\t\t\t\t\t\t\t\t\t\t\t\t\t\t<figure class=\"wp-caption\">\n\t\t\t\t\t\t\t\t\t\t\t\t\t\t\t\t\t<a href=\"https:\/\/www.wanda-collection.com\/art-meuble-de-salle-de-bain-factory-teck-metal-70-cm-1358.htm\">\n\t\t\t\t\t\t\t\t\t\t\t<img loading=\"lazy\" decoding=\"async\" width=\"1028\" height=\"1028\" src=\"https:\/\/www.wanda-collection.com\/blog\/wp-content\/uploads\/2026\/08\/mb-factory70.jpg\" class=\"attachment-full size-full wp-image-992846\" alt=\"Meuble de salle de bain Factory en teck et m\u00e9tal de 70 cm, structure ouverte\" srcset=\"https:\/\/www.wanda-collection.com\/blog\/wp-content\/uploads\/2026\/08\/mb-factory70.jpg 1028w, https:\/\/www.wanda-collection.com\/blog\/wp-content\/uploads\/2026\/08\/mb-factory70-300x300.jpg 300w, https:\/\/www.wanda-collection.com\/blog\/wp-content\/uploads\/2026\/08\/mb-factory70-1024x1024.jpg 1024w, https:\/\/www.wanda-collection.com\/blog\/wp-content\/uploads\/2026\/08\/mb-factory70-150x150.jpg 150w, https:\/\/www.wanda-collection.com\/blog\/wp-content\/uploads\/2026\/08\/mb-factory70-768x768.jpg 768w\" sizes=\"(max-width: 1028px) 100vw, 1028px\" \/>\t\t\t\t\t\t\t\t\t\t\t\t<\/a>\n\t\t\t\t\t\t\t\t\t\t\t\t\t\t\t\t\t<figcaption class=\"widget-image-caption wp-caption-text\">Meuble Factory teck et m\u00e9tal, 70 cm<\/figcaption>\n\t\t\t\t\t\t\t\t\t\t\t\t\t\t\t\t<\/figure>\n\t\t\t\t\t\t\t\t\t\t\t\t\t\t<\/div>\n\t\t\t\t\t\t\t\t<\/div>\n\t\t\t\t<\/div>\n\t\t\t\t\t<\/div>\n\t\t<\/div>\n\t\t\t\t\t<\/div>\n\t\t<\/section>\n\t\t\t\t<section class=\"elementor-section elementor-top-section elementor-element elementor-element-46f51f8 elementor-section-boxed elementor-section-height-default elementor-section-height-default\" data-id=\"46f51f8\" data-element_type=\"section\">\n\t\t\t\t\t\t<div class=\"elementor-container elementor-column-gap-default\">\n\t\t\t\t\t<div class=\"elementor-column elementor-col-40 elementor-top-column elementor-element elementor-element-0e7e72a\" data-id=\"0e7e72a\" data-element_type=\"column\">\n\t\t\t<div class=\"elementor-widget-wrap elementor-element-populated\">\n\t\t\t\t\t\t<div class=\"vamtam-has-theme-widget-styles elementor-element elementor-element-f483584 elementor-widget elementor-widget-image\" data-id=\"f483584\" data-element_type=\"widget\" data-widget_type=\"image.default\">\n\t\t\t\t<div class=\"elementor-widget-container\">\n\t\t\t\t\t\t\t\t\t<div class=\"elementor-image\">\n\t\t\t\t\t\t\t\t\t\t\t\t\t\t\t\t<figure class=\"wp-caption\">\n\t\t\t\t\t\t\t\t\t\t\t\t\t\t\t\t\t<a href=\"https:\/\/www.wanda-collection.com\/art-meuble-salle-de-bain-en-teck-et-terrazzo-noir-aktual-60cm-56189.htm\">\n\t\t\t\t\t\t\t\t\t\t\t<img loading=\"lazy\" decoding=\"async\" width=\"1028\" height=\"1028\" src=\"https:\/\/www.wanda-collection.com\/blog\/wp-content\/uploads\/2026\/08\/mb-terrazzo60.jpg\" class=\"attachment-full size-full wp-image-992844\" alt=\"Meuble en teck avec plateau en terrazzo noir Aktual de 60 cm\" srcset=\"https:\/\/www.wanda-collection.com\/blog\/wp-content\/uploads\/2026\/08\/mb-terrazzo60.jpg 1028w, https:\/\/www.wanda-collection.com\/blog\/wp-content\/uploads\/2026\/08\/mb-terrazzo60-300x300.jpg 300w, https:\/\/www.wanda-collection.com\/blog\/wp-content\/uploads\/2026\/08\/mb-terrazzo60-1024x1024.jpg 1024w, https:\/\/www.wanda-collection.com\/blog\/wp-content\/uploads\/2026\/08\/mb-terrazzo60-150x150.jpg 150w, https:\/\/www.wanda-collection.com\/blog\/wp-content\/uploads\/2026\/08\/mb-terrazzo60-768x768.jpg 768w\" sizes=\"(max-width: 1028px) 100vw, 1028px\" \/>\t\t\t\t\t\t\t\t\t\t\t\t<\/a>\n\t\t\t\t\t\t\t\t\t\t\t\t\t\t\t\t\t<figcaption class=\"widget-image-caption wp-caption-text\">Caisson teck et plateau terrazzo noir, 60 cm<\/figcaption>\n\t\t\t\t\t\t\t\t\t\t\t\t\t\t\t\t<\/figure>\n\t\t\t\t\t\t\t\t\t\t\t\t\t\t<\/div>\n\t\t\t\t\t\t\t\t<\/div>\n\t\t\t\t<\/div>\n\t\t\t\t\t<\/div>\n\t\t<\/div>\n\t\t\t\t<div class=\"elementor-column elementor-col-60 elementor-top-column elementor-element elementor-element-091d995\" data-id=\"091d995\" data-element_type=\"column\">\n\t\t\t<div class=\"elementor-widget-wrap elementor-element-populated\">\n\t\t\t\t\t\t<div class=\"elementor-element elementor-element-cda293c elementor-widget elementor-widget-text-editor\" data-id=\"cda293c\" data-element_type=\"widget\" data-widget_type=\"text-editor.default\">\n\t\t\t\t<div class=\"elementor-widget-container\">\n\t\t\t\t\t\t\t\t\t<h2>Le plateau : bois brut, terrazzo ou c\u00e9ramique<\/h2><p>Sur les mod\u00e8les r\u00e9cents, le dessus du meuble ne suit plus forc\u00e9ment la mati\u00e8re du caisson. Ce choix a des cons\u00e9quences pratiques directes.<\/p><h3>Le plateau en teck<\/h3><p>La continuit\u00e9 de mati\u00e8re donne l&rsquo;ensemble le plus chaleureux et le plus homog\u00e8ne. Le teck encaisse les projections sans marquer, \u00e0 condition d&rsquo;essuyer les flaques qui stagnent au pied de la vasque. C&rsquo;est le choix de la coh\u00e9rence.<\/p><h3>Le plateau en terrazzo ou en c\u00e9ramique<\/h3><p>Totalement insensible \u00e0 l&rsquo;eau, il se nettoie d&rsquo;un coup d&rsquo;\u00e9ponge et ne demande aucun entretien particulier. C&rsquo;est la solution la plus tranquille pour une salle de bain familiale tr\u00e8s utilis\u00e9e. Le terrazzo apporte en prime une couleur et un grain qui manquent parfois \u00e0 un ensemble tout bois.<\/p><p>Le contraste entre un caisson en teck chaud et un plateau min\u00e9ral sombre est d&rsquo;ailleurs l&rsquo;un des accords les plus demand\u00e9s du moment.<\/p>\t\t\t\t\t\t\t\t<\/div>\n\t\t\t\t<\/div>\n\t\t\t\t<div class=\"vamtam-has-theme-widget-styles elementor-element elementor-element-5e1d0f2 elementor-align-center elementor-widget elementor-widget-button\" data-id=\"5e1d0f2\" data-element_type=\"widget\" data-widget_type=\"button.default\">\n\t\t\t\t<div class=\"elementor-widget-container\">\n\t\t\t\t\t\t\t\t\t<div class=\"elementor-button-wrapper\">\n\t\t\t\t\t<a class=\"elementor-button elementor-button-link elementor-size-sm\" href=\"https:\/\/www.wanda-collection.com\/art-meuble-salle-de-bain-en-teck-et-terrazzo-noir-aktual-60cm-56189.htm\">\n\t\t\t\t\t\t<span class=\"elementor-button-content-wrapper\">\n\t\t\t\t\t\t\t\t\t<span class=\"elementor-button-text\">Voir le meuble teck et terrazzo<\/span>\n\t\t\t\t\t<\/span>\n\t\t\t\t\t<\/a>\n\t\t\t\t<\/div>\n\t\t\t\t\t\t\t\t<\/div>\n\t\t\t\t<\/div>\n\t\t\t\t\t<\/div>\n\t\t<\/div>\n\t\t\t\t\t<\/div>\n\t\t<\/section>\n\t\t\t\t<section class=\"elementor-section elementor-top-section elementor-element elementor-element-3d4e25f elementor-section-boxed elementor-section-height-default elementor-section-height-default\" data-id=\"3d4e25f\" data-element_type=\"section\">\n\t\t\t\t\t\t<div class=\"elementor-container elementor-column-gap-default\">\n\t\t\t\t\t<div class=\"elementor-column elementor-col-100 elementor-top-column elementor-element elementor-element-55df912\" data-id=\"55df912\" data-element_type=\"column\">\n\t\t\t<div class=\"elementor-widget-wrap elementor-element-populated\">\n\t\t\t\t\t\t<div class=\"elementor-element elementor-element-aefba17 elementor-widget elementor-widget-text-editor\" data-id=\"aefba17\" data-element_type=\"widget\" data-widget_type=\"text-editor.default\">\n\t\t\t\t<div class=\"elementor-widget-container\">\n\t\t\t\t\t\t\t\t\t<h2>Accorder la vasque et la robinetterie<\/h2><p>Le meuble ne se choisit pas seul. Trois v\u00e9rifications \u00e9vitent les mauvaises surprises \u00e0 la livraison.<\/p><h3>Le diam\u00e8tre de la vasque<\/h3><p>Laissez au moins 10 cm entre le bord de la vasque et chaque bord du meuble. Sur un meuble de 60 cm, cela plafonne le bassin \u00e0 40 cm de diam\u00e8tre. Une vasque plus large d\u00e9borde visuellement et rend le nettoyage du plan impossible.<\/p><h3>La hauteur totale<\/h3><p>Le standard place le haut du plan \u00e0 85 cm du sol. Si la vasque est \u00e0 poser et mesure 14 cm, le bord du bassin monte \u00e0 99 cm, ce qui devient haut pour une personne de petite taille. Dans ce cas, descendez le meuble \u00e0 78 ou 80 cm, ou choisissez une vasque encastr\u00e9e. Le sujet est d\u00e9velopp\u00e9 dans notre <a href=\"https:\/\/www.wanda-collection.com\/blog\/pourquoi-choisir-une-vasque-en-pierre-naturelle-guide-complet\/\">guide de la vasque en pierre naturelle<\/a>.<\/p><h3>Le robinet<\/h3><p>Une vasque \u00e0 poser \u00e9paisse impose presque toujours un robinet haut, faute de quoi le bec arrive sous le bord du bassin. Notre <a href=\"https:\/\/www.wanda-collection.com\/blog\/robinet-vasque-salle-de-bain\/\">guide du robinet de vasque<\/a> donne le calcul de hauteur exact.<\/p>\t\t\t\t\t\t\t\t<\/div>\n\t\t\t\t<\/div>\n\t\t\t\t\t<\/div>\n\t\t<\/div>\n\t\t\t\t\t<\/div>\n\t\t<\/section>\n\t\t\t\t<section class=\"elementor-section elementor-top-section elementor-element elementor-element-955de7d elementor-section-boxed elementor-section-height-default elementor-section-height-default\" data-id=\"955de7d\" data-element_type=\"section\">\n\t\t\t\t\t\t<div class=\"elementor-container elementor-column-gap-default\">\n\t\t\t\t\t<div class=\"elementor-column elementor-col-100 elementor-top-column elementor-element elementor-element-4c9b55a\" data-id=\"4c9b55a\" data-element_type=\"column\">\n\t\t\t<div class=\"elementor-widget-wrap elementor-element-populated\">\n\t\t\t\t\t\t<div class=\"elementor-element elementor-element-97b5eba elementor-widget elementor-widget-text-editor\" data-id=\"97b5eba\" data-element_type=\"widget\" data-widget_type=\"text-editor.default\">\n\t\t\t\t<div class=\"elementor-widget-container\">\n\t\t\t\t\t\t\t\t\t<h2>Le rangement r\u00e9ellement utilisable<\/h2><p>Le volume affich\u00e9 d&rsquo;un caisson n&rsquo;est jamais le volume disponible : le siphon traverse l&rsquo;espace en son centre et d\u00e9coupe le rangement en deux zones lat\u00e9rales.<\/p><p>D&rsquo;o\u00f9 un arbitrage simple entre portes et tiroirs. <strong>Une porte<\/strong> donne acc\u00e8s \u00e0 tout le caisson d&rsquo;un coup, siphon compris, et convient aux objets hauts comme les produits d&rsquo;entretien. <strong>Un tiroir en U<\/strong> contourne le siphon et r\u00e9cup\u00e8re le volume lat\u00e9ral, tout en rendant le fond accessible sans se baisser. Pour le quotidien, le tiroir gagne largement.<\/p><p>Si le meuble ne suffit pas, d\u00e9portez plut\u00f4t que d&rsquo;agrandir : une colonne \u00e9troite ou des \u00e9tag\u00e8res murales lib\u00e8rent le meuble de tout ce qui n&rsquo;a pas besoin d&rsquo;\u00eatre \u00e0 port\u00e9e du bassin. Nos <a href=\"https:\/\/www.wanda-collection.com\/blog\/9-elements-indispensables-pour-bien-ranger-sa-salle-de-bain-2\/\">\u00e9l\u00e9ments indispensables pour bien ranger sa salle de bain<\/a> d\u00e9taillent la r\u00e9partition.<\/p>\t\t\t\t\t\t\t\t<\/div>\n\t\t\t\t<\/div>\n\t\t\t\t\t<\/div>\n\t\t<\/div>\n\t\t\t\t\t<\/div>\n\t\t<\/section>\n\t\t\t\t<section class=\"elementor-section elementor-top-section elementor-element elementor-element-192db47 elementor-section-boxed elementor-section-height-default elementor-section-height-default\" data-id=\"192db47\" data-element_type=\"section\">\n\t\t\t\t\t\t<div class=\"elementor-container elementor-column-gap-default\">\n\t\t\t\t\t<div class=\"elementor-column elementor-col-100 elementor-top-column elementor-element elementor-element-74eeb3f\" data-id=\"74eeb3f\" data-element_type=\"column\">\n\t\t\t<div class=\"elementor-widget-wrap elementor-element-populated\">\n\t\t\t\t\t\t<div class=\"elementor-element elementor-element-0ca99f2 elementor-widget elementor-widget-text-editor\" data-id=\"0ca99f2\" data-element_type=\"widget\" data-widget_type=\"text-editor.default\">\n\t\t\t\t<div class=\"elementor-widget-container\">\n\t\t\t\t\t\t\t\t\t<h2>Entretien d&rsquo;un meuble en teck<\/h2><p>Le teck ne demande presque rien, mais ce presque rien compte.<\/p><p><strong>Chaque semaine<\/strong>, un chiffon doux l\u00e9g\u00e8rement humide puis un essuyage. C&rsquo;est l&rsquo;eau qui stagne au pied de la vasque qui cr\u00e9e les aur\u00e9oles, pas l&rsquo;humidit\u00e9 ambiante.<\/p><p><strong>Une \u00e0 deux fois par an<\/strong>, une huile pour teck appliqu\u00e9e au chiffon sur un bois propre et sec. Elle nourrit la fibre et ravive la teinte. Sans elle, le teck ne s&rsquo;ab\u00eeme pas mais grise lentement, ce qui pla\u00eet \u00e0 certains et pas \u00e0 d&rsquo;autres.<\/p><p><strong>Jamais<\/strong> de produit abrasif, de vernis filmog\u00e8ne ni de nettoyeur vapeur. Un vernis emprisonne l&rsquo;humidit\u00e9 dans le bois et provoque exactement le d\u00e9g\u00e2t qu&rsquo;il pr\u00e9tend \u00e9viter.<\/p><p>Une trace tenace ou une aur\u00e9ole se rattrape au papier de verre \u00e0 grain fin suivi d&rsquo;un huilage. C&rsquo;est l&rsquo;avantage d\u00e9cisif du massif sur le plaqu\u00e9 : il se r\u00e9pare.<\/p>\t\t\t\t\t\t\t\t<\/div>\n\t\t\t\t<\/div>\n\t\t\t\t\t<\/div>\n\t\t<\/div>\n\t\t\t\t\t<\/div>\n\t\t<\/section>\n\t\t\t\t<section class=\"elementor-section elementor-top-section elementor-element elementor-element-1bb6412 elementor-section-boxed elementor-section-height-default elementor-section-height-default\" data-id=\"1bb6412\" data-element_type=\"section\">\n\t\t\t\t\t\t<div class=\"elementor-container elementor-column-gap-default\">\n\t\t\t\t\t<div class=\"elementor-column elementor-col-100 elementor-top-column elementor-element elementor-element-85e4bef\" data-id=\"85e4bef\" data-element_type=\"column\">\n\t\t\t<div class=\"elementor-widget-wrap elementor-element-populated\">\n\t\t\t\t\t\t<div class=\"elementor-element elementor-element-f611e4e elementor-widget elementor-widget-text-editor\" data-id=\"f611e4e\" data-element_type=\"widget\" data-widget_type=\"text-editor.default\">\n\t\t\t\t<div class=\"elementor-widget-container\">\n\t\t\t\t\t\t\t\t\t<h2>Les cinq erreurs les plus fr\u00e9quentes<\/h2><p><strong>Choisir la largeur maximale possible.<\/strong> Un meuble qui remplit le mur \u00e9trangle la circulation. Gardez 80 cm libres devant la fa\u00e7ade avant toute autre consid\u00e9ration.<\/p><p><strong>Prendre une vasque trop large pour le meuble.<\/strong> Il faut 10 cm de plan de chaque c\u00f4t\u00e9 du bassin, sans quoi le plan devient inutilisable et impossible \u00e0 nettoyer.<\/p><p><strong>Suspendre sans v\u00e9rifier la cloison.<\/strong> Cinquante kilos sur des plaques de pl\u00e2tre non renforc\u00e9es finissent par arracher les fixations, souvent des mois apr\u00e8s la pose.<\/p><p><strong>Croire qu&rsquo;un panneau m\u00e9lamin\u00e9 tiendra.<\/strong> Les chants gonflent d\u00e8s la premi\u00e8re infiltration sous le film, et le ph\u00e9nom\u00e8ne ne se rattrape pas.<\/p><p><strong>Vernir le teck.<\/strong> Le vernis bloque les \u00e9changes d&rsquo;humidit\u00e9 et fait travailler le bois sous le film. Une huile, jamais un vernis.<\/p>\t\t\t\t\t\t\t\t<\/div>\n\t\t\t\t<\/div>\n\t\t\t\t\t<\/div>\n\t\t<\/div>\n\t\t\t\t\t<\/div>\n\t\t<\/section>\n\t\t\t\t<section class=\"elementor-section elementor-top-section elementor-element elementor-element-8f4c580 elementor-section-boxed elementor-section-height-default elementor-section-height-default\" data-id=\"8f4c580\" data-element_type=\"section\">\n\t\t\t\t\t\t<div class=\"elementor-container elementor-column-gap-default\">\n\t\t\t\t\t<div class=\"elementor-column elementor-col-100 elementor-top-column elementor-element elementor-element-f0bd677\" data-id=\"f0bd677\" data-element_type=\"column\">\n\t\t\t<div class=\"elementor-widget-wrap elementor-element-populated\">\n\t\t\t\t\t\t<div class=\"elementor-element elementor-element-05d134a elementor-widget elementor-widget-heading\" data-id=\"05d134a\" data-element_type=\"widget\" data-widget_type=\"heading.default\">\n\t\t\t\t<div class=\"elementor-widget-container\">\n\t\t\t\t\t<h2 class=\"elementor-heading-title elementor-size-default\">La s\u00e9lection Wanda Collection<\/h2>\t\t\t\t<\/div>\n\t\t\t\t<\/div>\n\t\t\t\t\t<\/div>\n\t\t<\/div>\n\t\t\t\t\t<\/div>\n\t\t<\/section>\n\t\t\t\t<section class=\"elementor-section elementor-top-section elementor-element elementor-element-445fd56 elementor-section-boxed elementor-section-height-default elementor-section-height-default\" data-id=\"445fd56\" data-element_type=\"section\">\n\t\t\t\t\t\t<div class=\"elementor-container elementor-column-gap-default\">\n\t\t\t\t\t<div class=\"elementor-column elementor-col-100 elementor-top-column elementor-element elementor-element-f13410c\" data-id=\"f13410c\" data-element_type=\"column\">\n\t\t\t<div class=\"elementor-widget-wrap elementor-element-populated\">\n\t\t\t\t\t\t<div class=\"elementor-element elementor-element-a59d0ec elementor-widget elementor-widget-text-editor\" data-id=\"a59d0ec\" data-element_type=\"widget\" data-widget_type=\"text-editor.default\">\n\t\t\t\t<div class=\"elementor-widget-container\">\n\t\t\t\t\t\t\t\t\t<p>Wanda Collection propose plus de soixante meubles de salle de bain simple vasque, en teck massif principalement, du format lave-mains au 120 cm. Voici comment ils se r\u00e9partissent par largeur.<\/p><ul><li><strong><a href=\"https:\/\/www.wanda-collection.com\/art-meuble-de-salle-de-bain-suspendu-en-teck-cosy-40cm-1380.htm\">Meuble suspendu en teck Cosy 40 cm<\/a><\/strong> : le format lave-mains, pour un WC ou une salle d&rsquo;eau d&rsquo;appoint.<\/li><li><strong><a href=\"https:\/\/www.wanda-collection.com\/art-petit-meuble-de-salle-de-bain-ou-wc-44cm-en-teck-massif-657.htm\">Petit meuble de salle de bain ou WC 44 cm en teck massif<\/a><\/strong> : m\u00eame usage, pos\u00e9 au sol.<\/li><li><strong><a href=\"https:\/\/www.wanda-collection.com\/art-meuble-salle-de-bain-suspendu-en-teck-cosy-50cm-1374.htm\">Meuble suspendu en teck Cosy 50 cm<\/a><\/strong> : la transition vers un usage quotidien l\u00e9ger.<\/li><li><strong><a href=\"https:\/\/www.wanda-collection.com\/art-meuble-de-salle-de-bain-suspendu-elegance-60-cm-1365.htm\">Meuble suspendu \u00c9l\u00e9gance 60 cm<\/a><\/strong> : le standard \u00e0 budget contenu, structure ouverte.<\/li><li><strong><a href=\"https:\/\/www.wanda-collection.com\/art-meuble-sous-vasque-en-teck-aktual-60cm-56153.htm\">Meuble sous vasque en teck Aktual 60 cm<\/a><\/strong> : le standard en teck massif suspendu.<\/li><li><strong><a href=\"https:\/\/www.wanda-collection.com\/art-meuble-salle-de-bain-en-teck-et-terrazzo-noir-aktual-60cm-56189.htm\">Meuble en teck et terrazzo noir Aktual 60 cm<\/a><\/strong> : caisson bois et plateau min\u00e9ral, sans entretien.<\/li><li><strong><a href=\"https:\/\/www.wanda-collection.com\/art-meuble-de-salle-de-bain-en-mindi-60-cm-loft-blanc-2042.htm\">Meuble en mindi 60 cm Loft blanc<\/a><\/strong> : l&rsquo;alternative \u00e9conomique, style loft.<\/li><li><strong><a href=\"https:\/\/www.wanda-collection.com\/art-meuble-de-salle-de-bain-factory-teck-metal-70-cm-1358.htm\">Meuble Factory teck et m\u00e9tal 70 cm<\/a><\/strong> : structure m\u00e9tallique ouverte, s\u00e9chage rapide.<\/li><li><strong><a href=\"https:\/\/www.wanda-collection.com\/art-meuble-sous-vasque-en-teck-massif-vila-80cm-56156.htm\">Meuble sous vasque en teck massif Vila 80 cm<\/a><\/strong> : le passage au confort, plan de d\u00e9pose de chaque c\u00f4t\u00e9.<\/li><li><strong><a href=\"https:\/\/www.wanda-collection.com\/art-meuble-salle-de-bain-en-teck-vintage-90-cm-2980.htm\">Meuble en teck Vintage 90 cm<\/a><\/strong> : 90 cm pos\u00e9 au sol, rangement g\u00e9n\u00e9reux.<\/li><li><strong><a href=\"https:\/\/www.wanda-collection.com\/art-meuble-sous-vasque-en-teck-aktual-90cm-56154.htm\">Meuble sous vasque en teck Aktual 90 cm<\/a><\/strong> : la version suspendue du m\u00eame format.<\/li><li><strong><a href=\"https:\/\/www.wanda-collection.com\/art-meuble-salle-de-bain-en-teck-et-ceramique-sira-solo-120-cm-55183.htm\">Meuble en teck et c\u00e9ramique Sira solo 120 cm<\/a><\/strong> : une vasque et un vrai plan libre \u00e0 c\u00f4t\u00e9.<\/li><\/ul>\n<!-- wanda-lien-contextuel --><p>Le meuble fixe la largeur, la vasque d\u00e9cide du reste : mode de pose, mati\u00e8re et diam\u00e8tre. Notre guide de la <a href=\"https:\/\/www.wanda-collection.com\/blog\/vasque-salle-de-bain-comment-choisir\/\" style=\"font-weight:700; text-decoration:underline; color:#1a1a2e;\"><strong>vasque de salle de bain<\/strong><\/a> reprend les trois d\u00e9cisions dans l&rsquo;ordre o\u00f9 elles se posent.<\/p>\n<!-- wanda-lien-contextuel --><p>La largeur fixe le cadre, mais c&rsquo;est la hauteur qui d\u00e9cide du confort quotidien, et elle se calcule \u00e0 partir de la vasque. Notre guide de la <a href=\"https:\/\/www.wanda-collection.com\/blog\/hauteur-dimensions-meuble-salle-de-bain\/\" style=\"font-weight:700; text-decoration:underline; color:#1a1a2e;\"><strong>hauteur du meuble de salle de bain<\/strong><\/a> donne la formule.<\/p>\n<!-- wanda-lien-contextuel --><p>Trois largeurs couvrent l&rsquo;essentiel du march\u00e9 et l&rsquo;\u00e9cart entre elles se mesure. Notre guide du <a href=\"https:\/\/www.wanda-collection.com\/blog\/largeur-meuble-salle-de-bain-60-80-120\/\" style=\"font-weight:700; text-decoration:underline; color:#1a1a2e;\"><strong>meuble de salle de bain 60, 80 ou 120 cm<\/strong><\/a> d\u00e9taille ce que chacune autorise.<\/p>\t\t\t\t\t\t\t\t<\/div>\n\t\t\t\t<\/div>\n\t\t\t\t<div class=\"vamtam-has-theme-widget-styles elementor-element elementor-element-a9740c6 elementor-align-center elementor-widget elementor-widget-button\" data-id=\"a9740c6\" data-element_type=\"widget\" data-widget_type=\"button.default\">\n\t\t\t\t<div class=\"elementor-widget-container\">\n\t\t\t\t\t\t\t\t\t<div class=\"elementor-button-wrapper\">\n\t\t\t\t\t<a class=\"elementor-button elementor-button-link elementor-size-sm\" href=\"https:\/\/www.wanda-collection.com\/cat-meuble-simple-vasque-156.htm\">\n\t\t\t\t\t\t<span class=\"elementor-button-content-wrapper\">\n\t\t\t\t\t\t\t\t\t<span class=\"elementor-button-text\">D\u00e9couvrir tous les meubles de salle de bain<\/span>\n\t\t\t\t\t<\/span>\n\t\t\t\t\t<\/a>\n\t\t\t\t<\/div>\n\t\t\t\t\t\t\t\t<\/div>\n\t\t\t\t<\/div>\n\t\t\t\t\t<\/div>\n\t\t<\/div>\n\t\t\t\t\t<\/div>\n\t\t<\/section>\n\t\t\t\t<section class=\"elementor-section elementor-top-section elementor-element elementor-element-35f8eeb elementor-section-boxed elementor-section-height-default elementor-section-height-default\" data-id=\"35f8eeb\" data-element_type=\"section\">\n\t\t\t\t\t\t<div class=\"elementor-container elementor-column-gap-default\">\n\t\t\t\t\t<div class=\"elementor-column elementor-col-100 elementor-top-column elementor-element elementor-element-6cbfe0f\" data-id=\"6cbfe0f\" data-element_type=\"column\">\n\t\t\t<div class=\"elementor-widget-wrap elementor-element-populated\">\n\t\t\t\t\t\t<div class=\"elementor-element elementor-element-bc3312c elementor-widget elementor-widget-text-editor\" data-id=\"bc3312c\" data-element_type=\"widget\" data-widget_type=\"text-editor.default\">\n\t\t\t\t<div class=\"elementor-widget-container\">\n\t\t\t\t\t\t\t\t\t<p>Le meuble fixe le cadre, la vasque donne le ton. Une fois la largeur arr\u00eat\u00e9e, le choix se poursuit du c\u00f4t\u00e9 des <a href=\"https:\/\/www.wanda-collection.com\/cat-vasque-30.htm\">vasques en pierre naturelle<\/a>, dont l&rsquo;\u00e9paisseur et le diam\u00e8tre doivent r\u00e9pondre au plan retenu. Et si votre pi\u00e8ce autorise plus de 140 cm, passez plut\u00f4t sur notre <a href=\"https:\/\/www.wanda-collection.com\/blog\/choisir-un-meuble-double-vasque-pour-sa-salle-de-bain\/\">guide du meuble double vasque<\/a> : les r\u00e8gles y sont diff\u00e9rentes.<\/p>\n<!-- wanda-maillage-2026-08 --><div style=\"background:#faf6ef; border-left:4px solid #d4a84b; padding:24px 28px; margin:32px 0; border-radius:0 8px 8px 0;\"><p style=\"color:#1a1a2e; font-size:1.15em; margin:0 0 14px; font-weight:600; letter-spacing:0.3px; text-transform:uppercase;\">\u00c0 lire aussi sur le blog Wanda<\/p><ul style=\"margin:0; padding:0 0 0 18px; line-height:1.9;\"><li><a href=\"https:\/\/www.wanda-collection.com\/blog\/pourquoi-choisir-une-vasque-en-pierre-naturelle-guide-complet\/\" style=\"font-weight:700; text-decoration:underline; color:#1a1a2e;\"><strong>Vasque en pierre naturelle : guide complet<\/strong><\/a><\/li><li><a href=\"https:\/\/www.wanda-collection.com\/blog\/colonne-salle-de-bain-bois\/\" style=\"font-weight:700; text-decoration:underline; color:#1a1a2e;\"><strong>Colonne de salle de bain en bois : hauteur et fixation<\/strong><\/a><\/li><li><a href=\"https:\/\/www.wanda-collection.com\/blog\/vasque-en-terrazzo\/\" style=\"font-weight:700; text-decoration:underline; color:#1a1a2e;\"><strong>Vasque en terrazzo : \u00e9l\u00e9gance min\u00e9rale<\/strong><\/a><\/li><\/ul><\/div>\t\t\t\t\t\t\t\t<\/div>\n\t\t\t\t<\/div>\n\t\t\t\t\t<\/div>\n\t\t<\/div>\n\t\t\t\t\t<\/div>\n\t\t<\/section>\n\t\t\t\t<section class=\"elementor-section elementor-top-section elementor-element elementor-element-60579d4 elementor-section-boxed elementor-section-height-default elementor-section-height-default\" data-id=\"60579d4\" data-element_type=\"section\">\n\t\t\t\t\t\t<div class=\"elementor-container elementor-column-gap-default\">\n\t\t\t\t\t<div class=\"elementor-column elementor-col-100 elementor-top-column elementor-element elementor-element-e3cdb99\" data-id=\"e3cdb99\" data-element_type=\"column\">\n\t\t\t<div class=\"elementor-widget-wrap elementor-element-populated\">\n\t\t\t\t\t\t<div class=\"elementor-element elementor-element-f34a286 elementor-widget elementor-widget-heading\" data-id=\"f34a286\" data-element_type=\"widget\" data-widget_type=\"heading.default\">\n\t\t\t\t<div class=\"elementor-widget-container\">\n\t\t\t\t\t<h2 class=\"elementor-heading-title elementor-size-default\">FAQ : meuble de salle de bain en bois<\/h2>\t\t\t\t<\/div>\n\t\t\t\t<\/div>\n\t\t\t\t\t<\/div>\n\t\t<\/div>\n\t\t\t\t\t<\/div>\n\t\t<\/section>\n\t\t\t\t<section class=\"elementor-section elementor-top-section elementor-element elementor-element-1f2491b elementor-section-boxed elementor-section-height-default elementor-section-height-default\" data-id=\"1f2491b\" data-element_type=\"section\">\n\t\t\t\t\t\t<div class=\"elementor-container elementor-column-gap-default\">\n\t\t\t\t\t<div class=\"elementor-column elementor-col-100 elementor-top-column elementor-element elementor-element-c3519fc\" data-id=\"c3519fc\" data-element_type=\"column\">\n\t\t\t<div class=\"elementor-widget-wrap elementor-element-populated\">\n\t\t\t\t\t\t<div class=\"elementor-element elementor-element-6c8f72a elementor-widget elementor-widget-accordion\" data-id=\"6c8f72a\" data-element_type=\"widget\" data-widget_type=\"accordion.default\">\n\t\t\t\t<div class=\"elementor-widget-container\">\n\t\t\t\t\t\t\t<div class=\"elementor-accordion\">\n\t\t\t\t\t\t\t<div class=\"elementor-accordion-item\">\n\t\t\t\t\t<div id=\"elementor-tab-title-1131\" class=\"elementor-tab-title\" data-tab=\"1\" role=\"button\" aria-controls=\"elementor-tab-content-1131\" aria-expanded=\"false\">\n\t\t\t\t\t\t\t\t\t\t\t\t\t<span class=\"elementor-accordion-icon elementor-accordion-icon-left\" aria-hidden=\"true\">\n\t\t\t\t\t\t\t\t\t\t\t\t\t\t\t<span class=\"elementor-accordion-icon-closed\"><i class=\"fas fa-plus\"><\/i><\/span>\n\t\t\t\t\t\t\t\t<span class=\"elementor-accordion-icon-opened\"><i class=\"fas fa-minus\"><\/i><\/span>\n\t\t\t\t\t\t\t\t\t\t\t\t\t\t<\/span>\n\t\t\t\t\t\t\t\t\t\t\t\t<a class=\"elementor-accordion-title\" tabindex=\"0\">Quelle largeur de meuble de salle de bain choisir ?<\/a>\n\t\t\t\t\t<\/div>\n\t\t\t\t\t<div id=\"elementor-tab-content-1131\" class=\"elementor-tab-content elementor-clearfix\" data-tab=\"1\" role=\"region\" aria-labelledby=\"elementor-tab-title-1131\"><p>Comptez 60 \u00e0 70 cm pour une salle de bain de ville et un usage quotidien, 80 \u00e0 90 cm d\u00e8s que la pi\u00e8ce d\u00e9passe 6 m\u00b2 pour disposer d&rsquo;un vrai plan de d\u00e9pose, et 40 \u00e0 50 cm pour un WC ou une salle d&rsquo;eau d&rsquo;appoint. Dans tous les cas, gardez 80 cm libres devant la fa\u00e7ade pour pouvoir vous tenir debout et ouvrir un tiroir.<\/p><\/div>\n\t\t\t\t<\/div>\n\t\t\t\t\t\t\t<div class=\"elementor-accordion-item\">\n\t\t\t\t\t<div id=\"elementor-tab-title-1132\" class=\"elementor-tab-title\" data-tab=\"2\" role=\"button\" aria-controls=\"elementor-tab-content-1132\" aria-expanded=\"false\">\n\t\t\t\t\t\t\t\t\t\t\t\t\t<span class=\"elementor-accordion-icon elementor-accordion-icon-left\" aria-hidden=\"true\">\n\t\t\t\t\t\t\t\t\t\t\t\t\t\t\t<span class=\"elementor-accordion-icon-closed\"><i class=\"fas fa-plus\"><\/i><\/span>\n\t\t\t\t\t\t\t\t<span class=\"elementor-accordion-icon-opened\"><i class=\"fas fa-minus\"><\/i><\/span>\n\t\t\t\t\t\t\t\t\t\t\t\t\t\t<\/span>\n\t\t\t\t\t\t\t\t\t\t\t\t<a class=\"elementor-accordion-title\" tabindex=\"0\">Quel bois r\u00e9siste le mieux dans une salle de bain ?<\/a>\n\t\t\t\t\t<\/div>\n\t\t\t\t\t<div id=\"elementor-tab-content-1132\" class=\"elementor-tab-content elementor-clearfix\" data-tab=\"2\" role=\"region\" aria-labelledby=\"elementor-tab-title-1132\"><p>Le teck massif, sans concurrence. Ses huiles naturelles et sa silice le rendent stable en atmosph\u00e8re humide : il ne gonfle pas, ne se fend pas et r\u00e9siste aux champignons sans traitement. C&rsquo;est le bois des ponts de bateau. Le mindi convient dans une pi\u00e8ce bien ventil\u00e9e et \u00e0 budget serr\u00e9. Le panneau de particules m\u00e9lamin\u00e9, lui, gonfle par les chants d\u00e8s la premi\u00e8re infiltration.<\/p><\/div>\n\t\t\t\t<\/div>\n\t\t\t\t\t\t\t<div class=\"elementor-accordion-item\">\n\t\t\t\t\t<div id=\"elementor-tab-title-1133\" class=\"elementor-tab-title\" data-tab=\"3\" role=\"button\" aria-controls=\"elementor-tab-content-1133\" aria-expanded=\"false\">\n\t\t\t\t\t\t\t\t\t\t\t\t\t<span class=\"elementor-accordion-icon elementor-accordion-icon-left\" aria-hidden=\"true\">\n\t\t\t\t\t\t\t\t\t\t\t\t\t\t\t<span class=\"elementor-accordion-icon-closed\"><i class=\"fas fa-plus\"><\/i><\/span>\n\t\t\t\t\t\t\t\t<span class=\"elementor-accordion-icon-opened\"><i class=\"fas fa-minus\"><\/i><\/span>\n\t\t\t\t\t\t\t\t\t\t\t\t\t\t<\/span>\n\t\t\t\t\t\t\t\t\t\t\t\t<a class=\"elementor-accordion-title\" tabindex=\"0\">Meuble de salle de bain suspendu ou pos\u00e9 au sol ?<\/a>\n\t\t\t\t\t<\/div>\n\t\t\t\t\t<div id=\"elementor-tab-content-1133\" class=\"elementor-tab-content elementor-clearfix\" data-tab=\"3\" role=\"region\" aria-labelledby=\"elementor-tab-title-1133\"><p>Le suspendu laisse le carrelage visible, agrandit visuellement la pi\u00e8ce et simplifie le nettoyage, mais il exige un mur porteur ou une cloison renforc\u00e9e : un meuble de 80 cm charg\u00e9 d\u00e9passe vite 50 kg. Le meuble pos\u00e9 au sol fait descendre le poids, offre plus de volume et reste le choix s\u00fbr en r\u00e9novation quand la nature de la cloison est inconnue.<\/p><\/div>\n\t\t\t\t<\/div>\n\t\t\t\t\t\t\t<div class=\"elementor-accordion-item\">\n\t\t\t\t\t<div id=\"elementor-tab-title-1134\" class=\"elementor-tab-title\" data-tab=\"4\" role=\"button\" aria-controls=\"elementor-tab-content-1134\" aria-expanded=\"false\">\n\t\t\t\t\t\t\t\t\t\t\t\t\t<span class=\"elementor-accordion-icon elementor-accordion-icon-left\" aria-hidden=\"true\">\n\t\t\t\t\t\t\t\t\t\t\t\t\t\t\t<span class=\"elementor-accordion-icon-closed\"><i class=\"fas fa-plus\"><\/i><\/span>\n\t\t\t\t\t\t\t\t<span class=\"elementor-accordion-icon-opened\"><i class=\"fas fa-minus\"><\/i><\/span>\n\t\t\t\t\t\t\t\t\t\t\t\t\t\t<\/span>\n\t\t\t\t\t\t\t\t\t\t\t\t<a class=\"elementor-accordion-title\" tabindex=\"0\">Quelle taille de vasque pour un meuble de 60 cm ?<\/a>\n\t\t\t\t\t<\/div>\n\t\t\t\t\t<div id=\"elementor-tab-content-1134\" class=\"elementor-tab-content elementor-clearfix\" data-tab=\"4\" role=\"region\" aria-labelledby=\"elementor-tab-title-1134\"><p>Un bassin de 40 cm de diam\u00e8tre au maximum. Il faut conserver environ 10 cm de plan entre le bord de la vasque et chaque bord du meuble, sans quoi le plan devient inutilisable et le joint impossible \u00e0 nettoyer correctement.<\/p><\/div>\n\t\t\t\t<\/div>\n\t\t\t\t\t\t\t<div class=\"elementor-accordion-item\">\n\t\t\t\t\t<div id=\"elementor-tab-title-1135\" class=\"elementor-tab-title\" data-tab=\"5\" role=\"button\" aria-controls=\"elementor-tab-content-1135\" aria-expanded=\"false\">\n\t\t\t\t\t\t\t\t\t\t\t\t\t<span class=\"elementor-accordion-icon elementor-accordion-icon-left\" aria-hidden=\"true\">\n\t\t\t\t\t\t\t\t\t\t\t\t\t\t\t<span class=\"elementor-accordion-icon-closed\"><i class=\"fas fa-plus\"><\/i><\/span>\n\t\t\t\t\t\t\t\t<span class=\"elementor-accordion-icon-opened\"><i class=\"fas fa-minus\"><\/i><\/span>\n\t\t\t\t\t\t\t\t\t\t\t\t\t\t<\/span>\n\t\t\t\t\t\t\t\t\t\t\t\t<a class=\"elementor-accordion-title\" tabindex=\"0\">Faut-il vernir un meuble de salle de bain en teck ?<\/a>\n\t\t\t\t\t<\/div>\n\t\t\t\t\t<div id=\"elementor-tab-content-1135\" class=\"elementor-tab-content elementor-clearfix\" data-tab=\"5\" role=\"region\" aria-labelledby=\"elementor-tab-title-1135\"><p>Non, jamais. Un vernis forme un film qui emprisonne l&rsquo;humidit\u00e9 dans le bois et le fait travailler sous la couche, ce qui provoque exactement le d\u00e9g\u00e2t qu&rsquo;il pr\u00e9tend \u00e9viter. Le teck s&rsquo;entretient \u00e0 l&rsquo;huile pour teck, une \u00e0 deux fois par an, sur un bois propre et sec.<\/p><\/div>\n\t\t\t\t<\/div>\n\t\t\t\t\t\t\t<div class=\"elementor-accordion-item\">\n\t\t\t\t\t<div id=\"elementor-tab-title-1136\" class=\"elementor-tab-title\" data-tab=\"6\" role=\"button\" aria-controls=\"elementor-tab-content-1136\" aria-expanded=\"false\">\n\t\t\t\t\t\t\t\t\t\t\t\t\t<span class=\"elementor-accordion-icon elementor-accordion-icon-left\" aria-hidden=\"true\">\n\t\t\t\t\t\t\t\t\t\t\t\t\t\t\t<span class=\"elementor-accordion-icon-closed\"><i class=\"fas fa-plus\"><\/i><\/span>\n\t\t\t\t\t\t\t\t<span class=\"elementor-accordion-icon-opened\"><i class=\"fas fa-minus\"><\/i><\/span>\n\t\t\t\t\t\t\t\t\t\t\t\t\t\t<\/span>\n\t\t\t\t\t\t\t\t\t\t\t\t<a class=\"elementor-accordion-title\" tabindex=\"0\">\u00c0 partir de quelle largeur passer sur une double vasque ?<\/a>\n\t\t\t\t\t<\/div>\n\t\t\t\t\t<div id=\"elementor-tab-content-1136\" class=\"elementor-tab-content elementor-clearfix\" data-tab=\"6\" role=\"region\" aria-labelledby=\"elementor-tab-title-1136\"><p>140 cm, en comptant 70 cm de largeur utile par personne. En dessous, une double vasque n&rsquo;est pas utilisable \u00e0 deux et on perd le grand plan de d\u00e9pose d&rsquo;une simple vasque. Sur une largeur de 100 \u00e0 120 cm, une belle vasque unique d\u00e9centr\u00e9e reste le meilleur achat.<\/p><\/div>\n\t\t\t\t<\/div>\n\t\t\t\t\t\t\t\t<\/div>\n\t\t\t\t\t\t<\/div>\n\t\t\t\t<\/div>\n\t\t\t\t<div class=\"elementor-element elementor-element-3d5726b elementor-widget elementor-widget-html\" data-id=\"3d5726b\" data-element_type=\"widget\" data-widget_type=\"html.default\">\n\t\t\t\t<div class=\"elementor-widget-container\">\n\t\t\t\t\t<script type=\"application\/ld+json\">{\"@context\": \"https:\/\/schema.org\", \"@type\": \"Article\", \"headline\": \"Meuble de salle de bain en bois : quelle largeur et quelle essence\", \"description\": \"Meuble de salle de bain en bois : la largeur \u00e0 retenir de 40 \u00e0 120 cm, le teck face au mindi, suspendu ou pos\u00e9, le plateau, le rangement et l'entretien.\", \"author\": {\"@type\": \"Organization\", \"name\": \"Wanda Collection\"}, \"publisher\": {\"@type\": \"Organization\", \"name\": \"Wanda Collection\", \"logo\": {\"@type\": \"ImageObject\", \"url\": \"https:\/\/www.wanda-collection.com\/img\/logo.png\"}}, \"mainEntityOfPage\": \"https:\/\/www.wanda-collection.com\/blog\/meuble-salle-de-bain-bois-massif\/\", \"image\": \"https:\/\/www.wanda-collection.com\/blog\/wp-content\/uploads\/2026\/08\/mb-vila80.jpg\"}<\/script>\n<script type=\"application\/ld+json\">{\"@context\": \"https:\/\/schema.org\", \"@type\": \"FAQPage\", \"mainEntity\": [{\"@type\": \"Question\", \"name\": \"Quelle largeur de meuble de salle de bain choisir ?\", \"acceptedAnswer\": {\"@type\": \"Answer\", \"text\": \"Comptez 60 \u00e0 70 cm pour une salle de bain de ville et un usage quotidien, 80 \u00e0 90 cm d\u00e8s que la pi\u00e8ce d\u00e9passe 6 m\u00b2 pour disposer d'un vrai plan de d\u00e9pose, et 40 \u00e0 50 cm pour un WC ou une salle d'eau d'appoint. Dans tous les cas, gardez 80 cm libres devant la fa\u00e7ade pour pouvoir vous tenir debout et ouvrir un tiroir.\"}}, {\"@type\": \"Question\", \"name\": \"Quel bois r\u00e9siste le mieux dans une salle de bain ?\", \"acceptedAnswer\": {\"@type\": \"Answer\", \"text\": \"Le teck massif, sans concurrence. Ses huiles naturelles et sa silice le rendent stable en atmosph\u00e8re humide : il ne gonfle pas, ne se fend pas et r\u00e9siste aux champignons sans traitement. C'est le bois des ponts de bateau. Le mindi convient dans une pi\u00e8ce bien ventil\u00e9e et \u00e0 budget serr\u00e9. Le panneau de particules m\u00e9lamin\u00e9, lui, gonfle par les chants d\u00e8s la premi\u00e8re infiltration.\"}}, {\"@type\": \"Question\", \"name\": \"Meuble de salle de bain suspendu ou pos\u00e9 au sol ?\", \"acceptedAnswer\": {\"@type\": \"Answer\", \"text\": \"Le suspendu laisse le carrelage visible, agrandit visuellement la pi\u00e8ce et simplifie le nettoyage, mais il exige un mur porteur ou une cloison renforc\u00e9e : un meuble de 80 cm charg\u00e9 d\u00e9passe vite 50 kg. Le meuble pos\u00e9 au sol fait descendre le poids, offre plus de volume et reste le choix s\u00fbr en r\u00e9novation quand la nature de la cloison est inconnue.\"}}, {\"@type\": \"Question\", \"name\": \"Quelle taille de vasque pour un meuble de 60 cm ?\", \"acceptedAnswer\": {\"@type\": \"Answer\", \"text\": \"Un bassin de 40 cm de diam\u00e8tre au maximum. Il faut conserver environ 10 cm de plan entre le bord de la vasque et chaque bord du meuble, sans quoi le plan devient inutilisable et le joint impossible \u00e0 nettoyer correctement.\"}}, {\"@type\": \"Question\", \"name\": \"Faut-il vernir un meuble de salle de bain en teck ?\", \"acceptedAnswer\": {\"@type\": \"Answer\", \"text\": \"Non, jamais. Un vernis forme un film qui emprisonne l'humidit\u00e9 dans le bois et le fait travailler sous la couche, ce qui provoque exactement le d\u00e9g\u00e2t qu'il pr\u00e9tend \u00e9viter. Le teck s'entretient \u00e0 l'huile pour teck, une \u00e0 deux fois par an, sur un bois propre et sec.\"}}, {\"@type\": \"Question\", \"name\": \"\u00c0 partir de quelle largeur passer sur une double vasque ?\", \"acceptedAnswer\": {\"@type\": \"Answer\", \"text\": \"140 cm, en comptant 70 cm de largeur utile par personne. En dessous, une double vasque n'est pas utilisable \u00e0 deux et on perd le grand plan de d\u00e9pose d'une simple vasque. Sur une largeur de 100 \u00e0 120 cm, une belle vasque unique d\u00e9centr\u00e9e reste le meilleur achat.\"}}]}<\/script>\t\t\t\t<\/div>\n\t\t\t\t<\/div>\n\t\t\t\t\t<\/div>\n\t\t<\/div>\n\t\t\t\t\t<\/div>\n\t\t<\/section>\n\t\t\t\t<\/div>\n\t\t","protected":false},"excerpt":{"rendered":"<p>Meuble de salle de bain en bois : la largeur \u00e0 retenir de 40 \u00e0 120 cm, le teck face au mindi, suspendu ou pos\u00e9, le plateau, le rangement et l&rsquo;entretien.<\/p>\n","protected":false},"author":6,"featured_media":992839,"comment_status":"closed","ping_status":"open","sticky":false,"template":"elementor_theme","format":"standard","meta":{"footnotes":""},"categories":[110,102,16],"tags":[114],"class_list":["post-991531","post","type-post","status-publish","format-standard","has-post-thumbnail","hentry","category-bois-massif","category-meubles-de-salle-de-bain","category-salle-de-bain","tag-guide-dachat"],"yoast_head":"<!-- This site is optimized with the Yoast SEO plugin v25.5 - https:\/\/yoast.com\/wordpress\/plugins\/seo\/ -->\n<title>Meuble de salle de bain en bois : quelle largeur et quelle essence<\/title>\n<meta name=\"description\" content=\"Offrez \u00e9l\u00e9gance et durabilit\u00e9 \u00e0 votre int\u00e9rieur avec un meuble salle de bain bois massif. Un choix noble et intemporel.\" \/>\n<meta name=\"robots\" content=\"index, follow, max-snippet:-1, max-image-preview:large, max-video-preview:-1\" \/>\n<link rel=\"canonical\" href=\"https:\/\/www.wanda-collection.com\/blog\/meuble-salle-de-bain-bois-massif\/\" \/>\n<meta property=\"og:locale\" content=\"fr_FR\" \/>\n<meta property=\"og:type\" content=\"article\" \/>\n<meta property=\"og:title\" content=\"Meuble de salle de bain en bois : quelle largeur et quelle essence\" \/>\n<meta property=\"og:description\" content=\"Offrez \u00e9l\u00e9gance et durabilit\u00e9 \u00e0 votre int\u00e9rieur avec un meuble salle de bain bois massif. Un choix noble et intemporel.\" \/>\n<meta property=\"og:url\" content=\"https:\/\/www.wanda-collection.com\/blog\/meuble-salle-de-bain-bois-massif\/\" \/>\n<meta property=\"og:site_name\" content=\"Wanda collection Le blog\" \/>\n<meta property=\"article:publisher\" content=\"https:\/\/www.facebook.com\/WandaCollection.fr\/\" \/>\n<meta property=\"article:published_time\" content=\"2025-09-18T16:15:39+00:00\" \/>\n<meta property=\"article:modified_time\" content=\"2026-08-31T14:58:33+00:00\" \/>\n<meta property=\"og:image\" content=\"https:\/\/www.wanda-collection.com\/blog\/wp-content\/uploads\/2026\/08\/mb-vila80.jpg\" \/>\n\t<meta property=\"og:image:width\" content=\"1028\" \/>\n\t<meta property=\"og:image:height\" content=\"1028\" \/>\n\t<meta property=\"og:image:type\" content=\"image\/jpeg\" \/>\n<meta name=\"author\" content=\"Damien Girardeau\" \/>\n<meta name=\"twitter:card\" content=\"summary_large_image\" \/>\n<meta name=\"twitter:label1\" content=\"\u00c9crit par\" \/>\n\t<meta name=\"twitter:data1\" content=\"Damien Girardeau\" \/>\n\t<meta name=\"twitter:label2\" content=\"Dur\u00e9e de lecture estim\u00e9e\" \/>\n\t<meta name=\"twitter:data2\" content=\"14 minutes\" \/>\n<script type=\"application\/ld+json\" class=\"yoast-schema-graph\">{\"@context\":\"https:\/\/schema.org\",\"@graph\":[{\"@type\":\"Article\",\"@id\":\"https:\/\/www.wanda-collection.com\/blog\/meuble-salle-de-bain-bois-massif\/#article\",\"isPartOf\":{\"@id\":\"https:\/\/www.wanda-collection.com\/blog\/meuble-salle-de-bain-bois-massif\/\"},\"author\":{\"name\":\"Damien Girardeau\",\"@id\":\"https:\/\/www.wanda-collection.com\/blog\/#\/schema\/person\/85c8dec31d24bad26b45a2319924d2e6\"},\"headline\":\"Meuble de salle de bain en bois : quelle largeur et quelle essence\",\"datePublished\":\"2025-09-18T16:15:39+00:00\",\"dateModified\":\"2026-08-31T14:58:33+00:00\",\"mainEntityOfPage\":{\"@id\":\"https:\/\/www.wanda-collection.com\/blog\/meuble-salle-de-bain-bois-massif\/\"},\"wordCount\":2741,\"publisher\":{\"@id\":\"https:\/\/www.wanda-collection.com\/blog\/#organization\"},\"image\":{\"@id\":\"https:\/\/www.wanda-collection.com\/blog\/meuble-salle-de-bain-bois-massif\/#primaryimage\"},\"thumbnailUrl\":\"https:\/\/www.wanda-collection.com\/blog\/wp-content\/uploads\/2026\/08\/mb-vila80.jpg\",\"keywords\":[\"Guide d'achat\"],\"articleSection\":[\"Bois massif\",\"Meubles de salle de bain\",\"Salle de bain\"],\"inLanguage\":\"fr-FR\"},{\"@type\":\"WebPage\",\"@id\":\"https:\/\/www.wanda-collection.com\/blog\/meuble-salle-de-bain-bois-massif\/\",\"url\":\"https:\/\/www.wanda-collection.com\/blog\/meuble-salle-de-bain-bois-massif\/\",\"name\":\"Meuble de salle de bain en bois : quelle largeur et quelle essence\",\"isPartOf\":{\"@id\":\"https:\/\/www.wanda-collection.com\/blog\/#website\"},\"primaryImageOfPage\":{\"@id\":\"https:\/\/www.wanda-collection.com\/blog\/meuble-salle-de-bain-bois-massif\/#primaryimage\"},\"image\":{\"@id\":\"https:\/\/www.wanda-collection.com\/blog\/meuble-salle-de-bain-bois-massif\/#primaryimage\"},\"thumbnailUrl\":\"https:\/\/www.wanda-collection.com\/blog\/wp-content\/uploads\/2026\/08\/mb-vila80.jpg\",\"datePublished\":\"2025-09-18T16:15:39+00:00\",\"dateModified\":\"2026-08-31T14:58:33+00:00\",\"description\":\"Offrez \u00e9l\u00e9gance et durabilit\u00e9 \u00e0 votre int\u00e9rieur avec un meuble salle de bain bois massif. Un choix noble et intemporel.\",\"breadcrumb\":{\"@id\":\"https:\/\/www.wanda-collection.com\/blog\/meuble-salle-de-bain-bois-massif\/#breadcrumb\"},\"inLanguage\":\"fr-FR\",\"potentialAction\":[{\"@type\":\"ReadAction\",\"target\":[\"https:\/\/www.wanda-collection.com\/blog\/meuble-salle-de-bain-bois-massif\/\"]}]},{\"@type\":\"ImageObject\",\"inLanguage\":\"fr-FR\",\"@id\":\"https:\/\/www.wanda-collection.com\/blog\/meuble-salle-de-bain-bois-massif\/#primaryimage\",\"url\":\"https:\/\/www.wanda-collection.com\/blog\/wp-content\/uploads\/2026\/08\/mb-vila80.jpg\",\"contentUrl\":\"https:\/\/www.wanda-collection.com\/blog\/wp-content\/uploads\/2026\/08\/mb-vila80.jpg\",\"width\":1028,\"height\":1028,\"caption\":\"Meuble en teck massif Vila, 80 cm\"},{\"@type\":\"BreadcrumbList\",\"@id\":\"https:\/\/www.wanda-collection.com\/blog\/meuble-salle-de-bain-bois-massif\/#breadcrumb\",\"itemListElement\":[{\"@type\":\"ListItem\",\"position\":1,\"name\":\"Accueil\",\"item\":\"https:\/\/www.wanda-collection.com\/blog\/\"},{\"@type\":\"ListItem\",\"position\":2,\"name\":\"Salle de bain\",\"item\":\"https:\/\/www.wanda-collection.com\/blog\/category\/salle-de-bain\/\"},{\"@type\":\"ListItem\",\"position\":3,\"name\":\"Meubles de salle de bain\",\"item\":\"https:\/\/www.wanda-collection.com\/blog\/category\/salle-de-bain\/meubles-de-salle-de-bain\/\"},{\"@type\":\"ListItem\",\"position\":4,\"name\":\"Meuble de salle de bain en bois : quelle largeur et quelle essence\"}]},{\"@type\":\"WebSite\",\"@id\":\"https:\/\/www.wanda-collection.com\/blog\/#website\",\"url\":\"https:\/\/www.wanda-collection.com\/blog\/\",\"name\":\"Wanda collection Le blog\",\"description\":\"\",\"publisher\":{\"@id\":\"https:\/\/www.wanda-collection.com\/blog\/#organization\"},\"potentialAction\":[{\"@type\":\"SearchAction\",\"target\":{\"@type\":\"EntryPoint\",\"urlTemplate\":\"https:\/\/www.wanda-collection.com\/blog\/?s={search_term_string}\"},\"query-input\":{\"@type\":\"PropertyValueSpecification\",\"valueRequired\":true,\"valueName\":\"search_term_string\"}}],\"inLanguage\":\"fr-FR\"},{\"@type\":\"Organization\",\"@id\":\"https:\/\/www.wanda-collection.com\/blog\/#organization\",\"name\":\"Wanda collection Le blog\",\"url\":\"https:\/\/www.wanda-collection.com\/blog\/\",\"logo\":{\"@type\":\"ImageObject\",\"inLanguage\":\"fr-FR\",\"@id\":\"https:\/\/www.wanda-collection.com\/blog\/#\/schema\/logo\/image\/\",\"url\":\"https:\/\/www.wanda-collection.com\/blog\/wp-content\/uploads\/2022\/09\/cropped-logo-Le-blog-5.png\",\"contentUrl\":\"https:\/\/www.wanda-collection.com\/blog\/wp-content\/uploads\/2022\/09\/cropped-logo-Le-blog-5.png\",\"width\":1141,\"height\":328,\"caption\":\"Wanda collection Le blog\"},\"image\":{\"@id\":\"https:\/\/www.wanda-collection.com\/blog\/#\/schema\/logo\/image\/\"},\"sameAs\":[\"https:\/\/www.facebook.com\/WandaCollection.fr\/\",\"https:\/\/www.pinterest.fr\/wandacollection\/\",\"https:\/\/www.instagram.com\/wanda.collection\/\"]},{\"@type\":\"Person\",\"@id\":\"https:\/\/www.wanda-collection.com\/blog\/#\/schema\/person\/85c8dec31d24bad26b45a2319924d2e6\",\"name\":\"Damien Girardeau\",\"image\":{\"@type\":\"ImageObject\",\"inLanguage\":\"fr-FR\",\"@id\":\"https:\/\/www.wanda-collection.com\/blog\/#\/schema\/person\/image\/\",\"url\":\"https:\/\/secure.gravatar.com\/avatar\/53ace044216358578780d6154f629abc4431ac90903bd3d17859f8eec72d379b?s=96&d=mm&r=g\",\"contentUrl\":\"https:\/\/secure.gravatar.com\/avatar\/53ace044216358578780d6154f629abc4431ac90903bd3d17859f8eec72d379b?s=96&d=mm&r=g\",\"caption\":\"Damien Girardeau\"}}]}<\/script>\n<!-- \/ Yoast SEO plugin. -->","yoast_head_json":{"title":"Meuble de salle de bain en bois : quelle largeur et quelle essence","description":"Offrez \u00e9l\u00e9gance et durabilit\u00e9 \u00e0 votre int\u00e9rieur avec un meuble salle de bain bois massif. Un choix noble et intemporel.","robots":{"index":"index","follow":"follow","max-snippet":"max-snippet:-1","max-image-preview":"max-image-preview:large","max-video-preview":"max-video-preview:-1"},"canonical":"https:\/\/www.wanda-collection.com\/blog\/meuble-salle-de-bain-bois-massif\/","og_locale":"fr_FR","og_type":"article","og_title":"Meuble de salle de bain en bois : quelle largeur et quelle essence","og_description":"Offrez \u00e9l\u00e9gance et durabilit\u00e9 \u00e0 votre int\u00e9rieur avec un meuble salle de bain bois massif. Un choix noble et intemporel.","og_url":"https:\/\/www.wanda-collection.com\/blog\/meuble-salle-de-bain-bois-massif\/","og_site_name":"Wanda collection Le blog","article_publisher":"https:\/\/www.facebook.com\/WandaCollection.fr\/","article_published_time":"2025-09-18T16:15:39+00:00","article_modified_time":"2026-08-31T14:58:33+00:00","og_image":[{"width":1028,"height":1028,"url":"https:\/\/www.wanda-collection.com\/blog\/wp-content\/uploads\/2026\/08\/mb-vila80.jpg","type":"image\/jpeg"}],"author":"Damien Girardeau","twitter_card":"summary_large_image","twitter_misc":{"\u00c9crit par":"Damien Girardeau","Dur\u00e9e de lecture estim\u00e9e":"14 minutes"},"schema":{"@context":"https:\/\/schema.org","@graph":[{"@type":"Article","@id":"https:\/\/www.wanda-collection.com\/blog\/meuble-salle-de-bain-bois-massif\/#article","isPartOf":{"@id":"https:\/\/www.wanda-collection.com\/blog\/meuble-salle-de-bain-bois-massif\/"},"author":{"name":"Damien Girardeau","@id":"https:\/\/www.wanda-collection.com\/blog\/#\/schema\/person\/85c8dec31d24bad26b45a2319924d2e6"},"headline":"Meuble de salle de bain en bois : quelle largeur et quelle essence","datePublished":"2025-09-18T16:15:39+00:00","dateModified":"2026-08-31T14:58:33+00:00","mainEntityOfPage":{"@id":"https:\/\/www.wanda-collection.com\/blog\/meuble-salle-de-bain-bois-massif\/"},"wordCount":2741,"publisher":{"@id":"https:\/\/www.wanda-collection.com\/blog\/#organization"},"image":{"@id":"https:\/\/www.wanda-collection.com\/blog\/meuble-salle-de-bain-bois-massif\/#primaryimage"},"thumbnailUrl":"https:\/\/www.wanda-collection.com\/blog\/wp-content\/uploads\/2026\/08\/mb-vila80.jpg","keywords":["Guide d'achat"],"articleSection":["Bois massif","Meubles de salle de bain","Salle de bain"],"inLanguage":"fr-FR"},{"@type":"WebPage","@id":"https:\/\/www.wanda-collection.com\/blog\/meuble-salle-de-bain-bois-massif\/","url":"https:\/\/www.wanda-collection.com\/blog\/meuble-salle-de-bain-bois-massif\/","name":"Meuble de salle de bain en bois : quelle largeur et quelle essence","isPartOf":{"@id":"https:\/\/www.wanda-collection.com\/blog\/#website"},"primaryImageOfPage":{"@id":"https:\/\/www.wanda-collection.com\/blog\/meuble-salle-de-bain-bois-massif\/#primaryimage"},"image":{"@id":"https:\/\/www.wanda-collection.com\/blog\/meuble-salle-de-bain-bois-massif\/#primaryimage"},"thumbnailUrl":"https:\/\/www.wanda-collection.com\/blog\/wp-content\/uploads\/2026\/08\/mb-vila80.jpg","datePublished":"2025-09-18T16:15:39+00:00","dateModified":"2026-08-31T14:58:33+00:00","description":"Offrez \u00e9l\u00e9gance et durabilit\u00e9 \u00e0 votre int\u00e9rieur avec un meuble salle de bain bois massif. Un choix noble et intemporel.","breadcrumb":{"@id":"https:\/\/www.wanda-collection.com\/blog\/meuble-salle-de-bain-bois-massif\/#breadcrumb"},"inLanguage":"fr-FR","potentialAction":[{"@type":"ReadAction","target":["https:\/\/www.wanda-collection.com\/blog\/meuble-salle-de-bain-bois-massif\/"]}]},{"@type":"ImageObject","inLanguage":"fr-FR","@id":"https:\/\/www.wanda-collection.com\/blog\/meuble-salle-de-bain-bois-massif\/#primaryimage","url":"https:\/\/www.wanda-collection.com\/blog\/wp-content\/uploads\/2026\/08\/mb-vila80.jpg","contentUrl":"https:\/\/www.wanda-collection.com\/blog\/wp-content\/uploads\/2026\/08\/mb-vila80.jpg","width":1028,"height":1028,"caption":"Meuble en teck massif Vila, 80 cm"},{"@type":"BreadcrumbList","@id":"https:\/\/www.wanda-collection.com\/blog\/meuble-salle-de-bain-bois-massif\/#breadcrumb","itemListElement":[{"@type":"ListItem","position":1,"name":"Accueil","item":"https:\/\/www.wanda-collection.com\/blog\/"},{"@type":"ListItem","position":2,"name":"Salle de bain","item":"https:\/\/www.wanda-collection.com\/blog\/category\/salle-de-bain\/"},{"@type":"ListItem","position":3,"name":"Meubles de salle de bain","item":"https:\/\/www.wanda-collection.com\/blog\/category\/salle-de-bain\/meubles-de-salle-de-bain\/"},{"@type":"ListItem","position":4,"name":"Meuble de salle de bain en bois : quelle largeur et quelle essence"}]},{"@type":"WebSite","@id":"https:\/\/www.wanda-collection.com\/blog\/#website","url":"https:\/\/www.wanda-collection.com\/blog\/","name":"Wanda collection Le blog","description":"","publisher":{"@id":"https:\/\/www.wanda-collection.com\/blog\/#organization"},"potentialAction":[{"@type":"SearchAction","target":{"@type":"EntryPoint","urlTemplate":"https:\/\/www.wanda-collection.com\/blog\/?s={search_term_string}"},"query-input":{"@type":"PropertyValueSpecification","valueRequired":true,"valueName":"search_term_string"}}],"inLanguage":"fr-FR"},{"@type":"Organization","@id":"https:\/\/www.wanda-collection.com\/blog\/#organization","name":"Wanda collection Le blog","url":"https:\/\/www.wanda-collection.com\/blog\/","logo":{"@type":"ImageObject","inLanguage":"fr-FR","@id":"https:\/\/www.wanda-collection.com\/blog\/#\/schema\/logo\/image\/","url":"https:\/\/www.wanda-collection.com\/blog\/wp-content\/uploads\/2022\/09\/cropped-logo-Le-blog-5.png","contentUrl":"https:\/\/www.wanda-collection.com\/blog\/wp-content\/uploads\/2022\/09\/cropped-logo-Le-blog-5.png","width":1141,"height":328,"caption":"Wanda collection Le blog"},"image":{"@id":"https:\/\/www.wanda-collection.com\/blog\/#\/schema\/logo\/image\/"},"sameAs":["https:\/\/www.facebook.com\/WandaCollection.fr\/","https:\/\/www.pinterest.fr\/wandacollection\/","https:\/\/www.instagram.com\/wanda.collection\/"]},{"@type":"Person","@id":"https:\/\/www.wanda-collection.com\/blog\/#\/schema\/person\/85c8dec31d24bad26b45a2319924d2e6","name":"Damien Girardeau","image":{"@type":"ImageObject","inLanguage":"fr-FR","@id":"https:\/\/www.wanda-collection.com\/blog\/#\/schema\/person\/image\/","url":"https:\/\/secure.gravatar.com\/avatar\/53ace044216358578780d6154f629abc4431ac90903bd3d17859f8eec72d379b?s=96&d=mm&r=g","contentUrl":"https:\/\/secure.gravatar.com\/avatar\/53ace044216358578780d6154f629abc4431ac90903bd3d17859f8eec72d379b?s=96&d=mm&r=g","caption":"Damien Girardeau"}}]}},"_links":{"self":[{"href":"https:\/\/www.wanda-collection.com\/blog\/wp-json\/wp\/v2\/posts\/991531","targetHints":{"allow":["GET"]}}],"collection":[{"href":"https:\/\/www.wanda-collection.com\/blog\/wp-json\/wp\/v2\/posts"}],"about":[{"href":"https:\/\/www.wanda-collection.com\/blog\/wp-json\/wp\/v2\/types\/post"}],"author":[{"embeddable":true,"href":"https:\/\/www.wanda-collection.com\/blog\/wp-json\/wp\/v2\/users\/6"}],"replies":[{"embeddable":true,"href":"https:\/\/www.wanda-collection.com\/blog\/wp-json\/wp\/v2\/comments?post=991531"}],"version-history":[{"count":44,"href":"https:\/\/www.wanda-collection.com\/blog\/wp-json\/wp\/v2\/posts\/991531\/revisions"}],"predecessor-version":[{"id":992847,"href":"https:\/\/www.wanda-collection.com\/blog\/wp-json\/wp\/v2\/posts\/991531\/revisions\/992847"}],"wp:featuredmedia":[{"embeddable":true,"href":"https:\/\/www.wanda-collection.com\/blog\/wp-json\/wp\/v2\/media\/992839"}],"wp:attachment":[{"href":"https:\/\/www.wanda-collection.com\/blog\/wp-json\/wp\/v2\/media?parent=991531"}],"wp:term":[{"taxonomy":"category","embeddable":true,"href":"https:\/\/www.wanda-collection.com\/blog\/wp-json\/wp\/v2\/categories?post=991531"},{"taxonomy":"post_tag","embeddable":true,"href":"https:\/\/www.wanda-collection.com\/blog\/wp-json\/wp\/v2\/tags?post=991531"}],"curies":[{"name":"wp","href":"https:\/\/api.w.org\/{rel}","templated":true}]}}