{"id":992887,"date":"2026-08-31T14:49:26","date_gmt":"2026-08-31T12:49:26","guid":{"rendered":"https:\/\/www.wanda-collection.com\/blog\/?p=992887"},"modified":"2026-08-31T14:49:47","modified_gmt":"2026-08-31T12:49:47","slug":"panier-linge-rangement-fibre-naturelle","status":"publish","type":"post","link":"https:\/\/www.wanda-collection.com\/blog\/panier-linge-rangement-fibre-naturelle\/","title":{"rendered":"Panier \u00e0 linge et rangement en fibre naturelle : quelle taille, quelle fibre"},"content":{"rendered":"\t\t<div data-elementor-type=\"wp-post\" data-elementor-id=\"992887\" class=\"elementor elementor-992887 elementor-bc-flex-widget\">\n\t\t\t\t\t\t<section class=\"elementor-section elementor-top-section elementor-element elementor-element-a8b781f elementor-section-boxed elementor-section-height-default elementor-section-height-default\" data-id=\"a8b781f\" data-element_type=\"section\">\n\t\t\t\t\t\t<div class=\"elementor-container elementor-column-gap-default\">\n\t\t\t\t\t<div class=\"elementor-column elementor-col-100 elementor-top-column elementor-element elementor-element-4ffc34c\" data-id=\"4ffc34c\" data-element_type=\"column\">\n\t\t\t<div class=\"elementor-widget-wrap elementor-element-populated\">\n\t\t\t\t\t\t<div class=\"elementor-element elementor-element-29d93b7 elementor-drop-cap-yes elementor-drop-cap-view-default elementor-widget elementor-widget-text-editor\" data-id=\"29d93b7\" data-element_type=\"widget\" data-settings=\"{&quot;drop_cap&quot;:&quot;yes&quot;}\" data-widget_type=\"text-editor.default\">\n\t\t\t\t<div class=\"elementor-widget-container\">\n\t\t\t\t\t\t\t\t\t<p>Le linge sale est le seul volume d&rsquo;une salle de bain qu&rsquo;aucun meuble n&rsquo;absorbe. Le meuble sous vasque range les produits, la colonne range les serviettes propres, l&rsquo;\u00e9tag\u00e8re range le quotidien. Mais les v\u00eatements de la veille finissent presque toujours sur une chaise, sur le radiateur ou par terre.<\/p><p>C&rsquo;est le point o\u00f9 la plupart des salles de bain bien pens\u00e9es se d\u00e9r\u00e8glent : tout est en ordre sauf ce tas, et ce tas suffit \u00e0 d\u00e9faire l&rsquo;impression d&rsquo;ensemble. Un <strong>panier \u00e0 linge en fibre naturelle<\/strong> r\u00e9sout le probl\u00e8me en le faisant dispara\u00eetre, tout en apportant une texture que la pi\u00e8ce n&rsquo;a g\u00e9n\u00e9ralement pas.<\/p><p>Ce guide traite le volume \u00e0 pr\u00e9voir, les fibres disponibles et ce qui les s\u00e9pare, la question du couvercle, et l&rsquo;entretien en atmosph\u00e8re humide, qui est le vrai sujet quand on installe du v\u00e9g\u00e9tal dans une pi\u00e8ce d&rsquo;eau. Une FAQ ferme l&rsquo;article.<\/p>\t\t\t\t\t\t\t\t<\/div>\n\t\t\t\t<\/div>\n\t\t\t\t<div class=\"elementor-element elementor-element-5f99178 elementor-widget elementor-widget-text-editor\" data-id=\"5f99178\" data-element_type=\"widget\" data-widget_type=\"text-editor.default\">\n\t\t\t\t<div class=\"elementor-widget-container\">\n\t\t\t\t\t\t\t\t\t<h2>Panier \u00e0 linge en fibre naturelle : le guide pour bien choisir<\/h2>\t\t\t\t\t\t\t\t<\/div>\n\t\t\t\t<\/div>\n\t\t\t\t\t<\/div>\n\t\t<\/div>\n\t\t\t\t\t<\/div>\n\t\t<\/section>\n\t\t\t\t<section class=\"elementor-section elementor-top-section elementor-element elementor-element-4c7e6b4 elementor-section-boxed elementor-section-height-default elementor-section-height-default\" data-id=\"4c7e6b4\" data-element_type=\"section\">\n\t\t\t\t\t\t<div class=\"elementor-container elementor-column-gap-default\">\n\t\t\t\t\t<div class=\"elementor-column elementor-col-100 elementor-top-column elementor-element elementor-element-1086f0e\" data-id=\"1086f0e\" data-element_type=\"column\">\n\t\t\t<div class=\"elementor-widget-wrap elementor-element-populated\">\n\t\t\t\t\t\t<div class=\"elementor-element elementor-element-1d22a7a elementor-widget elementor-widget-heading\" data-id=\"1d22a7a\" data-element_type=\"widget\" data-widget_type=\"heading.default\">\n\t\t\t\t<div class=\"elementor-widget-container\">\n\t\t\t\t\t<h2 class=\"elementor-heading-title elementor-size-default\">Le volume \u00e0 pr\u00e9voir<\/h2>\t\t\t\t<\/div>\n\t\t\t\t<\/div>\n\t\t\t\t\t<\/div>\n\t\t<\/div>\n\t\t\t\t\t<\/div>\n\t\t<\/section>\n\t\t\t\t<section class=\"elementor-section elementor-top-section elementor-element elementor-element-c993808 elementor-section-boxed elementor-section-height-default elementor-section-height-default\" data-id=\"c993808\" data-element_type=\"section\">\n\t\t\t\t\t\t<div class=\"elementor-container elementor-column-gap-default\">\n\t\t\t\t\t<div class=\"elementor-column elementor-col-60 elementor-top-column elementor-element elementor-element-83a7326\" data-id=\"83a7326\" data-element_type=\"column\">\n\t\t\t<div class=\"elementor-widget-wrap elementor-element-populated\">\n\t\t\t\t\t\t<div class=\"elementor-element elementor-element-f5692d6 elementor-widget elementor-widget-text-editor\" data-id=\"f5692d6\" data-element_type=\"widget\" data-widget_type=\"text-editor.default\">\n\t\t\t\t<div class=\"elementor-widget-container\">\n\t\t\t\t\t\t\t\t\t<p>C&rsquo;est la premi\u00e8re d\u00e9cision, et la plus souvent sous-estim\u00e9e. Un panier trop petit d\u00e9borde en deux jours et ne sert plus \u00e0 rien : le linge recommence \u00e0 s&#8217;empiler \u00e0 c\u00f4t\u00e9.<\/p><p>La r\u00e8gle utile : comptez <strong>un panier de 40 litres environ par personne du foyer<\/strong>, pour un rythme de lessive de deux fois par semaine. Dans une salle de bain, les hauteurs se lisent plus facilement que les litres, d&rsquo;o\u00f9 le rep\u00e8re suivant.<\/p>\t\t\t\t\t\t\t\t<\/div>\n\t\t\t\t<\/div>\n\t\t\t\t<div class=\"vamtam-has-theme-widget-styles elementor-element elementor-element-f048f51 elementor-align-center elementor-widget elementor-widget-button\" data-id=\"f048f51\" data-element_type=\"widget\" data-widget_type=\"button.default\">\n\t\t\t\t<div class=\"elementor-widget-container\">\n\t\t\t\t\t\t\t\t\t<div class=\"elementor-button-wrapper\">\n\t\t\t\t\t<a class=\"elementor-button elementor-button-link elementor-size-sm\" href=\"https:\/\/www.wanda-collection.com\/cat-bac-a-linge-1239.htm\">\n\t\t\t\t\t\t<span class=\"elementor-button-content-wrapper\">\n\t\t\t\t\t\t\t\t\t<span class=\"elementor-button-text\">Voir les paniers \u00e0 linge<\/span>\n\t\t\t\t\t<\/span>\n\t\t\t\t\t<\/a>\n\t\t\t\t<\/div>\n\t\t\t\t\t\t\t\t<\/div>\n\t\t\t\t<\/div>\n\t\t\t\t\t<\/div>\n\t\t<\/div>\n\t\t\t\t<div class=\"elementor-column elementor-col-40 elementor-top-column elementor-element elementor-element-d07b717\" data-id=\"d07b717\" data-element_type=\"column\">\n\t\t\t<div class=\"elementor-widget-wrap elementor-element-populated\">\n\t\t\t\t\t\t<div class=\"vamtam-has-theme-widget-styles elementor-element elementor-element-e99ad63 elementor-widget elementor-widget-image\" data-id=\"e99ad63\" data-element_type=\"widget\" data-widget_type=\"image.default\">\n\t\t\t\t<div class=\"elementor-widget-container\">\n\t\t\t\t\t\t\t\t\t<div class=\"elementor-image\">\n\t\t\t\t\t\t\t\t\t\t\t\t\t\t\t\t<figure class=\"wp-caption\">\n\t\t\t\t\t\t\t\t\t\t\t\t\t\t\t\t\t<a href=\"https:\/\/www.wanda-collection.com\/art-panier-a-linge-tresse-major-h50-cm-55275.htm\">\n\t\t\t\t\t\t\t\t\t\t\t<img fetchpriority=\"high\" decoding=\"async\" width=\"1028\" height=\"1028\" src=\"https:\/\/www.wanda-collection.com\/blog\/wp-content\/uploads\/2026\/08\/pa-major50.jpg\" class=\"attachment-full size-full wp-image-992881\" alt=\"Panier \u00e0 linge tress\u00e9 en fibre naturelle Major de 50 cm de hauteur\" srcset=\"https:\/\/www.wanda-collection.com\/blog\/wp-content\/uploads\/2026\/08\/pa-major50.jpg 1028w, https:\/\/www.wanda-collection.com\/blog\/wp-content\/uploads\/2026\/08\/pa-major50-300x300.jpg 300w, https:\/\/www.wanda-collection.com\/blog\/wp-content\/uploads\/2026\/08\/pa-major50-1024x1024.jpg 1024w, https:\/\/www.wanda-collection.com\/blog\/wp-content\/uploads\/2026\/08\/pa-major50-150x150.jpg 150w, https:\/\/www.wanda-collection.com\/blog\/wp-content\/uploads\/2026\/08\/pa-major50-768x768.jpg 768w\" sizes=\"(max-width: 1028px) 100vw, 1028px\" \/>\t\t\t\t\t\t\t\t\t\t\t\t<\/a>\n\t\t\t\t\t\t\t\t\t\t\t\t\t\t\t\t\t<figcaption class=\"widget-image-caption wp-caption-text\">Panier \u00e0 linge tress\u00e9 Major, H.50 cm<\/figcaption>\n\t\t\t\t\t\t\t\t\t\t\t\t\t\t\t\t<\/figure>\n\t\t\t\t\t\t\t\t\t\t\t\t\t\t<\/div>\n\t\t\t\t\t\t\t\t<\/div>\n\t\t\t\t<\/div>\n\t\t\t\t\t<\/div>\n\t\t<\/div>\n\t\t\t\t\t<\/div>\n\t\t<\/section>\n\t\t\t\t<section class=\"elementor-section elementor-top-section elementor-element elementor-element-5221c62 elementor-section-boxed elementor-section-height-default elementor-section-height-default\" data-id=\"5221c62\" data-element_type=\"section\">\n\t\t\t\t\t\t<div class=\"elementor-container elementor-column-gap-default\">\n\t\t\t\t\t<div class=\"elementor-column elementor-col-100 elementor-top-column elementor-element elementor-element-4a7a54e\" data-id=\"4a7a54e\" data-element_type=\"column\">\n\t\t\t<div class=\"elementor-widget-wrap elementor-element-populated\">\n\t\t\t\t\t\t<div class=\"elementor-element elementor-element-9d98fb7 elementor-widget elementor-widget-text-editor\" data-id=\"9d98fb7\" data-element_type=\"widget\" data-widget_type=\"text-editor.default\">\n\t\t\t\t<div class=\"elementor-widget-container\">\n\t\t\t\t\t\t\t\t\t<h3>La hauteur \u00e0 retenir selon le foyer<\/h3><table style=\"width:100%; border-collapse:collapse; margin:18px 0;\"><thead><tr style=\"background:#faf6ef;\"><th style=\"padding:10px; text-align:left; border-bottom:2px solid #d4a84b;\">Hauteur<\/th><th style=\"padding:10px; text-align:left; border-bottom:2px solid #d4a84b;\">Pour qui<\/th><th style=\"padding:10px; text-align:left; border-bottom:2px solid #d4a84b;\">Usage<\/th><\/tr><\/thead><tbody><tr><td style=\"padding:10px; border-bottom:1px solid #eee;\">35 cm<\/td><td style=\"padding:10px; border-bottom:1px solid #eee;\">Une personne, petite salle d&rsquo;eau<\/td><td style=\"padding:10px; border-bottom:1px solid #eee;\">Lessive tous les 2 ou 3 jours<\/td><\/tr><tr><td style=\"padding:10px; border-bottom:1px solid #eee;\"><strong>40 \u00e0 47 cm<\/strong><\/td><td style=\"padding:10px; border-bottom:1px solid #eee;\">Une \u00e0 deux personnes<\/td><td style=\"padding:10px; border-bottom:1px solid #eee;\"><strong>Le format d&rsquo;\u00e9quilibre<\/strong><\/td><\/tr><tr><td style=\"padding:10px; border-bottom:1px solid #eee;\"><strong>50 cm<\/strong><\/td><td style=\"padding:10px; border-bottom:1px solid #eee;\">Deux personnes ou plus<\/td><td style=\"padding:10px; border-bottom:1px solid #eee;\"><strong>Lessive 2 fois par semaine<\/strong><\/td><\/tr><tr><td style=\"padding:10px; border-bottom:1px solid #eee;\">Deux paniers<\/td><td style=\"padding:10px; border-bottom:1px solid #eee;\">Famille<\/td><td style=\"padding:10px; border-bottom:1px solid #eee;\">Tri blanc et couleur \u00e0 la source<\/td><\/tr><\/tbody><\/table><p>Le tri \u00e0 la source m\u00e9rite un mot : deux paniers de taille moyenne rendent plus service qu&rsquo;un grand, parce qu&rsquo;ils suppriment l&rsquo;\u00e9tape de tri devant la machine. C&rsquo;est un gain de temps hebdomadaire pour un encombrement identique.<\/p>\t\t\t\t\t\t\t\t<\/div>\n\t\t\t\t<\/div>\n\t\t\t\t\t<\/div>\n\t\t<\/div>\n\t\t\t\t\t<\/div>\n\t\t<\/section>\n\t\t\t\t<section class=\"elementor-section elementor-top-section elementor-element elementor-element-14b4445 elementor-section-boxed elementor-section-height-default elementor-section-height-default\" data-id=\"14b4445\" data-element_type=\"section\">\n\t\t\t\t\t\t<div class=\"elementor-container elementor-column-gap-default\">\n\t\t\t\t\t<div class=\"elementor-column elementor-col-100 elementor-top-column elementor-element elementor-element-9b30ffe\" data-id=\"9b30ffe\" data-element_type=\"column\">\n\t\t\t<div class=\"elementor-widget-wrap elementor-element-populated\">\n\t\t\t\t\t\t<div class=\"elementor-element elementor-element-2f396c5 elementor-widget elementor-widget-heading\" data-id=\"2f396c5\" data-element_type=\"widget\" data-widget_type=\"heading.default\">\n\t\t\t\t<div class=\"elementor-widget-container\">\n\t\t\t\t\t<h2 class=\"elementor-heading-title elementor-size-default\">Les fibres et ce qui les s\u00e9pare<\/h2>\t\t\t\t<\/div>\n\t\t\t\t<\/div>\n\t\t\t\t\t<\/div>\n\t\t<\/div>\n\t\t\t\t\t<\/div>\n\t\t<\/section>\n\t\t\t\t<section class=\"elementor-section elementor-top-section elementor-element elementor-element-368bb03 elementor-section-boxed elementor-section-height-default elementor-section-height-default\" data-id=\"368bb03\" data-element_type=\"section\">\n\t\t\t\t\t\t<div class=\"elementor-container elementor-column-gap-default\">\n\t\t\t\t\t<div class=\"elementor-column elementor-col-100 elementor-top-column elementor-element elementor-element-09c6e86\" data-id=\"09c6e86\" data-element_type=\"column\">\n\t\t\t<div class=\"elementor-widget-wrap elementor-element-populated\">\n\t\t\t\t\t\t<div class=\"elementor-element elementor-element-6a3493d elementor-widget elementor-widget-text-editor\" data-id=\"6a3493d\" data-element_type=\"widget\" data-widget_type=\"text-editor.default\">\n\t\t\t\t<div class=\"elementor-widget-container\">\n\t\t\t\t\t\t\t\t\t<p>Quatre fibres se partagent le march\u00e9, et elles ne se comportent pas de la m\u00eame fa\u00e7on dans une pi\u00e8ce humide.<\/p>\t\t\t\t\t\t\t\t<\/div>\n\t\t\t\t<\/div>\n\t\t\t\t\t<\/div>\n\t\t<\/div>\n\t\t\t\t\t<\/div>\n\t\t<\/section>\n\t\t\t\t<section class=\"elementor-section elementor-top-section elementor-element elementor-element-6afdbac elementor-section-boxed elementor-section-height-default elementor-section-height-default\" data-id=\"6afdbac\" data-element_type=\"section\">\n\t\t\t\t\t\t<div class=\"elementor-container elementor-column-gap-default\">\n\t\t\t\t\t<div class=\"elementor-column elementor-col-40 elementor-top-column elementor-element elementor-element-8768761\" data-id=\"8768761\" data-element_type=\"column\">\n\t\t\t<div class=\"elementor-widget-wrap elementor-element-populated\">\n\t\t\t\t\t\t<div class=\"vamtam-has-theme-widget-styles elementor-element elementor-element-c49a67c elementor-widget elementor-widget-image\" data-id=\"c49a67c\" data-element_type=\"widget\" data-widget_type=\"image.default\">\n\t\t\t\t<div class=\"elementor-widget-container\">\n\t\t\t\t\t\t\t\t\t<div class=\"elementor-image\">\n\t\t\t\t\t\t\t\t\t\t\t\t\t\t\t\t<figure class=\"wp-caption\">\n\t\t\t\t\t\t\t\t\t\t\t\t\t\t\t\t\t<a href=\"https:\/\/www.wanda-collection.com\/art-panier-tresse-en-jacinthe-d-eau-m-vito-55222.htm\">\n\t\t\t\t\t\t\t\t\t\t\t<img decoding=\"async\" width=\"1028\" height=\"1028\" src=\"https:\/\/www.wanda-collection.com\/blog\/wp-content\/uploads\/2026\/08\/pa-jacinthe-vito.jpg\" class=\"attachment-full size-full wp-image-992882\" alt=\"Panier de rangement tress\u00e9 en jacinthe d&#039;eau, taille M\" srcset=\"https:\/\/www.wanda-collection.com\/blog\/wp-content\/uploads\/2026\/08\/pa-jacinthe-vito.jpg 1028w, https:\/\/www.wanda-collection.com\/blog\/wp-content\/uploads\/2026\/08\/pa-jacinthe-vito-300x300.jpg 300w, https:\/\/www.wanda-collection.com\/blog\/wp-content\/uploads\/2026\/08\/pa-jacinthe-vito-1024x1024.jpg 1024w, https:\/\/www.wanda-collection.com\/blog\/wp-content\/uploads\/2026\/08\/pa-jacinthe-vito-150x150.jpg 150w, https:\/\/www.wanda-collection.com\/blog\/wp-content\/uploads\/2026\/08\/pa-jacinthe-vito-768x768.jpg 768w\" sizes=\"(max-width: 1028px) 100vw, 1028px\" \/>\t\t\t\t\t\t\t\t\t\t\t\t<\/a>\n\t\t\t\t\t\t\t\t\t\t\t\t\t\t\t\t\t<figcaption class=\"widget-image-caption wp-caption-text\">Panier en jacinthe d'eau Vito, taille M<\/figcaption>\n\t\t\t\t\t\t\t\t\t\t\t\t\t\t\t\t<\/figure>\n\t\t\t\t\t\t\t\t\t\t\t\t\t\t<\/div>\n\t\t\t\t\t\t\t\t<\/div>\n\t\t\t\t<\/div>\n\t\t\t\t\t<\/div>\n\t\t<\/div>\n\t\t\t\t<div class=\"elementor-column elementor-col-60 elementor-top-column elementor-element elementor-element-425739d\" data-id=\"425739d\" data-element_type=\"column\">\n\t\t\t<div class=\"elementor-widget-wrap elementor-element-populated\">\n\t\t\t\t\t\t<div class=\"elementor-element elementor-element-c406449 elementor-widget elementor-widget-text-editor\" data-id=\"c406449\" data-element_type=\"widget\" data-widget_type=\"text-editor.default\">\n\t\t\t\t<div class=\"elementor-widget-container\">\n\t\t\t\t\t\t\t\t\t<h3>La jacinthe d&rsquo;eau<\/h3><p>C&rsquo;est la fibre la plus adapt\u00e9e \u00e0 une salle de bain, et pour une raison logique : la jacinthe d&rsquo;eau est une plante aquatique. Ses tiges s\u00e9ch\u00e9es puis tress\u00e9es supportent l&rsquo;humidit\u00e9 ambiante sans se d\u00e9former ni moisir, ce qui n&rsquo;est pas le cas de toutes les fibres v\u00e9g\u00e9tales.<\/p><p>Son tressage large et irr\u00e9gulier donne une texture marqu\u00e9e, chaude, qui contraste bien avec un carrelage lisse. C&rsquo;est aussi la fibre la plus courante en teinte naturelle, sans teinture.<\/p>\t\t\t\t\t\t\t\t<\/div>\n\t\t\t\t<\/div>\n\t\t\t\t<div class=\"vamtam-has-theme-widget-styles elementor-element elementor-element-dfb0f68 elementor-align-center elementor-widget elementor-widget-button\" data-id=\"dfb0f68\" data-element_type=\"widget\" data-widget_type=\"button.default\">\n\t\t\t\t<div class=\"elementor-widget-container\">\n\t\t\t\t\t\t\t\t\t<div class=\"elementor-button-wrapper\">\n\t\t\t\t\t<a class=\"elementor-button elementor-button-link elementor-size-sm\" href=\"https:\/\/www.wanda-collection.com\/cat-panier-fibre-naturelle-1205.htm\">\n\t\t\t\t\t\t<span class=\"elementor-button-content-wrapper\">\n\t\t\t\t\t\t\t\t\t<span class=\"elementor-button-text\">Voir les paniers en jacinthe d'eau<\/span>\n\t\t\t\t\t<\/span>\n\t\t\t\t\t<\/a>\n\t\t\t\t<\/div>\n\t\t\t\t\t\t\t\t<\/div>\n\t\t\t\t<\/div>\n\t\t\t\t\t<\/div>\n\t\t<\/div>\n\t\t\t\t\t<\/div>\n\t\t<\/section>\n\t\t\t\t<section class=\"elementor-section elementor-top-section elementor-element elementor-element-c159079 elementor-section-boxed elementor-section-height-default elementor-section-height-default\" data-id=\"c159079\" data-element_type=\"section\">\n\t\t\t\t\t\t<div class=\"elementor-container elementor-column-gap-default\">\n\t\t\t\t\t<div class=\"elementor-column elementor-col-60 elementor-top-column elementor-element elementor-element-c1f825d\" data-id=\"c1f825d\" data-element_type=\"column\">\n\t\t\t<div class=\"elementor-widget-wrap elementor-element-populated\">\n\t\t\t\t\t\t<div class=\"elementor-element elementor-element-9decfad elementor-widget elementor-widget-text-editor\" data-id=\"9decfad\" data-element_type=\"widget\" data-widget_type=\"text-editor.default\">\n\t\t\t\t<div class=\"elementor-widget-container\">\n\t\t\t\t\t\t\t\t\t<h3>Le jonc de mer<\/h3><p>Fibre marine elle aussi, plus fine et plus r\u00e9guli\u00e8re que la jacinthe. Son tressage serr\u00e9 donne un objet plus net, presque graphique, qui convient mieux \u00e0 une salle de bain contemporaine qu&rsquo;\u00e0 un registre boh\u00e8me.<\/p><p>Sa densit\u00e9 le rend un peu plus rigide, ce qui est un avantage pour un panier de rangement qui doit tenir sa forme sur une \u00e9tag\u00e8re, et un l\u00e9ger inconv\u00e9nient pour un panier \u00e0 linge qu&rsquo;on d\u00e9place souvent.<\/p><h3>La corde tress\u00e9e<\/h3><p>Plus souple, souvent bicolore, elle donne des paniers l\u00e9gers qui se plient \u00e0 moiti\u00e9 quand ils sont vides. C&rsquo;est le format le plus pratique pour le rangement d&rsquo;appoint et le moins cher, mais aussi le moins tenu : un panier en corde charg\u00e9 s&rsquo;affaisse sur les c\u00f4t\u00e9s.<\/p><p>\u00c0 r\u00e9server au rangement de serviettes et d&rsquo;objets l\u00e9gers, plut\u00f4t qu&rsquo;au linge sale.<\/p>\t\t\t\t\t\t\t\t<\/div>\n\t\t\t\t<\/div>\n\t\t\t\t<div class=\"vamtam-has-theme-widget-styles elementor-element elementor-element-d348d77 elementor-align-center elementor-widget elementor-widget-button\" data-id=\"d348d77\" data-element_type=\"widget\" data-widget_type=\"button.default\">\n\t\t\t\t<div class=\"elementor-widget-container\">\n\t\t\t\t\t\t\t\t\t<div class=\"elementor-button-wrapper\">\n\t\t\t\t\t<a class=\"elementor-button elementor-button-link elementor-size-sm\" href=\"https:\/\/www.wanda-collection.com\/art-ensemble-de-2-paniers-de-rangement-en-jonc-de-mer-m-s-caty-55296.htm\">\n\t\t\t\t\t\t<span class=\"elementor-button-content-wrapper\">\n\t\t\t\t\t\t\t\t\t<span class=\"elementor-button-text\">Voir les paniers en jonc de mer<\/span>\n\t\t\t\t\t<\/span>\n\t\t\t\t\t<\/a>\n\t\t\t\t<\/div>\n\t\t\t\t\t\t\t\t<\/div>\n\t\t\t\t<\/div>\n\t\t\t\t\t<\/div>\n\t\t<\/div>\n\t\t\t\t<div class=\"elementor-column elementor-col-40 elementor-top-column elementor-element elementor-element-08f3a0d\" data-id=\"08f3a0d\" data-element_type=\"column\">\n\t\t\t<div class=\"elementor-widget-wrap elementor-element-populated\">\n\t\t\t\t\t\t<div class=\"vamtam-has-theme-widget-styles elementor-element elementor-element-c32ec6e elementor-widget elementor-widget-image\" data-id=\"c32ec6e\" data-element_type=\"widget\" data-widget_type=\"image.default\">\n\t\t\t\t<div class=\"elementor-widget-container\">\n\t\t\t\t\t\t\t\t\t<div class=\"elementor-image\">\n\t\t\t\t\t\t\t\t\t\t\t\t\t\t\t\t<figure class=\"wp-caption\">\n\t\t\t\t\t\t\t\t\t\t\t\t\t\t\t\t\t<a href=\"https:\/\/www.wanda-collection.com\/art-ensemble-de-2-paniers-de-rangement-en-jonc-de-mer-m-s-caty-55296.htm\">\n\t\t\t\t\t\t\t\t\t\t\t<img decoding=\"async\" width=\"1028\" height=\"1028\" src=\"https:\/\/www.wanda-collection.com\/blog\/wp-content\/uploads\/2026\/08\/pa-jonc-caty.jpg\" class=\"attachment-full size-full wp-image-992883\" alt=\"Deux paniers de rangement en jonc de mer, tailles M et S\" srcset=\"https:\/\/www.wanda-collection.com\/blog\/wp-content\/uploads\/2026\/08\/pa-jonc-caty.jpg 1028w, https:\/\/www.wanda-collection.com\/blog\/wp-content\/uploads\/2026\/08\/pa-jonc-caty-300x300.jpg 300w, https:\/\/www.wanda-collection.com\/blog\/wp-content\/uploads\/2026\/08\/pa-jonc-caty-1024x1024.jpg 1024w, https:\/\/www.wanda-collection.com\/blog\/wp-content\/uploads\/2026\/08\/pa-jonc-caty-150x150.jpg 150w, https:\/\/www.wanda-collection.com\/blog\/wp-content\/uploads\/2026\/08\/pa-jonc-caty-768x768.jpg 768w\" sizes=\"(max-width: 1028px) 100vw, 1028px\" \/>\t\t\t\t\t\t\t\t\t\t\t\t<\/a>\n\t\t\t\t\t\t\t\t\t\t\t\t\t\t\t\t\t<figcaption class=\"widget-image-caption wp-caption-text\">Paniers en jonc de mer Caty, M et S<\/figcaption>\n\t\t\t\t\t\t\t\t\t\t\t\t\t\t\t\t<\/figure>\n\t\t\t\t\t\t\t\t\t\t\t\t\t\t<\/div>\n\t\t\t\t\t\t\t\t<\/div>\n\t\t\t\t<\/div>\n\t\t\t\t\t<\/div>\n\t\t<\/div>\n\t\t\t\t\t<\/div>\n\t\t<\/section>\n\t\t\t\t<section class=\"elementor-section elementor-top-section elementor-element elementor-element-914dde0 elementor-section-boxed elementor-section-height-default elementor-section-height-default\" data-id=\"914dde0\" data-element_type=\"section\">\n\t\t\t\t\t\t<div class=\"elementor-container elementor-column-gap-default\">\n\t\t\t\t\t<div class=\"elementor-column elementor-col-40 elementor-top-column elementor-element elementor-element-92cddb2\" data-id=\"92cddb2\" data-element_type=\"column\">\n\t\t\t<div class=\"elementor-widget-wrap elementor-element-populated\">\n\t\t\t\t\t\t<div class=\"vamtam-has-theme-widget-styles elementor-element elementor-element-7377133 elementor-widget elementor-widget-image\" data-id=\"7377133\" data-element_type=\"widget\" data-widget_type=\"image.default\">\n\t\t\t\t<div class=\"elementor-widget-container\">\n\t\t\t\t\t\t\t\t\t<div class=\"elementor-image\">\n\t\t\t\t\t\t\t\t\t\t\t\t\t\t\t\t<figure class=\"wp-caption\">\n\t\t\t\t\t\t\t\t\t\t\t\t\t\t\t\t\t<a href=\"https:\/\/www.wanda-collection.com\/art-bac-a-linge-en-teck-salle-de-bain-3134.htm\">\n\t\t\t\t\t\t\t\t\t\t\t<img loading=\"lazy\" decoding=\"async\" width=\"1028\" height=\"1028\" src=\"https:\/\/www.wanda-collection.com\/blog\/wp-content\/uploads\/2026\/08\/pa-bac-teck.jpg\" class=\"attachment-full size-full wp-image-992885\" alt=\"Bac \u00e0 linge de salle de bain en teck massif\" srcset=\"https:\/\/www.wanda-collection.com\/blog\/wp-content\/uploads\/2026\/08\/pa-bac-teck.jpg 1028w, https:\/\/www.wanda-collection.com\/blog\/wp-content\/uploads\/2026\/08\/pa-bac-teck-300x300.jpg 300w, https:\/\/www.wanda-collection.com\/blog\/wp-content\/uploads\/2026\/08\/pa-bac-teck-1024x1024.jpg 1024w, https:\/\/www.wanda-collection.com\/blog\/wp-content\/uploads\/2026\/08\/pa-bac-teck-150x150.jpg 150w, https:\/\/www.wanda-collection.com\/blog\/wp-content\/uploads\/2026\/08\/pa-bac-teck-768x768.jpg 768w\" sizes=\"(max-width: 1028px) 100vw, 1028px\" \/>\t\t\t\t\t\t\t\t\t\t\t\t<\/a>\n\t\t\t\t\t\t\t\t\t\t\t\t\t\t\t\t\t<figcaption class=\"widget-image-caption wp-caption-text\">Bac \u00e0 linge en teck massif<\/figcaption>\n\t\t\t\t\t\t\t\t\t\t\t\t\t\t\t\t<\/figure>\n\t\t\t\t\t\t\t\t\t\t\t\t\t\t<\/div>\n\t\t\t\t\t\t\t\t<\/div>\n\t\t\t\t<\/div>\n\t\t\t\t\t<\/div>\n\t\t<\/div>\n\t\t\t\t<div class=\"elementor-column elementor-col-60 elementor-top-column elementor-element elementor-element-21836a9\" data-id=\"21836a9\" data-element_type=\"column\">\n\t\t\t<div class=\"elementor-widget-wrap elementor-element-populated\">\n\t\t\t\t\t\t<div class=\"elementor-element elementor-element-147c5bd elementor-widget elementor-widget-text-editor\" data-id=\"147c5bd\" data-element_type=\"widget\" data-widget_type=\"text-editor.default\">\n\t\t\t\t<div class=\"elementor-widget-container\">\n\t\t\t\t\t\t\t\t\t<h3>Le bac \u00e0 linge en teck<\/h3><p>Ce n&rsquo;est plus une fibre mais c&rsquo;est la m\u00eame fonction, en version meuble. Un bac \u00e0 linge en teck massif tient dix \u00e0 quinze ans, ne se d\u00e9forme jamais, et se lit comme un \u00e9l\u00e9ment de mobilier plut\u00f4t que comme un accessoire.<\/p><p>Il co\u00fbte nettement plus cher qu&rsquo;un panier tress\u00e9 et p\u00e8se davantage, mais c&rsquo;est la solution d\u00e9finitive dans une salle de bain qu&rsquo;on am\u00e9nage pour durer. Il s&rsquo;accorde naturellement \u00e0 un <a href=\"https:\/\/www.wanda-collection.com\/blog\/meuble-salle-de-bain-bois-massif\/\">meuble de salle de bain en teck<\/a>.<\/p>\t\t\t\t\t\t\t\t<\/div>\n\t\t\t\t<\/div>\n\t\t\t\t<div class=\"vamtam-has-theme-widget-styles elementor-element elementor-element-9001ecb elementor-align-center elementor-widget elementor-widget-button\" data-id=\"9001ecb\" data-element_type=\"widget\" data-widget_type=\"button.default\">\n\t\t\t\t<div class=\"elementor-widget-container\">\n\t\t\t\t\t\t\t\t\t<div class=\"elementor-button-wrapper\">\n\t\t\t\t\t<a class=\"elementor-button elementor-button-link elementor-size-sm\" href=\"https:\/\/www.wanda-collection.com\/art-bac-a-linge-en-teck-salle-de-bain-3134.htm\">\n\t\t\t\t\t\t<span class=\"elementor-button-content-wrapper\">\n\t\t\t\t\t\t\t\t\t<span class=\"elementor-button-text\">Voir le bac \u00e0 linge en teck<\/span>\n\t\t\t\t\t<\/span>\n\t\t\t\t\t<\/a>\n\t\t\t\t<\/div>\n\t\t\t\t\t\t\t\t<\/div>\n\t\t\t\t<\/div>\n\t\t\t\t\t<\/div>\n\t\t<\/div>\n\t\t\t\t\t<\/div>\n\t\t<\/section>\n\t\t\t\t<section class=\"elementor-section elementor-top-section elementor-element elementor-element-2457709 elementor-section-boxed elementor-section-height-default elementor-section-height-default\" data-id=\"2457709\" data-element_type=\"section\">\n\t\t\t\t\t\t<div class=\"elementor-container elementor-column-gap-default\">\n\t\t\t\t\t<div class=\"elementor-column elementor-col-100 elementor-top-column elementor-element elementor-element-8bc56c6\" data-id=\"8bc56c6\" data-element_type=\"column\">\n\t\t\t<div class=\"elementor-widget-wrap elementor-element-populated\">\n\t\t\t\t\t\t<div class=\"elementor-element elementor-element-d033c68 elementor-widget elementor-widget-text-editor\" data-id=\"d033c68\" data-element_type=\"widget\" data-widget_type=\"text-editor.default\">\n\t\t\t\t<div class=\"elementor-widget-container\">\n\t\t\t\t\t\t\t\t\t<h2>Avec ou sans couvercle<\/h2><p>La question para\u00eet anecdotique, elle ne l&rsquo;est pas.<\/p><h3>Avec couvercle<\/h3><p>Le linge dispara\u00eet compl\u00e8tement, y compris vu d&rsquo;en haut, ce qui compte dans une petite pi\u00e8ce o\u00f9 l&rsquo;on domine le panier en entrant. Le couvercle contient aussi les odeurs, argument r\u00e9el quand le panier reste plusieurs jours.<\/p><p>Sa contrainte est m\u00e9canique : il faut une main libre pour l&rsquo;ouvrir. Avec une brass\u00e9e de linge, on finit par poser le tout dessus.<\/p><h3>Sans couvercle<\/h3><p>On jette le linge d&rsquo;un geste, sans r\u00e9fl\u00e9chir, et c&rsquo;est pr\u00e9cis\u00e9ment ce qui fait qu&rsquo;il finit dans le panier plut\u00f4t que sur la chaise. L&rsquo;ouverture libre laisse aussi l&rsquo;air circuler, ce qui limite les odeurs autrement qu&rsquo;en les enfermant.<\/p><p>Le compromis qui fonctionne le mieux : sans couvercle si le panier est dans un angle ou derri\u00e8re une porte, avec couvercle s&rsquo;il est en vue directe depuis l&rsquo;entr\u00e9e de la pi\u00e8ce.<\/p>\t\t\t\t\t\t\t\t<\/div>\n\t\t\t\t<\/div>\n\t\t\t\t\t<\/div>\n\t\t<\/div>\n\t\t\t\t\t<\/div>\n\t\t<\/section>\n\t\t\t\t<section class=\"elementor-section elementor-top-section elementor-element elementor-element-8cb8f6c elementor-section-boxed elementor-section-height-default elementor-section-height-default\" data-id=\"8cb8f6c\" data-element_type=\"section\">\n\t\t\t\t\t\t<div class=\"elementor-container elementor-column-gap-default\">\n\t\t\t\t\t<div class=\"elementor-column elementor-col-100 elementor-top-column elementor-element elementor-element-8e442f4\" data-id=\"8e442f4\" data-element_type=\"column\">\n\t\t\t<div class=\"elementor-widget-wrap elementor-element-populated\">\n\t\t\t\t\t\t<div class=\"elementor-element elementor-element-4a342bd elementor-widget elementor-widget-text-editor\" data-id=\"4a342bd\" data-element_type=\"widget\" data-widget_type=\"text-editor.default\">\n\t\t\t\t<div class=\"elementor-widget-container\">\n\t\t\t\t\t\t\t\t\t<h2>Fibre naturelle et humidit\u00e9 : ce qu&rsquo;il faut savoir<\/h2><p>C&rsquo;est le vrai sujet, et celui que les fiches produit passent sous silence. Une fibre v\u00e9g\u00e9tale dans une pi\u00e8ce d&rsquo;eau, c&rsquo;est de la mati\u00e8re organique en atmosph\u00e8re humide : elle tient tr\u00e8s bien \u00e0 trois conditions.<\/p><p><strong>Ne jamais le placer contre une paroi de douche.<\/strong> L&rsquo;humidit\u00e9 ambiante n&rsquo;est pas un probl\u00e8me, les projections directes et r\u00e9p\u00e9t\u00e9es en sont un. Un m\u00e8tre de distance suffit.<\/p><p><strong>Ne jamais y mettre de linge tremp\u00e9.<\/strong> Une serviette mouill\u00e9e pos\u00e9e au fond d&rsquo;un panier ferm\u00e9 cr\u00e9e en deux jours exactement les conditions de la moisissure. Faites s\u00e9cher la serviette avant, sur une \u00e9chelle ou un porte-serviettes.<\/p><p><strong>Le laisser respirer.<\/strong> Videz-le compl\u00e8tement \u00e0 chaque lessive et laissez-le ouvert une heure. Une fois par mois, sortez-le de la pi\u00e8ce et laissez-le s\u00e9cher \u00e0 l&rsquo;air libre, surtout s&rsquo;il a un couvercle.<\/p><p>\u00c0 ces conditions, un panier en jacinthe d&rsquo;eau tient plusieurs ann\u00e9es sans faiblir. Sans elles, il noircit \u00e0 la base en une saison.<\/p>\t\t\t\t\t\t\t\t<\/div>\n\t\t\t\t<\/div>\n\t\t\t\t\t<\/div>\n\t\t<\/div>\n\t\t\t\t\t<\/div>\n\t\t<\/section>\n\t\t\t\t<section class=\"elementor-section elementor-top-section elementor-element elementor-element-16f4cfa elementor-section-boxed elementor-section-height-default elementor-section-height-default\" data-id=\"16f4cfa\" data-element_type=\"section\">\n\t\t\t\t\t\t<div class=\"elementor-container elementor-column-gap-default\">\n\t\t\t\t\t<div class=\"elementor-column elementor-col-100 elementor-top-column elementor-element elementor-element-6f72860\" data-id=\"6f72860\" data-element_type=\"column\">\n\t\t\t<div class=\"elementor-widget-wrap elementor-element-populated\">\n\t\t\t\t\t\t<div class=\"elementor-element elementor-element-8fb6912 elementor-widget elementor-widget-text-editor\" data-id=\"8fb6912\" data-element_type=\"widget\" data-widget_type=\"text-editor.default\">\n\t\t\t\t<div class=\"elementor-widget-container\">\n\t\t\t\t\t\t\t\t\t<h2>O\u00f9 le placer<\/h2><h3>Dans un angle, jamais au milieu<\/h3><p>Un panier au milieu d&rsquo;un mur devient un obstacle et se voit. Dans un angle, il occupe un espace de toute fa\u00e7on perdu et dispara\u00eet du champ de vision principal.<\/p><h3>Sous une tablette ou une colonne<\/h3><p>L&rsquo;espace sous une tablette murale ou \u00e0 c\u00f4t\u00e9 d&rsquo;une colonne est souvent inutilis\u00e9. Un panier l&rsquo;occupe sans rien encombrer, et l&rsquo;ensemble se lit comme une composition plut\u00f4t que comme un objet pos\u00e9 l\u00e0. Voir notre guide de la <a href=\"https:\/\/www.wanda-collection.com\/blog\/colonne-salle-de-bain-bois\/\">colonne de salle de bain<\/a>.<\/p><h3>Pas derri\u00e8re la porte<\/h3><p>C&rsquo;est l&#8217;emplacement r\u00e9flexe, et le pire : la porte bute, on la referme mal, et le panier finit d\u00e9cal\u00e9 en permanence. Mieux vaut perdre un angle que le d\u00e9battement d&rsquo;une porte. Nos conseils pour <a href=\"https:\/\/www.wanda-collection.com\/blog\/comment-amenager-une-petite-salle-de-bain\/\">am\u00e9nager une petite salle de bain<\/a> reprennent ces arbitrages.<\/p>\t\t\t\t\t\t\t\t<\/div>\n\t\t\t\t<\/div>\n\t\t\t\t\t<\/div>\n\t\t<\/div>\n\t\t\t\t\t<\/div>\n\t\t<\/section>\n\t\t\t\t<section class=\"elementor-section elementor-top-section elementor-element elementor-element-8d1db92 elementor-section-boxed elementor-section-height-default elementor-section-height-default\" data-id=\"8d1db92\" data-element_type=\"section\">\n\t\t\t\t\t\t<div class=\"elementor-container elementor-column-gap-default\">\n\t\t\t\t\t<div class=\"elementor-column elementor-col-60 elementor-top-column elementor-element elementor-element-f197943\" data-id=\"f197943\" data-element_type=\"column\">\n\t\t\t<div class=\"elementor-widget-wrap elementor-element-populated\">\n\t\t\t\t\t\t<div class=\"elementor-element elementor-element-73782cd elementor-widget elementor-widget-text-editor\" data-id=\"73782cd\" data-element_type=\"widget\" data-widget_type=\"text-editor.default\">\n\t\t\t\t<div class=\"elementor-widget-container\">\n\t\t\t\t\t\t\t\t\t<h2>Les paniers de rangement, au-del\u00e0 du linge<\/h2><p>Le m\u00eame objet en plus petit r\u00e8gle un autre probl\u00e8me : les objets qui n&rsquo;ont pas de place attitr\u00e9e et qui tra\u00eenent sur le plan.<\/p><p>Deux ou trois paniers de taille S et M, pos\u00e9s sur une \u00e9tag\u00e8re ou dans une colonne ouverte, absorbent les serviettes de toilette, les produits de rechange et le petit mat\u00e9riel. L&rsquo;avantage sur une bo\u00eete ferm\u00e9e est qu&rsquo;on voit la texture de la fibre, qui participe \u00e0 l&rsquo;ambiance, sans voir le contenu.<\/p><p>Les lots de deux ou trois tailles embo\u00eetables sont particuli\u00e8rement pratiques : on r\u00e9partit par usage plut\u00f4t que d&rsquo;entasser dans un grand contenant. C&rsquo;est le principe d\u00e9velopp\u00e9 dans nos <a href=\"https:\/\/www.wanda-collection.com\/blog\/9-elements-indispensables-pour-bien-ranger-sa-salle-de-bain-2\/\">\u00e9l\u00e9ments indispensables pour bien ranger sa salle de bain<\/a>.<\/p><p>La poubelle rel\u00e8ve de la m\u00eame logique : en fibre v\u00e9g\u00e9tale, elle cesse d&rsquo;\u00eatre l&rsquo;objet en plastique color\u00e9 qu&rsquo;on cherche \u00e0 cacher.<\/p>\t\t\t\t\t\t\t\t<\/div>\n\t\t\t\t<\/div>\n\t\t\t\t\t<\/div>\n\t\t<\/div>\n\t\t\t\t<div class=\"elementor-column elementor-col-40 elementor-top-column elementor-element elementor-element-8e670a4\" data-id=\"8e670a4\" data-element_type=\"column\">\n\t\t\t<div class=\"elementor-widget-wrap elementor-element-populated\">\n\t\t\t\t\t\t<div class=\"vamtam-has-theme-widget-styles elementor-element elementor-element-754d416 elementor-widget elementor-widget-image\" data-id=\"754d416\" data-element_type=\"widget\" data-widget_type=\"image.default\">\n\t\t\t\t<div class=\"elementor-widget-container\">\n\t\t\t\t\t\t\t\t\t<div class=\"elementor-image\">\n\t\t\t\t\t\t\t\t\t\t\t\t\t\t\t\t<figure class=\"wp-caption\">\n\t\t\t\t\t\t\t\t\t\t\t\t\t\t\t\t\t<a href=\"https:\/\/www.wanda-collection.com\/art-grand-panier-de-rangement-en-corde-gris-et-ecru-xl-guapa-55266.htm\">\n\t\t\t\t\t\t\t\t\t\t\t<img loading=\"lazy\" decoding=\"async\" width=\"1028\" height=\"1028\" src=\"https:\/\/www.wanda-collection.com\/blog\/wp-content\/uploads\/2026\/08\/pa-corde-guapa.jpg\" class=\"attachment-full size-full wp-image-992884\" alt=\"Grand panier de rangement en corde gris et \u00e9cru, taille XL\" srcset=\"https:\/\/www.wanda-collection.com\/blog\/wp-content\/uploads\/2026\/08\/pa-corde-guapa.jpg 1028w, https:\/\/www.wanda-collection.com\/blog\/wp-content\/uploads\/2026\/08\/pa-corde-guapa-300x300.jpg 300w, https:\/\/www.wanda-collection.com\/blog\/wp-content\/uploads\/2026\/08\/pa-corde-guapa-1024x1024.jpg 1024w, https:\/\/www.wanda-collection.com\/blog\/wp-content\/uploads\/2026\/08\/pa-corde-guapa-150x150.jpg 150w, https:\/\/www.wanda-collection.com\/blog\/wp-content\/uploads\/2026\/08\/pa-corde-guapa-768x768.jpg 768w\" sizes=\"(max-width: 1028px) 100vw, 1028px\" \/>\t\t\t\t\t\t\t\t\t\t\t\t<\/a>\n\t\t\t\t\t\t\t\t\t\t\t\t\t\t\t\t\t<figcaption class=\"widget-image-caption wp-caption-text\">Panier en corde Guapa, XL<\/figcaption>\n\t\t\t\t\t\t\t\t\t\t\t\t\t\t\t\t<\/figure>\n\t\t\t\t\t\t\t\t\t\t\t\t\t\t<\/div>\n\t\t\t\t\t\t\t\t<\/div>\n\t\t\t\t<\/div>\n\t\t\t\t\t<\/div>\n\t\t<\/div>\n\t\t\t\t\t<\/div>\n\t\t<\/section>\n\t\t\t\t<section class=\"elementor-section elementor-top-section elementor-element elementor-element-33001d0 elementor-section-boxed elementor-section-height-default elementor-section-height-default\" data-id=\"33001d0\" data-element_type=\"section\">\n\t\t\t\t\t\t<div class=\"elementor-container elementor-column-gap-default\">\n\t\t\t\t\t<div class=\"elementor-column elementor-col-100 elementor-top-column elementor-element elementor-element-d149b63\" data-id=\"d149b63\" data-element_type=\"column\">\n\t\t\t<div class=\"elementor-widget-wrap elementor-element-populated\">\n\t\t\t\t\t\t<div class=\"elementor-element elementor-element-0a084a5 elementor-widget elementor-widget-text-editor\" data-id=\"0a084a5\" data-element_type=\"widget\" data-widget_type=\"text-editor.default\">\n\t\t\t\t<div class=\"elementor-widget-container\">\n\t\t\t\t\t\t\t\t\t<h2>Les cinq erreurs les plus fr\u00e9quentes<\/h2><p><strong>Prendre trop petit.<\/strong> Un panier qui d\u00e9borde en deux jours ne sert plus \u00e0 rien. Comptez 40 litres par personne, soit 40 \u00e0 50 cm de hauteur pour deux.<\/p><p><strong>Y mettre du linge mouill\u00e9.<\/strong> Une serviette tremp\u00e9e au fond d&rsquo;un panier ferm\u00e9 cr\u00e9e la moisissure en deux jours. Faites s\u00e9cher avant.<\/p><p><strong>Le coller \u00e0 la douche.<\/strong> L&rsquo;humidit\u00e9 ambiante ne pose pas de probl\u00e8me, les projections directes en posent un. Gardez un m\u00e8tre.<\/p><p><strong>Le mettre derri\u00e8re la porte.<\/strong> La porte bute, le panier se d\u00e9cale, et l&rsquo;agacement quotidien finit par le d\u00e9placer ailleurs.<\/p><p><strong>Choisir la corde pour du linge.<\/strong> Elle s&rsquo;affaisse sous la charge. La corde est faite pour du rangement l\u00e9ger, la jacinthe et le jonc pour le linge.<\/p>\t\t\t\t\t\t\t\t<\/div>\n\t\t\t\t<\/div>\n\t\t\t\t\t<\/div>\n\t\t<\/div>\n\t\t\t\t\t<\/div>\n\t\t<\/section>\n\t\t\t\t<section class=\"elementor-section elementor-top-section elementor-element elementor-element-fa9a8f1 elementor-section-boxed elementor-section-height-default elementor-section-height-default\" data-id=\"fa9a8f1\" data-element_type=\"section\">\n\t\t\t\t\t\t<div class=\"elementor-container elementor-column-gap-default\">\n\t\t\t\t\t<div class=\"elementor-column elementor-col-100 elementor-top-column elementor-element elementor-element-32e6e15\" data-id=\"32e6e15\" data-element_type=\"column\">\n\t\t\t<div class=\"elementor-widget-wrap elementor-element-populated\">\n\t\t\t\t\t\t<div class=\"elementor-element elementor-element-850eb5e elementor-widget elementor-widget-heading\" data-id=\"850eb5e\" data-element_type=\"widget\" data-widget_type=\"heading.default\">\n\t\t\t\t<div class=\"elementor-widget-container\">\n\t\t\t\t\t<h2 class=\"elementor-heading-title elementor-size-default\">La s\u00e9lection Wanda Collection<\/h2>\t\t\t\t<\/div>\n\t\t\t\t<\/div>\n\t\t\t\t\t<\/div>\n\t\t<\/div>\n\t\t\t\t\t<\/div>\n\t\t<\/section>\n\t\t\t\t<section class=\"elementor-section elementor-top-section elementor-element elementor-element-85e10cc elementor-section-boxed elementor-section-height-default elementor-section-height-default\" data-id=\"85e10cc\" data-element_type=\"section\">\n\t\t\t\t\t\t<div class=\"elementor-container elementor-column-gap-default\">\n\t\t\t\t\t<div class=\"elementor-column elementor-col-100 elementor-top-column elementor-element elementor-element-bfca37b\" data-id=\"bfca37b\" data-element_type=\"column\">\n\t\t\t<div class=\"elementor-widget-wrap elementor-element-populated\">\n\t\t\t\t\t\t<div class=\"elementor-element elementor-element-183ec14 elementor-widget elementor-widget-text-editor\" data-id=\"183ec14\" data-element_type=\"widget\" data-widget_type=\"text-editor.default\">\n\t\t\t\t<div class=\"elementor-widget-container\">\n\t\t\t\t\t\t\t\t\t<p>Wanda Collection propose 86 paniers en fibre naturelle et 55 bacs \u00e0 linge, en jacinthe d&rsquo;eau, jonc de mer, corde et teck. Voici comment ils se r\u00e9partissent par usage.<\/p><ul><li><strong><a href=\"https:\/\/www.wanda-collection.com\/art-panier-a-linge-tresse-major-h50-cm-55275.htm\">Panier \u00e0 linge tress\u00e9 Major, H.50 cm<\/a><\/strong> : le format deux personnes, d\u00e9clin\u00e9 aussi en 35, 40 et 47 cm.<\/li><li><strong><a href=\"https:\/\/www.wanda-collection.com\/art-bac-a-linge-en-teck-salle-de-bain-3134.htm\">Bac \u00e0 linge en teck massif<\/a><\/strong> : la solution d\u00e9finitive, un meuble plut\u00f4t qu&rsquo;un accessoire.<\/li><li><strong><a href=\"https:\/\/www.wanda-collection.com\/art-panier-tresse-en-jacinthe-d-eau-m-vito-55222.htm\">Panier tress\u00e9 en jacinthe d&rsquo;eau M Vito<\/a><\/strong> : la fibre aquatique, la plus adapt\u00e9e \u00e0 une pi\u00e8ce humide.<\/li><li><strong><a href=\"https:\/\/www.wanda-collection.com\/art-lot-de-2-paniers-tresses-en-jacinthe-d-eau-xl-m-vito-55293.htm\">Lot de 2 paniers en jacinthe d&rsquo;eau XL et M<\/a><\/strong> : deux tailles pour trier \u00e0 la source.<\/li><li><strong><a href=\"https:\/\/www.wanda-collection.com\/art-ensemble-de-2-paniers-de-rangement-en-jonc-de-mer-m-s-caty-55296.htm\">Ensemble de 2 paniers en jonc de mer M et S Caty<\/a><\/strong> : tressage serr\u00e9, plus graphique, pour le rangement.<\/li><li><strong><a href=\"https:\/\/www.wanda-collection.com\/art-grand-panier-de-rangement-en-corde-gris-et-ecru-xl-guapa-55266.htm\">Grand panier de rangement en corde XL Guapa<\/a><\/strong> : souple et l\u00e9ger, pour serviettes et objets l\u00e9gers.<\/li><li><strong><a href=\"https:\/\/www.wanda-collection.com\/art-poubelle-de-salle-de-bain-en-fibre-vegetale-4390.htm\">Poubelle de salle de bain en fibre v\u00e9g\u00e9tale<\/a><\/strong> : le m\u00eame principe appliqu\u00e9 \u00e0 l&rsquo;objet qu&rsquo;on cherche \u00e0 cacher.<\/li><\/ul>\t\t\t\t\t\t\t\t<\/div>\n\t\t\t\t<\/div>\n\t\t\t\t<div class=\"vamtam-has-theme-widget-styles elementor-element elementor-element-45ade70 elementor-align-center elementor-widget elementor-widget-button\" data-id=\"45ade70\" data-element_type=\"widget\" data-widget_type=\"button.default\">\n\t\t\t\t<div class=\"elementor-widget-container\">\n\t\t\t\t\t\t\t\t\t<div class=\"elementor-button-wrapper\">\n\t\t\t\t\t<a class=\"elementor-button elementor-button-link elementor-size-sm\" href=\"https:\/\/www.wanda-collection.com\/cat-panier-fibre-naturelle-1205.htm\">\n\t\t\t\t\t\t<span class=\"elementor-button-content-wrapper\">\n\t\t\t\t\t\t\t\t\t<span class=\"elementor-button-text\">D\u00e9couvrir les paniers en fibre naturelle<\/span>\n\t\t\t\t\t<\/span>\n\t\t\t\t\t<\/a>\n\t\t\t\t<\/div>\n\t\t\t\t\t\t\t\t<\/div>\n\t\t\t\t<\/div>\n\t\t\t\t\t<\/div>\n\t\t<\/div>\n\t\t\t\t\t<\/div>\n\t\t<\/section>\n\t\t\t\t<section class=\"elementor-section elementor-top-section elementor-element elementor-element-c485539 elementor-section-boxed elementor-section-height-default elementor-section-height-default\" data-id=\"c485539\" data-element_type=\"section\">\n\t\t\t\t\t\t<div class=\"elementor-container elementor-column-gap-default\">\n\t\t\t\t\t<div class=\"elementor-column elementor-col-100 elementor-top-column elementor-element elementor-element-72c0505\" data-id=\"72c0505\" data-element_type=\"column\">\n\t\t\t<div class=\"elementor-widget-wrap elementor-element-populated\">\n\t\t\t\t\t\t<div class=\"elementor-element elementor-element-4c54d9e elementor-widget elementor-widget-text-editor\" data-id=\"4c54d9e\" data-element_type=\"widget\" data-widget_type=\"text-editor.default\">\n\t\t\t\t<div class=\"elementor-widget-container\">\n\t\t\t\t\t\t\t\t\t<p>Un panier bien dimensionn\u00e9 et bien plac\u00e9 fait dispara\u00eetre le dernier volume d\u00e9sordonn\u00e9 de la pi\u00e8ce. C&rsquo;est le geste le plus rentable une fois le <a href=\"https:\/\/www.wanda-collection.com\/blog\/meuble-salle-de-bain-bois-massif\/\">meuble<\/a> et la <a href=\"https:\/\/www.wanda-collection.com\/blog\/colonne-salle-de-bain-bois\/\">colonne<\/a> install\u00e9s, et le principe qui structure notre <a href=\"https:\/\/www.wanda-collection.com\/blog\/meubles-de-salle-de-bain-la-collection-zen\/\">guide de la salle de bain zen<\/a>. Toute la gamme est \u00e0 voir dans les <a href=\"https:\/\/www.wanda-collection.com\/cat-panier-fibre-naturelle-1205.htm\">paniers en fibre naturelle<\/a>.<\/p>\n<!-- wanda-maillage-2026-08 --><div style=\"background:#faf6ef; border-left:4px solid #d4a84b; padding:24px 28px; margin:32px 0; border-radius:0 8px 8px 0;\"><p style=\"color:#1a1a2e; font-size:1.15em; margin:0 0 14px; font-weight:600; letter-spacing:0.3px; text-transform:uppercase;\">\u00c0 lire aussi sur le blog Wanda<\/p><ul style=\"margin:0; padding:0 0 0 18px; line-height:1.9;\"><li><a href=\"https:\/\/www.wanda-collection.com\/blog\/meubles-de-salle-de-bain-la-collection-zen\/\" style=\"font-weight:700; text-decoration:underline; color:#1a1a2e;\"><strong>Salle de bain zen : le guide complet<\/strong><\/a><\/li><li><a href=\"https:\/\/www.wanda-collection.com\/blog\/le-terrazzo-dans-une-salle-de-bain-en-bois-5-idees-deco\/\" style=\"font-weight:700; text-decoration:underline; color:#1a1a2e;\"><strong>Terrazzo et bois en salle de bain<\/strong><\/a><\/li><li><a href=\"https:\/\/www.wanda-collection.com\/blog\/miroir-bois-salle-de-bain\/\" style=\"font-weight:700; text-decoration:underline; color:#1a1a2e;\"><strong>Miroir en bois pour la salle de bain<\/strong><\/a><\/li><\/ul><\/div>\t\t\t\t\t\t\t\t<\/div>\n\t\t\t\t<\/div>\n\t\t\t\t\t<\/div>\n\t\t<\/div>\n\t\t\t\t\t<\/div>\n\t\t<\/section>\n\t\t\t\t<section class=\"elementor-section elementor-top-section elementor-element elementor-element-04973d1 elementor-section-boxed elementor-section-height-default elementor-section-height-default\" data-id=\"04973d1\" data-element_type=\"section\">\n\t\t\t\t\t\t<div class=\"elementor-container elementor-column-gap-default\">\n\t\t\t\t\t<div class=\"elementor-column elementor-col-100 elementor-top-column elementor-element elementor-element-7e01f69\" data-id=\"7e01f69\" data-element_type=\"column\">\n\t\t\t<div class=\"elementor-widget-wrap elementor-element-populated\">\n\t\t\t\t\t\t<div class=\"elementor-element elementor-element-b453e69 elementor-widget elementor-widget-heading\" data-id=\"b453e69\" data-element_type=\"widget\" data-widget_type=\"heading.default\">\n\t\t\t\t<div class=\"elementor-widget-container\">\n\t\t\t\t\t<h2 class=\"elementor-heading-title elementor-size-default\">FAQ : panier \u00e0 linge en fibre naturelle<\/h2>\t\t\t\t<\/div>\n\t\t\t\t<\/div>\n\t\t\t\t\t<\/div>\n\t\t<\/div>\n\t\t\t\t\t<\/div>\n\t\t<\/section>\n\t\t\t\t<section class=\"elementor-section elementor-top-section elementor-element elementor-element-3e3f62c elementor-section-boxed elementor-section-height-default elementor-section-height-default\" data-id=\"3e3f62c\" data-element_type=\"section\">\n\t\t\t\t\t\t<div class=\"elementor-container elementor-column-gap-default\">\n\t\t\t\t\t<div class=\"elementor-column elementor-col-100 elementor-top-column elementor-element elementor-element-3f5f617\" data-id=\"3f5f617\" data-element_type=\"column\">\n\t\t\t<div class=\"elementor-widget-wrap elementor-element-populated\">\n\t\t\t\t\t\t<div class=\"elementor-element elementor-element-8828a5e elementor-widget elementor-widget-accordion\" data-id=\"8828a5e\" data-element_type=\"widget\" data-widget_type=\"accordion.default\">\n\t\t\t\t<div class=\"elementor-widget-container\">\n\t\t\t\t\t\t\t<div class=\"elementor-accordion\">\n\t\t\t\t\t\t\t<div class=\"elementor-accordion-item\">\n\t\t\t\t\t<div id=\"elementor-tab-title-1421\" class=\"elementor-tab-title\" data-tab=\"1\" role=\"button\" aria-controls=\"elementor-tab-content-1421\" aria-expanded=\"false\">\n\t\t\t\t\t\t\t\t\t\t\t\t\t<span class=\"elementor-accordion-icon elementor-accordion-icon-left\" aria-hidden=\"true\">\n\t\t\t\t\t\t\t\t\t\t\t\t\t\t\t<span class=\"elementor-accordion-icon-closed\"><i class=\"fas fa-plus\"><\/i><\/span>\n\t\t\t\t\t\t\t\t<span class=\"elementor-accordion-icon-opened\"><i class=\"fas fa-minus\"><\/i><\/span>\n\t\t\t\t\t\t\t\t\t\t\t\t\t\t<\/span>\n\t\t\t\t\t\t\t\t\t\t\t\t<a class=\"elementor-accordion-title\" tabindex=\"0\">Quelle taille de panier \u00e0 linge choisir ?<\/a>\n\t\t\t\t\t<\/div>\n\t\t\t\t\t<div id=\"elementor-tab-content-1421\" class=\"elementor-tab-content elementor-clearfix\" data-tab=\"1\" role=\"region\" aria-labelledby=\"elementor-tab-title-1421\"><p>Comptez environ 40 litres par personne du foyer pour un rythme de deux lessives par semaine. En hauteur, cela donne 35 cm pour une personne seule dans une petite salle d&rsquo;eau, 40 \u00e0 47 cm pour une \u00e0 deux personnes, et 50 cm \u00e0 partir de deux personnes. Pour une famille, deux paniers de taille moyenne valent mieux qu&rsquo;un grand : ils permettent de trier le blanc et la couleur \u00e0 la source.<\/p><\/div>\n\t\t\t\t<\/div>\n\t\t\t\t\t\t\t<div class=\"elementor-accordion-item\">\n\t\t\t\t\t<div id=\"elementor-tab-title-1422\" class=\"elementor-tab-title\" data-tab=\"2\" role=\"button\" aria-controls=\"elementor-tab-content-1422\" aria-expanded=\"false\">\n\t\t\t\t\t\t\t\t\t\t\t\t\t<span class=\"elementor-accordion-icon elementor-accordion-icon-left\" aria-hidden=\"true\">\n\t\t\t\t\t\t\t\t\t\t\t\t\t\t\t<span class=\"elementor-accordion-icon-closed\"><i class=\"fas fa-plus\"><\/i><\/span>\n\t\t\t\t\t\t\t\t<span class=\"elementor-accordion-icon-opened\"><i class=\"fas fa-minus\"><\/i><\/span>\n\t\t\t\t\t\t\t\t\t\t\t\t\t\t<\/span>\n\t\t\t\t\t\t\t\t\t\t\t\t<a class=\"elementor-accordion-title\" tabindex=\"0\">Quelle fibre naturelle r\u00e9siste le mieux dans une salle de bain ?<\/a>\n\t\t\t\t\t<\/div>\n\t\t\t\t\t<div id=\"elementor-tab-content-1422\" class=\"elementor-tab-content elementor-clearfix\" data-tab=\"2\" role=\"region\" aria-labelledby=\"elementor-tab-title-1422\"><p>La jacinthe d&rsquo;eau, et pour une raison logique : c&rsquo;est une plante aquatique. Ses tiges s\u00e9ch\u00e9es puis tress\u00e9es supportent l&rsquo;humidit\u00e9 ambiante sans se d\u00e9former ni moisir. Le jonc de mer, \u00e9galement marin, tient bien aussi avec un tressage plus serr\u00e9 et plus rigide. La corde tress\u00e9e, plus souple, convient au rangement l\u00e9ger mais s&rsquo;affaisse sous une charge de linge.<\/p><\/div>\n\t\t\t\t<\/div>\n\t\t\t\t\t\t\t<div class=\"elementor-accordion-item\">\n\t\t\t\t\t<div id=\"elementor-tab-title-1423\" class=\"elementor-tab-title\" data-tab=\"3\" role=\"button\" aria-controls=\"elementor-tab-content-1423\" aria-expanded=\"false\">\n\t\t\t\t\t\t\t\t\t\t\t\t\t<span class=\"elementor-accordion-icon elementor-accordion-icon-left\" aria-hidden=\"true\">\n\t\t\t\t\t\t\t\t\t\t\t\t\t\t\t<span class=\"elementor-accordion-icon-closed\"><i class=\"fas fa-plus\"><\/i><\/span>\n\t\t\t\t\t\t\t\t<span class=\"elementor-accordion-icon-opened\"><i class=\"fas fa-minus\"><\/i><\/span>\n\t\t\t\t\t\t\t\t\t\t\t\t\t\t<\/span>\n\t\t\t\t\t\t\t\t\t\t\t\t<a class=\"elementor-accordion-title\" tabindex=\"0\">Panier \u00e0 linge avec ou sans couvercle ?<\/a>\n\t\t\t\t\t<\/div>\n\t\t\t\t\t<div id=\"elementor-tab-content-1423\" class=\"elementor-tab-content elementor-clearfix\" data-tab=\"3\" role=\"region\" aria-labelledby=\"elementor-tab-title-1423\"><p>Avec couvercle si le panier est en vue directe depuis l&rsquo;entr\u00e9e de la pi\u00e8ce : le linge dispara\u00eet y compris vu d&rsquo;en haut, et les odeurs sont contenues. Sans couvercle s&rsquo;il est dans un angle ou derri\u00e8re une porte : on y jette le linge d&rsquo;un geste, ce qui fait justement qu&rsquo;il finit dedans plut\u00f4t que sur une chaise, et l&rsquo;air circule.<\/p><\/div>\n\t\t\t\t<\/div>\n\t\t\t\t\t\t\t<div class=\"elementor-accordion-item\">\n\t\t\t\t\t<div id=\"elementor-tab-title-1424\" class=\"elementor-tab-title\" data-tab=\"4\" role=\"button\" aria-controls=\"elementor-tab-content-1424\" aria-expanded=\"false\">\n\t\t\t\t\t\t\t\t\t\t\t\t\t<span class=\"elementor-accordion-icon elementor-accordion-icon-left\" aria-hidden=\"true\">\n\t\t\t\t\t\t\t\t\t\t\t\t\t\t\t<span class=\"elementor-accordion-icon-closed\"><i class=\"fas fa-plus\"><\/i><\/span>\n\t\t\t\t\t\t\t\t<span class=\"elementor-accordion-icon-opened\"><i class=\"fas fa-minus\"><\/i><\/span>\n\t\t\t\t\t\t\t\t\t\t\t\t\t\t<\/span>\n\t\t\t\t\t\t\t\t\t\t\t\t<a class=\"elementor-accordion-title\" tabindex=\"0\">Un panier en fibre naturelle craint-il l'humidit\u00e9 ?<\/a>\n\t\t\t\t\t<\/div>\n\t\t\t\t\t<div id=\"elementor-tab-content-1424\" class=\"elementor-tab-content elementor-clearfix\" data-tab=\"4\" role=\"region\" aria-labelledby=\"elementor-tab-title-1424\"><p>Pas l&rsquo;humidit\u00e9 ambiante, mais trois choses pr\u00e9cises. Ne le placez pas contre une paroi de douche, o\u00f9 il re\u00e7oit des projections directes et r\u00e9p\u00e9t\u00e9es. N&rsquo;y mettez jamais de linge tremp\u00e9, qui cr\u00e9e les conditions de la moisissure en deux jours dans un panier ferm\u00e9. Et videz-le compl\u00e8tement \u00e0 chaque lessive en le laissant ouvert une heure. \u00c0 ces conditions, il tient plusieurs ann\u00e9es.<\/p><\/div>\n\t\t\t\t<\/div>\n\t\t\t\t\t\t\t<div class=\"elementor-accordion-item\">\n\t\t\t\t\t<div id=\"elementor-tab-title-1425\" class=\"elementor-tab-title\" data-tab=\"5\" role=\"button\" aria-controls=\"elementor-tab-content-1425\" aria-expanded=\"false\">\n\t\t\t\t\t\t\t\t\t\t\t\t\t<span class=\"elementor-accordion-icon elementor-accordion-icon-left\" aria-hidden=\"true\">\n\t\t\t\t\t\t\t\t\t\t\t\t\t\t\t<span class=\"elementor-accordion-icon-closed\"><i class=\"fas fa-plus\"><\/i><\/span>\n\t\t\t\t\t\t\t\t<span class=\"elementor-accordion-icon-opened\"><i class=\"fas fa-minus\"><\/i><\/span>\n\t\t\t\t\t\t\t\t\t\t\t\t\t\t<\/span>\n\t\t\t\t\t\t\t\t\t\t\t\t<a class=\"elementor-accordion-title\" tabindex=\"0\">O\u00f9 placer le panier \u00e0 linge dans une salle de bain ?<\/a>\n\t\t\t\t\t<\/div>\n\t\t\t\t\t<div id=\"elementor-tab-content-1425\" class=\"elementor-tab-content elementor-clearfix\" data-tab=\"5\" role=\"region\" aria-labelledby=\"elementor-tab-title-1425\"><p>Dans un angle, qui est de toute fa\u00e7on un espace perdu, ou sous une tablette murale et \u00e0 c\u00f4t\u00e9 d&rsquo;une colonne, o\u00f9 l&rsquo;espace reste souvent inutilis\u00e9. \u00c9vitez le milieu d&rsquo;un mur, o\u00f9 il devient un obstacle visible, et surtout l&rsquo;arri\u00e8re de la porte : celle-ci bute, se referme mal, et le panier finit d\u00e9cal\u00e9 en permanence.<\/p><\/div>\n\t\t\t\t<\/div>\n\t\t\t\t\t\t\t<div class=\"elementor-accordion-item\">\n\t\t\t\t\t<div id=\"elementor-tab-title-1426\" class=\"elementor-tab-title\" data-tab=\"6\" role=\"button\" aria-controls=\"elementor-tab-content-1426\" aria-expanded=\"false\">\n\t\t\t\t\t\t\t\t\t\t\t\t\t<span class=\"elementor-accordion-icon elementor-accordion-icon-left\" aria-hidden=\"true\">\n\t\t\t\t\t\t\t\t\t\t\t\t\t\t\t<span class=\"elementor-accordion-icon-closed\"><i class=\"fas fa-plus\"><\/i><\/span>\n\t\t\t\t\t\t\t\t<span class=\"elementor-accordion-icon-opened\"><i class=\"fas fa-minus\"><\/i><\/span>\n\t\t\t\t\t\t\t\t\t\t\t\t\t\t<\/span>\n\t\t\t\t\t\t\t\t\t\t\t\t<a class=\"elementor-accordion-title\" tabindex=\"0\">Un bac \u00e0 linge en teck vaut-il un panier tress\u00e9 ?<\/a>\n\t\t\t\t\t<\/div>\n\t\t\t\t\t<div id=\"elementor-tab-content-1426\" class=\"elementor-tab-content elementor-clearfix\" data-tab=\"6\" role=\"region\" aria-labelledby=\"elementor-tab-title-1426\"><p>Il remplit la m\u00eame fonction mais tient dix \u00e0 quinze ans sans se d\u00e9former, et se lit comme un \u00e9l\u00e9ment de mobilier plut\u00f4t que comme un accessoire. Il co\u00fbte nettement plus cher et p\u00e8se davantage. C&rsquo;est le choix d&rsquo;une salle de bain am\u00e9nag\u00e9e pour durer, en particulier si le meuble sous vasque est d\u00e9j\u00e0 en teck.<\/p><\/div>\n\t\t\t\t<\/div>\n\t\t\t\t\t\t\t\t<\/div>\n\t\t\t\t\t\t<\/div>\n\t\t\t\t<\/div>\n\t\t\t\t<div class=\"elementor-element elementor-element-6969523 elementor-widget elementor-widget-html\" data-id=\"6969523\" data-element_type=\"widget\" data-widget_type=\"html.default\">\n\t\t\t\t<div class=\"elementor-widget-container\">\n\t\t\t\t\t<script type=\"application\/ld+json\">{\"@context\": \"https:\/\/schema.org\", \"@type\": \"Article\", \"headline\": \"Panier \u00e0 linge et rangement en fibre naturelle : quelle taille, quelle fibre\", \"description\": \"Panier \u00e0 linge en fibre naturelle : le volume \u00e0 pr\u00e9voir selon le foyer, jacinthe d'eau, jonc de mer ou corde, avec ou sans couvercle, et l'entretien en pi\u00e8ce humide.\", \"author\": {\"@type\": \"Organization\", \"name\": \"Wanda Collection\"}, \"publisher\": {\"@type\": \"Organization\", \"name\": \"Wanda Collection\", \"logo\": {\"@type\": \"ImageObject\", \"url\": \"https:\/\/www.wanda-collection.com\/img\/logo.png\"}}, \"mainEntityOfPage\": \"https:\/\/www.wanda-collection.com\/blog\/panier-linge-rangement-fibre-naturelle\/\", \"image\": \"https:\/\/www.wanda-collection.com\/blog\/wp-content\/uploads\/2026\/08\/pa-major50.jpg\"}<\/script>\n<script type=\"application\/ld+json\">{\"@context\": \"https:\/\/schema.org\", \"@type\": \"FAQPage\", \"mainEntity\": [{\"@type\": \"Question\", \"name\": \"Quelle taille de panier \u00e0 linge choisir ?\", \"acceptedAnswer\": {\"@type\": \"Answer\", \"text\": \"Comptez environ 40 litres par personne du foyer pour un rythme de deux lessives par semaine. En hauteur, cela donne 35 cm pour une personne seule dans une petite salle d'eau, 40 \u00e0 47 cm pour une \u00e0 deux personnes, et 50 cm \u00e0 partir de deux personnes. Pour une famille, deux paniers de taille moyenne valent mieux qu'un grand : ils permettent de trier le blanc et la couleur \u00e0 la source.\"}}, {\"@type\": \"Question\", \"name\": \"Quelle fibre naturelle r\u00e9siste le mieux dans une salle de bain ?\", \"acceptedAnswer\": {\"@type\": \"Answer\", \"text\": \"La jacinthe d'eau, et pour une raison logique : c'est une plante aquatique. Ses tiges s\u00e9ch\u00e9es puis tress\u00e9es supportent l'humidit\u00e9 ambiante sans se d\u00e9former ni moisir. Le jonc de mer, \u00e9galement marin, tient bien aussi avec un tressage plus serr\u00e9 et plus rigide. La corde tress\u00e9e, plus souple, convient au rangement l\u00e9ger mais s'affaisse sous une charge de linge.\"}}, {\"@type\": \"Question\", \"name\": \"Panier \u00e0 linge avec ou sans couvercle ?\", \"acceptedAnswer\": {\"@type\": \"Answer\", \"text\": \"Avec couvercle si le panier est en vue directe depuis l'entr\u00e9e de la pi\u00e8ce : le linge dispara\u00eet y compris vu d'en haut, et les odeurs sont contenues. Sans couvercle s'il est dans un angle ou derri\u00e8re une porte : on y jette le linge d'un geste, ce qui fait justement qu'il finit dedans plut\u00f4t que sur une chaise, et l'air circule.\"}}, {\"@type\": \"Question\", \"name\": \"Un panier en fibre naturelle craint-il l'humidit\u00e9 ?\", \"acceptedAnswer\": {\"@type\": \"Answer\", \"text\": \"Pas l'humidit\u00e9 ambiante, mais trois choses pr\u00e9cises. Ne le placez pas contre une paroi de douche, o\u00f9 il re\u00e7oit des projections directes et r\u00e9p\u00e9t\u00e9es. N'y mettez jamais de linge tremp\u00e9, qui cr\u00e9e les conditions de la moisissure en deux jours dans un panier ferm\u00e9. Et videz-le compl\u00e8tement \u00e0 chaque lessive en le laissant ouvert une heure. \u00c0 ces conditions, il tient plusieurs ann\u00e9es.\"}}, {\"@type\": \"Question\", \"name\": \"O\u00f9 placer le panier \u00e0 linge dans une salle de bain ?\", \"acceptedAnswer\": {\"@type\": \"Answer\", \"text\": \"Dans un angle, qui est de toute fa\u00e7on un espace perdu, ou sous une tablette murale et \u00e0 c\u00f4t\u00e9 d'une colonne, o\u00f9 l'espace reste souvent inutilis\u00e9. \u00c9vitez le milieu d'un mur, o\u00f9 il devient un obstacle visible, et surtout l'arri\u00e8re de la porte : celle-ci bute, se referme mal, et le panier finit d\u00e9cal\u00e9 en permanence.\"}}, {\"@type\": \"Question\", \"name\": \"Un bac \u00e0 linge en teck vaut-il un panier tress\u00e9 ?\", \"acceptedAnswer\": {\"@type\": \"Answer\", \"text\": \"Il remplit la m\u00eame fonction mais tient dix \u00e0 quinze ans sans se d\u00e9former, et se lit comme un \u00e9l\u00e9ment de mobilier plut\u00f4t que comme un accessoire. Il co\u00fbte nettement plus cher et p\u00e8se davantage. C'est le choix d'une salle de bain am\u00e9nag\u00e9e pour durer, en particulier si le meuble sous vasque est d\u00e9j\u00e0 en teck.\"}}]}<\/script>\t\t\t\t<\/div>\n\t\t\t\t<\/div>\n\t\t\t\t\t<\/div>\n\t\t<\/div>\n\t\t\t\t\t<\/div>\n\t\t<\/section>\n\t\t\t\t<\/div>\n\t\t","protected":false},"excerpt":{"rendered":"<p>Panier \u00e0 linge en fibre naturelle : le volume \u00e0 pr\u00e9voir selon le foyer, jacinthe d&rsquo;eau, jonc de mer ou corde, avec ou sans couvercle, et l&rsquo;entretien en pi\u00e8ce humide.<\/p>\n","protected":false},"author":6,"featured_media":992881,"comment_status":"closed","ping_status":"open","sticky":false,"template":"","format":"standard","meta":{"footnotes":""},"categories":[110,100,16],"tags":[114],"class_list":["post-992887","post","type-post","status-publish","format-standard","has-post-thumbnail","hentry","category-bois-massif","category-decoration-et-tendances","category-salle-de-bain","tag-guide-dachat"],"yoast_head":"<!-- This site is optimized with the Yoast SEO plugin v25.5 - https:\/\/yoast.com\/wordpress\/plugins\/seo\/ -->\n<title>Panier \u00e0 linge et rangement en fibre naturelle : quelle taille, quelle fibre<\/title>\n<meta name=\"description\" content=\"Panier \u00e0 linge en fibre naturelle : le volume \u00e0 pr\u00e9voir selon le foyer, jacinthe d&#039;eau, jonc de mer ou corde, avec ou sans couvercle, et l&#039;entretien en pi\u00e8ce humide.\" \/>\n<meta name=\"robots\" content=\"index, follow, max-snippet:-1, max-image-preview:large, max-video-preview:-1\" \/>\n<link rel=\"canonical\" href=\"https:\/\/www.wanda-collection.com\/blog\/panier-linge-rangement-fibre-naturelle\/\" \/>\n<meta property=\"og:locale\" content=\"fr_FR\" \/>\n<meta property=\"og:type\" content=\"article\" \/>\n<meta property=\"og:title\" content=\"Panier \u00e0 linge et rangement en fibre naturelle : quelle taille, quelle fibre\" \/>\n<meta property=\"og:description\" content=\"Panier \u00e0 linge en fibre naturelle : le volume \u00e0 pr\u00e9voir selon le foyer, jacinthe d&#039;eau, jonc de mer ou corde, avec ou sans couvercle, et l&#039;entretien en pi\u00e8ce humide.\" \/>\n<meta property=\"og:url\" content=\"https:\/\/www.wanda-collection.com\/blog\/panier-linge-rangement-fibre-naturelle\/\" \/>\n<meta property=\"og:site_name\" content=\"Wanda collection Le blog\" \/>\n<meta property=\"article:publisher\" content=\"https:\/\/www.facebook.com\/WandaCollection.fr\/\" \/>\n<meta property=\"article:published_time\" content=\"2026-08-31T12:49:26+00:00\" \/>\n<meta property=\"article:modified_time\" content=\"2026-08-31T12:49:47+00:00\" \/>\n<meta property=\"og:image\" content=\"https:\/\/www.wanda-collection.com\/blog\/wp-content\/uploads\/2026\/08\/pa-major50.jpg\" \/>\n\t<meta property=\"og:image:width\" content=\"1028\" \/>\n\t<meta property=\"og:image:height\" content=\"1028\" \/>\n\t<meta property=\"og:image:type\" content=\"image\/jpeg\" \/>\n<meta name=\"author\" content=\"Damien Girardeau\" \/>\n<meta name=\"twitter:card\" content=\"summary_large_image\" \/>\n<meta name=\"twitter:label1\" content=\"\u00c9crit par\" \/>\n\t<meta name=\"twitter:data1\" content=\"Damien Girardeau\" \/>\n\t<meta name=\"twitter:label2\" content=\"Dur\u00e9e de lecture estim\u00e9e\" \/>\n\t<meta name=\"twitter:data2\" content=\"10 minutes\" \/>\n<script type=\"application\/ld+json\" class=\"yoast-schema-graph\">{\"@context\":\"https:\/\/schema.org\",\"@graph\":[{\"@type\":\"Article\",\"@id\":\"https:\/\/www.wanda-collection.com\/blog\/panier-linge-rangement-fibre-naturelle\/#article\",\"isPartOf\":{\"@id\":\"https:\/\/www.wanda-collection.com\/blog\/panier-linge-rangement-fibre-naturelle\/\"},\"author\":{\"name\":\"Damien Girardeau\",\"@id\":\"https:\/\/www.wanda-collection.com\/blog\/#\/schema\/person\/85c8dec31d24bad26b45a2319924d2e6\"},\"headline\":\"Panier \u00e0 linge et rangement en fibre naturelle : quelle taille, quelle fibre\",\"datePublished\":\"2026-08-31T12:49:26+00:00\",\"dateModified\":\"2026-08-31T12:49:47+00:00\",\"mainEntityOfPage\":{\"@id\":\"https:\/\/www.wanda-collection.com\/blog\/panier-linge-rangement-fibre-naturelle\/\"},\"wordCount\":2225,\"publisher\":{\"@id\":\"https:\/\/www.wanda-collection.com\/blog\/#organization\"},\"image\":{\"@id\":\"https:\/\/www.wanda-collection.com\/blog\/panier-linge-rangement-fibre-naturelle\/#primaryimage\"},\"thumbnailUrl\":\"https:\/\/www.wanda-collection.com\/blog\/wp-content\/uploads\/2026\/08\/pa-major50.jpg\",\"keywords\":[\"Guide d'achat\"],\"articleSection\":[\"Bois massif\",\"D\u00e9coration et tendances\",\"Salle de bain\"],\"inLanguage\":\"fr-FR\"},{\"@type\":\"WebPage\",\"@id\":\"https:\/\/www.wanda-collection.com\/blog\/panier-linge-rangement-fibre-naturelle\/\",\"url\":\"https:\/\/www.wanda-collection.com\/blog\/panier-linge-rangement-fibre-naturelle\/\",\"name\":\"Panier \u00e0 linge et rangement en fibre naturelle : quelle taille, quelle fibre\",\"isPartOf\":{\"@id\":\"https:\/\/www.wanda-collection.com\/blog\/#website\"},\"primaryImageOfPage\":{\"@id\":\"https:\/\/www.wanda-collection.com\/blog\/panier-linge-rangement-fibre-naturelle\/#primaryimage\"},\"image\":{\"@id\":\"https:\/\/www.wanda-collection.com\/blog\/panier-linge-rangement-fibre-naturelle\/#primaryimage\"},\"thumbnailUrl\":\"https:\/\/www.wanda-collection.com\/blog\/wp-content\/uploads\/2026\/08\/pa-major50.jpg\",\"datePublished\":\"2026-08-31T12:49:26+00:00\",\"dateModified\":\"2026-08-31T12:49:47+00:00\",\"description\":\"Panier \u00e0 linge en fibre naturelle : le volume \u00e0 pr\u00e9voir selon le foyer, jacinthe d'eau, jonc de mer ou corde, avec ou sans couvercle, et l'entretien en pi\u00e8ce humide.\",\"breadcrumb\":{\"@id\":\"https:\/\/www.wanda-collection.com\/blog\/panier-linge-rangement-fibre-naturelle\/#breadcrumb\"},\"inLanguage\":\"fr-FR\",\"potentialAction\":[{\"@type\":\"ReadAction\",\"target\":[\"https:\/\/www.wanda-collection.com\/blog\/panier-linge-rangement-fibre-naturelle\/\"]}]},{\"@type\":\"ImageObject\",\"inLanguage\":\"fr-FR\",\"@id\":\"https:\/\/www.wanda-collection.com\/blog\/panier-linge-rangement-fibre-naturelle\/#primaryimage\",\"url\":\"https:\/\/www.wanda-collection.com\/blog\/wp-content\/uploads\/2026\/08\/pa-major50.jpg\",\"contentUrl\":\"https:\/\/www.wanda-collection.com\/blog\/wp-content\/uploads\/2026\/08\/pa-major50.jpg\",\"width\":1028,\"height\":1028,\"caption\":\"Panier \u00e0 linge tress\u00e9 Major, H.50 cm\"},{\"@type\":\"BreadcrumbList\",\"@id\":\"https:\/\/www.wanda-collection.com\/blog\/panier-linge-rangement-fibre-naturelle\/#breadcrumb\",\"itemListElement\":[{\"@type\":\"ListItem\",\"position\":1,\"name\":\"Accueil\",\"item\":\"https:\/\/www.wanda-collection.com\/blog\/\"},{\"@type\":\"ListItem\",\"position\":2,\"name\":\"Mat\u00e9riaux et entretien\",\"item\":\"https:\/\/www.wanda-collection.com\/blog\/category\/materiaux-et-entretien\/\"},{\"@type\":\"ListItem\",\"position\":3,\"name\":\"Bois massif\",\"item\":\"https:\/\/www.wanda-collection.com\/blog\/category\/materiaux-et-entretien\/bois-massif\/\"},{\"@type\":\"ListItem\",\"position\":4,\"name\":\"Panier \u00e0 linge et rangement en fibre naturelle : quelle taille, quelle fibre\"}]},{\"@type\":\"WebSite\",\"@id\":\"https:\/\/www.wanda-collection.com\/blog\/#website\",\"url\":\"https:\/\/www.wanda-collection.com\/blog\/\",\"name\":\"Wanda collection Le blog\",\"description\":\"\",\"publisher\":{\"@id\":\"https:\/\/www.wanda-collection.com\/blog\/#organization\"},\"potentialAction\":[{\"@type\":\"SearchAction\",\"target\":{\"@type\":\"EntryPoint\",\"urlTemplate\":\"https:\/\/www.wanda-collection.com\/blog\/?s={search_term_string}\"},\"query-input\":{\"@type\":\"PropertyValueSpecification\",\"valueRequired\":true,\"valueName\":\"search_term_string\"}}],\"inLanguage\":\"fr-FR\"},{\"@type\":\"Organization\",\"@id\":\"https:\/\/www.wanda-collection.com\/blog\/#organization\",\"name\":\"Wanda collection Le blog\",\"url\":\"https:\/\/www.wanda-collection.com\/blog\/\",\"logo\":{\"@type\":\"ImageObject\",\"inLanguage\":\"fr-FR\",\"@id\":\"https:\/\/www.wanda-collection.com\/blog\/#\/schema\/logo\/image\/\",\"url\":\"https:\/\/www.wanda-collection.com\/blog\/wp-content\/uploads\/2022\/09\/cropped-logo-Le-blog-5.png\",\"contentUrl\":\"https:\/\/www.wanda-collection.com\/blog\/wp-content\/uploads\/2022\/09\/cropped-logo-Le-blog-5.png\",\"width\":1141,\"height\":328,\"caption\":\"Wanda collection Le blog\"},\"image\":{\"@id\":\"https:\/\/www.wanda-collection.com\/blog\/#\/schema\/logo\/image\/\"},\"sameAs\":[\"https:\/\/www.facebook.com\/WandaCollection.fr\/\",\"https:\/\/www.pinterest.fr\/wandacollection\/\",\"https:\/\/www.instagram.com\/wanda.collection\/\"]},{\"@type\":\"Person\",\"@id\":\"https:\/\/www.wanda-collection.com\/blog\/#\/schema\/person\/85c8dec31d24bad26b45a2319924d2e6\",\"name\":\"Damien Girardeau\",\"image\":{\"@type\":\"ImageObject\",\"inLanguage\":\"fr-FR\",\"@id\":\"https:\/\/www.wanda-collection.com\/blog\/#\/schema\/person\/image\/\",\"url\":\"https:\/\/secure.gravatar.com\/avatar\/53ace044216358578780d6154f629abc4431ac90903bd3d17859f8eec72d379b?s=96&d=mm&r=g\",\"contentUrl\":\"https:\/\/secure.gravatar.com\/avatar\/53ace044216358578780d6154f629abc4431ac90903bd3d17859f8eec72d379b?s=96&d=mm&r=g\",\"caption\":\"Damien Girardeau\"}}]}<\/script>\n<!-- \/ Yoast SEO plugin. -->","yoast_head_json":{"title":"Panier \u00e0 linge et rangement en fibre naturelle : quelle taille, quelle fibre","description":"Panier \u00e0 linge en fibre naturelle : le volume \u00e0 pr\u00e9voir selon le foyer, jacinthe d'eau, jonc de mer ou corde, avec ou sans couvercle, et l'entretien en pi\u00e8ce humide.","robots":{"index":"index","follow":"follow","max-snippet":"max-snippet:-1","max-image-preview":"max-image-preview:large","max-video-preview":"max-video-preview:-1"},"canonical":"https:\/\/www.wanda-collection.com\/blog\/panier-linge-rangement-fibre-naturelle\/","og_locale":"fr_FR","og_type":"article","og_title":"Panier \u00e0 linge et rangement en fibre naturelle : quelle taille, quelle fibre","og_description":"Panier \u00e0 linge en fibre naturelle : le volume \u00e0 pr\u00e9voir selon le foyer, jacinthe d'eau, jonc de mer ou corde, avec ou sans couvercle, et l'entretien en pi\u00e8ce humide.","og_url":"https:\/\/www.wanda-collection.com\/blog\/panier-linge-rangement-fibre-naturelle\/","og_site_name":"Wanda collection Le blog","article_publisher":"https:\/\/www.facebook.com\/WandaCollection.fr\/","article_published_time":"2026-08-31T12:49:26+00:00","article_modified_time":"2026-08-31T12:49:47+00:00","og_image":[{"width":1028,"height":1028,"url":"https:\/\/www.wanda-collection.com\/blog\/wp-content\/uploads\/2026\/08\/pa-major50.jpg","type":"image\/jpeg"}],"author":"Damien Girardeau","twitter_card":"summary_large_image","twitter_misc":{"\u00c9crit par":"Damien Girardeau","Dur\u00e9e de lecture estim\u00e9e":"10 minutes"},"schema":{"@context":"https:\/\/schema.org","@graph":[{"@type":"Article","@id":"https:\/\/www.wanda-collection.com\/blog\/panier-linge-rangement-fibre-naturelle\/#article","isPartOf":{"@id":"https:\/\/www.wanda-collection.com\/blog\/panier-linge-rangement-fibre-naturelle\/"},"author":{"name":"Damien Girardeau","@id":"https:\/\/www.wanda-collection.com\/blog\/#\/schema\/person\/85c8dec31d24bad26b45a2319924d2e6"},"headline":"Panier \u00e0 linge et rangement en fibre naturelle : quelle taille, quelle fibre","datePublished":"2026-08-31T12:49:26+00:00","dateModified":"2026-08-31T12:49:47+00:00","mainEntityOfPage":{"@id":"https:\/\/www.wanda-collection.com\/blog\/panier-linge-rangement-fibre-naturelle\/"},"wordCount":2225,"publisher":{"@id":"https:\/\/www.wanda-collection.com\/blog\/#organization"},"image":{"@id":"https:\/\/www.wanda-collection.com\/blog\/panier-linge-rangement-fibre-naturelle\/#primaryimage"},"thumbnailUrl":"https:\/\/www.wanda-collection.com\/blog\/wp-content\/uploads\/2026\/08\/pa-major50.jpg","keywords":["Guide d'achat"],"articleSection":["Bois massif","D\u00e9coration et tendances","Salle de bain"],"inLanguage":"fr-FR"},{"@type":"WebPage","@id":"https:\/\/www.wanda-collection.com\/blog\/panier-linge-rangement-fibre-naturelle\/","url":"https:\/\/www.wanda-collection.com\/blog\/panier-linge-rangement-fibre-naturelle\/","name":"Panier \u00e0 linge et rangement en fibre naturelle : quelle taille, quelle fibre","isPartOf":{"@id":"https:\/\/www.wanda-collection.com\/blog\/#website"},"primaryImageOfPage":{"@id":"https:\/\/www.wanda-collection.com\/blog\/panier-linge-rangement-fibre-naturelle\/#primaryimage"},"image":{"@id":"https:\/\/www.wanda-collection.com\/blog\/panier-linge-rangement-fibre-naturelle\/#primaryimage"},"thumbnailUrl":"https:\/\/www.wanda-collection.com\/blog\/wp-content\/uploads\/2026\/08\/pa-major50.jpg","datePublished":"2026-08-31T12:49:26+00:00","dateModified":"2026-08-31T12:49:47+00:00","description":"Panier \u00e0 linge en fibre naturelle : le volume \u00e0 pr\u00e9voir selon le foyer, jacinthe d'eau, jonc de mer ou corde, avec ou sans couvercle, et l'entretien en pi\u00e8ce humide.","breadcrumb":{"@id":"https:\/\/www.wanda-collection.com\/blog\/panier-linge-rangement-fibre-naturelle\/#breadcrumb"},"inLanguage":"fr-FR","potentialAction":[{"@type":"ReadAction","target":["https:\/\/www.wanda-collection.com\/blog\/panier-linge-rangement-fibre-naturelle\/"]}]},{"@type":"ImageObject","inLanguage":"fr-FR","@id":"https:\/\/www.wanda-collection.com\/blog\/panier-linge-rangement-fibre-naturelle\/#primaryimage","url":"https:\/\/www.wanda-collection.com\/blog\/wp-content\/uploads\/2026\/08\/pa-major50.jpg","contentUrl":"https:\/\/www.wanda-collection.com\/blog\/wp-content\/uploads\/2026\/08\/pa-major50.jpg","width":1028,"height":1028,"caption":"Panier \u00e0 linge tress\u00e9 Major, H.50 cm"},{"@type":"BreadcrumbList","@id":"https:\/\/www.wanda-collection.com\/blog\/panier-linge-rangement-fibre-naturelle\/#breadcrumb","itemListElement":[{"@type":"ListItem","position":1,"name":"Accueil","item":"https:\/\/www.wanda-collection.com\/blog\/"},{"@type":"ListItem","position":2,"name":"Mat\u00e9riaux et entretien","item":"https:\/\/www.wanda-collection.com\/blog\/category\/materiaux-et-entretien\/"},{"@type":"ListItem","position":3,"name":"Bois massif","item":"https:\/\/www.wanda-collection.com\/blog\/category\/materiaux-et-entretien\/bois-massif\/"},{"@type":"ListItem","position":4,"name":"Panier \u00e0 linge et rangement en fibre naturelle : quelle taille, quelle fibre"}]},{"@type":"WebSite","@id":"https:\/\/www.wanda-collection.com\/blog\/#website","url":"https:\/\/www.wanda-collection.com\/blog\/","name":"Wanda collection Le blog","description":"","publisher":{"@id":"https:\/\/www.wanda-collection.com\/blog\/#organization"},"potentialAction":[{"@type":"SearchAction","target":{"@type":"EntryPoint","urlTemplate":"https:\/\/www.wanda-collection.com\/blog\/?s={search_term_string}"},"query-input":{"@type":"PropertyValueSpecification","valueRequired":true,"valueName":"search_term_string"}}],"inLanguage":"fr-FR"},{"@type":"Organization","@id":"https:\/\/www.wanda-collection.com\/blog\/#organization","name":"Wanda collection Le blog","url":"https:\/\/www.wanda-collection.com\/blog\/","logo":{"@type":"ImageObject","inLanguage":"fr-FR","@id":"https:\/\/www.wanda-collection.com\/blog\/#\/schema\/logo\/image\/","url":"https:\/\/www.wanda-collection.com\/blog\/wp-content\/uploads\/2022\/09\/cropped-logo-Le-blog-5.png","contentUrl":"https:\/\/www.wanda-collection.com\/blog\/wp-content\/uploads\/2022\/09\/cropped-logo-Le-blog-5.png","width":1141,"height":328,"caption":"Wanda collection Le blog"},"image":{"@id":"https:\/\/www.wanda-collection.com\/blog\/#\/schema\/logo\/image\/"},"sameAs":["https:\/\/www.facebook.com\/WandaCollection.fr\/","https:\/\/www.pinterest.fr\/wandacollection\/","https:\/\/www.instagram.com\/wanda.collection\/"]},{"@type":"Person","@id":"https:\/\/www.wanda-collection.com\/blog\/#\/schema\/person\/85c8dec31d24bad26b45a2319924d2e6","name":"Damien Girardeau","image":{"@type":"ImageObject","inLanguage":"fr-FR","@id":"https:\/\/www.wanda-collection.com\/blog\/#\/schema\/person\/image\/","url":"https:\/\/secure.gravatar.com\/avatar\/53ace044216358578780d6154f629abc4431ac90903bd3d17859f8eec72d379b?s=96&d=mm&r=g","contentUrl":"https:\/\/secure.gravatar.com\/avatar\/53ace044216358578780d6154f629abc4431ac90903bd3d17859f8eec72d379b?s=96&d=mm&r=g","caption":"Damien Girardeau"}}]}},"_links":{"self":[{"href":"https:\/\/www.wanda-collection.com\/blog\/wp-json\/wp\/v2\/posts\/992887","targetHints":{"allow":["GET"]}}],"collection":[{"href":"https:\/\/www.wanda-collection.com\/blog\/wp-json\/wp\/v2\/posts"}],"about":[{"href":"https:\/\/www.wanda-collection.com\/blog\/wp-json\/wp\/v2\/types\/post"}],"author":[{"embeddable":true,"href":"https:\/\/www.wanda-collection.com\/blog\/wp-json\/wp\/v2\/users\/6"}],"replies":[{"embeddable":true,"href":"https:\/\/www.wanda-collection.com\/blog\/wp-json\/wp\/v2\/comments?post=992887"}],"version-history":[{"count":1,"href":"https:\/\/www.wanda-collection.com\/blog\/wp-json\/wp\/v2\/posts\/992887\/revisions"}],"predecessor-version":[{"id":992892,"href":"https:\/\/www.wanda-collection.com\/blog\/wp-json\/wp\/v2\/posts\/992887\/revisions\/992892"}],"wp:featuredmedia":[{"embeddable":true,"href":"https:\/\/www.wanda-collection.com\/blog\/wp-json\/wp\/v2\/media\/992881"}],"wp:attachment":[{"href":"https:\/\/www.wanda-collection.com\/blog\/wp-json\/wp\/v2\/media?parent=992887"}],"wp:term":[{"taxonomy":"category","embeddable":true,"href":"https:\/\/www.wanda-collection.com\/blog\/wp-json\/wp\/v2\/categories?post=992887"},{"taxonomy":"post_tag","embeddable":true,"href":"https:\/\/www.wanda-collection.com\/blog\/wp-json\/wp\/v2\/tags?post=992887"}],"curies":[{"name":"wp","href":"https:\/\/api.w.org\/{rel}","templated":true}]}}