{"id":992893,"date":"2026-08-31T16:52:33","date_gmt":"2026-08-31T14:52:33","guid":{"rendered":"https:\/\/www.wanda-collection.com\/blog\/hauteur-dimensions-meuble-salle-de-bain\/"},"modified":"2026-08-31T16:57:28","modified_gmt":"2026-08-31T14:57:28","slug":"hauteur-dimensions-meuble-salle-de-bain","status":"publish","type":"post","link":"https:\/\/www.wanda-collection.com\/blog\/hauteur-dimensions-meuble-salle-de-bain\/","title":{"rendered":"Hauteur du meuble de salle de bain : la cote juste et comment la calculer"},"content":{"rendered":"\t\t<div data-elementor-type=\"wp-post\" data-elementor-id=\"992893\" class=\"elementor elementor-992893 elementor-bc-flex-widget\">\n\t\t\t\t\t\t<section class=\"elementor-section elementor-top-section elementor-element elementor-element-7f090ef elementor-section-boxed elementor-section-height-default elementor-section-height-default\" data-id=\"7f090ef\" data-element_type=\"section\">\n\t\t\t\t\t\t<div class=\"elementor-container elementor-column-gap-default\">\n\t\t\t\t\t<div class=\"elementor-column elementor-col-100 elementor-top-column elementor-element elementor-element-6c77d62\" data-id=\"6c77d62\" data-element_type=\"column\">\n\t\t\t<div class=\"elementor-widget-wrap elementor-element-populated\">\n\t\t\t\t\t\t<div class=\"elementor-element elementor-element-d618350 elementor-drop-cap-yes elementor-drop-cap-view-default elementor-widget elementor-widget-text-editor\" data-id=\"d618350\" data-element_type=\"widget\" data-settings=\"{&quot;drop_cap&quot;:&quot;yes&quot;}\" data-widget_type=\"text-editor.default\">\n\t\t\t\t<div class=\"elementor-widget-container\">\n\t\t\t\t\t\t\t\t\t<p>C&rsquo;est la question la plus pos\u00e9e avant d&rsquo;acheter un meuble de salle de bain, et celle qui re\u00e7oit les r\u00e9ponses les plus contradictoires. On lit 85 cm partout, mais les meubles vendus font 77, 80 ou 90 cm, et personne n&rsquo;explique pourquoi.<\/p><p>La contradiction n&rsquo;en est pas une. Ce qui est norm\u00e9, ce n&rsquo;est pas la hauteur du meuble, c&rsquo;est <strong>la hauteur du bord du bassin<\/strong>. Le meuble n&rsquo;est qu&rsquo;un support, et sa hauteur se d\u00e9duit de ce que vous posez dessus.<\/p><p>Ce guide donne donc la cote de r\u00e9f\u00e9rence, le calcul \u00e0 faire selon que la vasque est pos\u00e9e ou encastr\u00e9e, la profondeur utile, puis les hauteurs qui en d\u00e9coulent : robinet, miroir, rangements. Toutes les cotes cit\u00e9es sont mesur\u00e9es sur des meubles r\u00e9els. Une FAQ ferme l&rsquo;article.<\/p>\t\t\t\t\t\t\t\t<\/div>\n\t\t\t\t<\/div>\n\t\t\t\t<div class=\"elementor-element elementor-element-2f5a27c elementor-widget elementor-widget-text-editor\" data-id=\"2f5a27c\" data-element_type=\"widget\" data-widget_type=\"text-editor.default\">\n\t\t\t\t<div class=\"elementor-widget-container\">\n\t\t\t\t\t\t\t\t\t<h2>Hauteur et dimensions du meuble de salle de bain : toutes les cotes<\/h2>\t\t\t\t\t\t\t\t<\/div>\n\t\t\t\t<\/div>\n\t\t\t\t\t<\/div>\n\t\t<\/div>\n\t\t\t\t\t<\/div>\n\t\t<\/section>\n\t\t\t\t<section class=\"elementor-section elementor-top-section elementor-element elementor-element-af1f95a elementor-section-boxed elementor-section-height-default elementor-section-height-default\" data-id=\"af1f95a\" data-element_type=\"section\">\n\t\t\t\t\t\t<div class=\"elementor-container elementor-column-gap-default\">\n\t\t\t\t\t<div class=\"elementor-column elementor-col-100 elementor-top-column elementor-element elementor-element-d06cdda\" data-id=\"d06cdda\" data-element_type=\"column\">\n\t\t\t<div class=\"elementor-widget-wrap elementor-element-populated\">\n\t\t\t\t\t\t<div class=\"elementor-element elementor-element-e14aaad elementor-widget elementor-widget-heading\" data-id=\"e14aaad\" data-element_type=\"widget\" data-widget_type=\"heading.default\">\n\t\t\t\t<div class=\"elementor-widget-container\">\n\t\t\t\t\t<h2 class=\"elementor-heading-title elementor-size-default\">La cote de r\u00e9f\u00e9rence : le bord du bassin, pas le meuble<\/h2>\t\t\t\t<\/div>\n\t\t\t\t<\/div>\n\t\t\t\t\t<\/div>\n\t\t<\/div>\n\t\t\t\t\t<\/div>\n\t\t<\/section>\n\t\t\t\t<section class=\"elementor-section elementor-top-section elementor-element elementor-element-586f0c6 elementor-section-boxed elementor-section-height-default elementor-section-height-default\" data-id=\"586f0c6\" data-element_type=\"section\">\n\t\t\t\t\t\t<div class=\"elementor-container elementor-column-gap-default\">\n\t\t\t\t\t<div class=\"elementor-column elementor-col-60 elementor-top-column elementor-element elementor-element-77dbeea\" data-id=\"77dbeea\" data-element_type=\"column\">\n\t\t\t<div class=\"elementor-widget-wrap elementor-element-populated\">\n\t\t\t\t\t\t<div class=\"elementor-element elementor-element-30f68dc elementor-widget elementor-widget-text-editor\" data-id=\"30f68dc\" data-element_type=\"widget\" data-widget_type=\"text-editor.default\">\n\t\t\t\t<div class=\"elementor-widget-container\">\n\t\t\t\t\t\t\t\t\t<p>La r\u00e9f\u00e9rence est simple : <strong>le bord sup\u00e9rieur du bassin doit se situer entre 85 et 90 cm du sol<\/strong>. C&rsquo;est la hauteur \u00e0 laquelle un adulte de taille moyenne se penche sans forcer sur le dos, et c&rsquo;est elle qui sert de norme dans l&rsquo;habitat fran\u00e7ais.<\/p><p>Tout le reste s&rsquo;en d\u00e9duit. Le meuble ne fait que porter le bassin \u00e0 la bonne altitude, ce qui explique que sa propre hauteur varie selon le type de vasque. Un m\u00eame chiffre de 85 cm ne peut donc pas s&rsquo;appliquer \u00e0 tous les meubles.<\/p><h3>Pourquoi les meubles du march\u00e9 ne font pas tous la m\u00eame hauteur<\/h3><p>Sur les meubles de la collection Wanda, les cotes mesur\u00e9es vont de 77 \u00e0 90 cm : le Cosy 160 cm fait 77 cm de haut, le Vintage 90 en fait 80, le Vila 80 en fait 90. Ce n&rsquo;est pas une incoh\u00e9rence, c&rsquo;est l&rsquo;ajustement \u00e0 ce que chacun re\u00e7oit.<\/p><p>Un meuble bas est con\u00e7u pour une vasque \u00e0 poser \u00e9paisse, qui va ajouter sa propre hauteur. Un meuble haut est con\u00e7u pour une vasque encastr\u00e9e ou un plan int\u00e9gr\u00e9, qui n&rsquo;ajoute presque rien.<\/p>\t\t\t\t\t\t\t\t<\/div>\n\t\t\t\t<\/div>\n\t\t\t\t<div class=\"vamtam-has-theme-widget-styles elementor-element elementor-element-300c40b elementor-align-center elementor-widget elementor-widget-button\" data-id=\"300c40b\" data-element_type=\"widget\" data-widget_type=\"button.default\">\n\t\t\t\t<div class=\"elementor-widget-container\">\n\t\t\t\t\t\t\t\t\t<div class=\"elementor-button-wrapper\">\n\t\t\t\t\t<a class=\"elementor-button elementor-button-link elementor-size-sm\" href=\"https:\/\/www.wanda-collection.com\/cat-meuble-simple-vasque-156.htm\">\n\t\t\t\t\t\t<span class=\"elementor-button-content-wrapper\">\n\t\t\t\t\t\t\t\t\t<span class=\"elementor-button-text\">Voir les meubles de salle de bain<\/span>\n\t\t\t\t\t<\/span>\n\t\t\t\t\t<\/a>\n\t\t\t\t<\/div>\n\t\t\t\t\t\t\t\t<\/div>\n\t\t\t\t<\/div>\n\t\t\t\t\t<\/div>\n\t\t<\/div>\n\t\t\t\t<div class=\"elementor-column elementor-col-40 elementor-top-column elementor-element elementor-element-41629b1\" data-id=\"41629b1\" data-element_type=\"column\">\n\t\t\t<div class=\"elementor-widget-wrap elementor-element-populated\">\n\t\t\t\t\t\t<div class=\"vamtam-has-theme-widget-styles elementor-element elementor-element-624008c elementor-widget elementor-widget-image\" data-id=\"624008c\" data-element_type=\"widget\" data-widget_type=\"image.default\">\n\t\t\t\t<div class=\"elementor-widget-container\">\n\t\t\t\t\t\t\t\t\t<div class=\"elementor-image\">\n\t\t\t\t\t\t\t\t\t\t\t\t\t\t\t\t<figure class=\"wp-caption\">\n\t\t\t\t\t\t\t\t\t\t\t\t\t\t\t\t\t<a href=\"https:\/\/www.wanda-collection.com\/art-meuble-salle-de-bain-en-teck-vintage-90-cm-2980.htm\">\n\t\t\t\t\t\t\t\t\t\t\t<img fetchpriority=\"high\" decoding=\"async\" width=\"1028\" height=\"1028\" src=\"https:\/\/www.wanda-collection.com\/blog\/wp-content\/uploads\/2026\/08\/mb-vintage90.jpg\" class=\"attachment-full size-full wp-image-992842\" alt=\"Meuble de salle de bain en teck Vintage de 90 cm pos\u00e9 au sol\" srcset=\"https:\/\/www.wanda-collection.com\/blog\/wp-content\/uploads\/2026\/08\/mb-vintage90.jpg 1028w, https:\/\/www.wanda-collection.com\/blog\/wp-content\/uploads\/2026\/08\/mb-vintage90-300x300.jpg 300w, https:\/\/www.wanda-collection.com\/blog\/wp-content\/uploads\/2026\/08\/mb-vintage90-1024x1024.jpg 1024w, https:\/\/www.wanda-collection.com\/blog\/wp-content\/uploads\/2026\/08\/mb-vintage90-150x150.jpg 150w, https:\/\/www.wanda-collection.com\/blog\/wp-content\/uploads\/2026\/08\/mb-vintage90-768x768.jpg 768w\" sizes=\"(max-width: 1028px) 100vw, 1028px\" \/>\t\t\t\t\t\t\t\t\t\t\t\t<\/a>\n\t\t\t\t\t\t\t\t\t\t\t\t\t\t\t\t\t<figcaption class=\"widget-image-caption wp-caption-text\">Meuble Vintage 90 cm, hauteur 80 cm<\/figcaption>\n\t\t\t\t\t\t\t\t\t\t\t\t\t\t\t\t<\/figure>\n\t\t\t\t\t\t\t\t\t\t\t\t\t\t<\/div>\n\t\t\t\t\t\t\t\t<\/div>\n\t\t\t\t<\/div>\n\t\t\t\t\t<\/div>\n\t\t<\/div>\n\t\t\t\t\t<\/div>\n\t\t<\/section>\n\t\t\t\t<section class=\"elementor-section elementor-top-section elementor-element elementor-element-8e3d8a7 elementor-section-boxed elementor-section-height-default elementor-section-height-default\" data-id=\"8e3d8a7\" data-element_type=\"section\">\n\t\t\t\t\t\t<div class=\"elementor-container elementor-column-gap-default\">\n\t\t\t\t\t<div class=\"elementor-column elementor-col-40 elementor-top-column elementor-element elementor-element-5a67251\" data-id=\"5a67251\" data-element_type=\"column\">\n\t\t\t<div class=\"elementor-widget-wrap elementor-element-populated\">\n\t\t\t\t\t\t<div class=\"vamtam-has-theme-widget-styles elementor-element elementor-element-d7040ae elementor-widget elementor-widget-image\" data-id=\"d7040ae\" data-element_type=\"widget\" data-widget_type=\"image.default\">\n\t\t\t\t<div class=\"elementor-widget-container\">\n\t\t\t\t\t\t\t\t\t<div class=\"elementor-image\">\n\t\t\t\t\t\t\t\t\t\t\t\t\t\t\t\t<figure class=\"wp-caption\">\n\t\t\t\t\t\t\t\t\t\t\t\t\t\t\t\t\t<a href=\"https:\/\/www.wanda-collection.com\/art-vasque-ronde-barcelone-a-poser-en-marbre-de-couleur-gris-diametre-30-cm-3011.htm\">\n\t\t\t\t\t\t\t\t\t\t\t<img decoding=\"async\" width=\"1028\" height=\"1028\" src=\"https:\/\/www.wanda-collection.com\/blog\/wp-content\/uploads\/2026\/08\/vq-marbre-ronde.jpg\" class=\"attachment-full size-full wp-image-992849\" alt=\"Vasque ronde \u00e0 poser en marbre gris de 30 cm de diam\u00e8tre\" srcset=\"https:\/\/www.wanda-collection.com\/blog\/wp-content\/uploads\/2026\/08\/vq-marbre-ronde.jpg 1028w, https:\/\/www.wanda-collection.com\/blog\/wp-content\/uploads\/2026\/08\/vq-marbre-ronde-300x300.jpg 300w, https:\/\/www.wanda-collection.com\/blog\/wp-content\/uploads\/2026\/08\/vq-marbre-ronde-1024x1024.jpg 1024w, https:\/\/www.wanda-collection.com\/blog\/wp-content\/uploads\/2026\/08\/vq-marbre-ronde-150x150.jpg 150w, https:\/\/www.wanda-collection.com\/blog\/wp-content\/uploads\/2026\/08\/vq-marbre-ronde-768x768.jpg 768w\" sizes=\"(max-width: 1028px) 100vw, 1028px\" \/>\t\t\t\t\t\t\t\t\t\t\t\t<\/a>\n\t\t\t\t\t\t\t\t\t\t\t\t\t\t\t\t\t<figcaption class=\"widget-image-caption wp-caption-text\">Vasque Barcelone 30 cm, hauteur 12 cm<\/figcaption>\n\t\t\t\t\t\t\t\t\t\t\t\t\t\t\t\t<\/figure>\n\t\t\t\t\t\t\t\t\t\t\t\t\t\t<\/div>\n\t\t\t\t\t\t\t\t<\/div>\n\t\t\t\t<\/div>\n\t\t\t\t\t<\/div>\n\t\t<\/div>\n\t\t\t\t<div class=\"elementor-column elementor-col-60 elementor-top-column elementor-element elementor-element-f0d6d5c\" data-id=\"f0d6d5c\" data-element_type=\"column\">\n\t\t\t<div class=\"elementor-widget-wrap elementor-element-populated\">\n\t\t\t\t\t\t<div class=\"elementor-element elementor-element-7878ef5 elementor-widget elementor-widget-text-editor\" data-id=\"7878ef5\" data-element_type=\"widget\" data-widget_type=\"text-editor.default\">\n\t\t\t\t<div class=\"elementor-widget-container\">\n\t\t\t\t\t\t\t\t\t<h2>Le calcul, selon le type de vasque<\/h2><p>Deux cas, deux formules. Aucune des deux ne demande plus d&rsquo;une minute.<\/p><h3>Avec une vasque \u00e0 poser<\/h3><p><strong>Hauteur du meuble = 85 cm moins la hauteur de la vasque.<\/strong><\/p><p>Une vasque \u00e0 poser en marbre de 30 cm de diam\u00e8tre mesure 12 cm de haut, cote v\u00e9rifi\u00e9e sur le mod\u00e8le Barcelone de la collection. Le meuble doit donc culminer autour de 73 cm pour placer le bord du bassin \u00e0 85 cm.<\/p><p>C&rsquo;est l&rsquo;erreur la plus courante : prendre un meuble de 85 cm, y poser une vasque de 12 cm, et se retrouver avec un bord \u00e0 97 cm. La diff\u00e9rence para\u00eet minime sur le papier, elle est tr\u00e8s sensible \u00e0 l&rsquo;usage, surtout pour une personne de petite taille ou pour des enfants.<\/p><h3>Avec une vasque encastr\u00e9e ou un plan int\u00e9gr\u00e9<\/h3><p><strong>Hauteur du meuble = 85 cm directement<\/strong>, puisque le bassin est ench\u00e2ss\u00e9 dans le plan et n&rsquo;ajoute rien. C&rsquo;est le cas des meubles vendus avec leur plan en teck ou en terrazzo, dont la hauteur totale est d\u00e9j\u00e0 calcul\u00e9e.<\/p><p>Le sujet du choix entre les deux poses est d\u00e9velopp\u00e9 dans notre <a href=\"https:\/\/www.wanda-collection.com\/blog\/vasque-salle-de-bain-comment-choisir\/\">guide de la vasque de salle de bain<\/a>.<\/p>\t\t\t\t\t\t\t\t<\/div>\n\t\t\t\t<\/div>\n\t\t\t\t<div class=\"vamtam-has-theme-widget-styles elementor-element elementor-element-1f40ad3 elementor-align-center elementor-widget elementor-widget-button\" data-id=\"1f40ad3\" data-element_type=\"widget\" data-widget_type=\"button.default\">\n\t\t\t\t<div class=\"elementor-widget-container\">\n\t\t\t\t\t\t\t\t\t<div class=\"elementor-button-wrapper\">\n\t\t\t\t\t<a class=\"elementor-button elementor-button-link elementor-size-sm\" href=\"https:\/\/www.wanda-collection.com\/cat-vasque-30.htm\">\n\t\t\t\t\t\t<span class=\"elementor-button-content-wrapper\">\n\t\t\t\t\t\t\t\t\t<span class=\"elementor-button-text\">Voir les vasques \u00e0 poser<\/span>\n\t\t\t\t\t<\/span>\n\t\t\t\t\t<\/a>\n\t\t\t\t<\/div>\n\t\t\t\t\t\t\t\t<\/div>\n\t\t\t\t<\/div>\n\t\t\t\t\t<\/div>\n\t\t<\/div>\n\t\t\t\t\t<\/div>\n\t\t<\/section>\n\t\t\t\t<section class=\"elementor-section elementor-top-section elementor-element elementor-element-7f68f59 elementor-section-boxed elementor-section-height-default elementor-section-height-default\" data-id=\"7f68f59\" data-element_type=\"section\">\n\t\t\t\t\t\t<div class=\"elementor-container elementor-column-gap-default\">\n\t\t\t\t\t<div class=\"elementor-column elementor-col-100 elementor-top-column elementor-element elementor-element-6c4b247\" data-id=\"6c4b247\" data-element_type=\"column\">\n\t\t\t<div class=\"elementor-widget-wrap elementor-element-populated\">\n\t\t\t\t\t\t<div class=\"elementor-element elementor-element-7d08852 elementor-widget elementor-widget-text-editor\" data-id=\"7d08852\" data-element_type=\"widget\" data-widget_type=\"text-editor.default\">\n\t\t\t\t<div class=\"elementor-widget-container\">\n\t\t\t\t\t\t\t\t\t<h3>Le tableau des hauteurs<\/h3><table style=\"width:100%; border-collapse:collapse; margin:18px 0;\"><thead><tr style=\"background:#faf6ef;\"><th style=\"padding:10px; text-align:left; border-bottom:2px solid #d4a84b;\">Configuration<\/th><th style=\"padding:10px; text-align:left; border-bottom:2px solid #d4a84b;\">Hauteur du meuble<\/th><th style=\"padding:10px; text-align:left; border-bottom:2px solid #d4a84b;\">Bord du bassin<\/th><\/tr><\/thead><tbody><tr><td style=\"padding:10px; border-bottom:1px solid #eee;\">Vasque encastr\u00e9e ou plan int\u00e9gr\u00e9<\/td><td style=\"padding:10px; border-bottom:1px solid #eee;\"><strong>85 cm<\/strong><\/td><td style=\"padding:10px; border-bottom:1px solid #eee;\">85 cm<\/td><\/tr><tr><td style=\"padding:10px; border-bottom:1px solid #eee;\">Vasque \u00e0 poser fine (8 cm)<\/td><td style=\"padding:10px; border-bottom:1px solid #eee;\"><strong>77 cm<\/strong><\/td><td style=\"padding:10px; border-bottom:1px solid #eee;\">85 cm<\/td><\/tr><tr><td style=\"padding:10px; border-bottom:1px solid #eee;\">Vasque \u00e0 poser standard (12 cm)<\/td><td style=\"padding:10px; border-bottom:1px solid #eee;\"><strong>73 cm<\/strong><\/td><td style=\"padding:10px; border-bottom:1px solid #eee;\">85 cm<\/td><\/tr><tr><td style=\"padding:10px; border-bottom:1px solid #eee;\">Vasque \u00e0 poser en pierre \u00e9paisse (15 cm)<\/td><td style=\"padding:10px; border-bottom:1px solid #eee;\"><strong>70 cm<\/strong><\/td><td style=\"padding:10px; border-bottom:1px solid #eee;\">85 cm<\/td><\/tr><\/tbody><\/table>\t\t\t\t\t\t\t\t<\/div>\n\t\t\t\t<\/div>\n\t\t\t\t\t<\/div>\n\t\t<\/div>\n\t\t\t\t\t<\/div>\n\t\t<\/section>\n\t\t\t\t<section class=\"elementor-section elementor-top-section elementor-element elementor-element-d1a2b07 elementor-section-boxed elementor-section-height-default elementor-section-height-default\" data-id=\"d1a2b07\" data-element_type=\"section\">\n\t\t\t\t\t\t<div class=\"elementor-container elementor-column-gap-default\">\n\t\t\t\t\t<div class=\"elementor-column elementor-col-60 elementor-top-column elementor-element elementor-element-7d31ebd\" data-id=\"7d31ebd\" data-element_type=\"column\">\n\t\t\t<div class=\"elementor-widget-wrap elementor-element-populated\">\n\t\t\t\t\t\t<div class=\"elementor-element elementor-element-a2c8969 elementor-widget elementor-widget-text-editor\" data-id=\"a2c8969\" data-element_type=\"widget\" data-widget_type=\"text-editor.default\">\n\t\t\t\t<div class=\"elementor-widget-container\">\n\t\t\t\t\t\t\t\t\t<h2>Le meuble suspendu n&rsquo;a pas de hauteur impos\u00e9e<\/h2><p>C&rsquo;est le point que presque personne ne dit, et il change la r\u00e9ponse \u00e0 la question de d\u00e9part : <strong>un meuble suspendu n&rsquo;a pas de hauteur, il a une \u00e9paisseur.<\/strong> C&rsquo;est vous qui d\u00e9cidez \u00e0 quelle altitude vous le fixez.<\/p><p>Sur la collection Wanda, les meubles suspendus mesurent 30 cm de haut pour le Cosy 40 et 52 cm pour l&rsquo;Aktual 60. Ces chiffres ne disent rien de la hauteur finale : ils disent seulement quel volume le meuble occupe une fois pos\u00e9 au mur.<\/p><p><strong>La m\u00e9thode<\/strong> : d\u00e9cidez d&rsquo;abord o\u00f9 doit arriver le bord du bassin, 85 cm en standard. Retirez la hauteur de la vasque si elle est \u00e0 poser. Retirez l&rsquo;\u00e9paisseur du meuble. Vous obtenez la cote \u00e0 laquelle fixer le bas du caisson.<\/p><p>C&rsquo;est le grand avantage du suspendu : il s&rsquo;adapte \u00e0 la taille des utilisateurs au lieu de l&rsquo;imposer. Dans un foyer o\u00f9 tout le monde mesure plus d&rsquo;1,80 m, montez \u00e0 90 cm. Dans une salle de bain d&rsquo;enfants, descendez \u00e0 70.<\/p>\t\t\t\t\t\t\t\t<\/div>\n\t\t\t\t<\/div>\n\t\t\t\t<div class=\"vamtam-has-theme-widget-styles elementor-element elementor-element-9807001 elementor-align-center elementor-widget elementor-widget-button\" data-id=\"9807001\" data-element_type=\"widget\" data-widget_type=\"button.default\">\n\t\t\t\t<div class=\"elementor-widget-container\">\n\t\t\t\t\t\t\t\t\t<div class=\"elementor-button-wrapper\">\n\t\t\t\t\t<a class=\"elementor-button elementor-button-link elementor-size-sm\" href=\"https:\/\/www.wanda-collection.com\/art-meuble-sous-vasque-en-teck-aktual-60cm-56153.htm\">\n\t\t\t\t\t\t<span class=\"elementor-button-content-wrapper\">\n\t\t\t\t\t\t\t\t\t<span class=\"elementor-button-text\">Voir le meuble suspendu Aktual<\/span>\n\t\t\t\t\t<\/span>\n\t\t\t\t\t<\/a>\n\t\t\t\t<\/div>\n\t\t\t\t\t\t\t\t<\/div>\n\t\t\t\t<\/div>\n\t\t\t\t\t<\/div>\n\t\t<\/div>\n\t\t\t\t<div class=\"elementor-column elementor-col-40 elementor-top-column elementor-element elementor-element-8c82dcc\" data-id=\"8c82dcc\" data-element_type=\"column\">\n\t\t\t<div class=\"elementor-widget-wrap elementor-element-populated\">\n\t\t\t\t\t\t<div class=\"vamtam-has-theme-widget-styles elementor-element elementor-element-43cd325 elementor-widget elementor-widget-image\" data-id=\"43cd325\" data-element_type=\"widget\" data-widget_type=\"image.default\">\n\t\t\t\t<div class=\"elementor-widget-container\">\n\t\t\t\t\t\t\t\t\t<div class=\"elementor-image\">\n\t\t\t\t\t\t\t\t\t\t\t\t\t\t\t\t<figure class=\"wp-caption\">\n\t\t\t\t\t\t\t\t\t\t\t\t\t\t\t\t\t<a href=\"https:\/\/www.wanda-collection.com\/art-meuble-sous-vasque-en-teck-aktual-60cm-56153.htm\">\n\t\t\t\t\t\t\t\t\t\t\t<img decoding=\"async\" width=\"1028\" height=\"1028\" src=\"https:\/\/www.wanda-collection.com\/blog\/wp-content\/uploads\/2026\/08\/mb-aktual60.jpg\" class=\"attachment-full size-full wp-image-992841\" alt=\"Meuble sous vasque suspendu en teck Aktual de 60 cm\" srcset=\"https:\/\/www.wanda-collection.com\/blog\/wp-content\/uploads\/2026\/08\/mb-aktual60.jpg 1028w, https:\/\/www.wanda-collection.com\/blog\/wp-content\/uploads\/2026\/08\/mb-aktual60-300x300.jpg 300w, https:\/\/www.wanda-collection.com\/blog\/wp-content\/uploads\/2026\/08\/mb-aktual60-1024x1024.jpg 1024w, https:\/\/www.wanda-collection.com\/blog\/wp-content\/uploads\/2026\/08\/mb-aktual60-150x150.jpg 150w, https:\/\/www.wanda-collection.com\/blog\/wp-content\/uploads\/2026\/08\/mb-aktual60-768x768.jpg 768w\" sizes=\"(max-width: 1028px) 100vw, 1028px\" \/>\t\t\t\t\t\t\t\t\t\t\t\t<\/a>\n\t\t\t\t\t\t\t\t\t\t\t\t\t\t\t\t\t<figcaption class=\"widget-image-caption wp-caption-text\">Meuble suspendu Aktual, \u00e9paisseur 52 cm<\/figcaption>\n\t\t\t\t\t\t\t\t\t\t\t\t\t\t\t\t<\/figure>\n\t\t\t\t\t\t\t\t\t\t\t\t\t\t<\/div>\n\t\t\t\t\t\t\t\t<\/div>\n\t\t\t\t<\/div>\n\t\t\t\t\t<\/div>\n\t\t<\/div>\n\t\t\t\t\t<\/div>\n\t\t<\/section>\n\t\t\t\t<section class=\"elementor-section elementor-top-section elementor-element elementor-element-0f49486 elementor-section-boxed elementor-section-height-default elementor-section-height-default\" data-id=\"0f49486\" data-element_type=\"section\">\n\t\t\t\t\t\t<div class=\"elementor-container elementor-column-gap-default\">\n\t\t\t\t\t<div class=\"elementor-column elementor-col-40 elementor-top-column elementor-element elementor-element-f0fc8e1\" data-id=\"f0fc8e1\" data-element_type=\"column\">\n\t\t\t<div class=\"elementor-widget-wrap elementor-element-populated\">\n\t\t\t\t\t\t<div class=\"vamtam-has-theme-widget-styles elementor-element elementor-element-df524c5 elementor-widget elementor-widget-image\" data-id=\"df524c5\" data-element_type=\"widget\" data-widget_type=\"image.default\">\n\t\t\t\t<div class=\"elementor-widget-container\">\n\t\t\t\t\t\t\t\t\t<div class=\"elementor-image\">\n\t\t\t\t\t\t\t\t\t\t\t\t\t\t\t\t<figure class=\"wp-caption\">\n\t\t\t\t\t\t\t\t\t\t\t\t\t\t\t\t\t<a href=\"https:\/\/www.wanda-collection.com\/art-meuble-de-salle-de-bain-suspendu-en-teck-cosy-40cm-1380.htm\">\n\t\t\t\t\t\t\t\t\t\t\t<img loading=\"lazy\" decoding=\"async\" width=\"1028\" height=\"1028\" src=\"https:\/\/www.wanda-collection.com\/blog\/wp-content\/uploads\/2026\/08\/mb-cosy40.jpg\" class=\"attachment-full size-full wp-image-992840\" alt=\"Petit meuble de salle de bain suspendu en teck de 40 cm pour lave-mains\" srcset=\"https:\/\/www.wanda-collection.com\/blog\/wp-content\/uploads\/2026\/08\/mb-cosy40.jpg 1028w, https:\/\/www.wanda-collection.com\/blog\/wp-content\/uploads\/2026\/08\/mb-cosy40-300x300.jpg 300w, https:\/\/www.wanda-collection.com\/blog\/wp-content\/uploads\/2026\/08\/mb-cosy40-1024x1024.jpg 1024w, https:\/\/www.wanda-collection.com\/blog\/wp-content\/uploads\/2026\/08\/mb-cosy40-150x150.jpg 150w, https:\/\/www.wanda-collection.com\/blog\/wp-content\/uploads\/2026\/08\/mb-cosy40-768x768.jpg 768w\" sizes=\"(max-width: 1028px) 100vw, 1028px\" \/>\t\t\t\t\t\t\t\t\t\t\t\t<\/a>\n\t\t\t\t\t\t\t\t\t\t\t\t\t\t\t\t\t<figcaption class=\"widget-image-caption wp-caption-text\">Meuble Cosy 40 cm, profondeur 30 cm<\/figcaption>\n\t\t\t\t\t\t\t\t\t\t\t\t\t\t\t\t<\/figure>\n\t\t\t\t\t\t\t\t\t\t\t\t\t\t<\/div>\n\t\t\t\t\t\t\t\t<\/div>\n\t\t\t\t<\/div>\n\t\t\t\t\t<\/div>\n\t\t<\/div>\n\t\t\t\t<div class=\"elementor-column elementor-col-60 elementor-top-column elementor-element elementor-element-2341f59\" data-id=\"2341f59\" data-element_type=\"column\">\n\t\t\t<div class=\"elementor-widget-wrap elementor-element-populated\">\n\t\t\t\t\t\t<div class=\"elementor-element elementor-element-5bb5d31 elementor-widget elementor-widget-text-editor\" data-id=\"5bb5d31\" data-element_type=\"widget\" data-widget_type=\"text-editor.default\">\n\t\t\t\t<div class=\"elementor-widget-container\">\n\t\t\t\t\t\t\t\t\t<h2>La profondeur : 46 \u00e0 50 cm, et le d\u00e9gagement qui compte plus<\/h2><p>Les meubles de la collection mesurent entre 46 et 50 cm de profondeur, cotes v\u00e9rifi\u00e9es : 46 cm sur le Cosy 160, 47 cm sur le Vila 80 et l&rsquo;Aktual 60, 50 cm sur le Vintage 90. C&rsquo;est la fourchette standard du march\u00e9, et elle correspond au diam\u00e8tre de vasque qu&rsquo;elle doit accueillir.<\/p><p>Les formats compacts descendent plus bas : le Cosy 40 suspendu ne fait que 30 cm de profondeur, ce qui le rend installable dans un couloir ou des WC.<\/p><h3>Le vrai sujet est le d\u00e9gagement devant<\/h3><p>Comptez <strong>80 cm libres devant la fa\u00e7ade<\/strong> pour se tenir debout et ouvrir un tiroir. En dessous de 70 cm, la circulation devient p\u00e9nible quelle que soit la qualit\u00e9 du meuble.<\/p><p>Faites l&rsquo;addition avant de commander : un meuble de 47 cm plus 80 cm de d\u00e9gagement demandent 127 cm de mur \u00e0 mur. Si un autre meuble lui fait face, additionnez les deux profondeurs. Nos conseils pour <a href=\"https:\/\/www.wanda-collection.com\/blog\/comment-amenager-une-petite-salle-de-bain\/\">am\u00e9nager une petite salle de bain<\/a> reprennent ces calculs.<\/p>\t\t\t\t\t\t\t\t<\/div>\n\t\t\t\t<\/div>\n\t\t\t\t<div class=\"vamtam-has-theme-widget-styles elementor-element elementor-element-06bcfc3 elementor-align-center elementor-widget elementor-widget-button\" data-id=\"06bcfc3\" data-element_type=\"widget\" data-widget_type=\"button.default\">\n\t\t\t\t<div class=\"elementor-widget-container\">\n\t\t\t\t\t\t\t\t\t<div class=\"elementor-button-wrapper\">\n\t\t\t\t\t<a class=\"elementor-button elementor-button-link elementor-size-sm\" href=\"https:\/\/www.wanda-collection.com\/cat-meuble-sous-vasque-155.htm\">\n\t\t\t\t\t\t<span class=\"elementor-button-content-wrapper\">\n\t\t\t\t\t\t\t\t\t<span class=\"elementor-button-text\">Voir les meubles sous vasque<\/span>\n\t\t\t\t\t<\/span>\n\t\t\t\t\t<\/a>\n\t\t\t\t<\/div>\n\t\t\t\t\t\t\t\t<\/div>\n\t\t\t\t<\/div>\n\t\t\t\t\t<\/div>\n\t\t<\/div>\n\t\t\t\t\t<\/div>\n\t\t<\/section>\n\t\t\t\t<section class=\"elementor-section elementor-top-section elementor-element elementor-element-043017a elementor-section-boxed elementor-section-height-default elementor-section-height-default\" data-id=\"043017a\" data-element_type=\"section\">\n\t\t\t\t\t\t<div class=\"elementor-container elementor-column-gap-default\">\n\t\t\t\t\t<div class=\"elementor-column elementor-col-100 elementor-top-column elementor-element elementor-element-265f125\" data-id=\"265f125\" data-element_type=\"column\">\n\t\t\t<div class=\"elementor-widget-wrap elementor-element-populated\">\n\t\t\t\t\t\t<div class=\"elementor-element elementor-element-7adc2d3 elementor-widget elementor-widget-text-editor\" data-id=\"7adc2d3\" data-element_type=\"widget\" data-widget_type=\"text-editor.default\">\n\t\t\t\t<div class=\"elementor-widget-container\">\n\t\t\t\t\t\t\t\t\t<h2>La hauteur du robinet se d\u00e9duit de la vasque<\/h2><p>Une fois le bassin en place, le robinet n&rsquo;a plus qu&rsquo;une contrainte : laisser passer les mains.<\/p><p><strong>La sortie d&rsquo;eau doit se situer 8 \u00e0 12 cm au dessus du bord du bassin.<\/strong> En dessous, on se cogne les doigts. Au dessus, la chute d&rsquo;eau devient bruyante et \u00e9clabousse.<\/p><p>Sur une vasque encastr\u00e9e, un mitigeur standard de 15 cm suffit. Sur une vasque \u00e0 poser de 12 cm, il faut un robinet haut de 28 \u00e0 32 cm hors tout, faute de quoi le bec arrive sous le bord du bassin. Le calcul complet est dans notre <a href=\"https:\/\/www.wanda-collection.com\/blog\/robinet-vasque-salle-de-bain\/\">guide du robinet de vasque<\/a>.<\/p><h3>Et la bonde<\/h3><p>Elle n&rsquo;a pas de hauteur mais une longueur de corps, qui doit d\u00e9passer sous le bassin pour se serrer. Au del\u00e0 de 4 cm d&rsquo;\u00e9paisseur de fond, une bonde standard de 77 mm ne suffit plus. Voir notre <a href=\"https:\/\/www.wanda-collection.com\/blog\/bonde-lavabo-siphon\/\">guide de la bonde de lavabo<\/a>.<\/p>\t\t\t\t\t\t\t\t<\/div>\n\t\t\t\t<\/div>\n\t\t\t\t\t<\/div>\n\t\t<\/div>\n\t\t\t\t\t<\/div>\n\t\t<\/section>\n\t\t\t\t<section class=\"elementor-section elementor-top-section elementor-element elementor-element-f7c52d3 elementor-section-boxed elementor-section-height-default elementor-section-height-default\" data-id=\"f7c52d3\" data-element_type=\"section\">\n\t\t\t\t\t\t<div class=\"elementor-container elementor-column-gap-default\">\n\t\t\t\t\t<div class=\"elementor-column elementor-col-60 elementor-top-column elementor-element elementor-element-5361848\" data-id=\"5361848\" data-element_type=\"column\">\n\t\t\t<div class=\"elementor-widget-wrap elementor-element-populated\">\n\t\t\t\t\t\t<div class=\"elementor-element elementor-element-933fd96 elementor-widget elementor-widget-text-editor\" data-id=\"933fd96\" data-element_type=\"widget\" data-widget_type=\"text-editor.default\">\n\t\t\t\t<div class=\"elementor-widget-container\">\n\t\t\t\t\t\t\t\t\t<h2>La hauteur du miroir et des rangements<\/h2><h3>Le miroir<\/h3><p>Le bas du miroir se place 15 \u00e0 20 cm au dessus du bord du bassin, soit environ 100 \u00e0 105 cm du sol. En dessous, il re\u00e7oit les projections d&rsquo;eau et se tache en permanence. Au dessus, il coupe le reflet du visage pour les plus petits.<\/p><p>Pour la hauteur du miroir lui m\u00eame, visez le haut \u00e0 180 cm au minimum : c&rsquo;est la cote \u00e0 laquelle une personne d&rsquo;1,80 m voit encore le haut de sa t\u00eate.<\/p><h3>Les rangements hauts<\/h3><p>Une \u00e9tag\u00e8re ou une colonne murale devient inaccessible au dessus de 180 cm sans monter sur quelque chose. R\u00e9servez cette zone \u00e0 ce qu&rsquo;on utilise rarement, et gardez tout le quotidien sous 160 cm.<\/p><h3>Le porte-serviettes<\/h3><p>Entre 110 et 130 cm du sol, \u00e0 port\u00e9e de main depuis le bassin sans avoir \u00e0 s&rsquo;avancer. Au dessus, une serviette de bain tra\u00eene au sol.<\/p>\t\t\t\t\t\t\t\t<\/div>\n\t\t\t\t<\/div>\n\t\t\t\t\t<\/div>\n\t\t<\/div>\n\t\t\t\t<div class=\"elementor-column elementor-col-40 elementor-top-column elementor-element elementor-element-bc0c91b\" data-id=\"bc0c91b\" data-element_type=\"column\">\n\t\t\t<div class=\"elementor-widget-wrap elementor-element-populated\">\n\t\t\t\t\t\t<div class=\"vamtam-has-theme-widget-styles elementor-element elementor-element-598570a elementor-widget elementor-widget-image\" data-id=\"598570a\" data-element_type=\"widget\" data-widget_type=\"image.default\">\n\t\t\t\t<div class=\"elementor-widget-container\">\n\t\t\t\t\t\t\t\t\t<div class=\"elementor-image\">\n\t\t\t\t\t\t\t\t\t\t\t\t\t\t\t\t<figure class=\"wp-caption\">\n\t\t\t\t\t\t\t\t\t\t\t\t\t\t\t\t\t<a href=\"https:\/\/www.wanda-collection.com\/art-miroir-retro-en-teck-massif-70-cm-x-50cm-673.htm\">\n\t\t\t\t\t\t\t\t\t\t\t<img loading=\"lazy\" decoding=\"async\" width=\"1028\" height=\"1028\" src=\"https:\/\/www.wanda-collection.com\/blog\/wp-content\/uploads\/2026\/08\/pv-miroir-teck.jpg\" class=\"attachment-full size-full wp-image-992867\" alt=\"Miroir de salle de bain r\u00e9tro \u00e0 cadre en teck massif\" srcset=\"https:\/\/www.wanda-collection.com\/blog\/wp-content\/uploads\/2026\/08\/pv-miroir-teck.jpg 1028w, https:\/\/www.wanda-collection.com\/blog\/wp-content\/uploads\/2026\/08\/pv-miroir-teck-300x300.jpg 300w, https:\/\/www.wanda-collection.com\/blog\/wp-content\/uploads\/2026\/08\/pv-miroir-teck-1024x1024.jpg 1024w, https:\/\/www.wanda-collection.com\/blog\/wp-content\/uploads\/2026\/08\/pv-miroir-teck-150x150.jpg 150w, https:\/\/www.wanda-collection.com\/blog\/wp-content\/uploads\/2026\/08\/pv-miroir-teck-768x768.jpg 768w\" sizes=\"(max-width: 1028px) 100vw, 1028px\" \/>\t\t\t\t\t\t\t\t\t\t\t\t<\/a>\n\t\t\t\t\t\t\t\t\t\t\t\t\t\t\t\t\t<figcaption class=\"widget-image-caption wp-caption-text\">Miroir en teck, bas \u00e0 100 cm<\/figcaption>\n\t\t\t\t\t\t\t\t\t\t\t\t\t\t\t\t<\/figure>\n\t\t\t\t\t\t\t\t\t\t\t\t\t\t<\/div>\n\t\t\t\t\t\t\t\t<\/div>\n\t\t\t\t<\/div>\n\t\t\t\t\t<\/div>\n\t\t<\/div>\n\t\t\t\t\t<\/div>\n\t\t<\/section>\n\t\t\t\t<section class=\"elementor-section elementor-top-section elementor-element elementor-element-aa86504 elementor-section-boxed elementor-section-height-default elementor-section-height-default\" data-id=\"aa86504\" data-element_type=\"section\">\n\t\t\t\t\t\t<div class=\"elementor-container elementor-column-gap-default\">\n\t\t\t\t\t<div class=\"elementor-column elementor-col-100 elementor-top-column elementor-element elementor-element-cdd0b3f\" data-id=\"cdd0b3f\" data-element_type=\"column\">\n\t\t\t<div class=\"elementor-widget-wrap elementor-element-populated\">\n\t\t\t\t\t\t<div class=\"elementor-element elementor-element-5c25ca3 elementor-widget elementor-widget-text-editor\" data-id=\"5c25ca3\" data-element_type=\"widget\" data-widget_type=\"text-editor.default\">\n\t\t\t\t<div class=\"elementor-widget-container\">\n\t\t\t\t\t\t\t\t\t<h2>Les cinq erreurs les plus fr\u00e9quentes<\/h2><p><strong>Prendre un meuble de 85 cm pour une vasque \u00e0 poser.<\/strong> Le bord du bassin monte alors \u00e0 97 cm. C&rsquo;est l&rsquo;erreur num\u00e9ro un, et elle ne se rattrape pas apr\u00e8s pose.<\/p><p><strong>Croire qu&rsquo;un meuble suspendu a une hauteur.<\/strong> Il a une \u00e9paisseur. C&rsquo;est vous qui fixez l&rsquo;altitude, et c&rsquo;est justement son int\u00e9r\u00eat.<\/p><p><strong>Oublier le d\u00e9gagement devant.<\/strong> 80 cm libres, et les profondeurs s&rsquo;additionnent si deux meubles se font face.<\/p><p><strong>Poser le miroir trop bas.<\/strong> Sous 100 cm, il re\u00e7oit les projections et se tache en permanence.<\/p><p><strong>Appliquer la norme sans regarder qui l&rsquo;utilise.<\/strong> 85 cm est une moyenne. Un meuble suspendu permet de l&rsquo;ajuster \u00e0 la taille r\u00e9elle du foyer, ce qui est un luxe gratuit.<\/p>\t\t\t\t\t\t\t\t<\/div>\n\t\t\t\t<\/div>\n\t\t\t\t\t<\/div>\n\t\t<\/div>\n\t\t\t\t\t<\/div>\n\t\t<\/section>\n\t\t\t\t<section class=\"elementor-section elementor-top-section elementor-element elementor-element-03b6dc6 elementor-section-boxed elementor-section-height-default elementor-section-height-default\" data-id=\"03b6dc6\" data-element_type=\"section\">\n\t\t\t\t\t\t<div class=\"elementor-container elementor-column-gap-default\">\n\t\t\t\t\t<div class=\"elementor-column elementor-col-100 elementor-top-column elementor-element elementor-element-b02e37f\" data-id=\"b02e37f\" data-element_type=\"column\">\n\t\t\t<div class=\"elementor-widget-wrap elementor-element-populated\">\n\t\t\t\t\t\t<div class=\"elementor-element elementor-element-f977fd3 elementor-widget elementor-widget-heading\" data-id=\"f977fd3\" data-element_type=\"widget\" data-widget_type=\"heading.default\">\n\t\t\t\t<div class=\"elementor-widget-container\">\n\t\t\t\t\t<h2 class=\"elementor-heading-title elementor-size-default\">La s\u00e9lection Wanda Collection<\/h2>\t\t\t\t<\/div>\n\t\t\t\t<\/div>\n\t\t\t\t\t<\/div>\n\t\t<\/div>\n\t\t\t\t\t<\/div>\n\t\t<\/section>\n\t\t\t\t<section class=\"elementor-section elementor-top-section elementor-element elementor-element-e2f6c45 elementor-section-boxed elementor-section-height-default elementor-section-height-default\" data-id=\"e2f6c45\" data-element_type=\"section\">\n\t\t\t\t\t\t<div class=\"elementor-container elementor-column-gap-default\">\n\t\t\t\t\t<div class=\"elementor-column elementor-col-100 elementor-top-column elementor-element elementor-element-8eee399\" data-id=\"8eee399\" data-element_type=\"column\">\n\t\t\t<div class=\"elementor-widget-wrap elementor-element-populated\">\n\t\t\t\t\t\t<div class=\"elementor-element elementor-element-13f6d96 elementor-widget elementor-widget-text-editor\" data-id=\"13f6d96\" data-element_type=\"widget\" data-widget_type=\"text-editor.default\">\n\t\t\t\t<div class=\"elementor-widget-container\">\n\t\t\t\t\t\t\t\t\t<p>Voici les meubles de la collection dont les cotes sont cit\u00e9es dans ce guide, toutes mesur\u00e9es sur les fiches produit.<\/p><ul><li><strong><a href=\"https:\/\/www.wanda-collection.com\/art-meuble-de-salle-de-bain-suspendu-en-teck-cosy-40cm-1380.htm\">Meuble suspendu en teck Cosy 40 cm<\/a><\/strong> : 40 de long, 30 de haut, 30 de profondeur. Le format couloir ou WC.<\/li><li><strong><a href=\"https:\/\/www.wanda-collection.com\/art-meuble-sous-vasque-en-teck-aktual-60cm-56153.htm\">Meuble sous vasque en teck Aktual 60 cm<\/a><\/strong> : 52 cm d&rsquo;\u00e9paisseur, 46 de profondeur, \u00e0 fixer \u00e0 la hauteur voulue.<\/li><li><strong><a href=\"https:\/\/www.wanda-collection.com\/art-meuble-salle-de-bain-en-teck-vintage-90-cm-2980.htm\">Meuble en teck Vintage 90 cm<\/a><\/strong> : 90 de long, 80 de haut, 50 de profondeur. Pos\u00e9 au sol, pour vasque \u00e0 poser fine.<\/li><li><strong><a href=\"https:\/\/www.wanda-collection.com\/art-meuble-sous-vasque-en-teck-massif-vila-80cm-56156.htm\">Meuble sous vasque en teck massif Vila 80 cm<\/a><\/strong> : 87 de long, 90 de haut, 47 de profondeur. Plan int\u00e9gr\u00e9.<\/li><li><strong><a href=\"https:\/\/www.wanda-collection.com\/art-meuble-double-en-teck-massif-cosy-160cm-2-vasques-creme-2943.htm\">Meuble double en teck Cosy 160 cm<\/a><\/strong> : 160 de long, 77 de haut, 46 de profondeur. Bas, pour recevoir deux vasques \u00e0 poser.<\/li><li><strong><a href=\"https:\/\/www.wanda-collection.com\/art-vasque-ronde-barcelone-a-poser-en-marbre-de-couleur-gris-diametre-30-cm-3011.htm\">Vasque ronde Barcelone en marbre, 30 cm<\/a><\/strong> : 12 cm de haut, la cote \u00e0 retrancher du calcul.<\/li><li><strong><a href=\"https:\/\/www.wanda-collection.com\/art-miroir-retro-en-teck-massif-70-cm-x-50cm-673.htm\">Miroir r\u00e9tro en teck massif, 70 x 50 cm<\/a><\/strong> : \u00e0 poser bas \u00e0 100 cm du sol.<\/li><\/ul>\t\t\t\t\t\t\t\t<\/div>\n\t\t\t\t<\/div>\n\t\t\t\t<div class=\"vamtam-has-theme-widget-styles elementor-element elementor-element-e023d42 elementor-align-center elementor-widget elementor-widget-button\" data-id=\"e023d42\" data-element_type=\"widget\" data-widget_type=\"button.default\">\n\t\t\t\t<div class=\"elementor-widget-container\">\n\t\t\t\t\t\t\t\t\t<div class=\"elementor-button-wrapper\">\n\t\t\t\t\t<a class=\"elementor-button elementor-button-link elementor-size-sm\" href=\"https:\/\/www.wanda-collection.com\/cat-meuble-simple-vasque-156.htm\">\n\t\t\t\t\t\t<span class=\"elementor-button-content-wrapper\">\n\t\t\t\t\t\t\t\t\t<span class=\"elementor-button-text\">D\u00e9couvrir les meubles de salle de bain<\/span>\n\t\t\t\t\t<\/span>\n\t\t\t\t\t<\/a>\n\t\t\t\t<\/div>\n\t\t\t\t\t\t\t\t<\/div>\n\t\t\t\t<\/div>\n\t\t\t\t\t<\/div>\n\t\t<\/div>\n\t\t\t\t\t<\/div>\n\t\t<\/section>\n\t\t\t\t<section class=\"elementor-section elementor-top-section elementor-element elementor-element-4566f2a elementor-section-boxed elementor-section-height-default elementor-section-height-default\" data-id=\"4566f2a\" data-element_type=\"section\">\n\t\t\t\t\t\t<div class=\"elementor-container elementor-column-gap-default\">\n\t\t\t\t\t<div class=\"elementor-column elementor-col-100 elementor-top-column elementor-element elementor-element-81fcca1\" data-id=\"81fcca1\" data-element_type=\"column\">\n\t\t\t<div class=\"elementor-widget-wrap elementor-element-populated\">\n\t\t\t\t\t\t<div class=\"elementor-element elementor-element-3871e00 elementor-widget elementor-widget-text-editor\" data-id=\"3871e00\" data-element_type=\"widget\" data-widget_type=\"text-editor.default\">\n\t\t\t\t<div class=\"elementor-widget-container\">\n\t\t\t\t\t\t\t\t\t<p>Une fois la hauteur arr\u00eat\u00e9e, la largeur devient la d\u00e9cision suivante, et elle d\u00e9pend de la place au mur plus que de la norme. Notre <a href=\"https:\/\/www.wanda-collection.com\/blog\/meuble-salle-de-bain-bois-massif\/\">guide du meuble de salle de bain en bois<\/a> traite les largeurs de 40 \u00e0 120 cm, et le <a href=\"https:\/\/www.wanda-collection.com\/blog\/choisir-un-meuble-double-vasque-pour-sa-salle-de-bain\/\">guide du meuble double vasque<\/a> prend le relais au del\u00e0 de 140 cm.<\/p>\n<!-- wanda-maillage-2026-08 --><div style=\"background:#faf6ef; border-left:4px solid #d4a84b; padding:24px 28px; margin:32px 0; border-radius:0 8px 8px 0;\"><p style=\"color:#1a1a2e; font-size:1.15em; margin:0 0 14px; font-weight:600; letter-spacing:0.3px; text-transform:uppercase;\">\u00c0 lire aussi sur le blog Wanda<\/p><ul style=\"margin:0; padding:0 0 0 18px; line-height:1.9;\"><li><a href=\"https:\/\/www.wanda-collection.com\/blog\/largeur-meuble-salle-de-bain-60-80-120\/\" style=\"font-weight:700; text-decoration:underline; color:#1a1a2e;\"><strong>Largeur du meuble : 60, 80 ou 120 cm<\/strong><\/a><\/li><li><a href=\"https:\/\/www.wanda-collection.com\/blog\/diametre-vasque-30-40-50-cm\/\" style=\"font-weight:700; text-decoration:underline; color:#1a1a2e;\"><strong>Diam\u00e8tre de vasque : 30, 40 ou 50 cm<\/strong><\/a><\/li><\/ul><\/div>\t\t\t\t\t\t\t\t<\/div>\n\t\t\t\t<\/div>\n\t\t\t\t\t<\/div>\n\t\t<\/div>\n\t\t\t\t\t<\/div>\n\t\t<\/section>\n\t\t\t\t<section class=\"elementor-section elementor-top-section elementor-element elementor-element-809fdd3 elementor-section-boxed elementor-section-height-default elementor-section-height-default\" data-id=\"809fdd3\" data-element_type=\"section\">\n\t\t\t\t\t\t<div class=\"elementor-container elementor-column-gap-default\">\n\t\t\t\t\t<div class=\"elementor-column elementor-col-100 elementor-top-column elementor-element elementor-element-c9d128b\" data-id=\"c9d128b\" data-element_type=\"column\">\n\t\t\t<div class=\"elementor-widget-wrap elementor-element-populated\">\n\t\t\t\t\t\t<div class=\"elementor-element elementor-element-b43fb10 elementor-widget elementor-widget-heading\" data-id=\"b43fb10\" data-element_type=\"widget\" data-widget_type=\"heading.default\">\n\t\t\t\t<div class=\"elementor-widget-container\">\n\t\t\t\t\t<h2 class=\"elementor-heading-title elementor-size-default\">FAQ : hauteur et dimensions du meuble de salle de bain<\/h2>\t\t\t\t<\/div>\n\t\t\t\t<\/div>\n\t\t\t\t\t<\/div>\n\t\t<\/div>\n\t\t\t\t\t<\/div>\n\t\t<\/section>\n\t\t\t\t<section class=\"elementor-section elementor-top-section elementor-element elementor-element-0634136 elementor-section-boxed elementor-section-height-default elementor-section-height-default\" data-id=\"0634136\" data-element_type=\"section\">\n\t\t\t\t\t\t<div class=\"elementor-container elementor-column-gap-default\">\n\t\t\t\t\t<div class=\"elementor-column elementor-col-100 elementor-top-column elementor-element elementor-element-39751e6\" data-id=\"39751e6\" data-element_type=\"column\">\n\t\t\t<div class=\"elementor-widget-wrap elementor-element-populated\">\n\t\t\t\t\t\t<div class=\"elementor-element elementor-element-d1d9450 elementor-widget elementor-widget-accordion\" data-id=\"d1d9450\" data-element_type=\"widget\" data-widget_type=\"accordion.default\">\n\t\t\t\t<div class=\"elementor-widget-container\">\n\t\t\t\t\t\t\t<div class=\"elementor-accordion\">\n\t\t\t\t\t\t\t<div class=\"elementor-accordion-item\">\n\t\t\t\t\t<div id=\"elementor-tab-title-2201\" class=\"elementor-tab-title\" data-tab=\"1\" role=\"button\" aria-controls=\"elementor-tab-content-2201\" aria-expanded=\"false\">\n\t\t\t\t\t\t\t\t\t\t\t\t\t<span class=\"elementor-accordion-icon elementor-accordion-icon-left\" aria-hidden=\"true\">\n\t\t\t\t\t\t\t\t\t\t\t\t\t\t\t<span class=\"elementor-accordion-icon-closed\"><i class=\"fas fa-plus\"><\/i><\/span>\n\t\t\t\t\t\t\t\t<span class=\"elementor-accordion-icon-opened\"><i class=\"fas fa-minus\"><\/i><\/span>\n\t\t\t\t\t\t\t\t\t\t\t\t\t\t<\/span>\n\t\t\t\t\t\t\t\t\t\t\t\t<a class=\"elementor-accordion-title\" tabindex=\"0\">Quelle est la hauteur standard d'un meuble de salle de bain ?<\/a>\n\t\t\t\t\t<\/div>\n\t\t\t\t\t<div id=\"elementor-tab-content-2201\" class=\"elementor-tab-content elementor-clearfix\" data-tab=\"1\" role=\"region\" aria-labelledby=\"elementor-tab-title-2201\"><p>Ce qui est norm\u00e9 n&rsquo;est pas la hauteur du meuble mais celle du bord du bassin, qui doit se situer entre 85 et 90 cm du sol. La hauteur du meuble s&rsquo;en d\u00e9duit : 85 cm s&rsquo;il re\u00e7oit une vasque encastr\u00e9e ou un plan int\u00e9gr\u00e9, mais seulement 73 cm environ s&rsquo;il re\u00e7oit une vasque \u00e0 poser de 12 cm d&rsquo;\u00e9paisseur. C&rsquo;est pourquoi les meubles du march\u00e9 vont de 77 \u00e0 90 cm sans se contredire.<\/p><\/div>\n\t\t\t\t<\/div>\n\t\t\t\t\t\t\t<div class=\"elementor-accordion-item\">\n\t\t\t\t\t<div id=\"elementor-tab-title-2202\" class=\"elementor-tab-title\" data-tab=\"2\" role=\"button\" aria-controls=\"elementor-tab-content-2202\" aria-expanded=\"false\">\n\t\t\t\t\t\t\t\t\t\t\t\t\t<span class=\"elementor-accordion-icon elementor-accordion-icon-left\" aria-hidden=\"true\">\n\t\t\t\t\t\t\t\t\t\t\t\t\t\t\t<span class=\"elementor-accordion-icon-closed\"><i class=\"fas fa-plus\"><\/i><\/span>\n\t\t\t\t\t\t\t\t<span class=\"elementor-accordion-icon-opened\"><i class=\"fas fa-minus\"><\/i><\/span>\n\t\t\t\t\t\t\t\t\t\t\t\t\t\t<\/span>\n\t\t\t\t\t\t\t\t\t\t\t\t<a class=\"elementor-accordion-title\" tabindex=\"0\">Comment calculer la hauteur d'un meuble avec une vasque \u00e0 poser ?<\/a>\n\t\t\t\t\t<\/div>\n\t\t\t\t\t<div id=\"elementor-tab-content-2202\" class=\"elementor-tab-content elementor-clearfix\" data-tab=\"2\" role=\"region\" aria-labelledby=\"elementor-tab-title-2202\"><p>Retranchez la hauteur de la vasque des 85 cm de r\u00e9f\u00e9rence. Une vasque \u00e0 poser en marbre de 30 cm de diam\u00e8tre mesure 12 cm de haut : le meuble doit donc culminer autour de 73 cm. L&rsquo;erreur la plus courante est de prendre un meuble de 85 cm et d&rsquo;y poser la vasque, ce qui place le bord du bassin \u00e0 97 cm, tr\u00e8s inconfortable \u00e0 l&rsquo;usage.<\/p><\/div>\n\t\t\t\t<\/div>\n\t\t\t\t\t\t\t<div class=\"elementor-accordion-item\">\n\t\t\t\t\t<div id=\"elementor-tab-title-2203\" class=\"elementor-tab-title\" data-tab=\"3\" role=\"button\" aria-controls=\"elementor-tab-content-2203\" aria-expanded=\"false\">\n\t\t\t\t\t\t\t\t\t\t\t\t\t<span class=\"elementor-accordion-icon elementor-accordion-icon-left\" aria-hidden=\"true\">\n\t\t\t\t\t\t\t\t\t\t\t\t\t\t\t<span class=\"elementor-accordion-icon-closed\"><i class=\"fas fa-plus\"><\/i><\/span>\n\t\t\t\t\t\t\t\t<span class=\"elementor-accordion-icon-opened\"><i class=\"fas fa-minus\"><\/i><\/span>\n\t\t\t\t\t\t\t\t\t\t\t\t\t\t<\/span>\n\t\t\t\t\t\t\t\t\t\t\t\t<a class=\"elementor-accordion-title\" tabindex=\"0\">\u00c0 quelle hauteur fixer un meuble de salle de bain suspendu ?<\/a>\n\t\t\t\t\t<\/div>\n\t\t\t\t\t<div id=\"elementor-tab-content-2203\" class=\"elementor-tab-content elementor-clearfix\" data-tab=\"3\" role=\"region\" aria-labelledby=\"elementor-tab-title-2203\"><p>Un meuble suspendu n&rsquo;a pas de hauteur impos\u00e9e, seulement une \u00e9paisseur : 30 cm pour un mod\u00e8le compact, 52 cm pour un format 60 cm. Partez de la cote souhait\u00e9e pour le bord du bassin, retranchez la hauteur de la vasque si elle est \u00e0 poser, puis l&rsquo;\u00e9paisseur du meuble : vous obtenez la hauteur de fixation du bas du caisson. C&rsquo;est le seul format qui s&rsquo;adapte \u00e0 la taille r\u00e9elle des utilisateurs.<\/p><\/div>\n\t\t\t\t<\/div>\n\t\t\t\t\t\t\t<div class=\"elementor-accordion-item\">\n\t\t\t\t\t<div id=\"elementor-tab-title-2204\" class=\"elementor-tab-title\" data-tab=\"4\" role=\"button\" aria-controls=\"elementor-tab-content-2204\" aria-expanded=\"false\">\n\t\t\t\t\t\t\t\t\t\t\t\t\t<span class=\"elementor-accordion-icon elementor-accordion-icon-left\" aria-hidden=\"true\">\n\t\t\t\t\t\t\t\t\t\t\t\t\t\t\t<span class=\"elementor-accordion-icon-closed\"><i class=\"fas fa-plus\"><\/i><\/span>\n\t\t\t\t\t\t\t\t<span class=\"elementor-accordion-icon-opened\"><i class=\"fas fa-minus\"><\/i><\/span>\n\t\t\t\t\t\t\t\t\t\t\t\t\t\t<\/span>\n\t\t\t\t\t\t\t\t\t\t\t\t<a class=\"elementor-accordion-title\" tabindex=\"0\">Quelle profondeur pour un meuble de salle de bain ?<\/a>\n\t\t\t\t\t<\/div>\n\t\t\t\t\t<div id=\"elementor-tab-content-2204\" class=\"elementor-tab-content elementor-clearfix\" data-tab=\"4\" role=\"region\" aria-labelledby=\"elementor-tab-title-2204\"><p>Entre 46 et 50 cm sur les mod\u00e8les standard, avec des formats compacts \u00e0 30 cm pour un couloir ou des WC. Mais le chiffre qui compte davantage est le d\u00e9gagement devant : gardez 80 cm libres pour vous tenir debout et ouvrir un tiroir. Un meuble de 47 cm demande donc 127 cm de mur \u00e0 mur, et les profondeurs s&rsquo;additionnent si deux meubles se font face.<\/p><\/div>\n\t\t\t\t<\/div>\n\t\t\t\t\t\t\t<div class=\"elementor-accordion-item\">\n\t\t\t\t\t<div id=\"elementor-tab-title-2205\" class=\"elementor-tab-title\" data-tab=\"5\" role=\"button\" aria-controls=\"elementor-tab-content-2205\" aria-expanded=\"false\">\n\t\t\t\t\t\t\t\t\t\t\t\t\t<span class=\"elementor-accordion-icon elementor-accordion-icon-left\" aria-hidden=\"true\">\n\t\t\t\t\t\t\t\t\t\t\t\t\t\t\t<span class=\"elementor-accordion-icon-closed\"><i class=\"fas fa-plus\"><\/i><\/span>\n\t\t\t\t\t\t\t\t<span class=\"elementor-accordion-icon-opened\"><i class=\"fas fa-minus\"><\/i><\/span>\n\t\t\t\t\t\t\t\t\t\t\t\t\t\t<\/span>\n\t\t\t\t\t\t\t\t\t\t\t\t<a class=\"elementor-accordion-title\" tabindex=\"0\">\u00c0 quelle hauteur poser le miroir de salle de bain ?<\/a>\n\t\t\t\t\t<\/div>\n\t\t\t\t\t<div id=\"elementor-tab-content-2205\" class=\"elementor-tab-content elementor-clearfix\" data-tab=\"5\" role=\"region\" aria-labelledby=\"elementor-tab-title-2205\"><p>Le bas du miroir se place 15 \u00e0 20 cm au dessus du bord du bassin, soit environ 100 \u00e0 105 cm du sol. Plus bas, il re\u00e7oit les projections d&rsquo;eau et se tache en permanence. Visez par ailleurs un haut de miroir \u00e0 180 cm au minimum, cote \u00e0 laquelle une personne d&rsquo;1,80 m voit encore le haut de sa t\u00eate.<\/p><\/div>\n\t\t\t\t<\/div>\n\t\t\t\t\t\t\t<div class=\"elementor-accordion-item\">\n\t\t\t\t\t<div id=\"elementor-tab-title-2206\" class=\"elementor-tab-title\" data-tab=\"6\" role=\"button\" aria-controls=\"elementor-tab-content-2206\" aria-expanded=\"false\">\n\t\t\t\t\t\t\t\t\t\t\t\t\t<span class=\"elementor-accordion-icon elementor-accordion-icon-left\" aria-hidden=\"true\">\n\t\t\t\t\t\t\t\t\t\t\t\t\t\t\t<span class=\"elementor-accordion-icon-closed\"><i class=\"fas fa-plus\"><\/i><\/span>\n\t\t\t\t\t\t\t\t<span class=\"elementor-accordion-icon-opened\"><i class=\"fas fa-minus\"><\/i><\/span>\n\t\t\t\t\t\t\t\t\t\t\t\t\t\t<\/span>\n\t\t\t\t\t\t\t\t\t\t\t\t<a class=\"elementor-accordion-title\" tabindex=\"0\">Quelle hauteur pour le robinet ?<\/a>\n\t\t\t\t\t<\/div>\n\t\t\t\t\t<div id=\"elementor-tab-content-2206\" class=\"elementor-tab-content elementor-clearfix\" data-tab=\"6\" role=\"region\" aria-labelledby=\"elementor-tab-title-2206\"><p>La sortie d&rsquo;eau doit se situer 8 \u00e0 12 cm au dessus du bord du bassin. En dessous on se cogne les doigts, au dessus la chute d&rsquo;eau \u00e9clabousse. Sur une vasque encastr\u00e9e, un mitigeur standard de 15 cm convient. Sur une vasque \u00e0 poser de 12 cm, il faut un robinet haut de 28 \u00e0 32 cm hors tout.<\/p><\/div>\n\t\t\t\t<\/div>\n\t\t\t\t\t\t\t\t<\/div>\n\t\t\t\t\t\t<\/div>\n\t\t\t\t<\/div>\n\t\t\t\t<div class=\"elementor-element elementor-element-fdd3556 elementor-widget elementor-widget-html\" data-id=\"fdd3556\" data-element_type=\"widget\" data-widget_type=\"html.default\">\n\t\t\t\t<div class=\"elementor-widget-container\">\n\t\t\t\t\t<script type=\"application\/ld+json\">{\"@context\": \"https:\/\/schema.org\", \"@type\": \"Article\", \"headline\": \"Hauteur du meuble de salle de bain : la cote juste et comment la calculer\", \"description\": \"Hauteur du meuble de salle de bain : la norme, le calcul \u00e0 faire avec une vasque \u00e0 poser, la profondeur utile, la hauteur du robinet et du miroir. Toutes les cotes.\", \"author\": {\"@type\": \"Organization\", \"name\": \"Wanda Collection\"}, \"publisher\": {\"@type\": \"Organization\", \"name\": \"Wanda Collection\", \"logo\": {\"@type\": \"ImageObject\", \"url\": \"https:\/\/www.wanda-collection.com\/img\/logo.png\"}}, \"mainEntityOfPage\": \"https:\/\/www.wanda-collection.com\/blog\/hauteur-dimensions-meuble-salle-de-bain\/\", \"image\": \"https:\/\/www.wanda-collection.com\/blog\/wp-content\/uploads\/2026\/08\/mb-vintage90.jpg\"}<\/script>\n<script type=\"application\/ld+json\">{\"@context\": \"https:\/\/schema.org\", \"@type\": \"FAQPage\", \"mainEntity\": [{\"@type\": \"Question\", \"name\": \"Quelle est la hauteur standard d'un meuble de salle de bain ?\", \"acceptedAnswer\": {\"@type\": \"Answer\", \"text\": \"Ce qui est norm\u00e9 n'est pas la hauteur du meuble mais celle du bord du bassin, qui doit se situer entre 85 et 90 cm du sol. La hauteur du meuble s'en d\u00e9duit : 85 cm s'il re\u00e7oit une vasque encastr\u00e9e ou un plan int\u00e9gr\u00e9, mais seulement 73 cm environ s'il re\u00e7oit une vasque \u00e0 poser de 12 cm d'\u00e9paisseur. C'est pourquoi les meubles du march\u00e9 vont de 77 \u00e0 90 cm sans se contredire.\"}}, {\"@type\": \"Question\", \"name\": \"Comment calculer la hauteur d'un meuble avec une vasque \u00e0 poser ?\", \"acceptedAnswer\": {\"@type\": \"Answer\", \"text\": \"Retranchez la hauteur de la vasque des 85 cm de r\u00e9f\u00e9rence. Une vasque \u00e0 poser en marbre de 30 cm de diam\u00e8tre mesure 12 cm de haut : le meuble doit donc culminer autour de 73 cm. L'erreur la plus courante est de prendre un meuble de 85 cm et d'y poser la vasque, ce qui place le bord du bassin \u00e0 97 cm, tr\u00e8s inconfortable \u00e0 l'usage.\"}}, {\"@type\": \"Question\", \"name\": \"\u00c0 quelle hauteur fixer un meuble de salle de bain suspendu ?\", \"acceptedAnswer\": {\"@type\": \"Answer\", \"text\": \"Un meuble suspendu n'a pas de hauteur impos\u00e9e, seulement une \u00e9paisseur : 30 cm pour un mod\u00e8le compact, 52 cm pour un format 60 cm. Partez de la cote souhait\u00e9e pour le bord du bassin, retranchez la hauteur de la vasque si elle est \u00e0 poser, puis l'\u00e9paisseur du meuble : vous obtenez la hauteur de fixation du bas du caisson. C'est le seul format qui s'adapte \u00e0 la taille r\u00e9elle des utilisateurs.\"}}, {\"@type\": \"Question\", \"name\": \"Quelle profondeur pour un meuble de salle de bain ?\", \"acceptedAnswer\": {\"@type\": \"Answer\", \"text\": \"Entre 46 et 50 cm sur les mod\u00e8les standard, avec des formats compacts \u00e0 30 cm pour un couloir ou des WC. Mais le chiffre qui compte davantage est le d\u00e9gagement devant : gardez 80 cm libres pour vous tenir debout et ouvrir un tiroir. Un meuble de 47 cm demande donc 127 cm de mur \u00e0 mur, et les profondeurs s'additionnent si deux meubles se font face.\"}}, {\"@type\": \"Question\", \"name\": \"\u00c0 quelle hauteur poser le miroir de salle de bain ?\", \"acceptedAnswer\": {\"@type\": \"Answer\", \"text\": \"Le bas du miroir se place 15 \u00e0 20 cm au dessus du bord du bassin, soit environ 100 \u00e0 105 cm du sol. Plus bas, il re\u00e7oit les projections d'eau et se tache en permanence. Visez par ailleurs un haut de miroir \u00e0 180 cm au minimum, cote \u00e0 laquelle une personne d'1,80 m voit encore le haut de sa t\u00eate.\"}}, {\"@type\": \"Question\", \"name\": \"Quelle hauteur pour le robinet ?\", \"acceptedAnswer\": {\"@type\": \"Answer\", \"text\": \"La sortie d'eau doit se situer 8 \u00e0 12 cm au dessus du bord du bassin. En dessous on se cogne les doigts, au dessus la chute d'eau \u00e9clabousse. Sur une vasque encastr\u00e9e, un mitigeur standard de 15 cm convient. Sur une vasque \u00e0 poser de 12 cm, il faut un robinet haut de 28 \u00e0 32 cm hors tout.\"}}]}<\/script>\t\t\t\t<\/div>\n\t\t\t\t<\/div>\n\t\t\t\t\t<\/div>\n\t\t<\/div>\n\t\t\t\t\t<\/div>\n\t\t<\/section>\n\t\t\t\t<\/div>\n\t\t","protected":false},"excerpt":{"rendered":"<p>Hauteur du meuble de salle de bain : la norme, le calcul \u00e0 faire avec une vasque \u00e0 poser, la profondeur utile, la hauteur du robinet et du miroir. Toutes les cotes.<\/p>\n","protected":false},"author":6,"featured_media":992842,"comment_status":"closed","ping_status":"open","sticky":false,"template":"","format":"standard","meta":{"footnotes":""},"categories":[104,102,16],"tags":[114],"class_list":["post-992893","post","type-post","status-publish","format-standard","has-post-thumbnail","hentry","category-amenagement","category-meubles-de-salle-de-bain","category-salle-de-bain","tag-guide-dachat"],"yoast_head":"<!-- This site is optimized with the Yoast SEO plugin v25.5 - https:\/\/yoast.com\/wordpress\/plugins\/seo\/ -->\n<title>Hauteur du meuble de salle de bain : la cote juste et comment la calculer<\/title>\n<meta name=\"description\" content=\"Hauteur du meuble de salle de bain : la norme, le calcul \u00e0 faire avec une vasque \u00e0 poser, la profondeur utile, la hauteur du robinet et du miroir. Toutes les cotes.\" \/>\n<meta name=\"robots\" content=\"index, follow, max-snippet:-1, max-image-preview:large, max-video-preview:-1\" \/>\n<link rel=\"canonical\" href=\"https:\/\/www.wanda-collection.com\/blog\/hauteur-dimensions-meuble-salle-de-bain\/\" \/>\n<meta property=\"og:locale\" content=\"fr_FR\" \/>\n<meta property=\"og:type\" content=\"article\" \/>\n<meta property=\"og:title\" content=\"Hauteur du meuble de salle de bain : la cote juste et comment la calculer\" \/>\n<meta property=\"og:description\" content=\"Hauteur du meuble de salle de bain : la norme, le calcul \u00e0 faire avec une vasque \u00e0 poser, la profondeur utile, la hauteur du robinet et du miroir. Toutes les cotes.\" \/>\n<meta property=\"og:url\" content=\"https:\/\/www.wanda-collection.com\/blog\/hauteur-dimensions-meuble-salle-de-bain\/\" \/>\n<meta property=\"og:site_name\" content=\"Wanda collection Le blog\" \/>\n<meta property=\"article:publisher\" content=\"https:\/\/www.facebook.com\/WandaCollection.fr\/\" \/>\n<meta property=\"article:published_time\" content=\"2026-08-31T14:52:33+00:00\" \/>\n<meta property=\"article:modified_time\" content=\"2026-08-31T14:57:28+00:00\" \/>\n<meta property=\"og:image\" content=\"https:\/\/www.wanda-collection.com\/blog\/wp-content\/uploads\/2026\/08\/mb-vintage90.jpg\" \/>\n\t<meta property=\"og:image:width\" content=\"1028\" \/>\n\t<meta property=\"og:image:height\" content=\"1028\" \/>\n\t<meta property=\"og:image:type\" content=\"image\/jpeg\" \/>\n<meta name=\"author\" content=\"Damien Girardeau\" \/>\n<meta name=\"twitter:card\" content=\"summary_large_image\" \/>\n<meta name=\"twitter:label1\" content=\"\u00c9crit par\" \/>\n\t<meta name=\"twitter:data1\" content=\"Damien Girardeau\" \/>\n\t<meta name=\"twitter:label2\" content=\"Dur\u00e9e de lecture estim\u00e9e\" \/>\n\t<meta name=\"twitter:data2\" content=\"10 minutes\" \/>\n<script type=\"application\/ld+json\" class=\"yoast-schema-graph\">{\"@context\":\"https:\/\/schema.org\",\"@graph\":[{\"@type\":\"Article\",\"@id\":\"https:\/\/www.wanda-collection.com\/blog\/hauteur-dimensions-meuble-salle-de-bain\/#article\",\"isPartOf\":{\"@id\":\"https:\/\/www.wanda-collection.com\/blog\/hauteur-dimensions-meuble-salle-de-bain\/\"},\"author\":{\"name\":\"Damien Girardeau\",\"@id\":\"https:\/\/www.wanda-collection.com\/blog\/#\/schema\/person\/85c8dec31d24bad26b45a2319924d2e6\"},\"headline\":\"Hauteur du meuble de salle de bain : la cote juste et comment la calculer\",\"datePublished\":\"2026-08-31T14:52:33+00:00\",\"dateModified\":\"2026-08-31T14:57:28+00:00\",\"mainEntityOfPage\":{\"@id\":\"https:\/\/www.wanda-collection.com\/blog\/hauteur-dimensions-meuble-salle-de-bain\/\"},\"wordCount\":2045,\"publisher\":{\"@id\":\"https:\/\/www.wanda-collection.com\/blog\/#organization\"},\"image\":{\"@id\":\"https:\/\/www.wanda-collection.com\/blog\/hauteur-dimensions-meuble-salle-de-bain\/#primaryimage\"},\"thumbnailUrl\":\"https:\/\/www.wanda-collection.com\/blog\/wp-content\/uploads\/2026\/08\/mb-vintage90.jpg\",\"keywords\":[\"Guide d'achat\"],\"articleSection\":[\"Am\u00e9nagement\",\"Meubles de salle de bain\",\"Salle de bain\"],\"inLanguage\":\"fr-FR\"},{\"@type\":\"WebPage\",\"@id\":\"https:\/\/www.wanda-collection.com\/blog\/hauteur-dimensions-meuble-salle-de-bain\/\",\"url\":\"https:\/\/www.wanda-collection.com\/blog\/hauteur-dimensions-meuble-salle-de-bain\/\",\"name\":\"Hauteur du meuble de salle de bain : la cote juste et comment la calculer\",\"isPartOf\":{\"@id\":\"https:\/\/www.wanda-collection.com\/blog\/#website\"},\"primaryImageOfPage\":{\"@id\":\"https:\/\/www.wanda-collection.com\/blog\/hauteur-dimensions-meuble-salle-de-bain\/#primaryimage\"},\"image\":{\"@id\":\"https:\/\/www.wanda-collection.com\/blog\/hauteur-dimensions-meuble-salle-de-bain\/#primaryimage\"},\"thumbnailUrl\":\"https:\/\/www.wanda-collection.com\/blog\/wp-content\/uploads\/2026\/08\/mb-vintage90.jpg\",\"datePublished\":\"2026-08-31T14:52:33+00:00\",\"dateModified\":\"2026-08-31T14:57:28+00:00\",\"description\":\"Hauteur du meuble de salle de bain : la norme, le calcul \u00e0 faire avec une vasque \u00e0 poser, la profondeur utile, la hauteur du robinet et du miroir. Toutes les cotes.\",\"breadcrumb\":{\"@id\":\"https:\/\/www.wanda-collection.com\/blog\/hauteur-dimensions-meuble-salle-de-bain\/#breadcrumb\"},\"inLanguage\":\"fr-FR\",\"potentialAction\":[{\"@type\":\"ReadAction\",\"target\":[\"https:\/\/www.wanda-collection.com\/blog\/hauteur-dimensions-meuble-salle-de-bain\/\"]}]},{\"@type\":\"ImageObject\",\"inLanguage\":\"fr-FR\",\"@id\":\"https:\/\/www.wanda-collection.com\/blog\/hauteur-dimensions-meuble-salle-de-bain\/#primaryimage\",\"url\":\"https:\/\/www.wanda-collection.com\/blog\/wp-content\/uploads\/2026\/08\/mb-vintage90.jpg\",\"contentUrl\":\"https:\/\/www.wanda-collection.com\/blog\/wp-content\/uploads\/2026\/08\/mb-vintage90.jpg\",\"width\":1028,\"height\":1028,\"caption\":\"Meuble en teck Vintage, 90 cm\"},{\"@type\":\"BreadcrumbList\",\"@id\":\"https:\/\/www.wanda-collection.com\/blog\/hauteur-dimensions-meuble-salle-de-bain\/#breadcrumb\",\"itemListElement\":[{\"@type\":\"ListItem\",\"position\":1,\"name\":\"Accueil\",\"item\":\"https:\/\/www.wanda-collection.com\/blog\/\"},{\"@type\":\"ListItem\",\"position\":2,\"name\":\"Salle de bain\",\"item\":\"https:\/\/www.wanda-collection.com\/blog\/category\/salle-de-bain\/\"},{\"@type\":\"ListItem\",\"position\":3,\"name\":\"Am\u00e9nagement\",\"item\":\"https:\/\/www.wanda-collection.com\/blog\/category\/salle-de-bain\/amenagement\/\"},{\"@type\":\"ListItem\",\"position\":4,\"name\":\"Hauteur du meuble de salle de bain : la cote juste et comment la calculer\"}]},{\"@type\":\"WebSite\",\"@id\":\"https:\/\/www.wanda-collection.com\/blog\/#website\",\"url\":\"https:\/\/www.wanda-collection.com\/blog\/\",\"name\":\"Wanda collection Le blog\",\"description\":\"\",\"publisher\":{\"@id\":\"https:\/\/www.wanda-collection.com\/blog\/#organization\"},\"potentialAction\":[{\"@type\":\"SearchAction\",\"target\":{\"@type\":\"EntryPoint\",\"urlTemplate\":\"https:\/\/www.wanda-collection.com\/blog\/?s={search_term_string}\"},\"query-input\":{\"@type\":\"PropertyValueSpecification\",\"valueRequired\":true,\"valueName\":\"search_term_string\"}}],\"inLanguage\":\"fr-FR\"},{\"@type\":\"Organization\",\"@id\":\"https:\/\/www.wanda-collection.com\/blog\/#organization\",\"name\":\"Wanda collection Le blog\",\"url\":\"https:\/\/www.wanda-collection.com\/blog\/\",\"logo\":{\"@type\":\"ImageObject\",\"inLanguage\":\"fr-FR\",\"@id\":\"https:\/\/www.wanda-collection.com\/blog\/#\/schema\/logo\/image\/\",\"url\":\"https:\/\/www.wanda-collection.com\/blog\/wp-content\/uploads\/2022\/09\/cropped-logo-Le-blog-5.png\",\"contentUrl\":\"https:\/\/www.wanda-collection.com\/blog\/wp-content\/uploads\/2022\/09\/cropped-logo-Le-blog-5.png\",\"width\":1141,\"height\":328,\"caption\":\"Wanda collection Le blog\"},\"image\":{\"@id\":\"https:\/\/www.wanda-collection.com\/blog\/#\/schema\/logo\/image\/\"},\"sameAs\":[\"https:\/\/www.facebook.com\/WandaCollection.fr\/\",\"https:\/\/www.pinterest.fr\/wandacollection\/\",\"https:\/\/www.instagram.com\/wanda.collection\/\"]},{\"@type\":\"Person\",\"@id\":\"https:\/\/www.wanda-collection.com\/blog\/#\/schema\/person\/85c8dec31d24bad26b45a2319924d2e6\",\"name\":\"Damien Girardeau\",\"image\":{\"@type\":\"ImageObject\",\"inLanguage\":\"fr-FR\",\"@id\":\"https:\/\/www.wanda-collection.com\/blog\/#\/schema\/person\/image\/\",\"url\":\"https:\/\/secure.gravatar.com\/avatar\/53ace044216358578780d6154f629abc4431ac90903bd3d17859f8eec72d379b?s=96&d=mm&r=g\",\"contentUrl\":\"https:\/\/secure.gravatar.com\/avatar\/53ace044216358578780d6154f629abc4431ac90903bd3d17859f8eec72d379b?s=96&d=mm&r=g\",\"caption\":\"Damien Girardeau\"}}]}<\/script>\n<!-- \/ Yoast SEO plugin. -->","yoast_head_json":{"title":"Hauteur du meuble de salle de bain : la cote juste et comment la calculer","description":"Hauteur du meuble de salle de bain : la norme, le calcul \u00e0 faire avec une vasque \u00e0 poser, la profondeur utile, la hauteur du robinet et du miroir. Toutes les cotes.","robots":{"index":"index","follow":"follow","max-snippet":"max-snippet:-1","max-image-preview":"max-image-preview:large","max-video-preview":"max-video-preview:-1"},"canonical":"https:\/\/www.wanda-collection.com\/blog\/hauteur-dimensions-meuble-salle-de-bain\/","og_locale":"fr_FR","og_type":"article","og_title":"Hauteur du meuble de salle de bain : la cote juste et comment la calculer","og_description":"Hauteur du meuble de salle de bain : la norme, le calcul \u00e0 faire avec une vasque \u00e0 poser, la profondeur utile, la hauteur du robinet et du miroir. Toutes les cotes.","og_url":"https:\/\/www.wanda-collection.com\/blog\/hauteur-dimensions-meuble-salle-de-bain\/","og_site_name":"Wanda collection Le blog","article_publisher":"https:\/\/www.facebook.com\/WandaCollection.fr\/","article_published_time":"2026-08-31T14:52:33+00:00","article_modified_time":"2026-08-31T14:57:28+00:00","og_image":[{"width":1028,"height":1028,"url":"https:\/\/www.wanda-collection.com\/blog\/wp-content\/uploads\/2026\/08\/mb-vintage90.jpg","type":"image\/jpeg"}],"author":"Damien Girardeau","twitter_card":"summary_large_image","twitter_misc":{"\u00c9crit par":"Damien Girardeau","Dur\u00e9e de lecture estim\u00e9e":"10 minutes"},"schema":{"@context":"https:\/\/schema.org","@graph":[{"@type":"Article","@id":"https:\/\/www.wanda-collection.com\/blog\/hauteur-dimensions-meuble-salle-de-bain\/#article","isPartOf":{"@id":"https:\/\/www.wanda-collection.com\/blog\/hauteur-dimensions-meuble-salle-de-bain\/"},"author":{"name":"Damien Girardeau","@id":"https:\/\/www.wanda-collection.com\/blog\/#\/schema\/person\/85c8dec31d24bad26b45a2319924d2e6"},"headline":"Hauteur du meuble de salle de bain : la cote juste et comment la calculer","datePublished":"2026-08-31T14:52:33+00:00","dateModified":"2026-08-31T14:57:28+00:00","mainEntityOfPage":{"@id":"https:\/\/www.wanda-collection.com\/blog\/hauteur-dimensions-meuble-salle-de-bain\/"},"wordCount":2045,"publisher":{"@id":"https:\/\/www.wanda-collection.com\/blog\/#organization"},"image":{"@id":"https:\/\/www.wanda-collection.com\/blog\/hauteur-dimensions-meuble-salle-de-bain\/#primaryimage"},"thumbnailUrl":"https:\/\/www.wanda-collection.com\/blog\/wp-content\/uploads\/2026\/08\/mb-vintage90.jpg","keywords":["Guide d'achat"],"articleSection":["Am\u00e9nagement","Meubles de salle de bain","Salle de bain"],"inLanguage":"fr-FR"},{"@type":"WebPage","@id":"https:\/\/www.wanda-collection.com\/blog\/hauteur-dimensions-meuble-salle-de-bain\/","url":"https:\/\/www.wanda-collection.com\/blog\/hauteur-dimensions-meuble-salle-de-bain\/","name":"Hauteur du meuble de salle de bain : la cote juste et comment la calculer","isPartOf":{"@id":"https:\/\/www.wanda-collection.com\/blog\/#website"},"primaryImageOfPage":{"@id":"https:\/\/www.wanda-collection.com\/blog\/hauteur-dimensions-meuble-salle-de-bain\/#primaryimage"},"image":{"@id":"https:\/\/www.wanda-collection.com\/blog\/hauteur-dimensions-meuble-salle-de-bain\/#primaryimage"},"thumbnailUrl":"https:\/\/www.wanda-collection.com\/blog\/wp-content\/uploads\/2026\/08\/mb-vintage90.jpg","datePublished":"2026-08-31T14:52:33+00:00","dateModified":"2026-08-31T14:57:28+00:00","description":"Hauteur du meuble de salle de bain : la norme, le calcul \u00e0 faire avec une vasque \u00e0 poser, la profondeur utile, la hauteur du robinet et du miroir. Toutes les cotes.","breadcrumb":{"@id":"https:\/\/www.wanda-collection.com\/blog\/hauteur-dimensions-meuble-salle-de-bain\/#breadcrumb"},"inLanguage":"fr-FR","potentialAction":[{"@type":"ReadAction","target":["https:\/\/www.wanda-collection.com\/blog\/hauteur-dimensions-meuble-salle-de-bain\/"]}]},{"@type":"ImageObject","inLanguage":"fr-FR","@id":"https:\/\/www.wanda-collection.com\/blog\/hauteur-dimensions-meuble-salle-de-bain\/#primaryimage","url":"https:\/\/www.wanda-collection.com\/blog\/wp-content\/uploads\/2026\/08\/mb-vintage90.jpg","contentUrl":"https:\/\/www.wanda-collection.com\/blog\/wp-content\/uploads\/2026\/08\/mb-vintage90.jpg","width":1028,"height":1028,"caption":"Meuble en teck Vintage, 90 cm"},{"@type":"BreadcrumbList","@id":"https:\/\/www.wanda-collection.com\/blog\/hauteur-dimensions-meuble-salle-de-bain\/#breadcrumb","itemListElement":[{"@type":"ListItem","position":1,"name":"Accueil","item":"https:\/\/www.wanda-collection.com\/blog\/"},{"@type":"ListItem","position":2,"name":"Salle de bain","item":"https:\/\/www.wanda-collection.com\/blog\/category\/salle-de-bain\/"},{"@type":"ListItem","position":3,"name":"Am\u00e9nagement","item":"https:\/\/www.wanda-collection.com\/blog\/category\/salle-de-bain\/amenagement\/"},{"@type":"ListItem","position":4,"name":"Hauteur du meuble de salle de bain : la cote juste et comment la calculer"}]},{"@type":"WebSite","@id":"https:\/\/www.wanda-collection.com\/blog\/#website","url":"https:\/\/www.wanda-collection.com\/blog\/","name":"Wanda collection Le blog","description":"","publisher":{"@id":"https:\/\/www.wanda-collection.com\/blog\/#organization"},"potentialAction":[{"@type":"SearchAction","target":{"@type":"EntryPoint","urlTemplate":"https:\/\/www.wanda-collection.com\/blog\/?s={search_term_string}"},"query-input":{"@type":"PropertyValueSpecification","valueRequired":true,"valueName":"search_term_string"}}],"inLanguage":"fr-FR"},{"@type":"Organization","@id":"https:\/\/www.wanda-collection.com\/blog\/#organization","name":"Wanda collection Le blog","url":"https:\/\/www.wanda-collection.com\/blog\/","logo":{"@type":"ImageObject","inLanguage":"fr-FR","@id":"https:\/\/www.wanda-collection.com\/blog\/#\/schema\/logo\/image\/","url":"https:\/\/www.wanda-collection.com\/blog\/wp-content\/uploads\/2022\/09\/cropped-logo-Le-blog-5.png","contentUrl":"https:\/\/www.wanda-collection.com\/blog\/wp-content\/uploads\/2022\/09\/cropped-logo-Le-blog-5.png","width":1141,"height":328,"caption":"Wanda collection Le blog"},"image":{"@id":"https:\/\/www.wanda-collection.com\/blog\/#\/schema\/logo\/image\/"},"sameAs":["https:\/\/www.facebook.com\/WandaCollection.fr\/","https:\/\/www.pinterest.fr\/wandacollection\/","https:\/\/www.instagram.com\/wanda.collection\/"]},{"@type":"Person","@id":"https:\/\/www.wanda-collection.com\/blog\/#\/schema\/person\/85c8dec31d24bad26b45a2319924d2e6","name":"Damien Girardeau","image":{"@type":"ImageObject","inLanguage":"fr-FR","@id":"https:\/\/www.wanda-collection.com\/blog\/#\/schema\/person\/image\/","url":"https:\/\/secure.gravatar.com\/avatar\/53ace044216358578780d6154f629abc4431ac90903bd3d17859f8eec72d379b?s=96&d=mm&r=g","contentUrl":"https:\/\/secure.gravatar.com\/avatar\/53ace044216358578780d6154f629abc4431ac90903bd3d17859f8eec72d379b?s=96&d=mm&r=g","caption":"Damien Girardeau"}}]}},"_links":{"self":[{"href":"https:\/\/www.wanda-collection.com\/blog\/wp-json\/wp\/v2\/posts\/992893","targetHints":{"allow":["GET"]}}],"collection":[{"href":"https:\/\/www.wanda-collection.com\/blog\/wp-json\/wp\/v2\/posts"}],"about":[{"href":"https:\/\/www.wanda-collection.com\/blog\/wp-json\/wp\/v2\/types\/post"}],"author":[{"embeddable":true,"href":"https:\/\/www.wanda-collection.com\/blog\/wp-json\/wp\/v2\/users\/6"}],"replies":[{"embeddable":true,"href":"https:\/\/www.wanda-collection.com\/blog\/wp-json\/wp\/v2\/comments?post=992893"}],"version-history":[{"count":1,"href":"https:\/\/www.wanda-collection.com\/blog\/wp-json\/wp\/v2\/posts\/992893\/revisions"}],"predecessor-version":[{"id":992901,"href":"https:\/\/www.wanda-collection.com\/blog\/wp-json\/wp\/v2\/posts\/992893\/revisions\/992901"}],"wp:featuredmedia":[{"embeddable":true,"href":"https:\/\/www.wanda-collection.com\/blog\/wp-json\/wp\/v2\/media\/992842"}],"wp:attachment":[{"href":"https:\/\/www.wanda-collection.com\/blog\/wp-json\/wp\/v2\/media?parent=992893"}],"wp:term":[{"taxonomy":"category","embeddable":true,"href":"https:\/\/www.wanda-collection.com\/blog\/wp-json\/wp\/v2\/categories?post=992893"},{"taxonomy":"post_tag","embeddable":true,"href":"https:\/\/www.wanda-collection.com\/blog\/wp-json\/wp\/v2\/tags?post=992893"}],"curies":[{"name":"wp","href":"https:\/\/api.w.org\/{rel}","templated":true}]}}