{"id":992894,"date":"2026-08-31T16:54:59","date_gmt":"2026-08-31T14:54:59","guid":{"rendered":"https:\/\/www.wanda-collection.com\/blog\/largeur-meuble-salle-de-bain-60-80-120\/"},"modified":"2026-08-31T16:57:30","modified_gmt":"2026-08-31T14:57:30","slug":"largeur-meuble-salle-de-bain-60-80-120","status":"publish","type":"post","link":"https:\/\/www.wanda-collection.com\/blog\/largeur-meuble-salle-de-bain-60-80-120\/","title":{"rendered":"Meuble de salle de bain 60, 80 ou 120 cm : quelle largeur choisir"},"content":{"rendered":"\t\t<div data-elementor-type=\"wp-post\" data-elementor-id=\"992894\" class=\"elementor elementor-992894 elementor-bc-flex-widget\">\n\t\t\t\t\t\t<section class=\"elementor-section elementor-top-section elementor-element elementor-element-bdb7b57 elementor-section-boxed elementor-section-height-default elementor-section-height-default\" data-id=\"bdb7b57\" data-element_type=\"section\">\n\t\t\t\t\t\t<div class=\"elementor-container elementor-column-gap-default\">\n\t\t\t\t\t<div class=\"elementor-column elementor-col-100 elementor-top-column elementor-element elementor-element-83c9a23\" data-id=\"83c9a23\" data-element_type=\"column\">\n\t\t\t<div class=\"elementor-widget-wrap elementor-element-populated\">\n\t\t\t\t\t\t<div class=\"elementor-element elementor-element-0ba2930 elementor-drop-cap-yes elementor-drop-cap-view-default elementor-widget elementor-widget-text-editor\" data-id=\"0ba2930\" data-element_type=\"widget\" data-settings=\"{&quot;drop_cap&quot;:&quot;yes&quot;}\" data-widget_type=\"text-editor.default\">\n\t\t\t\t<div class=\"elementor-widget-container\">\n\t\t\t\t\t\t\t\t\t<p>60, 80 ou 120 cm. Ces trois largeurs repr\u00e9sentent l&rsquo;essentiel du march\u00e9, et l&rsquo;\u00e9cart entre elles se lit rarement sur une fiche produit. On voit trois meubles qui se ressemblent, \u00e0 trois prix diff\u00e9rents, sans comprendre ce que les vingt centim\u00e8tres suppl\u00e9mentaires apportent r\u00e9ellement.<\/p><p>Ils apportent trois choses mesurables : un diam\u00e8tre de vasque plus grand, une surface de d\u00e9pose de chaque c\u00f4t\u00e9 du bassin, et un volume de rangement. La question n&rsquo;est donc pas esth\u00e9tique, elle est arithm\u00e9tique.<\/p><p>Ce guide reprend chaque largeur, ce qu&rsquo;elle autorise, le diam\u00e8tre de vasque qui va avec, et le d\u00e9gagement qu&rsquo;elle impose devant. Une FAQ ferme l&rsquo;article.<\/p>\t\t\t\t\t\t\t\t<\/div>\n\t\t\t\t<\/div>\n\t\t\t\t<div class=\"elementor-element elementor-element-8742798 elementor-widget elementor-widget-text-editor\" data-id=\"8742798\" data-element_type=\"widget\" data-widget_type=\"text-editor.default\">\n\t\t\t\t<div class=\"elementor-widget-container\">\n\t\t\t\t\t\t\t\t\t<h2>Largeur du meuble de salle de bain : ce que permet chaque format<\/h2>\t\t\t\t\t\t\t\t<\/div>\n\t\t\t\t<\/div>\n\t\t\t\t\t<\/div>\n\t\t<\/div>\n\t\t\t\t\t<\/div>\n\t\t<\/section>\n\t\t\t\t<section class=\"elementor-section elementor-top-section elementor-element elementor-element-85d6f83 elementor-section-boxed elementor-section-height-default elementor-section-height-default\" data-id=\"85d6f83\" data-element_type=\"section\">\n\t\t\t\t\t\t<div class=\"elementor-container elementor-column-gap-default\">\n\t\t\t\t\t<div class=\"elementor-column elementor-col-100 elementor-top-column elementor-element elementor-element-6cf8de3\" data-id=\"6cf8de3\" data-element_type=\"column\">\n\t\t\t<div class=\"elementor-widget-wrap elementor-element-populated\">\n\t\t\t\t\t\t<div class=\"elementor-element elementor-element-daa5dca elementor-widget elementor-widget-heading\" data-id=\"daa5dca\" data-element_type=\"widget\" data-widget_type=\"heading.default\">\n\t\t\t\t<div class=\"elementor-widget-container\">\n\t\t\t\t\t<h2 class=\"elementor-heading-title elementor-size-default\">La r\u00e8gle qui gouverne toutes les largeurs<\/h2>\t\t\t\t<\/div>\n\t\t\t\t<\/div>\n\t\t\t\t\t<\/div>\n\t\t<\/div>\n\t\t\t\t\t<\/div>\n\t\t<\/section>\n\t\t\t\t<section class=\"elementor-section elementor-top-section elementor-element elementor-element-b815436 elementor-section-boxed elementor-section-height-default elementor-section-height-default\" data-id=\"b815436\" data-element_type=\"section\">\n\t\t\t\t\t\t<div class=\"elementor-container elementor-column-gap-default\">\n\t\t\t\t\t<div class=\"elementor-column elementor-col-60 elementor-top-column elementor-element elementor-element-5afca5b\" data-id=\"5afca5b\" data-element_type=\"column\">\n\t\t\t<div class=\"elementor-widget-wrap elementor-element-populated\">\n\t\t\t\t\t\t<div class=\"elementor-element elementor-element-826bdb2 elementor-widget elementor-widget-text-editor\" data-id=\"826bdb2\" data-element_type=\"widget\" data-widget_type=\"text-editor.default\">\n\t\t\t\t<div class=\"elementor-widget-container\">\n\t\t\t\t\t\t\t\t\t<p>Une seule r\u00e8gle gouverne tout le reste : <strong>il faut conserver environ 10 cm de plan entre le bord de la vasque et chaque bord du meuble<\/strong>. Sans cette marge, le plan devient inutilisable, le joint impossible \u00e0 nettoyer correctement, et la vasque d\u00e9borde visuellement.<\/p><p>Cette r\u00e8gle donne directement le diam\u00e8tre de bassin maximal pour chaque largeur, et c&rsquo;est elle qui explique pourquoi 20 cm de plus changent autant.<\/p><p>La seconde contrainte est le d\u00e9gagement : comptez <strong>80 cm libres devant la fa\u00e7ade<\/strong> pour vous tenir debout et ouvrir un tiroir. Un meuble de 47 cm de profondeur demande donc 127 cm de mur \u00e0 mur, quelle que soit sa largeur.<\/p>\t\t\t\t\t\t\t\t<\/div>\n\t\t\t\t<\/div>\n\t\t\t\t<div class=\"vamtam-has-theme-widget-styles elementor-element elementor-element-5a7de0e elementor-align-center elementor-widget elementor-widget-button\" data-id=\"5a7de0e\" data-element_type=\"widget\" data-widget_type=\"button.default\">\n\t\t\t\t<div class=\"elementor-widget-container\">\n\t\t\t\t\t\t\t\t\t<div class=\"elementor-button-wrapper\">\n\t\t\t\t\t<a class=\"elementor-button elementor-button-link elementor-size-sm\" href=\"https:\/\/www.wanda-collection.com\/cat-meuble-simple-vasque-156.htm\">\n\t\t\t\t\t\t<span class=\"elementor-button-content-wrapper\">\n\t\t\t\t\t\t\t\t\t<span class=\"elementor-button-text\">Voir les meubles simple vasque<\/span>\n\t\t\t\t\t<\/span>\n\t\t\t\t\t<\/a>\n\t\t\t\t<\/div>\n\t\t\t\t\t\t\t\t<\/div>\n\t\t\t\t<\/div>\n\t\t\t\t\t<\/div>\n\t\t<\/div>\n\t\t\t\t<div class=\"elementor-column elementor-col-40 elementor-top-column elementor-element elementor-element-fe40ec8\" data-id=\"fe40ec8\" data-element_type=\"column\">\n\t\t\t<div class=\"elementor-widget-wrap elementor-element-populated\">\n\t\t\t\t\t\t<div class=\"vamtam-has-theme-widget-styles elementor-element elementor-element-ae2fe05 elementor-widget elementor-widget-image\" data-id=\"ae2fe05\" data-element_type=\"widget\" data-widget_type=\"image.default\">\n\t\t\t\t<div class=\"elementor-widget-container\">\n\t\t\t\t\t\t\t\t\t<div class=\"elementor-image\">\n\t\t\t\t\t\t\t\t\t\t\t\t\t\t\t\t<figure class=\"wp-caption\">\n\t\t\t\t\t\t\t\t\t\t\t\t\t\t\t\t\t<a href=\"https:\/\/www.wanda-collection.com\/art-meuble-sous-vasque-en-teck-massif-vila-80cm-56156.htm\">\n\t\t\t\t\t\t\t\t\t\t\t<img fetchpriority=\"high\" decoding=\"async\" width=\"1028\" height=\"1028\" src=\"https:\/\/www.wanda-collection.com\/blog\/wp-content\/uploads\/2026\/08\/mb-vila80.jpg\" class=\"attachment-full size-full wp-image-992839\" alt=\"Meuble de salle de bain en teck massif Vila de 80 cm sous vasque\" srcset=\"https:\/\/www.wanda-collection.com\/blog\/wp-content\/uploads\/2026\/08\/mb-vila80.jpg 1028w, https:\/\/www.wanda-collection.com\/blog\/wp-content\/uploads\/2026\/08\/mb-vila80-300x300.jpg 300w, https:\/\/www.wanda-collection.com\/blog\/wp-content\/uploads\/2026\/08\/mb-vila80-1024x1024.jpg 1024w, https:\/\/www.wanda-collection.com\/blog\/wp-content\/uploads\/2026\/08\/mb-vila80-150x150.jpg 150w, https:\/\/www.wanda-collection.com\/blog\/wp-content\/uploads\/2026\/08\/mb-vila80-768x768.jpg 768w\" sizes=\"(max-width: 1028px) 100vw, 1028px\" \/>\t\t\t\t\t\t\t\t\t\t\t\t<\/a>\n\t\t\t\t\t\t\t\t\t\t\t\t\t\t\t\t\t<figcaption class=\"widget-image-caption wp-caption-text\">Meuble en teck Vila, 80 cm<\/figcaption>\n\t\t\t\t\t\t\t\t\t\t\t\t\t\t\t\t<\/figure>\n\t\t\t\t\t\t\t\t\t\t\t\t\t\t<\/div>\n\t\t\t\t\t\t\t\t<\/div>\n\t\t\t\t<\/div>\n\t\t\t\t\t<\/div>\n\t\t<\/div>\n\t\t\t\t\t<\/div>\n\t\t<\/section>\n\t\t\t\t<section class=\"elementor-section elementor-top-section elementor-element elementor-element-426bddb elementor-section-boxed elementor-section-height-default elementor-section-height-default\" data-id=\"426bddb\" data-element_type=\"section\">\n\t\t\t\t\t\t<div class=\"elementor-container elementor-column-gap-default\">\n\t\t\t\t\t<div class=\"elementor-column elementor-col-100 elementor-top-column elementor-element elementor-element-606f60b\" data-id=\"606f60b\" data-element_type=\"column\">\n\t\t\t<div class=\"elementor-widget-wrap elementor-element-populated\">\n\t\t\t\t\t\t<div class=\"elementor-element elementor-element-b00cd4b elementor-widget elementor-widget-text-editor\" data-id=\"b00cd4b\" data-element_type=\"widget\" data-widget_type=\"text-editor.default\">\n\t\t\t\t<div class=\"elementor-widget-container\">\n\t\t\t\t\t\t\t\t\t<h3>Ce que permet chaque largeur<\/h3><table style=\"width:100%; border-collapse:collapse; margin:18px 0;\"><thead><tr style=\"background:#faf6ef;\"><th style=\"padding:10px; text-align:left; border-bottom:2px solid #d4a84b;\">Largeur<\/th><th style=\"padding:10px; text-align:left; border-bottom:2px solid #d4a84b;\">Vasque maximale<\/th><th style=\"padding:10px; text-align:left; border-bottom:2px solid #d4a84b;\">Plan de d\u00e9pose<\/th><\/tr><\/thead><tbody><tr><td style=\"padding:10px; border-bottom:1px solid #eee;\">40 \u00e0 50 cm<\/td><td style=\"padding:10px; border-bottom:1px solid #eee;\">30 cm<\/td><td style=\"padding:10px; border-bottom:1px solid #eee;\">Aucun<\/td><\/tr><tr><td style=\"padding:10px; border-bottom:1px solid #eee;\"><strong>60 cm<\/strong><\/td><td style=\"padding:10px; border-bottom:1px solid #eee;\">40 cm<\/td><td style=\"padding:10px; border-bottom:1px solid #eee;\"><strong>Une bande \u00e9troite<\/strong><\/td><\/tr><tr><td style=\"padding:10px; border-bottom:1px solid #eee;\"><strong>80 cm<\/strong><\/td><td style=\"padding:10px; border-bottom:1px solid #eee;\">50 \u00e0 60 cm<\/td><td style=\"padding:10px; border-bottom:1px solid #eee;\"><strong>Des deux c\u00f4t\u00e9s<\/strong><\/td><\/tr><tr><td style=\"padding:10px; border-bottom:1px solid #eee;\">90 cm<\/td><td style=\"padding:10px; border-bottom:1px solid #eee;\">60 cm<\/td><td style=\"padding:10px; border-bottom:1px solid #eee;\">Confortable<\/td><\/tr><tr><td style=\"padding:10px; border-bottom:1px solid #eee;\"><strong>120 cm<\/strong><\/td><td style=\"padding:10px; border-bottom:1px solid #eee;\">60 cm d\u00e9centr\u00e9e<\/td><td style=\"padding:10px; border-bottom:1px solid #eee;\"><strong>50 \u00e0 60 cm continus<\/strong><\/td><\/tr><\/tbody><\/table>\t\t\t\t\t\t\t\t<\/div>\n\t\t\t\t<\/div>\n\t\t\t\t\t<\/div>\n\t\t<\/div>\n\t\t\t\t\t<\/div>\n\t\t<\/section>\n\t\t\t\t<section class=\"elementor-section elementor-top-section elementor-element elementor-element-35a6ef0 elementor-section-boxed elementor-section-height-default elementor-section-height-default\" data-id=\"35a6ef0\" data-element_type=\"section\">\n\t\t\t\t\t\t<div class=\"elementor-container elementor-column-gap-default\">\n\t\t\t\t\t<div class=\"elementor-column elementor-col-40 elementor-top-column elementor-element elementor-element-7b9f934\" data-id=\"7b9f934\" data-element_type=\"column\">\n\t\t\t<div class=\"elementor-widget-wrap elementor-element-populated\">\n\t\t\t\t\t\t<div class=\"vamtam-has-theme-widget-styles elementor-element elementor-element-8c7c7f3 elementor-widget elementor-widget-image\" data-id=\"8c7c7f3\" data-element_type=\"widget\" data-widget_type=\"image.default\">\n\t\t\t\t<div class=\"elementor-widget-container\">\n\t\t\t\t\t\t\t\t\t<div class=\"elementor-image\">\n\t\t\t\t\t\t\t\t\t\t\t\t\t\t\t\t<figure class=\"wp-caption\">\n\t\t\t\t\t\t\t\t\t\t\t\t\t\t\t\t\t<a href=\"https:\/\/www.wanda-collection.com\/art-meuble-de-salle-de-bain-suspendu-en-teck-cosy-40cm-1380.htm\">\n\t\t\t\t\t\t\t\t\t\t\t<img decoding=\"async\" width=\"1028\" height=\"1028\" src=\"https:\/\/www.wanda-collection.com\/blog\/wp-content\/uploads\/2026\/08\/mb-cosy40.jpg\" class=\"attachment-full size-full wp-image-992840\" alt=\"Petit meuble de salle de bain suspendu en teck de 40 cm pour lave-mains\" srcset=\"https:\/\/www.wanda-collection.com\/blog\/wp-content\/uploads\/2026\/08\/mb-cosy40.jpg 1028w, https:\/\/www.wanda-collection.com\/blog\/wp-content\/uploads\/2026\/08\/mb-cosy40-300x300.jpg 300w, https:\/\/www.wanda-collection.com\/blog\/wp-content\/uploads\/2026\/08\/mb-cosy40-1024x1024.jpg 1024w, https:\/\/www.wanda-collection.com\/blog\/wp-content\/uploads\/2026\/08\/mb-cosy40-150x150.jpg 150w, https:\/\/www.wanda-collection.com\/blog\/wp-content\/uploads\/2026\/08\/mb-cosy40-768x768.jpg 768w\" sizes=\"(max-width: 1028px) 100vw, 1028px\" \/>\t\t\t\t\t\t\t\t\t\t\t\t<\/a>\n\t\t\t\t\t\t\t\t\t\t\t\t\t\t\t\t\t<figcaption class=\"widget-image-caption wp-caption-text\">Meuble Cosy, 40 cm<\/figcaption>\n\t\t\t\t\t\t\t\t\t\t\t\t\t\t\t\t<\/figure>\n\t\t\t\t\t\t\t\t\t\t\t\t\t\t<\/div>\n\t\t\t\t\t\t\t\t<\/div>\n\t\t\t\t<\/div>\n\t\t\t\t\t<\/div>\n\t\t<\/div>\n\t\t\t\t<div class=\"elementor-column elementor-col-60 elementor-top-column elementor-element elementor-element-9dd050e\" data-id=\"9dd050e\" data-element_type=\"column\">\n\t\t\t<div class=\"elementor-widget-wrap elementor-element-populated\">\n\t\t\t\t\t\t<div class=\"elementor-element elementor-element-d72a73a elementor-widget elementor-widget-text-editor\" data-id=\"d72a73a\" data-element_type=\"widget\" data-widget_type=\"text-editor.default\">\n\t\t\t\t<div class=\"elementor-widget-container\">\n\t\t\t\t\t\t\t\t\t<h3>60 cm : le standard, et sa vraie limite<\/h3><p>C&rsquo;est la largeur la plus vendue et celle qui \u00e9quipe la majorit\u00e9 des salles de bain fran\u00e7aises. Elle accueille une vasque de 40 cm au maximum, laisse une bande \u00e9troite de chaque c\u00f4t\u00e9, et offre un caisson r\u00e9ellement utilisable sous le bassin.<\/p><p>Sa limite est le plan de d\u00e9pose : \u00e0 60 cm, il n&rsquo;y a pas la place de poser une trousse de toilette \u00e0 c\u00f4t\u00e9 du bassin. Tout ce qui sert au quotidien doit donc entrer dans le meuble, ou aller sur une tablette murale.<\/p><p>C&rsquo;est le format \u00e0 viser sans h\u00e9siter si la pi\u00e8ce fait moins de 5 m\u00b2. Au del\u00e0, il devient un choix par d\u00e9faut plut\u00f4t qu&rsquo;un choix. Voir nos conseils pour <a href=\"https:\/\/www.wanda-collection.com\/blog\/comment-amenager-une-petite-salle-de-bain\/\">am\u00e9nager une petite salle de bain<\/a>.<\/p>\t\t\t\t\t\t\t\t<\/div>\n\t\t\t\t<\/div>\n\t\t\t\t<div class=\"vamtam-has-theme-widget-styles elementor-element elementor-element-818f18d elementor-align-center elementor-widget elementor-widget-button\" data-id=\"818f18d\" data-element_type=\"widget\" data-widget_type=\"button.default\">\n\t\t\t\t<div class=\"elementor-widget-container\">\n\t\t\t\t\t\t\t\t\t<div class=\"elementor-button-wrapper\">\n\t\t\t\t\t<a class=\"elementor-button elementor-button-link elementor-size-sm\" href=\"https:\/\/www.wanda-collection.com\/art-meuble-sous-vasque-en-teck-aktual-60cm-56153.htm\">\n\t\t\t\t\t\t<span class=\"elementor-button-content-wrapper\">\n\t\t\t\t\t\t\t\t\t<span class=\"elementor-button-text\">Voir le meuble Aktual 60 cm<\/span>\n\t\t\t\t\t<\/span>\n\t\t\t\t\t<\/a>\n\t\t\t\t<\/div>\n\t\t\t\t\t\t\t\t<\/div>\n\t\t\t\t<\/div>\n\t\t\t\t\t<\/div>\n\t\t<\/div>\n\t\t\t\t\t<\/div>\n\t\t<\/section>\n\t\t\t\t<section class=\"elementor-section elementor-top-section elementor-element elementor-element-ccb52b0 elementor-section-boxed elementor-section-height-default elementor-section-height-default\" data-id=\"ccb52b0\" data-element_type=\"section\">\n\t\t\t\t\t\t<div class=\"elementor-container elementor-column-gap-default\">\n\t\t\t\t\t<div class=\"elementor-column elementor-col-60 elementor-top-column elementor-element elementor-element-d68e5d2\" data-id=\"d68e5d2\" data-element_type=\"column\">\n\t\t\t<div class=\"elementor-widget-wrap elementor-element-populated\">\n\t\t\t\t\t\t<div class=\"elementor-element elementor-element-52c8164 elementor-widget elementor-widget-text-editor\" data-id=\"52c8164\" data-element_type=\"widget\" data-widget_type=\"text-editor.default\">\n\t\t\t\t<div class=\"elementor-widget-container\">\n\t\t\t\t\t\t\t\t\t<h3>80 cm : le vrai saut de confort<\/h3><p>C&rsquo;est ici que la qualit\u00e9 d&rsquo;usage change, et pas progressivement. \u00c0 80 cm, on pose une vasque de 50 \u00e0 60 cm et il reste une surface de d\u00e9pose <strong>de chaque c\u00f4t\u00e9<\/strong>. Le verre, le flacon, la trousse trouvent leur place sans encombrer le bassin.<\/p><p>Le caisson gagne aussi en volume utile, assez pour absorber le contenu d&rsquo;une armoire de toilette. Vingt centim\u00e8tres de plus qu&rsquo;un 60 cm, mais une pi\u00e8ce qui fonctionne autrement au quotidien.<\/p><p>C&rsquo;est le format \u00e0 retenir d\u00e8s que la pi\u00e8ce d\u00e9passe 6 m\u00b2, et le meilleur rapport largeur sur confort de toute la gamme.<\/p><h3>90 cm : le confort sans basculer dans le grand format<\/h3><p>M\u00eame logique qu&rsquo;\u00e0 80 cm, avec une vasque qui peut monter \u00e0 60 cm et un rangement plus g\u00e9n\u00e9reux, souvent organis\u00e9 en trois tiroirs plut\u00f4t qu&rsquo;en deux portes. C&rsquo;est un format interm\u00e9diaire peu propos\u00e9 sur le march\u00e9, et c&rsquo;est dommage : il tient dans beaucoup de pi\u00e8ces o\u00f9 l&rsquo;on croit devoir se limiter \u00e0 80.<\/p>\t\t\t\t\t\t\t\t<\/div>\n\t\t\t\t<\/div>\n\t\t\t\t<div class=\"vamtam-has-theme-widget-styles elementor-element elementor-element-0daa69c elementor-align-center elementor-widget elementor-widget-button\" data-id=\"0daa69c\" data-element_type=\"widget\" data-widget_type=\"button.default\">\n\t\t\t\t<div class=\"elementor-widget-container\">\n\t\t\t\t\t\t\t\t\t<div class=\"elementor-button-wrapper\">\n\t\t\t\t\t<a class=\"elementor-button elementor-button-link elementor-size-sm\" href=\"https:\/\/www.wanda-collection.com\/art-meuble-salle-de-bain-en-teck-vintage-90-cm-2980.htm\">\n\t\t\t\t\t\t<span class=\"elementor-button-content-wrapper\">\n\t\t\t\t\t\t\t\t\t<span class=\"elementor-button-text\">Voir le meuble Vintage 90 cm<\/span>\n\t\t\t\t\t<\/span>\n\t\t\t\t\t<\/a>\n\t\t\t\t<\/div>\n\t\t\t\t\t\t\t\t<\/div>\n\t\t\t\t<\/div>\n\t\t\t\t\t<\/div>\n\t\t<\/div>\n\t\t\t\t<div class=\"elementor-column elementor-col-40 elementor-top-column elementor-element elementor-element-8c8bf36\" data-id=\"8c8bf36\" data-element_type=\"column\">\n\t\t\t<div class=\"elementor-widget-wrap elementor-element-populated\">\n\t\t\t\t\t\t<div class=\"vamtam-has-theme-widget-styles elementor-element elementor-element-e5e87ee elementor-widget elementor-widget-image\" data-id=\"e5e87ee\" data-element_type=\"widget\" data-widget_type=\"image.default\">\n\t\t\t\t<div class=\"elementor-widget-container\">\n\t\t\t\t\t\t\t\t\t<div class=\"elementor-image\">\n\t\t\t\t\t\t\t\t\t\t\t\t\t\t\t\t<figure class=\"wp-caption\">\n\t\t\t\t\t\t\t\t\t\t\t\t\t\t\t\t\t<a href=\"https:\/\/www.wanda-collection.com\/art-meuble-salle-de-bain-en-teck-vintage-90-cm-2980.htm\">\n\t\t\t\t\t\t\t\t\t\t\t<img decoding=\"async\" width=\"1028\" height=\"1028\" src=\"https:\/\/www.wanda-collection.com\/blog\/wp-content\/uploads\/2026\/08\/mb-vintage90.jpg\" class=\"attachment-full size-full wp-image-992842\" alt=\"Meuble de salle de bain en teck Vintage de 90 cm pos\u00e9 au sol\" srcset=\"https:\/\/www.wanda-collection.com\/blog\/wp-content\/uploads\/2026\/08\/mb-vintage90.jpg 1028w, https:\/\/www.wanda-collection.com\/blog\/wp-content\/uploads\/2026\/08\/mb-vintage90-300x300.jpg 300w, https:\/\/www.wanda-collection.com\/blog\/wp-content\/uploads\/2026\/08\/mb-vintage90-1024x1024.jpg 1024w, https:\/\/www.wanda-collection.com\/blog\/wp-content\/uploads\/2026\/08\/mb-vintage90-150x150.jpg 150w, https:\/\/www.wanda-collection.com\/blog\/wp-content\/uploads\/2026\/08\/mb-vintage90-768x768.jpg 768w\" sizes=\"(max-width: 1028px) 100vw, 1028px\" \/>\t\t\t\t\t\t\t\t\t\t\t\t<\/a>\n\t\t\t\t\t\t\t\t\t\t\t\t\t\t\t\t\t<figcaption class=\"widget-image-caption wp-caption-text\">Meuble en teck Vintage, 90 cm<\/figcaption>\n\t\t\t\t\t\t\t\t\t\t\t\t\t\t\t\t<\/figure>\n\t\t\t\t\t\t\t\t\t\t\t\t\t\t<\/div>\n\t\t\t\t\t\t\t\t<\/div>\n\t\t\t\t<\/div>\n\t\t\t\t\t<\/div>\n\t\t<\/div>\n\t\t\t\t\t<\/div>\n\t\t<\/section>\n\t\t\t\t<section class=\"elementor-section elementor-top-section elementor-element elementor-element-c766547 elementor-section-boxed elementor-section-height-default elementor-section-height-default\" data-id=\"c766547\" data-element_type=\"section\">\n\t\t\t\t\t\t<div class=\"elementor-container elementor-column-gap-default\">\n\t\t\t\t\t<div class=\"elementor-column elementor-col-40 elementor-top-column elementor-element elementor-element-3d6e9da\" data-id=\"3d6e9da\" data-element_type=\"column\">\n\t\t\t<div class=\"elementor-widget-wrap elementor-element-populated\">\n\t\t\t\t\t\t<div class=\"vamtam-has-theme-widget-styles elementor-element elementor-element-d64c6f1 elementor-widget elementor-widget-image\" data-id=\"d64c6f1\" data-element_type=\"widget\" data-widget_type=\"image.default\">\n\t\t\t\t<div class=\"elementor-widget-container\">\n\t\t\t\t\t\t\t\t\t<div class=\"elementor-image\">\n\t\t\t\t\t\t\t\t\t\t\t\t\t\t\t\t<figure class=\"wp-caption\">\n\t\t\t\t\t\t\t\t\t\t\t\t\t\t\t\t\t<a href=\"https:\/\/www.wanda-collection.com\/art-meuble-salle-de-bain-en-teck-et-ceramique-sira-solo-120-cm-55183.htm\">\n\t\t\t\t\t\t\t\t\t\t\t<img loading=\"lazy\" decoding=\"async\" width=\"1028\" height=\"1028\" src=\"https:\/\/www.wanda-collection.com\/blog\/wp-content\/uploads\/2026\/08\/mb-sira120.jpg\" class=\"attachment-full size-full wp-image-992843\" alt=\"Meuble en teck et c\u00e9ramique Sira solo de 120 cm avec plan libre\" srcset=\"https:\/\/www.wanda-collection.com\/blog\/wp-content\/uploads\/2026\/08\/mb-sira120.jpg 1028w, https:\/\/www.wanda-collection.com\/blog\/wp-content\/uploads\/2026\/08\/mb-sira120-300x300.jpg 300w, https:\/\/www.wanda-collection.com\/blog\/wp-content\/uploads\/2026\/08\/mb-sira120-1024x1024.jpg 1024w, https:\/\/www.wanda-collection.com\/blog\/wp-content\/uploads\/2026\/08\/mb-sira120-150x150.jpg 150w, https:\/\/www.wanda-collection.com\/blog\/wp-content\/uploads\/2026\/08\/mb-sira120-768x768.jpg 768w\" sizes=\"(max-width: 1028px) 100vw, 1028px\" \/>\t\t\t\t\t\t\t\t\t\t\t\t<\/a>\n\t\t\t\t\t\t\t\t\t\t\t\t\t\t\t\t\t<figcaption class=\"widget-image-caption wp-caption-text\">Meuble Sira solo, 120 cm<\/figcaption>\n\t\t\t\t\t\t\t\t\t\t\t\t\t\t\t\t<\/figure>\n\t\t\t\t\t\t\t\t\t\t\t\t\t\t<\/div>\n\t\t\t\t\t\t\t\t<\/div>\n\t\t\t\t<\/div>\n\t\t\t\t\t<\/div>\n\t\t<\/div>\n\t\t\t\t<div class=\"elementor-column elementor-col-60 elementor-top-column elementor-element elementor-element-9b20102\" data-id=\"9b20102\" data-element_type=\"column\">\n\t\t\t<div class=\"elementor-widget-wrap elementor-element-populated\">\n\t\t\t\t\t\t<div class=\"elementor-element elementor-element-36255bd elementor-widget elementor-widget-text-editor\" data-id=\"36255bd\" data-element_type=\"widget\" data-widget_type=\"text-editor.default\">\n\t\t\t\t<div class=\"elementor-widget-container\">\n\t\t\t\t\t\t\t\t\t<h3>120 cm : une vasque et un vrai plan de travail<\/h3><p>\u00c0 cette largeur, on ne cherche plus \u00e0 caser une vasque mais \u00e0 cr\u00e9er une surface. Un meuble de 120 cm avec une seule vasque d\u00e9centr\u00e9e lib\u00e8re <strong>50 \u00e0 60 cm de plateau continu<\/strong>, ce qui change la nature de l&rsquo;objet : ce n&rsquo;est plus un support de bassin, c&rsquo;est un plan.<\/p><p>C&rsquo;est aussi l&rsquo;arbitrage le plus mal compris. Sur 120 cm, beaucoup h\u00e9sitent avec une double vasque. Or une double vasque demande 140 cm minimum pour \u00eatre utilisable \u00e0 deux : sous cette cote, une simple vasque large est objectivement un meilleur achat. Le calcul complet est dans notre <a href=\"https:\/\/www.wanda-collection.com\/blog\/choisir-un-meuble-double-vasque-pour-sa-salle-de-bain\/\">guide du meuble double vasque<\/a>.<\/p>\t\t\t\t\t\t\t\t<\/div>\n\t\t\t\t<\/div>\n\t\t\t\t<div class=\"vamtam-has-theme-widget-styles elementor-element elementor-element-9f1634c elementor-align-center elementor-widget elementor-widget-button\" data-id=\"9f1634c\" data-element_type=\"widget\" data-widget_type=\"button.default\">\n\t\t\t\t<div class=\"elementor-widget-container\">\n\t\t\t\t\t\t\t\t\t<div class=\"elementor-button-wrapper\">\n\t\t\t\t\t<a class=\"elementor-button elementor-button-link elementor-size-sm\" href=\"https:\/\/www.wanda-collection.com\/art-meuble-salle-de-bain-en-teck-et-ceramique-sira-solo-120-cm-55183.htm\">\n\t\t\t\t\t\t<span class=\"elementor-button-content-wrapper\">\n\t\t\t\t\t\t\t\t\t<span class=\"elementor-button-text\">Voir le meuble Sira solo 120 cm<\/span>\n\t\t\t\t\t<\/span>\n\t\t\t\t\t<\/a>\n\t\t\t\t<\/div>\n\t\t\t\t\t\t\t\t<\/div>\n\t\t\t\t<\/div>\n\t\t\t\t\t<\/div>\n\t\t<\/div>\n\t\t\t\t\t<\/div>\n\t\t<\/section>\n\t\t\t\t<section class=\"elementor-section elementor-top-section elementor-element elementor-element-afa8cf5 elementor-section-boxed elementor-section-height-default elementor-section-height-default\" data-id=\"afa8cf5\" data-element_type=\"section\">\n\t\t\t\t\t\t<div class=\"elementor-container elementor-column-gap-default\">\n\t\t\t\t\t<div class=\"elementor-column elementor-col-60 elementor-top-column elementor-element elementor-element-5a8f8e8\" data-id=\"5a8f8e8\" data-element_type=\"column\">\n\t\t\t<div class=\"elementor-widget-wrap elementor-element-populated\">\n\t\t\t\t\t\t<div class=\"elementor-element elementor-element-60678ac elementor-widget elementor-widget-text-editor\" data-id=\"60678ac\" data-element_type=\"widget\" data-widget_type=\"text-editor.default\">\n\t\t\t\t<div class=\"elementor-widget-container\">\n\t\t\t\t\t\t\t\t\t<h2>Le rangement ne suit pas la largeur<\/h2><p>C&rsquo;est le point contre-intuitif. Le volume affich\u00e9 d&rsquo;un caisson n&rsquo;est jamais le volume disponible, parce que le siphon traverse l&rsquo;espace en son centre et le d\u00e9coupe.<\/p><p>Passer de 60 \u00e0 80 cm n&rsquo;ajoute donc pas un tiers de rangement utile : le siphon reste au m\u00eame endroit, et ce sont les zones lat\u00e9rales qui s&rsquo;\u00e9largissent. D&rsquo;o\u00f9 l&rsquo;arbitrage entre portes et tiroirs, qui compte davantage que la largeur elle m\u00eame.<\/p><p><strong>Une porte<\/strong> donne acc\u00e8s \u00e0 tout le caisson d&rsquo;un coup, siphon compris, et convient aux objets hauts. <strong>Un tiroir en U<\/strong> contourne le siphon et r\u00e9cup\u00e8re le volume lat\u00e9ral tout en rendant le fond accessible sans se baisser. Pour le quotidien, le tiroir gagne largement.<\/p>\t\t\t\t\t\t\t\t<\/div>\n\t\t\t\t<\/div>\n\t\t\t\t\t<\/div>\n\t\t<\/div>\n\t\t\t\t<div class=\"elementor-column elementor-col-40 elementor-top-column elementor-element elementor-element-a49cc78\" data-id=\"a49cc78\" data-element_type=\"column\">\n\t\t\t<div class=\"elementor-widget-wrap elementor-element-populated\">\n\t\t\t\t\t\t<div class=\"vamtam-has-theme-widget-styles elementor-element elementor-element-39d98dd elementor-widget elementor-widget-image\" data-id=\"39d98dd\" data-element_type=\"widget\" data-widget_type=\"image.default\">\n\t\t\t\t<div class=\"elementor-widget-container\">\n\t\t\t\t\t\t\t\t\t<div class=\"elementor-image\">\n\t\t\t\t\t\t\t\t\t\t\t\t\t\t\t\t<figure class=\"wp-caption\">\n\t\t\t\t\t\t\t\t\t\t\t\t\t\t\t\t\t<a href=\"https:\/\/www.wanda-collection.com\/art-meuble-de-salle-de-bain-en-mindi-60-cm-loft-blanc-2042.htm\">\n\t\t\t\t\t\t\t\t\t\t\t<img loading=\"lazy\" decoding=\"async\" width=\"1028\" height=\"1028\" src=\"https:\/\/www.wanda-collection.com\/blog\/wp-content\/uploads\/2026\/08\/mb-mindi60.jpg\" class=\"attachment-full size-full wp-image-992845\" alt=\"Meuble de salle de bain en mindi et m\u00e9tal blanc de 60 cm\" srcset=\"https:\/\/www.wanda-collection.com\/blog\/wp-content\/uploads\/2026\/08\/mb-mindi60.jpg 1028w, https:\/\/www.wanda-collection.com\/blog\/wp-content\/uploads\/2026\/08\/mb-mindi60-300x300.jpg 300w, https:\/\/www.wanda-collection.com\/blog\/wp-content\/uploads\/2026\/08\/mb-mindi60-1024x1024.jpg 1024w, https:\/\/www.wanda-collection.com\/blog\/wp-content\/uploads\/2026\/08\/mb-mindi60-150x150.jpg 150w, https:\/\/www.wanda-collection.com\/blog\/wp-content\/uploads\/2026\/08\/mb-mindi60-768x768.jpg 768w\" sizes=\"(max-width: 1028px) 100vw, 1028px\" \/>\t\t\t\t\t\t\t\t\t\t\t\t<\/a>\n\t\t\t\t\t\t\t\t\t\t\t\t\t\t\t\t\t<figcaption class=\"widget-image-caption wp-caption-text\">Meuble Loft mindi, 60 cm<\/figcaption>\n\t\t\t\t\t\t\t\t\t\t\t\t\t\t\t\t<\/figure>\n\t\t\t\t\t\t\t\t\t\t\t\t\t\t<\/div>\n\t\t\t\t\t\t\t\t<\/div>\n\t\t\t\t<\/div>\n\t\t\t\t\t<\/div>\n\t\t<\/div>\n\t\t\t\t\t<\/div>\n\t\t<\/section>\n\t\t\t\t<section class=\"elementor-section elementor-top-section elementor-element elementor-element-cc90d49 elementor-section-boxed elementor-section-height-default elementor-section-height-default\" data-id=\"cc90d49\" data-element_type=\"section\">\n\t\t\t\t\t\t<div class=\"elementor-container elementor-column-gap-default\">\n\t\t\t\t\t<div class=\"elementor-column elementor-col-100 elementor-top-column elementor-element elementor-element-8772c14\" data-id=\"8772c14\" data-element_type=\"column\">\n\t\t\t<div class=\"elementor-widget-wrap elementor-element-populated\">\n\t\t\t\t\t\t<div class=\"elementor-element elementor-element-6f1c2a6 elementor-widget elementor-widget-text-editor\" data-id=\"6f1c2a6\" data-element_type=\"widget\" data-widget_type=\"text-editor.default\">\n\t\t\t\t<div class=\"elementor-widget-container\">\n\t\t\t\t\t\t\t\t\t<h2>La largeur ne dit rien de la hauteur<\/h2><p>Deux meubles de m\u00eame largeur peuvent avoir 13 cm d&rsquo;\u00e9cart en hauteur, et ce n&rsquo;est pas une incoh\u00e9rence : la hauteur d\u00e9pend de ce que le meuble re\u00e7oit. Sur la collection Wanda, les cotes mesur\u00e9es vont de 77 \u00e0 90 cm selon que le meuble accueille une vasque \u00e0 poser ou un plan int\u00e9gr\u00e9.<\/p><p>La r\u00e8gle : le bord du bassin doit arriver entre 85 et 90 cm du sol. Avec une vasque \u00e0 poser de 12 cm, le meuble doit donc culminer autour de 73 cm. Le calcul d\u00e9taill\u00e9 est dans notre <a href=\"https:\/\/www.wanda-collection.com\/blog\/hauteur-dimensions-meuble-salle-de-bain\/\">guide de la hauteur du meuble de salle de bain<\/a>.<\/p>\t\t\t\t\t\t\t\t<\/div>\n\t\t\t\t<\/div>\n\t\t\t\t\t<\/div>\n\t\t<\/div>\n\t\t\t\t\t<\/div>\n\t\t<\/section>\n\t\t\t\t<section class=\"elementor-section elementor-top-section elementor-element elementor-element-7365655 elementor-section-boxed elementor-section-height-default elementor-section-height-default\" data-id=\"7365655\" data-element_type=\"section\">\n\t\t\t\t\t\t<div class=\"elementor-container elementor-column-gap-default\">\n\t\t\t\t\t<div class=\"elementor-column elementor-col-100 elementor-top-column elementor-element elementor-element-9f2c2a1\" data-id=\"9f2c2a1\" data-element_type=\"column\">\n\t\t\t<div class=\"elementor-widget-wrap elementor-element-populated\">\n\t\t\t\t\t\t<div class=\"elementor-element elementor-element-4c3408e elementor-widget elementor-widget-text-editor\" data-id=\"4c3408e\" data-element_type=\"widget\" data-widget_type=\"text-editor.default\">\n\t\t\t\t<div class=\"elementor-widget-container\">\n\t\t\t\t\t\t\t\t\t<h2>Les quatre erreurs les plus fr\u00e9quentes<\/h2><p><strong>Prendre la largeur maximale possible.<\/strong> Un meuble qui remplit le mur \u00e9trangle la circulation. Les 80 cm de d\u00e9gagement devant priment sur tout le reste.<\/p><p><strong>Choisir une vasque trop large pour le meuble.<\/strong> Il faut 10 cm de plan de chaque c\u00f4t\u00e9. Sur 60 cm, cela plafonne le bassin \u00e0 40 cm, sans exception.<\/p><p><strong>Croire qu&rsquo;une double vasque tient sur 120 cm.<\/strong> Il en faut 140 au minimum pour deux personnes. En dessous, on perd le grand plan sans gagner un vrai second poste.<\/p><p><strong>Esp\u00e9rer plus de rangement en \u00e9largissant.<\/strong> Le siphon reste au centre. C&rsquo;est le passage aux tiroirs qui change le volume utile, pas les vingt centim\u00e8tres.<\/p>\t\t\t\t\t\t\t\t<\/div>\n\t\t\t\t<\/div>\n\t\t\t\t\t<\/div>\n\t\t<\/div>\n\t\t\t\t\t<\/div>\n\t\t<\/section>\n\t\t\t\t<section class=\"elementor-section elementor-top-section elementor-element elementor-element-bd43c79 elementor-section-boxed elementor-section-height-default elementor-section-height-default\" data-id=\"bd43c79\" data-element_type=\"section\">\n\t\t\t\t\t\t<div class=\"elementor-container elementor-column-gap-default\">\n\t\t\t\t\t<div class=\"elementor-column elementor-col-100 elementor-top-column elementor-element elementor-element-02dcd51\" data-id=\"02dcd51\" data-element_type=\"column\">\n\t\t\t<div class=\"elementor-widget-wrap elementor-element-populated\">\n\t\t\t\t\t\t<div class=\"elementor-element elementor-element-865ec8d elementor-widget elementor-widget-heading\" data-id=\"865ec8d\" data-element_type=\"widget\" data-widget_type=\"heading.default\">\n\t\t\t\t<div class=\"elementor-widget-container\">\n\t\t\t\t\t<h2 class=\"elementor-heading-title elementor-size-default\">La s\u00e9lection Wanda Collection<\/h2>\t\t\t\t<\/div>\n\t\t\t\t<\/div>\n\t\t\t\t\t<\/div>\n\t\t<\/div>\n\t\t\t\t\t<\/div>\n\t\t<\/section>\n\t\t\t\t<section class=\"elementor-section elementor-top-section elementor-element elementor-element-042a5e1 elementor-section-boxed elementor-section-height-default elementor-section-height-default\" data-id=\"042a5e1\" data-element_type=\"section\">\n\t\t\t\t\t\t<div class=\"elementor-container elementor-column-gap-default\">\n\t\t\t\t\t<div class=\"elementor-column elementor-col-100 elementor-top-column elementor-element elementor-element-fe2c879\" data-id=\"fe2c879\" data-element_type=\"column\">\n\t\t\t<div class=\"elementor-widget-wrap elementor-element-populated\">\n\t\t\t\t\t\t<div class=\"elementor-element elementor-element-de86356 elementor-widget elementor-widget-text-editor\" data-id=\"de86356\" data-element_type=\"widget\" data-widget_type=\"text-editor.default\">\n\t\t\t\t<div class=\"elementor-widget-container\">\n\t\t\t\t\t\t\t\t\t<p>La collection compte 63 meubles simple vasque, dont 16 en 60 cm, 15 en 80 cm et 5 en 120 cm. Voici un mod\u00e8le repr\u00e9sentatif par largeur.<\/p><ul><li><strong><a href=\"https:\/\/www.wanda-collection.com\/art-meuble-de-salle-de-bain-suspendu-en-teck-cosy-40cm-1380.htm\">Meuble suspendu en teck Cosy 40 cm<\/a><\/strong> : le format lave-mains, pour un WC ou une salle d&rsquo;eau d&rsquo;appoint.<\/li><li><strong><a href=\"https:\/\/www.wanda-collection.com\/art-meuble-sous-vasque-en-teck-aktual-60cm-56153.htm\">Meuble sous vasque en teck Aktual 60 cm<\/a><\/strong> : le standard en teck massif suspendu.<\/li><li><strong><a href=\"https:\/\/www.wanda-collection.com\/art-meuble-salle-de-bain-en-teck-et-terrazzo-noir-aktual-60cm-56189.htm\">Meuble teck et terrazzo noir 60 cm<\/a><\/strong> : m\u00eame largeur, plateau min\u00e9ral sans entretien.<\/li><li><strong><a href=\"https:\/\/www.wanda-collection.com\/art-meuble-de-salle-de-bain-en-mindi-60-cm-loft-blanc-2042.htm\">Meuble en mindi 60 cm Loft blanc<\/a><\/strong> : l&rsquo;alternative \u00e9conomique en 60 cm.<\/li><li><strong><a href=\"https:\/\/www.wanda-collection.com\/art-meuble-de-salle-de-bain-factory-teck-metal-70-cm-1358.htm\">Meuble Factory teck et m\u00e9tal 70 cm<\/a><\/strong> : la largeur interm\u00e9diaire, structure ouverte.<\/li><li><strong><a href=\"https:\/\/www.wanda-collection.com\/art-meuble-sous-vasque-en-teck-massif-vila-80cm-56156.htm\">Meuble sous vasque en teck massif Vila 80 cm<\/a><\/strong> : le passage au confort, plan de d\u00e9pose des deux c\u00f4t\u00e9s.<\/li><li><strong><a href=\"https:\/\/www.wanda-collection.com\/art-meuble-salle-de-bain-en-teck-vintage-90-cm-2980.htm\">Meuble en teck Vintage 90 cm<\/a><\/strong> : 90 cm pos\u00e9 au sol, rangement g\u00e9n\u00e9reux.<\/li><li><strong><a href=\"https:\/\/www.wanda-collection.com\/art-meuble-salle-de-bain-en-teck-et-ceramique-sira-solo-120-cm-55183.htm\">Meuble en teck et c\u00e9ramique Sira solo 120 cm<\/a><\/strong> : une vasque et 50 \u00e0 60 cm de plan libre.<\/li><\/ul>\t\t\t\t\t\t\t\t<\/div>\n\t\t\t\t<\/div>\n\t\t\t\t<div class=\"vamtam-has-theme-widget-styles elementor-element elementor-element-80202ab elementor-align-center elementor-widget elementor-widget-button\" data-id=\"80202ab\" data-element_type=\"widget\" data-widget_type=\"button.default\">\n\t\t\t\t<div class=\"elementor-widget-container\">\n\t\t\t\t\t\t\t\t\t<div class=\"elementor-button-wrapper\">\n\t\t\t\t\t<a class=\"elementor-button elementor-button-link elementor-size-sm\" href=\"https:\/\/www.wanda-collection.com\/cat-meuble-simple-vasque-156.htm\">\n\t\t\t\t\t\t<span class=\"elementor-button-content-wrapper\">\n\t\t\t\t\t\t\t\t\t<span class=\"elementor-button-text\">D\u00e9couvrir les 63 meubles<\/span>\n\t\t\t\t\t<\/span>\n\t\t\t\t\t<\/a>\n\t\t\t\t<\/div>\n\t\t\t\t\t\t\t\t<\/div>\n\t\t\t\t<\/div>\n\t\t\t\t\t<\/div>\n\t\t<\/div>\n\t\t\t\t\t<\/div>\n\t\t<\/section>\n\t\t\t\t<section class=\"elementor-section elementor-top-section elementor-element elementor-element-1639cb2 elementor-section-boxed elementor-section-height-default elementor-section-height-default\" data-id=\"1639cb2\" data-element_type=\"section\">\n\t\t\t\t\t\t<div class=\"elementor-container elementor-column-gap-default\">\n\t\t\t\t\t<div class=\"elementor-column elementor-col-100 elementor-top-column elementor-element elementor-element-e31c50f\" data-id=\"e31c50f\" data-element_type=\"column\">\n\t\t\t<div class=\"elementor-widget-wrap elementor-element-populated\">\n\t\t\t\t\t\t<div class=\"elementor-element elementor-element-5f46621 elementor-widget elementor-widget-text-editor\" data-id=\"5f46621\" data-element_type=\"widget\" data-widget_type=\"text-editor.default\">\n\t\t\t\t<div class=\"elementor-widget-container\">\n\t\t\t\t\t\t\t\t\t<p>La largeur fixe le cadre, le diam\u00e8tre de la vasque en d\u00e9coule, et la hauteur se calcule ensuite. Notre <a href=\"https:\/\/www.wanda-collection.com\/blog\/vasque-salle-de-bain-comment-choisir\/\">guide de la vasque de salle de bain<\/a> traite le choix du bassin, et le <a href=\"https:\/\/www.wanda-collection.com\/blog\/meuble-salle-de-bain-bois-massif\/\">guide du meuble de salle de bain en bois<\/a> les essences qui tiennent en pi\u00e8ce humide.<\/p>\n<!-- wanda-maillage-2026-08 --><div style=\"background:#faf6ef; border-left:4px solid #d4a84b; padding:24px 28px; margin:32px 0; border-radius:0 8px 8px 0;\"><p style=\"color:#1a1a2e; font-size:1.15em; margin:0 0 14px; font-weight:600; letter-spacing:0.3px; text-transform:uppercase;\">\u00c0 lire aussi sur le blog Wanda<\/p><ul style=\"margin:0; padding:0 0 0 18px; line-height:1.9;\"><li><a href=\"https:\/\/www.wanda-collection.com\/blog\/hauteur-dimensions-meuble-salle-de-bain\/\" style=\"font-weight:700; text-decoration:underline; color:#1a1a2e;\"><strong>Hauteur et dimensions du meuble de salle de bain<\/strong><\/a><\/li><li><a href=\"https:\/\/www.wanda-collection.com\/blog\/diametre-vasque-30-40-50-cm\/\" style=\"font-weight:700; text-decoration:underline; color:#1a1a2e;\"><strong>Diam\u00e8tre de vasque : 30, 40 ou 50 cm<\/strong><\/a><\/li><li><a href=\"https:\/\/www.wanda-collection.com\/blog\/choisir-un-meuble-double-vasque-pour-sa-salle-de-bain\/\" style=\"font-weight:700; text-decoration:underline; color:#1a1a2e;\"><strong>Meuble double vasque : quelle largeur<\/strong><\/a><\/li><\/ul><\/div>\t\t\t\t\t\t\t\t<\/div>\n\t\t\t\t<\/div>\n\t\t\t\t\t<\/div>\n\t\t<\/div>\n\t\t\t\t\t<\/div>\n\t\t<\/section>\n\t\t\t\t<section class=\"elementor-section elementor-top-section elementor-element elementor-element-d0d316c elementor-section-boxed elementor-section-height-default elementor-section-height-default\" data-id=\"d0d316c\" data-element_type=\"section\">\n\t\t\t\t\t\t<div class=\"elementor-container elementor-column-gap-default\">\n\t\t\t\t\t<div class=\"elementor-column elementor-col-100 elementor-top-column elementor-element elementor-element-fa8a8ec\" data-id=\"fa8a8ec\" data-element_type=\"column\">\n\t\t\t<div class=\"elementor-widget-wrap elementor-element-populated\">\n\t\t\t\t\t\t<div class=\"elementor-element elementor-element-0a4c9e9 elementor-widget elementor-widget-heading\" data-id=\"0a4c9e9\" data-element_type=\"widget\" data-widget_type=\"heading.default\">\n\t\t\t\t<div class=\"elementor-widget-container\">\n\t\t\t\t\t<h2 class=\"elementor-heading-title elementor-size-default\">FAQ : largeur du meuble de salle de bain<\/h2>\t\t\t\t<\/div>\n\t\t\t\t<\/div>\n\t\t\t\t\t<\/div>\n\t\t<\/div>\n\t\t\t\t\t<\/div>\n\t\t<\/section>\n\t\t\t\t<section class=\"elementor-section elementor-top-section elementor-element elementor-element-0b6f274 elementor-section-boxed elementor-section-height-default elementor-section-height-default\" data-id=\"0b6f274\" data-element_type=\"section\">\n\t\t\t\t\t\t<div class=\"elementor-container elementor-column-gap-default\">\n\t\t\t\t\t<div class=\"elementor-column elementor-col-100 elementor-top-column elementor-element elementor-element-269bc1d\" data-id=\"269bc1d\" data-element_type=\"column\">\n\t\t\t<div class=\"elementor-widget-wrap elementor-element-populated\">\n\t\t\t\t\t\t<div class=\"elementor-element elementor-element-df51ed4 elementor-widget elementor-widget-accordion\" data-id=\"df51ed4\" data-element_type=\"widget\" data-widget_type=\"accordion.default\">\n\t\t\t\t<div class=\"elementor-widget-container\">\n\t\t\t\t\t\t\t<div class=\"elementor-accordion\">\n\t\t\t\t\t\t\t<div class=\"elementor-accordion-item\">\n\t\t\t\t\t<div id=\"elementor-tab-title-2341\" class=\"elementor-tab-title\" data-tab=\"1\" role=\"button\" aria-controls=\"elementor-tab-content-2341\" aria-expanded=\"false\">\n\t\t\t\t\t\t\t\t\t\t\t\t\t<span class=\"elementor-accordion-icon elementor-accordion-icon-left\" aria-hidden=\"true\">\n\t\t\t\t\t\t\t\t\t\t\t\t\t\t\t<span class=\"elementor-accordion-icon-closed\"><i class=\"fas fa-plus\"><\/i><\/span>\n\t\t\t\t\t\t\t\t<span class=\"elementor-accordion-icon-opened\"><i class=\"fas fa-minus\"><\/i><\/span>\n\t\t\t\t\t\t\t\t\t\t\t\t\t\t<\/span>\n\t\t\t\t\t\t\t\t\t\t\t\t<a class=\"elementor-accordion-title\" tabindex=\"0\">Quelle largeur de meuble de salle de bain choisir ?<\/a>\n\t\t\t\t\t<\/div>\n\t\t\t\t\t<div id=\"elementor-tab-content-2341\" class=\"elementor-tab-content elementor-clearfix\" data-tab=\"1\" role=\"region\" aria-labelledby=\"elementor-tab-title-2341\"><p>60 cm pour une salle de bain de moins de 5 m\u00b2 et un usage quotidien, 80 cm d\u00e8s que la pi\u00e8ce d\u00e9passe 6 m\u00b2 pour disposer d&rsquo;un plan de d\u00e9pose de chaque c\u00f4t\u00e9 du bassin, et 120 cm si vous voulez une vasque d\u00e9centr\u00e9e et un vrai plan de travail continu. Dans tous les cas, gardez 80 cm libres devant la fa\u00e7ade.<\/p><\/div>\n\t\t\t\t<\/div>\n\t\t\t\t\t\t\t<div class=\"elementor-accordion-item\">\n\t\t\t\t\t<div id=\"elementor-tab-title-2342\" class=\"elementor-tab-title\" data-tab=\"2\" role=\"button\" aria-controls=\"elementor-tab-content-2342\" aria-expanded=\"false\">\n\t\t\t\t\t\t\t\t\t\t\t\t\t<span class=\"elementor-accordion-icon elementor-accordion-icon-left\" aria-hidden=\"true\">\n\t\t\t\t\t\t\t\t\t\t\t\t\t\t\t<span class=\"elementor-accordion-icon-closed\"><i class=\"fas fa-plus\"><\/i><\/span>\n\t\t\t\t\t\t\t\t<span class=\"elementor-accordion-icon-opened\"><i class=\"fas fa-minus\"><\/i><\/span>\n\t\t\t\t\t\t\t\t\t\t\t\t\t\t<\/span>\n\t\t\t\t\t\t\t\t\t\t\t\t<a class=\"elementor-accordion-title\" tabindex=\"0\">Quelle taille de vasque pour un meuble de 60 cm ?<\/a>\n\t\t\t\t\t<\/div>\n\t\t\t\t\t<div id=\"elementor-tab-content-2342\" class=\"elementor-tab-content elementor-clearfix\" data-tab=\"2\" role=\"region\" aria-labelledby=\"elementor-tab-title-2342\"><p>40 cm de diam\u00e8tre au maximum. Il faut conserver environ 10 cm de plan entre le bord du bassin et chaque bord du meuble, faute de quoi le plan devient inutilisable et le joint impossible \u00e0 nettoyer. La m\u00eame r\u00e8gle donne 50 \u00e0 60 cm de bassin sur un meuble de 80 cm.<\/p><\/div>\n\t\t\t\t<\/div>\n\t\t\t\t\t\t\t<div class=\"elementor-accordion-item\">\n\t\t\t\t\t<div id=\"elementor-tab-title-2343\" class=\"elementor-tab-title\" data-tab=\"3\" role=\"button\" aria-controls=\"elementor-tab-content-2343\" aria-expanded=\"false\">\n\t\t\t\t\t\t\t\t\t\t\t\t\t<span class=\"elementor-accordion-icon elementor-accordion-icon-left\" aria-hidden=\"true\">\n\t\t\t\t\t\t\t\t\t\t\t\t\t\t\t<span class=\"elementor-accordion-icon-closed\"><i class=\"fas fa-plus\"><\/i><\/span>\n\t\t\t\t\t\t\t\t<span class=\"elementor-accordion-icon-opened\"><i class=\"fas fa-minus\"><\/i><\/span>\n\t\t\t\t\t\t\t\t\t\t\t\t\t\t<\/span>\n\t\t\t\t\t\t\t\t\t\t\t\t<a class=\"elementor-accordion-title\" tabindex=\"0\">Un meuble de 80 cm apporte-t-il vraiment plus qu'un 60 cm ?<\/a>\n\t\t\t\t\t<\/div>\n\t\t\t\t\t<div id=\"elementor-tab-content-2343\" class=\"elementor-tab-content elementor-clearfix\" data-tab=\"3\" role=\"region\" aria-labelledby=\"elementor-tab-title-2343\"><p>Oui, et le saut n&rsquo;est pas progressif. \u00c0 60 cm, il n&rsquo;y a pas la place de poser une trousse de toilette \u00e0 c\u00f4t\u00e9 du bassin. \u00c0 80 cm, une surface de d\u00e9pose appara\u00eet de chaque c\u00f4t\u00e9, et le verre, le flacon et la trousse trouvent leur place sans encombrer la vasque. C&rsquo;est le meilleur rapport largeur sur confort de la gamme.<\/p><\/div>\n\t\t\t\t<\/div>\n\t\t\t\t\t\t\t<div class=\"elementor-accordion-item\">\n\t\t\t\t\t<div id=\"elementor-tab-title-2344\" class=\"elementor-tab-title\" data-tab=\"4\" role=\"button\" aria-controls=\"elementor-tab-content-2344\" aria-expanded=\"false\">\n\t\t\t\t\t\t\t\t\t\t\t\t\t<span class=\"elementor-accordion-icon elementor-accordion-icon-left\" aria-hidden=\"true\">\n\t\t\t\t\t\t\t\t\t\t\t\t\t\t\t<span class=\"elementor-accordion-icon-closed\"><i class=\"fas fa-plus\"><\/i><\/span>\n\t\t\t\t\t\t\t\t<span class=\"elementor-accordion-icon-opened\"><i class=\"fas fa-minus\"><\/i><\/span>\n\t\t\t\t\t\t\t\t\t\t\t\t\t\t<\/span>\n\t\t\t\t\t\t\t\t\t\t\t\t<a class=\"elementor-accordion-title\" tabindex=\"0\">Peut-on mettre une double vasque sur un meuble de 120 cm ?<\/a>\n\t\t\t\t\t<\/div>\n\t\t\t\t\t<div id=\"elementor-tab-content-2344\" class=\"elementor-tab-content elementor-clearfix\" data-tab=\"4\" role=\"region\" aria-labelledby=\"elementor-tab-title-2344\"><p>Techniquement oui, mais ce n&rsquo;est pas un bon achat. Une double vasque demande 140 cm minimum pour \u00eatre utilisable par deux personnes en m\u00eame temps, en comptant 70 cm de largeur utile par personne. Sur 120 cm, une belle vasque unique d\u00e9centr\u00e9e qui lib\u00e8re 50 \u00e0 60 cm de plan continu rend davantage service.<\/p><\/div>\n\t\t\t\t<\/div>\n\t\t\t\t\t\t\t<div class=\"elementor-accordion-item\">\n\t\t\t\t\t<div id=\"elementor-tab-title-2345\" class=\"elementor-tab-title\" data-tab=\"5\" role=\"button\" aria-controls=\"elementor-tab-content-2345\" aria-expanded=\"false\">\n\t\t\t\t\t\t\t\t\t\t\t\t\t<span class=\"elementor-accordion-icon elementor-accordion-icon-left\" aria-hidden=\"true\">\n\t\t\t\t\t\t\t\t\t\t\t\t\t\t\t<span class=\"elementor-accordion-icon-closed\"><i class=\"fas fa-plus\"><\/i><\/span>\n\t\t\t\t\t\t\t\t<span class=\"elementor-accordion-icon-opened\"><i class=\"fas fa-minus\"><\/i><\/span>\n\t\t\t\t\t\t\t\t\t\t\t\t\t\t<\/span>\n\t\t\t\t\t\t\t\t\t\t\t\t<a class=\"elementor-accordion-title\" tabindex=\"0\">Un meuble plus large offre-t-il plus de rangement ?<\/a>\n\t\t\t\t\t<\/div>\n\t\t\t\t\t<div id=\"elementor-tab-content-2345\" class=\"elementor-tab-content elementor-clearfix\" data-tab=\"5\" role=\"region\" aria-labelledby=\"elementor-tab-title-2345\"><p>Moins qu&rsquo;on ne le croit. Le siphon traverse le caisson en son centre et le d\u00e9coupe, quelle que soit la largeur : \u00e9largir n&rsquo;agrandit que les zones lat\u00e9rales. Ce qui change r\u00e9ellement le volume utile, c&rsquo;est le passage des portes aux tiroirs en U, qui contournent le siphon et r\u00e9cup\u00e8rent l&rsquo;espace des c\u00f4t\u00e9s.<\/p><\/div>\n\t\t\t\t<\/div>\n\t\t\t\t\t\t\t<div class=\"elementor-accordion-item\">\n\t\t\t\t\t<div id=\"elementor-tab-title-2346\" class=\"elementor-tab-title\" data-tab=\"6\" role=\"button\" aria-controls=\"elementor-tab-content-2346\" aria-expanded=\"false\">\n\t\t\t\t\t\t\t\t\t\t\t\t\t<span class=\"elementor-accordion-icon elementor-accordion-icon-left\" aria-hidden=\"true\">\n\t\t\t\t\t\t\t\t\t\t\t\t\t\t\t<span class=\"elementor-accordion-icon-closed\"><i class=\"fas fa-plus\"><\/i><\/span>\n\t\t\t\t\t\t\t\t<span class=\"elementor-accordion-icon-opened\"><i class=\"fas fa-minus\"><\/i><\/span>\n\t\t\t\t\t\t\t\t\t\t\t\t\t\t<\/span>\n\t\t\t\t\t\t\t\t\t\t\t\t<a class=\"elementor-accordion-title\" tabindex=\"0\">Quelle largeur pour des WC ou une salle d'eau d'appoint ?<\/a>\n\t\t\t\t\t<\/div>\n\t\t\t\t\t<div id=\"elementor-tab-content-2346\" class=\"elementor-tab-content elementor-clearfix\" data-tab=\"6\" role=\"region\" aria-labelledby=\"elementor-tab-title-2346\"><p>40 \u00e0 50 cm suffisent. \u00c0 cette largeur, le meuble accueille un petit bassin de 30 cm et sert surtout \u00e0 masquer le siphon tout en offrant une tablette. C&rsquo;est le format des WC avec lave-mains, des salles d&rsquo;eau sous escalier et des chambres d&rsquo;amis.<\/p><\/div>\n\t\t\t\t<\/div>\n\t\t\t\t\t\t\t\t<\/div>\n\t\t\t\t\t\t<\/div>\n\t\t\t\t<\/div>\n\t\t\t\t<div class=\"elementor-element elementor-element-b224d92 elementor-widget elementor-widget-html\" data-id=\"b224d92\" data-element_type=\"widget\" data-widget_type=\"html.default\">\n\t\t\t\t<div class=\"elementor-widget-container\">\n\t\t\t\t\t<script type=\"application\/ld+json\">{\"@context\": \"https:\/\/schema.org\", \"@type\": \"Article\", \"headline\": \"Meuble de salle de bain 60, 80 ou 120 cm : quelle largeur choisir\", \"description\": \"Meuble de salle de bain 60, 80 ou 120 cm : ce que permet chaque largeur, le diam\u00e8tre de vasque associ\u00e9, le rangement r\u00e9el et le d\u00e9gagement \u00e0 conserver.\", \"author\": {\"@type\": \"Organization\", \"name\": \"Wanda Collection\"}, \"publisher\": {\"@type\": \"Organization\", \"name\": \"Wanda Collection\", \"logo\": {\"@type\": \"ImageObject\", \"url\": \"https:\/\/www.wanda-collection.com\/img\/logo.png\"}}, \"mainEntityOfPage\": \"https:\/\/www.wanda-collection.com\/blog\/largeur-meuble-salle-de-bain-60-80-120\/\", \"image\": \"https:\/\/www.wanda-collection.com\/blog\/wp-content\/uploads\/2026\/08\/mb-vila80.jpg\"}<\/script>\n<script type=\"application\/ld+json\">{\"@context\": \"https:\/\/schema.org\", \"@type\": \"FAQPage\", \"mainEntity\": [{\"@type\": \"Question\", \"name\": \"Quelle largeur de meuble de salle de bain choisir ?\", \"acceptedAnswer\": {\"@type\": \"Answer\", \"text\": \"60 cm pour une salle de bain de moins de 5 m\u00b2 et un usage quotidien, 80 cm d\u00e8s que la pi\u00e8ce d\u00e9passe 6 m\u00b2 pour disposer d'un plan de d\u00e9pose de chaque c\u00f4t\u00e9 du bassin, et 120 cm si vous voulez une vasque d\u00e9centr\u00e9e et un vrai plan de travail continu. Dans tous les cas, gardez 80 cm libres devant la fa\u00e7ade.\"}}, {\"@type\": \"Question\", \"name\": \"Quelle taille de vasque pour un meuble de 60 cm ?\", \"acceptedAnswer\": {\"@type\": \"Answer\", \"text\": \"40 cm de diam\u00e8tre au maximum. Il faut conserver environ 10 cm de plan entre le bord du bassin et chaque bord du meuble, faute de quoi le plan devient inutilisable et le joint impossible \u00e0 nettoyer. La m\u00eame r\u00e8gle donne 50 \u00e0 60 cm de bassin sur un meuble de 80 cm.\"}}, {\"@type\": \"Question\", \"name\": \"Un meuble de 80 cm apporte-t-il vraiment plus qu'un 60 cm ?\", \"acceptedAnswer\": {\"@type\": \"Answer\", \"text\": \"Oui, et le saut n'est pas progressif. \u00c0 60 cm, il n'y a pas la place de poser une trousse de toilette \u00e0 c\u00f4t\u00e9 du bassin. \u00c0 80 cm, une surface de d\u00e9pose appara\u00eet de chaque c\u00f4t\u00e9, et le verre, le flacon et la trousse trouvent leur place sans encombrer la vasque. C'est le meilleur rapport largeur sur confort de la gamme.\"}}, {\"@type\": \"Question\", \"name\": \"Peut-on mettre une double vasque sur un meuble de 120 cm ?\", \"acceptedAnswer\": {\"@type\": \"Answer\", \"text\": \"Techniquement oui, mais ce n'est pas un bon achat. Une double vasque demande 140 cm minimum pour \u00eatre utilisable par deux personnes en m\u00eame temps, en comptant 70 cm de largeur utile par personne. Sur 120 cm, une belle vasque unique d\u00e9centr\u00e9e qui lib\u00e8re 50 \u00e0 60 cm de plan continu rend davantage service.\"}}, {\"@type\": \"Question\", \"name\": \"Un meuble plus large offre-t-il plus de rangement ?\", \"acceptedAnswer\": {\"@type\": \"Answer\", \"text\": \"Moins qu'on ne le croit. Le siphon traverse le caisson en son centre et le d\u00e9coupe, quelle que soit la largeur : \u00e9largir n'agrandit que les zones lat\u00e9rales. Ce qui change r\u00e9ellement le volume utile, c'est le passage des portes aux tiroirs en U, qui contournent le siphon et r\u00e9cup\u00e8rent l'espace des c\u00f4t\u00e9s.\"}}, {\"@type\": \"Question\", \"name\": \"Quelle largeur pour des WC ou une salle d'eau d'appoint ?\", \"acceptedAnswer\": {\"@type\": \"Answer\", \"text\": \"40 \u00e0 50 cm suffisent. \u00c0 cette largeur, le meuble accueille un petit bassin de 30 cm et sert surtout \u00e0 masquer le siphon tout en offrant une tablette. C'est le format des WC avec lave-mains, des salles d'eau sous escalier et des chambres d'amis.\"}}]}<\/script>\t\t\t\t<\/div>\n\t\t\t\t<\/div>\n\t\t\t\t\t<\/div>\n\t\t<\/div>\n\t\t\t\t\t<\/div>\n\t\t<\/section>\n\t\t\t\t<\/div>\n\t\t","protected":false},"excerpt":{"rendered":"<p>Meuble de salle de bain 60, 80 ou 120 cm : ce que permet chaque largeur, le diam\u00e8tre de vasque associ\u00e9, le rangement r\u00e9el et le d\u00e9gagement \u00e0 conserver.<\/p>\n","protected":false},"author":6,"featured_media":992839,"comment_status":"closed","ping_status":"open","sticky":false,"template":"","format":"standard","meta":{"footnotes":""},"categories":[104,102,16],"tags":[114],"class_list":["post-992894","post","type-post","status-publish","format-standard","has-post-thumbnail","hentry","category-amenagement","category-meubles-de-salle-de-bain","category-salle-de-bain","tag-guide-dachat"],"yoast_head":"<!-- This site is optimized with the Yoast SEO plugin v25.5 - https:\/\/yoast.com\/wordpress\/plugins\/seo\/ -->\n<title>Meuble de salle de bain 60, 80 ou 120 cm : quelle largeur choisir<\/title>\n<meta name=\"description\" content=\"Meuble de salle de bain 60, 80 ou 120 cm : ce que permet chaque largeur, le diam\u00e8tre de vasque associ\u00e9, le rangement r\u00e9el et le d\u00e9gagement \u00e0 conserver.\" \/>\n<meta name=\"robots\" content=\"index, follow, max-snippet:-1, max-image-preview:large, max-video-preview:-1\" \/>\n<link rel=\"canonical\" href=\"https:\/\/www.wanda-collection.com\/blog\/largeur-meuble-salle-de-bain-60-80-120\/\" \/>\n<meta property=\"og:locale\" content=\"fr_FR\" \/>\n<meta property=\"og:type\" content=\"article\" \/>\n<meta property=\"og:title\" content=\"Meuble de salle de bain 60, 80 ou 120 cm : quelle largeur choisir\" \/>\n<meta property=\"og:description\" content=\"Meuble de salle de bain 60, 80 ou 120 cm : ce que permet chaque largeur, le diam\u00e8tre de vasque associ\u00e9, le rangement r\u00e9el et le d\u00e9gagement \u00e0 conserver.\" \/>\n<meta property=\"og:url\" content=\"https:\/\/www.wanda-collection.com\/blog\/largeur-meuble-salle-de-bain-60-80-120\/\" \/>\n<meta property=\"og:site_name\" content=\"Wanda collection Le blog\" \/>\n<meta property=\"article:publisher\" content=\"https:\/\/www.facebook.com\/WandaCollection.fr\/\" \/>\n<meta property=\"article:published_time\" content=\"2026-08-31T14:54:59+00:00\" \/>\n<meta property=\"article:modified_time\" content=\"2026-08-31T14:57:30+00:00\" \/>\n<meta property=\"og:image\" content=\"https:\/\/www.wanda-collection.com\/blog\/wp-content\/uploads\/2026\/08\/mb-vila80.jpg\" \/>\n\t<meta property=\"og:image:width\" content=\"1028\" \/>\n\t<meta property=\"og:image:height\" content=\"1028\" \/>\n\t<meta property=\"og:image:type\" content=\"image\/jpeg\" \/>\n<meta name=\"author\" content=\"Damien Girardeau\" \/>\n<meta name=\"twitter:card\" content=\"summary_large_image\" \/>\n<meta name=\"twitter:label1\" content=\"\u00c9crit par\" \/>\n\t<meta name=\"twitter:data1\" content=\"Damien Girardeau\" \/>\n\t<meta name=\"twitter:label2\" content=\"Dur\u00e9e de lecture estim\u00e9e\" \/>\n\t<meta name=\"twitter:data2\" content=\"8 minutes\" \/>\n<script type=\"application\/ld+json\" class=\"yoast-schema-graph\">{\"@context\":\"https:\/\/schema.org\",\"@graph\":[{\"@type\":\"Article\",\"@id\":\"https:\/\/www.wanda-collection.com\/blog\/largeur-meuble-salle-de-bain-60-80-120\/#article\",\"isPartOf\":{\"@id\":\"https:\/\/www.wanda-collection.com\/blog\/largeur-meuble-salle-de-bain-60-80-120\/\"},\"author\":{\"name\":\"Damien Girardeau\",\"@id\":\"https:\/\/www.wanda-collection.com\/blog\/#\/schema\/person\/85c8dec31d24bad26b45a2319924d2e6\"},\"headline\":\"Meuble de salle de bain 60, 80 ou 120 cm : quelle largeur choisir\",\"datePublished\":\"2026-08-31T14:54:59+00:00\",\"dateModified\":\"2026-08-31T14:57:30+00:00\",\"mainEntityOfPage\":{\"@id\":\"https:\/\/www.wanda-collection.com\/blog\/largeur-meuble-salle-de-bain-60-80-120\/\"},\"wordCount\":1679,\"publisher\":{\"@id\":\"https:\/\/www.wanda-collection.com\/blog\/#organization\"},\"image\":{\"@id\":\"https:\/\/www.wanda-collection.com\/blog\/largeur-meuble-salle-de-bain-60-80-120\/#primaryimage\"},\"thumbnailUrl\":\"https:\/\/www.wanda-collection.com\/blog\/wp-content\/uploads\/2026\/08\/mb-vila80.jpg\",\"keywords\":[\"Guide d'achat\"],\"articleSection\":[\"Am\u00e9nagement\",\"Meubles de salle de bain\",\"Salle de bain\"],\"inLanguage\":\"fr-FR\"},{\"@type\":\"WebPage\",\"@id\":\"https:\/\/www.wanda-collection.com\/blog\/largeur-meuble-salle-de-bain-60-80-120\/\",\"url\":\"https:\/\/www.wanda-collection.com\/blog\/largeur-meuble-salle-de-bain-60-80-120\/\",\"name\":\"Meuble de salle de bain 60, 80 ou 120 cm : quelle largeur choisir\",\"isPartOf\":{\"@id\":\"https:\/\/www.wanda-collection.com\/blog\/#website\"},\"primaryImageOfPage\":{\"@id\":\"https:\/\/www.wanda-collection.com\/blog\/largeur-meuble-salle-de-bain-60-80-120\/#primaryimage\"},\"image\":{\"@id\":\"https:\/\/www.wanda-collection.com\/blog\/largeur-meuble-salle-de-bain-60-80-120\/#primaryimage\"},\"thumbnailUrl\":\"https:\/\/www.wanda-collection.com\/blog\/wp-content\/uploads\/2026\/08\/mb-vila80.jpg\",\"datePublished\":\"2026-08-31T14:54:59+00:00\",\"dateModified\":\"2026-08-31T14:57:30+00:00\",\"description\":\"Meuble de salle de bain 60, 80 ou 120 cm : ce que permet chaque largeur, le diam\u00e8tre de vasque associ\u00e9, le rangement r\u00e9el et le d\u00e9gagement \u00e0 conserver.\",\"breadcrumb\":{\"@id\":\"https:\/\/www.wanda-collection.com\/blog\/largeur-meuble-salle-de-bain-60-80-120\/#breadcrumb\"},\"inLanguage\":\"fr-FR\",\"potentialAction\":[{\"@type\":\"ReadAction\",\"target\":[\"https:\/\/www.wanda-collection.com\/blog\/largeur-meuble-salle-de-bain-60-80-120\/\"]}]},{\"@type\":\"ImageObject\",\"inLanguage\":\"fr-FR\",\"@id\":\"https:\/\/www.wanda-collection.com\/blog\/largeur-meuble-salle-de-bain-60-80-120\/#primaryimage\",\"url\":\"https:\/\/www.wanda-collection.com\/blog\/wp-content\/uploads\/2026\/08\/mb-vila80.jpg\",\"contentUrl\":\"https:\/\/www.wanda-collection.com\/blog\/wp-content\/uploads\/2026\/08\/mb-vila80.jpg\",\"width\":1028,\"height\":1028,\"caption\":\"Meuble en teck massif Vila, 80 cm\"},{\"@type\":\"BreadcrumbList\",\"@id\":\"https:\/\/www.wanda-collection.com\/blog\/largeur-meuble-salle-de-bain-60-80-120\/#breadcrumb\",\"itemListElement\":[{\"@type\":\"ListItem\",\"position\":1,\"name\":\"Accueil\",\"item\":\"https:\/\/www.wanda-collection.com\/blog\/\"},{\"@type\":\"ListItem\",\"position\":2,\"name\":\"Salle de bain\",\"item\":\"https:\/\/www.wanda-collection.com\/blog\/category\/salle-de-bain\/\"},{\"@type\":\"ListItem\",\"position\":3,\"name\":\"Am\u00e9nagement\",\"item\":\"https:\/\/www.wanda-collection.com\/blog\/category\/salle-de-bain\/amenagement\/\"},{\"@type\":\"ListItem\",\"position\":4,\"name\":\"Meuble de salle de bain 60, 80 ou 120 cm : quelle largeur choisir\"}]},{\"@type\":\"WebSite\",\"@id\":\"https:\/\/www.wanda-collection.com\/blog\/#website\",\"url\":\"https:\/\/www.wanda-collection.com\/blog\/\",\"name\":\"Wanda collection Le blog\",\"description\":\"\",\"publisher\":{\"@id\":\"https:\/\/www.wanda-collection.com\/blog\/#organization\"},\"potentialAction\":[{\"@type\":\"SearchAction\",\"target\":{\"@type\":\"EntryPoint\",\"urlTemplate\":\"https:\/\/www.wanda-collection.com\/blog\/?s={search_term_string}\"},\"query-input\":{\"@type\":\"PropertyValueSpecification\",\"valueRequired\":true,\"valueName\":\"search_term_string\"}}],\"inLanguage\":\"fr-FR\"},{\"@type\":\"Organization\",\"@id\":\"https:\/\/www.wanda-collection.com\/blog\/#organization\",\"name\":\"Wanda collection Le blog\",\"url\":\"https:\/\/www.wanda-collection.com\/blog\/\",\"logo\":{\"@type\":\"ImageObject\",\"inLanguage\":\"fr-FR\",\"@id\":\"https:\/\/www.wanda-collection.com\/blog\/#\/schema\/logo\/image\/\",\"url\":\"https:\/\/www.wanda-collection.com\/blog\/wp-content\/uploads\/2022\/09\/cropped-logo-Le-blog-5.png\",\"contentUrl\":\"https:\/\/www.wanda-collection.com\/blog\/wp-content\/uploads\/2022\/09\/cropped-logo-Le-blog-5.png\",\"width\":1141,\"height\":328,\"caption\":\"Wanda collection Le blog\"},\"image\":{\"@id\":\"https:\/\/www.wanda-collection.com\/blog\/#\/schema\/logo\/image\/\"},\"sameAs\":[\"https:\/\/www.facebook.com\/WandaCollection.fr\/\",\"https:\/\/www.pinterest.fr\/wandacollection\/\",\"https:\/\/www.instagram.com\/wanda.collection\/\"]},{\"@type\":\"Person\",\"@id\":\"https:\/\/www.wanda-collection.com\/blog\/#\/schema\/person\/85c8dec31d24bad26b45a2319924d2e6\",\"name\":\"Damien Girardeau\",\"image\":{\"@type\":\"ImageObject\",\"inLanguage\":\"fr-FR\",\"@id\":\"https:\/\/www.wanda-collection.com\/blog\/#\/schema\/person\/image\/\",\"url\":\"https:\/\/secure.gravatar.com\/avatar\/53ace044216358578780d6154f629abc4431ac90903bd3d17859f8eec72d379b?s=96&d=mm&r=g\",\"contentUrl\":\"https:\/\/secure.gravatar.com\/avatar\/53ace044216358578780d6154f629abc4431ac90903bd3d17859f8eec72d379b?s=96&d=mm&r=g\",\"caption\":\"Damien Girardeau\"}}]}<\/script>\n<!-- \/ Yoast SEO plugin. -->","yoast_head_json":{"title":"Meuble de salle de bain 60, 80 ou 120 cm : quelle largeur choisir","description":"Meuble de salle de bain 60, 80 ou 120 cm : ce que permet chaque largeur, le diam\u00e8tre de vasque associ\u00e9, le rangement r\u00e9el et le d\u00e9gagement \u00e0 conserver.","robots":{"index":"index","follow":"follow","max-snippet":"max-snippet:-1","max-image-preview":"max-image-preview:large","max-video-preview":"max-video-preview:-1"},"canonical":"https:\/\/www.wanda-collection.com\/blog\/largeur-meuble-salle-de-bain-60-80-120\/","og_locale":"fr_FR","og_type":"article","og_title":"Meuble de salle de bain 60, 80 ou 120 cm : quelle largeur choisir","og_description":"Meuble de salle de bain 60, 80 ou 120 cm : ce que permet chaque largeur, le diam\u00e8tre de vasque associ\u00e9, le rangement r\u00e9el et le d\u00e9gagement \u00e0 conserver.","og_url":"https:\/\/www.wanda-collection.com\/blog\/largeur-meuble-salle-de-bain-60-80-120\/","og_site_name":"Wanda collection Le blog","article_publisher":"https:\/\/www.facebook.com\/WandaCollection.fr\/","article_published_time":"2026-08-31T14:54:59+00:00","article_modified_time":"2026-08-31T14:57:30+00:00","og_image":[{"width":1028,"height":1028,"url":"https:\/\/www.wanda-collection.com\/blog\/wp-content\/uploads\/2026\/08\/mb-vila80.jpg","type":"image\/jpeg"}],"author":"Damien Girardeau","twitter_card":"summary_large_image","twitter_misc":{"\u00c9crit par":"Damien Girardeau","Dur\u00e9e de lecture estim\u00e9e":"8 minutes"},"schema":{"@context":"https:\/\/schema.org","@graph":[{"@type":"Article","@id":"https:\/\/www.wanda-collection.com\/blog\/largeur-meuble-salle-de-bain-60-80-120\/#article","isPartOf":{"@id":"https:\/\/www.wanda-collection.com\/blog\/largeur-meuble-salle-de-bain-60-80-120\/"},"author":{"name":"Damien Girardeau","@id":"https:\/\/www.wanda-collection.com\/blog\/#\/schema\/person\/85c8dec31d24bad26b45a2319924d2e6"},"headline":"Meuble de salle de bain 60, 80 ou 120 cm : quelle largeur choisir","datePublished":"2026-08-31T14:54:59+00:00","dateModified":"2026-08-31T14:57:30+00:00","mainEntityOfPage":{"@id":"https:\/\/www.wanda-collection.com\/blog\/largeur-meuble-salle-de-bain-60-80-120\/"},"wordCount":1679,"publisher":{"@id":"https:\/\/www.wanda-collection.com\/blog\/#organization"},"image":{"@id":"https:\/\/www.wanda-collection.com\/blog\/largeur-meuble-salle-de-bain-60-80-120\/#primaryimage"},"thumbnailUrl":"https:\/\/www.wanda-collection.com\/blog\/wp-content\/uploads\/2026\/08\/mb-vila80.jpg","keywords":["Guide d'achat"],"articleSection":["Am\u00e9nagement","Meubles de salle de bain","Salle de bain"],"inLanguage":"fr-FR"},{"@type":"WebPage","@id":"https:\/\/www.wanda-collection.com\/blog\/largeur-meuble-salle-de-bain-60-80-120\/","url":"https:\/\/www.wanda-collection.com\/blog\/largeur-meuble-salle-de-bain-60-80-120\/","name":"Meuble de salle de bain 60, 80 ou 120 cm : quelle largeur choisir","isPartOf":{"@id":"https:\/\/www.wanda-collection.com\/blog\/#website"},"primaryImageOfPage":{"@id":"https:\/\/www.wanda-collection.com\/blog\/largeur-meuble-salle-de-bain-60-80-120\/#primaryimage"},"image":{"@id":"https:\/\/www.wanda-collection.com\/blog\/largeur-meuble-salle-de-bain-60-80-120\/#primaryimage"},"thumbnailUrl":"https:\/\/www.wanda-collection.com\/blog\/wp-content\/uploads\/2026\/08\/mb-vila80.jpg","datePublished":"2026-08-31T14:54:59+00:00","dateModified":"2026-08-31T14:57:30+00:00","description":"Meuble de salle de bain 60, 80 ou 120 cm : ce que permet chaque largeur, le diam\u00e8tre de vasque associ\u00e9, le rangement r\u00e9el et le d\u00e9gagement \u00e0 conserver.","breadcrumb":{"@id":"https:\/\/www.wanda-collection.com\/blog\/largeur-meuble-salle-de-bain-60-80-120\/#breadcrumb"},"inLanguage":"fr-FR","potentialAction":[{"@type":"ReadAction","target":["https:\/\/www.wanda-collection.com\/blog\/largeur-meuble-salle-de-bain-60-80-120\/"]}]},{"@type":"ImageObject","inLanguage":"fr-FR","@id":"https:\/\/www.wanda-collection.com\/blog\/largeur-meuble-salle-de-bain-60-80-120\/#primaryimage","url":"https:\/\/www.wanda-collection.com\/blog\/wp-content\/uploads\/2026\/08\/mb-vila80.jpg","contentUrl":"https:\/\/www.wanda-collection.com\/blog\/wp-content\/uploads\/2026\/08\/mb-vila80.jpg","width":1028,"height":1028,"caption":"Meuble en teck massif Vila, 80 cm"},{"@type":"BreadcrumbList","@id":"https:\/\/www.wanda-collection.com\/blog\/largeur-meuble-salle-de-bain-60-80-120\/#breadcrumb","itemListElement":[{"@type":"ListItem","position":1,"name":"Accueil","item":"https:\/\/www.wanda-collection.com\/blog\/"},{"@type":"ListItem","position":2,"name":"Salle de bain","item":"https:\/\/www.wanda-collection.com\/blog\/category\/salle-de-bain\/"},{"@type":"ListItem","position":3,"name":"Am\u00e9nagement","item":"https:\/\/www.wanda-collection.com\/blog\/category\/salle-de-bain\/amenagement\/"},{"@type":"ListItem","position":4,"name":"Meuble de salle de bain 60, 80 ou 120 cm : quelle largeur choisir"}]},{"@type":"WebSite","@id":"https:\/\/www.wanda-collection.com\/blog\/#website","url":"https:\/\/www.wanda-collection.com\/blog\/","name":"Wanda collection Le blog","description":"","publisher":{"@id":"https:\/\/www.wanda-collection.com\/blog\/#organization"},"potentialAction":[{"@type":"SearchAction","target":{"@type":"EntryPoint","urlTemplate":"https:\/\/www.wanda-collection.com\/blog\/?s={search_term_string}"},"query-input":{"@type":"PropertyValueSpecification","valueRequired":true,"valueName":"search_term_string"}}],"inLanguage":"fr-FR"},{"@type":"Organization","@id":"https:\/\/www.wanda-collection.com\/blog\/#organization","name":"Wanda collection Le blog","url":"https:\/\/www.wanda-collection.com\/blog\/","logo":{"@type":"ImageObject","inLanguage":"fr-FR","@id":"https:\/\/www.wanda-collection.com\/blog\/#\/schema\/logo\/image\/","url":"https:\/\/www.wanda-collection.com\/blog\/wp-content\/uploads\/2022\/09\/cropped-logo-Le-blog-5.png","contentUrl":"https:\/\/www.wanda-collection.com\/blog\/wp-content\/uploads\/2022\/09\/cropped-logo-Le-blog-5.png","width":1141,"height":328,"caption":"Wanda collection Le blog"},"image":{"@id":"https:\/\/www.wanda-collection.com\/blog\/#\/schema\/logo\/image\/"},"sameAs":["https:\/\/www.facebook.com\/WandaCollection.fr\/","https:\/\/www.pinterest.fr\/wandacollection\/","https:\/\/www.instagram.com\/wanda.collection\/"]},{"@type":"Person","@id":"https:\/\/www.wanda-collection.com\/blog\/#\/schema\/person\/85c8dec31d24bad26b45a2319924d2e6","name":"Damien Girardeau","image":{"@type":"ImageObject","inLanguage":"fr-FR","@id":"https:\/\/www.wanda-collection.com\/blog\/#\/schema\/person\/image\/","url":"https:\/\/secure.gravatar.com\/avatar\/53ace044216358578780d6154f629abc4431ac90903bd3d17859f8eec72d379b?s=96&d=mm&r=g","contentUrl":"https:\/\/secure.gravatar.com\/avatar\/53ace044216358578780d6154f629abc4431ac90903bd3d17859f8eec72d379b?s=96&d=mm&r=g","caption":"Damien Girardeau"}}]}},"_links":{"self":[{"href":"https:\/\/www.wanda-collection.com\/blog\/wp-json\/wp\/v2\/posts\/992894","targetHints":{"allow":["GET"]}}],"collection":[{"href":"https:\/\/www.wanda-collection.com\/blog\/wp-json\/wp\/v2\/posts"}],"about":[{"href":"https:\/\/www.wanda-collection.com\/blog\/wp-json\/wp\/v2\/types\/post"}],"author":[{"embeddable":true,"href":"https:\/\/www.wanda-collection.com\/blog\/wp-json\/wp\/v2\/users\/6"}],"replies":[{"embeddable":true,"href":"https:\/\/www.wanda-collection.com\/blog\/wp-json\/wp\/v2\/comments?post=992894"}],"version-history":[{"count":1,"href":"https:\/\/www.wanda-collection.com\/blog\/wp-json\/wp\/v2\/posts\/992894\/revisions"}],"predecessor-version":[{"id":992902,"href":"https:\/\/www.wanda-collection.com\/blog\/wp-json\/wp\/v2\/posts\/992894\/revisions\/992902"}],"wp:featuredmedia":[{"embeddable":true,"href":"https:\/\/www.wanda-collection.com\/blog\/wp-json\/wp\/v2\/media\/992839"}],"wp:attachment":[{"href":"https:\/\/www.wanda-collection.com\/blog\/wp-json\/wp\/v2\/media?parent=992894"}],"wp:term":[{"taxonomy":"category","embeddable":true,"href":"https:\/\/www.wanda-collection.com\/blog\/wp-json\/wp\/v2\/categories?post=992894"},{"taxonomy":"post_tag","embeddable":true,"href":"https:\/\/www.wanda-collection.com\/blog\/wp-json\/wp\/v2\/tags?post=992894"}],"curies":[{"name":"wp","href":"https:\/\/api.w.org\/{rel}","templated":true}]}}