{"id":992905,"date":"2026-09-01T09:55:53","date_gmt":"2026-09-01T07:55:53","guid":{"rendered":"https:\/\/www.wanda-collection.com\/blog\/salle-de-bain-en-longueur\/"},"modified":"2026-09-01T10:01:06","modified_gmt":"2026-09-01T08:01:06","slug":"salle-de-bain-en-longueur","status":"publish","type":"post","link":"https:\/\/www.wanda-collection.com\/blog\/salle-de-bain-en-longueur\/","title":{"rendered":"Salle de bain en longueur : comment traiter un couloir"},"content":{"rendered":"\t\t<div data-elementor-type=\"wp-post\" data-elementor-id=\"992905\" class=\"elementor elementor-992905 elementor-bc-flex-widget\">\n\t\t\t\t\t\t<section class=\"elementor-section elementor-top-section elementor-element elementor-element-f09a33c elementor-section-boxed elementor-section-height-default elementor-section-height-default\" data-id=\"f09a33c\" data-element_type=\"section\">\n\t\t\t\t\t\t<div class=\"elementor-container elementor-column-gap-default\">\n\t\t\t\t\t<div class=\"elementor-column elementor-col-100 elementor-top-column elementor-element elementor-element-a8396bd\" data-id=\"a8396bd\" data-element_type=\"column\">\n\t\t\t<div class=\"elementor-widget-wrap elementor-element-populated\">\n\t\t\t\t\t\t<div class=\"elementor-element elementor-element-b17ca13 elementor-drop-cap-yes elementor-drop-cap-view-default elementor-widget elementor-widget-text-editor\" data-id=\"b17ca13\" data-element_type=\"widget\" data-settings=\"{&quot;drop_cap&quot;:&quot;yes&quot;}\" data-widget_type=\"text-editor.default\">\n\t\t\t\t<div class=\"elementor-widget-container\">\n\t\t\t\t\t\t\t\t\t<p>Une salle de bain en longueur se reconna\u00eet \u00e0 un chiffre : sa largeur passe sous 160 cm alors que sa profondeur d\u00e9passe 250 cm. \u00c0 surface \u00e9gale, elle n&rsquo;a rien \u00e0 voir avec une pi\u00e8ce carr\u00e9e, et la plupart des conseils d&rsquo;am\u00e9nagement n&rsquo;y fonctionnent pas.<\/p><p>La raison est arithm\u00e9tique. Dans une pi\u00e8ce de 130 cm de large, un meuble de 47 cm de profondeur ne laisse que 83 cm de passage. <strong>Il n&rsquo;y a de la place que sur un seul mur<\/strong>, et toute la question consiste \u00e0 d\u00e9cider comment r\u00e9partir les \u00e9l\u00e9ments sur cette unique ligne.<\/p><p>Ce guide traite l&rsquo;alignement, la profondeur \u00e0 r\u00e9duire, le traitement de la perspective et l&rsquo;\u00e9clairage d&rsquo;un couloir. Une FAQ ferme l&rsquo;article.<\/p>\t\t\t\t\t\t\t\t<\/div>\n\t\t\t\t<\/div>\n\t\t\t\t<div class=\"elementor-element elementor-element-522ae89 elementor-widget elementor-widget-text-editor\" data-id=\"522ae89\" data-element_type=\"widget\" data-widget_type=\"text-editor.default\">\n\t\t\t\t<div class=\"elementor-widget-container\">\n\t\t\t\t\t\t\t\t\t<h2>Salle de bain en longueur : le guide pour am\u00e9nager un couloir<\/h2>\t\t\t\t\t\t\t\t<\/div>\n\t\t\t\t<\/div>\n\t\t\t\t\t<\/div>\n\t\t<\/div>\n\t\t\t\t\t<\/div>\n\t\t<\/section>\n\t\t\t\t<section class=\"elementor-section elementor-top-section elementor-element elementor-element-ac71cb2 elementor-section-boxed elementor-section-height-default elementor-section-height-default\" data-id=\"ac71cb2\" data-element_type=\"section\">\n\t\t\t\t\t\t<div class=\"elementor-container elementor-column-gap-default\">\n\t\t\t\t\t<div class=\"elementor-column elementor-col-100 elementor-top-column elementor-element elementor-element-11d9cc8\" data-id=\"11d9cc8\" data-element_type=\"column\">\n\t\t\t<div class=\"elementor-widget-wrap elementor-element-populated\">\n\t\t\t\t\t\t<div class=\"elementor-element elementor-element-6ea92cd elementor-widget elementor-widget-heading\" data-id=\"6ea92cd\" data-element_type=\"widget\" data-widget_type=\"heading.default\">\n\t\t\t\t<div class=\"elementor-widget-container\">\n\t\t\t\t\t<h2 class=\"elementor-heading-title elementor-size-default\">Un seul mur \u00e9quip\u00e9, l'autre libre<\/h2>\t\t\t\t<\/div>\n\t\t\t\t<\/div>\n\t\t\t\t\t<\/div>\n\t\t<\/div>\n\t\t\t\t\t<\/div>\n\t\t<\/section>\n\t\t\t\t<section class=\"elementor-section elementor-top-section elementor-element elementor-element-c8a57a9 elementor-section-boxed elementor-section-height-default elementor-section-height-default\" data-id=\"c8a57a9\" data-element_type=\"section\">\n\t\t\t\t\t\t<div class=\"elementor-container elementor-column-gap-default\">\n\t\t\t\t\t<div class=\"elementor-column elementor-col-60 elementor-top-column elementor-element elementor-element-49154d3\" data-id=\"49154d3\" data-element_type=\"column\">\n\t\t\t<div class=\"elementor-widget-wrap elementor-element-populated\">\n\t\t\t\t\t\t<div class=\"elementor-element elementor-element-c8961f0 elementor-widget elementor-widget-text-editor\" data-id=\"c8961f0\" data-element_type=\"widget\" data-widget_type=\"text-editor.default\">\n\t\t\t\t<div class=\"elementor-widget-container\">\n\t\t\t\t\t\t\t\t\t<p>C&rsquo;est la premi\u00e8re d\u00e9cision et elle conditionne tout le reste : <strong>tous les \u00e9l\u00e9ments sur un seul mur, l&rsquo;autre enti\u00e8rement libre<\/strong>.<\/p><p>Le calcul le montre sans appel. Dans une pi\u00e8ce de 140 cm de large, un meuble de 47 cm laisse 93 cm de passage, ce qui est confortable. Deux meubles face \u00e0 face laisseraient 46 cm, ce qui est impraticable : on ne peut plus se retourner ni ouvrir une porte de meuble.<\/p><p>La r\u00e8gle des 80 cm de d\u00e9gagement devant chaque \u00e9l\u00e9ment devient donc, ici, une r\u00e8gle d&rsquo;exclusion : elle interdit purement et simplement le second mur.<\/p><h3>L&rsquo;ordre le long du mur<\/h3><p>Placez les \u00e9l\u00e9ments par fr\u00e9quence d&rsquo;usage d\u00e9croissante depuis l&rsquo;entr\u00e9e : le point d&rsquo;eau en premier, puisqu&rsquo;on y va plusieurs fois par jour, la douche ensuite, le rangement au fond.<\/p><p>Le fond de la pi\u00e8ce est la zone la moins pratique, celle qu&rsquo;on atteint en traversant tout. C&rsquo;est l\u00e0 que doit aller ce qui sert le moins, jamais le lavabo.<\/p>\t\t\t\t\t\t\t\t<\/div>\n\t\t\t\t<\/div>\n\t\t\t\t<div class=\"vamtam-has-theme-widget-styles elementor-element elementor-element-327b7af elementor-align-center elementor-widget elementor-widget-button\" data-id=\"327b7af\" data-element_type=\"widget\" data-widget_type=\"button.default\">\n\t\t\t\t<div class=\"elementor-widget-container\">\n\t\t\t\t\t\t\t\t\t<div class=\"elementor-button-wrapper\">\n\t\t\t\t\t<a class=\"elementor-button elementor-button-link elementor-size-sm\" href=\"https:\/\/www.wanda-collection.com\/cat-meuble-simple-vasque-156.htm\">\n\t\t\t\t\t\t<span class=\"elementor-button-content-wrapper\">\n\t\t\t\t\t\t\t\t\t<span class=\"elementor-button-text\">Voir les meubles de salle de bain<\/span>\n\t\t\t\t\t<\/span>\n\t\t\t\t\t<\/a>\n\t\t\t\t<\/div>\n\t\t\t\t\t\t\t\t<\/div>\n\t\t\t\t<\/div>\n\t\t\t\t\t<\/div>\n\t\t<\/div>\n\t\t\t\t<div class=\"elementor-column elementor-col-40 elementor-top-column elementor-element elementor-element-ecff383\" data-id=\"ecff383\" data-element_type=\"column\">\n\t\t\t<div class=\"elementor-widget-wrap elementor-element-populated\">\n\t\t\t\t\t\t<div class=\"vamtam-has-theme-widget-styles elementor-element elementor-element-e3e8418 elementor-widget elementor-widget-image\" data-id=\"e3e8418\" data-element_type=\"widget\" data-widget_type=\"image.default\">\n\t\t\t\t<div class=\"elementor-widget-container\">\n\t\t\t\t\t\t\t\t\t<div class=\"elementor-image\">\n\t\t\t\t\t\t\t\t\t\t\t\t\t\t\t\t<figure class=\"wp-caption\">\n\t\t\t\t\t\t\t\t\t\t\t\t\t\t\t\t\t<a href=\"https:\/\/www.wanda-collection.com\/art-meuble-salle-de-bain-en-teck-et-ceramique-sira-solo-120-cm-55183.htm\">\n\t\t\t\t\t\t\t\t\t\t\t<img fetchpriority=\"high\" decoding=\"async\" width=\"1028\" height=\"1028\" src=\"https:\/\/www.wanda-collection.com\/blog\/wp-content\/uploads\/2026\/08\/mb-sira120.jpg\" class=\"attachment-full size-full wp-image-992843\" alt=\"Meuble en teck et c\u00e9ramique Sira solo de 120 cm avec plan libre\" srcset=\"https:\/\/www.wanda-collection.com\/blog\/wp-content\/uploads\/2026\/08\/mb-sira120.jpg 1028w, https:\/\/www.wanda-collection.com\/blog\/wp-content\/uploads\/2026\/08\/mb-sira120-300x300.jpg 300w, https:\/\/www.wanda-collection.com\/blog\/wp-content\/uploads\/2026\/08\/mb-sira120-1024x1024.jpg 1024w, https:\/\/www.wanda-collection.com\/blog\/wp-content\/uploads\/2026\/08\/mb-sira120-150x150.jpg 150w, https:\/\/www.wanda-collection.com\/blog\/wp-content\/uploads\/2026\/08\/mb-sira120-768x768.jpg 768w\" sizes=\"(max-width: 1028px) 100vw, 1028px\" \/>\t\t\t\t\t\t\t\t\t\t\t\t<\/a>\n\t\t\t\t\t\t\t\t\t\t\t\t\t\t\t\t\t<figcaption class=\"widget-image-caption wp-caption-text\">Meuble Sira solo, 120 cm<\/figcaption>\n\t\t\t\t\t\t\t\t\t\t\t\t\t\t\t\t<\/figure>\n\t\t\t\t\t\t\t\t\t\t\t\t\t\t<\/div>\n\t\t\t\t\t\t\t\t<\/div>\n\t\t\t\t<\/div>\n\t\t\t\t\t<\/div>\n\t\t<\/div>\n\t\t\t\t\t<\/div>\n\t\t<\/section>\n\t\t\t\t<section class=\"elementor-section elementor-top-section elementor-element elementor-element-85487ec elementor-section-boxed elementor-section-height-default elementor-section-height-default\" data-id=\"85487ec\" data-element_type=\"section\">\n\t\t\t\t\t\t<div class=\"elementor-container elementor-column-gap-default\">\n\t\t\t\t\t<div class=\"elementor-column elementor-col-40 elementor-top-column elementor-element elementor-element-d17716a\" data-id=\"d17716a\" data-element_type=\"column\">\n\t\t\t<div class=\"elementor-widget-wrap elementor-element-populated\">\n\t\t\t\t\t\t<div class=\"vamtam-has-theme-widget-styles elementor-element elementor-element-e1dd954 elementor-widget elementor-widget-image\" data-id=\"e1dd954\" data-element_type=\"widget\" data-widget_type=\"image.default\">\n\t\t\t\t<div class=\"elementor-widget-container\">\n\t\t\t\t\t\t\t\t\t<div class=\"elementor-image\">\n\t\t\t\t\t\t\t\t\t\t\t\t\t\t\t\t<figure class=\"wp-caption\">\n\t\t\t\t\t\t\t\t\t\t\t\t\t\t\t\t\t<a href=\"https:\/\/www.wanda-collection.com\/art-meuble-de-salle-de-bain-suspendu-en-teck-cosy-40cm-1380.htm\">\n\t\t\t\t\t\t\t\t\t\t\t<img decoding=\"async\" width=\"1028\" height=\"1028\" src=\"https:\/\/www.wanda-collection.com\/blog\/wp-content\/uploads\/2026\/08\/mb-cosy40.jpg\" class=\"attachment-full size-full wp-image-992840\" alt=\"Petit meuble de salle de bain suspendu en teck de 40 cm pour lave-mains\" srcset=\"https:\/\/www.wanda-collection.com\/blog\/wp-content\/uploads\/2026\/08\/mb-cosy40.jpg 1028w, https:\/\/www.wanda-collection.com\/blog\/wp-content\/uploads\/2026\/08\/mb-cosy40-300x300.jpg 300w, https:\/\/www.wanda-collection.com\/blog\/wp-content\/uploads\/2026\/08\/mb-cosy40-1024x1024.jpg 1024w, https:\/\/www.wanda-collection.com\/blog\/wp-content\/uploads\/2026\/08\/mb-cosy40-150x150.jpg 150w, https:\/\/www.wanda-collection.com\/blog\/wp-content\/uploads\/2026\/08\/mb-cosy40-768x768.jpg 768w\" sizes=\"(max-width: 1028px) 100vw, 1028px\" \/>\t\t\t\t\t\t\t\t\t\t\t\t<\/a>\n\t\t\t\t\t\t\t\t\t\t\t\t\t\t\t\t\t<figcaption class=\"widget-image-caption wp-caption-text\">Meuble Cosy, profondeur 30 cm<\/figcaption>\n\t\t\t\t\t\t\t\t\t\t\t\t\t\t\t\t<\/figure>\n\t\t\t\t\t\t\t\t\t\t\t\t\t\t<\/div>\n\t\t\t\t\t\t\t\t<\/div>\n\t\t\t\t<\/div>\n\t\t\t\t\t<\/div>\n\t\t<\/div>\n\t\t\t\t<div class=\"elementor-column elementor-col-60 elementor-top-column elementor-element elementor-element-5672f90\" data-id=\"5672f90\" data-element_type=\"column\">\n\t\t\t<div class=\"elementor-widget-wrap elementor-element-populated\">\n\t\t\t\t\t\t<div class=\"elementor-element elementor-element-4dd1144 elementor-widget elementor-widget-text-editor\" data-id=\"4dd1144\" data-element_type=\"widget\" data-widget_type=\"text-editor.default\">\n\t\t\t\t<div class=\"elementor-widget-container\">\n\t\t\t\t\t\t\t\t\t<h2>R\u00e9duire la profondeur plut\u00f4t que la largeur<\/h2><p>Le r\u00e9flexe est de prendre un meuble \u00e9troit. C&rsquo;est une erreur : dans une pi\u00e8ce en longueur, la largeur du meuble ne co\u00fbte rien, puisqu&rsquo;il y a du mur en abondance. <strong>C&rsquo;est la profondeur qui co\u00fbte<\/strong>, parce qu&rsquo;elle se retranche directement du passage.<\/p><p>Un meuble de 30 cm de profondeur au lieu des 47 cm standard gagne 17 cm sur le couloir. Dans une pi\u00e8ce de 130 cm, cela fait passer le d\u00e9gagement de 83 \u00e0 100 cm, ce qui change tout le confort d&rsquo;usage.<\/p><p>Autrement dit, pr\u00e9f\u00e9rez un meuble long et peu profond \u00e0 un meuble court et profond. C&rsquo;est exactement l&rsquo;inverse de ce qu&rsquo;on ferait dans une pi\u00e8ce carr\u00e9e. Notre <a href=\"https:\/\/www.wanda-collection.com\/blog\/largeur-meuble-salle-de-bain-60-80-120\/\">guide de la largeur du meuble<\/a> d\u00e9taille les formats disponibles.<\/p><h3>La cons\u00e9quence sur la vasque<\/h3><p>Un meuble peu profond impose une vasque peu profonde. Un bassin de 40 cm de diam\u00e8tre d\u00e9borde d&rsquo;un plan de 30 cm : il faut descendre \u00e0 30 cm de diam\u00e8tre, ou choisir une vasque rectangulaire, moins profonde \u00e0 surface \u00e9gale. Voir notre <a href=\"https:\/\/www.wanda-collection.com\/blog\/diametre-vasque-30-40-50-cm\/\">guide du diam\u00e8tre de vasque<\/a>.<\/p>\t\t\t\t\t\t\t\t<\/div>\n\t\t\t\t<\/div>\n\t\t\t\t<div class=\"vamtam-has-theme-widget-styles elementor-element elementor-element-5507f47 elementor-align-center elementor-widget elementor-widget-button\" data-id=\"5507f47\" data-element_type=\"widget\" data-widget_type=\"button.default\">\n\t\t\t\t<div class=\"elementor-widget-container\">\n\t\t\t\t\t\t\t\t\t<div class=\"elementor-button-wrapper\">\n\t\t\t\t\t<a class=\"elementor-button elementor-button-link elementor-size-sm\" href=\"https:\/\/www.wanda-collection.com\/art-meuble-de-salle-de-bain-suspendu-en-teck-cosy-40cm-1380.htm\">\n\t\t\t\t\t\t<span class=\"elementor-button-content-wrapper\">\n\t\t\t\t\t\t\t\t\t<span class=\"elementor-button-text\">Voir le meuble Cosy 40 cm<\/span>\n\t\t\t\t\t<\/span>\n\t\t\t\t\t<\/a>\n\t\t\t\t<\/div>\n\t\t\t\t\t\t\t\t<\/div>\n\t\t\t\t<\/div>\n\t\t\t\t\t<\/div>\n\t\t<\/div>\n\t\t\t\t\t<\/div>\n\t\t<\/section>\n\t\t\t\t<section class=\"elementor-section elementor-top-section elementor-element elementor-element-c77b65d elementor-section-boxed elementor-section-height-default elementor-section-height-default\" data-id=\"c77b65d\" data-element_type=\"section\">\n\t\t\t\t\t\t<div class=\"elementor-container elementor-column-gap-default\">\n\t\t\t\t\t<div class=\"elementor-column elementor-col-60 elementor-top-column elementor-element elementor-element-3747e0c\" data-id=\"3747e0c\" data-element_type=\"column\">\n\t\t\t<div class=\"elementor-widget-wrap elementor-element-populated\">\n\t\t\t\t\t\t<div class=\"elementor-element elementor-element-8d13d36 elementor-widget elementor-widget-text-editor\" data-id=\"8d13d36\" data-element_type=\"widget\" data-widget_type=\"text-editor.default\">\n\t\t\t\t<div class=\"elementor-widget-container\">\n\t\t\t\t\t\t\t\t\t<h2>Casser la perspective<\/h2><p>Le d\u00e9faut visuel d&rsquo;une pi\u00e8ce en longueur est le tunnel : le regard file jusqu&rsquo;au mur du fond et la pi\u00e8ce para\u00eet encore plus \u00e9troite qu&rsquo;elle ne l&rsquo;est.<\/p><h3>Le miroir sur toute la longueur<\/h3><p>C&rsquo;est la solution la plus efficace, et elle joue sur la largeur per\u00e7ue. Un miroir pos\u00e9 sur le mur long \u00e9largit visuellement la pi\u00e8ce en la d\u00e9doublant, l\u00e0 o\u00f9 un petit miroir au dessus du lavabo ne fait rien. Voir notre <a href=\"https:\/\/www.wanda-collection.com\/blog\/miroir-bois-salle-de-bain\/\">guide du miroir en bois<\/a>.<\/p><h3>Traiter le mur du fond<\/h3><p>Un mur du fond plus sombre ou textur\u00e9 arr\u00eate le regard et raccourcit visuellement la pi\u00e8ce. C&rsquo;est l&rsquo;un des rares cas o\u00f9 une teinte fonc\u00e9e rend service dans une petite salle de bain : elle casse le tunnel au lieu d&rsquo;allonger le couloir.<\/p><h3>Ne pas tout aligner \u00e0 la m\u00eame hauteur<\/h3><p>Un meuble, une colonne et un miroir tous align\u00e9s sur la m\u00eame ligne horizontale accentuent l&rsquo;effet couloir. D\u00e9calez les hauteurs, alternez plein et vide : le regard s&rsquo;arr\u00eate au lieu de filer.<\/p>\t\t\t\t\t\t\t\t<\/div>\n\t\t\t\t<\/div>\n\t\t\t\t<div class=\"vamtam-has-theme-widget-styles elementor-element elementor-element-9090fb3 elementor-align-center elementor-widget elementor-widget-button\" data-id=\"9090fb3\" data-element_type=\"widget\" data-widget_type=\"button.default\">\n\t\t\t\t<div class=\"elementor-widget-container\">\n\t\t\t\t\t\t\t\t\t<div class=\"elementor-button-wrapper\">\n\t\t\t\t\t<a class=\"elementor-button elementor-button-link elementor-size-sm\" href=\"https:\/\/www.wanda-collection.com\/cat-miroir-35.htm\">\n\t\t\t\t\t\t<span class=\"elementor-button-content-wrapper\">\n\t\t\t\t\t\t\t\t\t<span class=\"elementor-button-text\">Voir les miroirs<\/span>\n\t\t\t\t\t<\/span>\n\t\t\t\t\t<\/a>\n\t\t\t\t<\/div>\n\t\t\t\t\t\t\t\t<\/div>\n\t\t\t\t<\/div>\n\t\t\t\t\t<\/div>\n\t\t<\/div>\n\t\t\t\t<div class=\"elementor-column elementor-col-40 elementor-top-column elementor-element elementor-element-ba1af48\" data-id=\"ba1af48\" data-element_type=\"column\">\n\t\t\t<div class=\"elementor-widget-wrap elementor-element-populated\">\n\t\t\t\t\t\t<div class=\"vamtam-has-theme-widget-styles elementor-element elementor-element-2f51378 elementor-widget elementor-widget-image\" data-id=\"2f51378\" data-element_type=\"widget\" data-widget_type=\"image.default\">\n\t\t\t\t<div class=\"elementor-widget-container\">\n\t\t\t\t\t\t\t\t\t<div class=\"elementor-image\">\n\t\t\t\t\t\t\t\t\t\t\t\t\t\t\t\t<figure class=\"wp-caption\">\n\t\t\t\t\t\t\t\t\t\t\t\t\t\t\t\t\t<a href=\"https:\/\/www.wanda-collection.com\/art-miroir-salle-de-bain-en-teck-samba-140-x-65-cm-4191.htm\">\n\t\t\t\t\t\t\t\t\t\t\t<img decoding=\"async\" width=\"1028\" height=\"1028\" src=\"https:\/\/www.wanda-collection.com\/blog\/wp-content\/uploads\/2026\/08\/pv-miroir-teck.jpg\" class=\"attachment-full size-full wp-image-992867\" alt=\"Miroir de salle de bain r\u00e9tro \u00e0 cadre en teck massif\" srcset=\"https:\/\/www.wanda-collection.com\/blog\/wp-content\/uploads\/2026\/08\/pv-miroir-teck.jpg 1028w, https:\/\/www.wanda-collection.com\/blog\/wp-content\/uploads\/2026\/08\/pv-miroir-teck-300x300.jpg 300w, https:\/\/www.wanda-collection.com\/blog\/wp-content\/uploads\/2026\/08\/pv-miroir-teck-1024x1024.jpg 1024w, https:\/\/www.wanda-collection.com\/blog\/wp-content\/uploads\/2026\/08\/pv-miroir-teck-150x150.jpg 150w, https:\/\/www.wanda-collection.com\/blog\/wp-content\/uploads\/2026\/08\/pv-miroir-teck-768x768.jpg 768w\" sizes=\"(max-width: 1028px) 100vw, 1028px\" \/>\t\t\t\t\t\t\t\t\t\t\t\t<\/a>\n\t\t\t\t\t\t\t\t\t\t\t\t\t\t\t\t\t<figcaption class=\"widget-image-caption wp-caption-text\">Miroir en teck massif<\/figcaption>\n\t\t\t\t\t\t\t\t\t\t\t\t\t\t\t\t<\/figure>\n\t\t\t\t\t\t\t\t\t\t\t\t\t\t<\/div>\n\t\t\t\t\t\t\t\t<\/div>\n\t\t\t\t<\/div>\n\t\t\t\t\t<\/div>\n\t\t<\/div>\n\t\t\t\t\t<\/div>\n\t\t<\/section>\n\t\t\t\t<section class=\"elementor-section elementor-top-section elementor-element elementor-element-4cb2010 elementor-section-boxed elementor-section-height-default elementor-section-height-default\" data-id=\"4cb2010\" data-element_type=\"section\">\n\t\t\t\t\t\t<div class=\"elementor-container elementor-column-gap-default\">\n\t\t\t\t\t<div class=\"elementor-column elementor-col-40 elementor-top-column elementor-element elementor-element-e34fb2e\" data-id=\"e34fb2e\" data-element_type=\"column\">\n\t\t\t<div class=\"elementor-widget-wrap elementor-element-populated\">\n\t\t\t\t\t\t<div class=\"vamtam-has-theme-widget-styles elementor-element elementor-element-c4f9701 elementor-widget elementor-widget-image\" data-id=\"c4f9701\" data-element_type=\"widget\" data-widget_type=\"image.default\">\n\t\t\t\t<div class=\"elementor-widget-container\">\n\t\t\t\t\t\t\t\t\t<div class=\"elementor-image\">\n\t\t\t\t\t\t\t\t\t\t\t\t\t\t\t\t<figure class=\"wp-caption\">\n\t\t\t\t\t\t\t\t\t\t\t\t\t\t\t\t\t<a href=\"https:\/\/www.wanda-collection.com\/art-colonne-suspendu-ora-150-cm-reversible-4107.htm\">\n\t\t\t\t\t\t\t\t\t\t\t<img loading=\"lazy\" decoding=\"async\" width=\"1028\" height=\"1028\" src=\"https:\/\/www.wanda-collection.com\/blog\/wp-content\/uploads\/2026\/08\/co-ora150.jpg\" class=\"attachment-full size-full wp-image-992860\" alt=\"Colonne de salle de bain suspendue Ora de 150 cm \u00e0 porte r\u00e9versible\" srcset=\"https:\/\/www.wanda-collection.com\/blog\/wp-content\/uploads\/2026\/08\/co-ora150.jpg 1028w, https:\/\/www.wanda-collection.com\/blog\/wp-content\/uploads\/2026\/08\/co-ora150-300x300.jpg 300w, https:\/\/www.wanda-collection.com\/blog\/wp-content\/uploads\/2026\/08\/co-ora150-1024x1024.jpg 1024w, https:\/\/www.wanda-collection.com\/blog\/wp-content\/uploads\/2026\/08\/co-ora150-150x150.jpg 150w, https:\/\/www.wanda-collection.com\/blog\/wp-content\/uploads\/2026\/08\/co-ora150-768x768.jpg 768w\" sizes=\"(max-width: 1028px) 100vw, 1028px\" \/>\t\t\t\t\t\t\t\t\t\t\t\t<\/a>\n\t\t\t\t\t\t\t\t\t\t\t\t\t\t\t\t\t<figcaption class=\"widget-image-caption wp-caption-text\">Colonne Ora r\u00e9versible, 150 cm<\/figcaption>\n\t\t\t\t\t\t\t\t\t\t\t\t\t\t\t\t<\/figure>\n\t\t\t\t\t\t\t\t\t\t\t\t\t\t<\/div>\n\t\t\t\t\t\t\t\t<\/div>\n\t\t\t\t<\/div>\n\t\t\t\t\t<\/div>\n\t\t<\/div>\n\t\t\t\t<div class=\"elementor-column elementor-col-60 elementor-top-column elementor-element elementor-element-88dc4f2\" data-id=\"88dc4f2\" data-element_type=\"column\">\n\t\t\t<div class=\"elementor-widget-wrap elementor-element-populated\">\n\t\t\t\t\t\t<div class=\"elementor-element elementor-element-cc566c9 elementor-widget elementor-widget-text-editor\" data-id=\"cc566c9\" data-element_type=\"widget\" data-widget_type=\"text-editor.default\">\n\t\t\t\t<div class=\"elementor-widget-container\">\n\t\t\t\t\t\t\t\t\t<h2>Le rangement dans un couloir<\/h2><p>Le mur libre en face n&rsquo;est pas inutilisable, il est simplement interdit au mobilier profond. Deux solutions y tiennent.<\/p><p><strong>Des \u00e9tag\u00e8res peu profondes<\/strong>, 15 \u00e0 20 cm, qui n&rsquo;entament pas le passage et accueillent produits et serviettes de toilette. Elles rendent le mur utile sans le rendre encombrant.<\/p><p><strong>Une colonne \u00e9troite en bout de pi\u00e8ce<\/strong>, contre le mur du fond plut\u00f4t que le long du couloir. Elle occupe la largeur, pas la longueur, et vient justement arr\u00eater la perspective. Voir notre <a href=\"https:\/\/www.wanda-collection.com\/blog\/colonne-salle-de-bain-bois\/\">guide de la colonne de salle de bain<\/a>.<\/p><p>Le panier \u00e0 linge trouve sa place sous une \u00e9tag\u00e8re ou dans le renfoncement laiss\u00e9 par la douche. Notre <a href=\"https:\/\/www.wanda-collection.com\/blog\/panier-linge-rangement-fibre-naturelle\/\">guide du panier \u00e0 linge<\/a> donne les formats.<\/p>\t\t\t\t\t\t\t\t<\/div>\n\t\t\t\t<\/div>\n\t\t\t\t<div class=\"vamtam-has-theme-widget-styles elementor-element elementor-element-8b6a860 elementor-align-center elementor-widget elementor-widget-button\" data-id=\"8b6a860\" data-element_type=\"widget\" data-widget_type=\"button.default\">\n\t\t\t\t<div class=\"elementor-widget-container\">\n\t\t\t\t\t\t\t\t\t<div class=\"elementor-button-wrapper\">\n\t\t\t\t\t<a class=\"elementor-button elementor-button-link elementor-size-sm\" href=\"https:\/\/www.wanda-collection.com\/art-colonne-suspendu-ora-150-cm-reversible-4107.htm\">\n\t\t\t\t\t\t<span class=\"elementor-button-content-wrapper\">\n\t\t\t\t\t\t\t\t\t<span class=\"elementor-button-text\">Voir la colonne Ora r\u00e9versible<\/span>\n\t\t\t\t\t<\/span>\n\t\t\t\t\t<\/a>\n\t\t\t\t<\/div>\n\t\t\t\t\t\t\t\t<\/div>\n\t\t\t\t<\/div>\n\t\t\t\t\t<\/div>\n\t\t<\/div>\n\t\t\t\t\t<\/div>\n\t\t<\/section>\n\t\t\t\t<section class=\"elementor-section elementor-top-section elementor-element elementor-element-fa4b743 elementor-section-boxed elementor-section-height-default elementor-section-height-default\" data-id=\"fa4b743\" data-element_type=\"section\">\n\t\t\t\t\t\t<div class=\"elementor-container elementor-column-gap-default\">\n\t\t\t\t\t<div class=\"elementor-column elementor-col-100 elementor-top-column elementor-element elementor-element-6df8751\" data-id=\"6df8751\" data-element_type=\"column\">\n\t\t\t<div class=\"elementor-widget-wrap elementor-element-populated\">\n\t\t\t\t\t\t<div class=\"elementor-element elementor-element-12fbb04 elementor-widget elementor-widget-text-editor\" data-id=\"12fbb04\" data-element_type=\"widget\" data-widget_type=\"text-editor.default\">\n\t\t\t\t<div class=\"elementor-widget-container\">\n\t\t\t\t\t\t\t\t\t<h2>\u00c9clairer sur toute la longueur<\/h2><p>Une source unique au centre du plafond laisse les deux extr\u00e9mit\u00e9s dans la p\u00e9nombre et accentue le tunnel. Il faut <strong>r\u00e9partir la lumi\u00e8re sur la longueur<\/strong> : deux ou trois points plut\u00f4t qu&rsquo;un, ou une ligne lumineuse le long du mur \u00e9quip\u00e9.<\/p><p>Ajoutez un \u00e9clairage d\u00e9di\u00e9 au miroir, id\u00e9alement deux appliques de part et d&rsquo;autre. C&rsquo;est le seul endroit de la pi\u00e8ce o\u00f9 l&rsquo;on a besoin d&rsquo;une lumi\u00e8re pr\u00e9cise, et c&rsquo;est aussi celui qui profite le plus de l&rsquo;effet de d\u00e9doublement du miroir.<\/p>\t\t\t\t\t\t\t\t<\/div>\n\t\t\t\t<\/div>\n\t\t\t\t\t<\/div>\n\t\t<\/div>\n\t\t\t\t\t<\/div>\n\t\t<\/section>\n\t\t\t\t<section class=\"elementor-section elementor-top-section elementor-element elementor-element-af1e1c3 elementor-section-boxed elementor-section-height-default elementor-section-height-default\" data-id=\"af1e1c3\" data-element_type=\"section\">\n\t\t\t\t\t\t<div class=\"elementor-container elementor-column-gap-default\">\n\t\t\t\t\t<div class=\"elementor-column elementor-col-100 elementor-top-column elementor-element elementor-element-1d14f0f\" data-id=\"1d14f0f\" data-element_type=\"column\">\n\t\t\t<div class=\"elementor-widget-wrap elementor-element-populated\">\n\t\t\t\t\t\t<div class=\"elementor-element elementor-element-2e18131 elementor-widget elementor-widget-text-editor\" data-id=\"2e18131\" data-element_type=\"widget\" data-widget_type=\"text-editor.default\">\n\t\t\t\t<div class=\"elementor-widget-container\">\n\t\t\t\t\t\t\t\t\t<h2>Les cinq erreurs les plus fr\u00e9quentes<\/h2><p><strong>\u00c9quiper les deux murs.<\/strong> Deux meubles face \u00e0 face dans 140 cm laissent 46 cm de passage. La pi\u00e8ce devient impraticable.<\/p><p><strong>Choisir un meuble \u00e9troit plut\u00f4t que peu profond.<\/strong> Dans un couloir, le mur ne manque pas : c&rsquo;est la profondeur qui co\u00fbte, chaque centim\u00e8tre venant du passage.<\/p><p><strong>Mettre le lavabo au fond.<\/strong> C&rsquo;est l&rsquo;\u00e9l\u00e9ment le plus utilis\u00e9, il doit \u00eatre le plus accessible. Le fond est r\u00e9serv\u00e9 \u00e0 ce qui sert le moins.<\/p><p><strong>Un seul point lumineux au centre.<\/strong> Les extr\u00e9mit\u00e9s restent sombres et l&rsquo;effet tunnel s&rsquo;accentue.<\/p><p><strong>Tout peindre en blanc.<\/strong> Un mur du fond plus fonc\u00e9 arr\u00eate le regard et raccourcit visuellement la pi\u00e8ce. C&rsquo;est l&rsquo;un des rares cas o\u00f9 le sombre rend service.<\/p>\t\t\t\t\t\t\t\t<\/div>\n\t\t\t\t<\/div>\n\t\t\t\t\t<\/div>\n\t\t<\/div>\n\t\t\t\t\t<\/div>\n\t\t<\/section>\n\t\t\t\t<section class=\"elementor-section elementor-top-section elementor-element elementor-element-e99a427 elementor-section-boxed elementor-section-height-default elementor-section-height-default\" data-id=\"e99a427\" data-element_type=\"section\">\n\t\t\t\t\t\t<div class=\"elementor-container elementor-column-gap-default\">\n\t\t\t\t\t<div class=\"elementor-column elementor-col-100 elementor-top-column elementor-element elementor-element-81c52f9\" data-id=\"81c52f9\" data-element_type=\"column\">\n\t\t\t<div class=\"elementor-widget-wrap elementor-element-populated\">\n\t\t\t\t\t\t<div class=\"elementor-element elementor-element-def150b elementor-widget elementor-widget-heading\" data-id=\"def150b\" data-element_type=\"widget\" data-widget_type=\"heading.default\">\n\t\t\t\t<div class=\"elementor-widget-container\">\n\t\t\t\t\t<h2 class=\"elementor-heading-title elementor-size-default\">La s\u00e9lection Wanda Collection<\/h2>\t\t\t\t<\/div>\n\t\t\t\t<\/div>\n\t\t\t\t\t<\/div>\n\t\t<\/div>\n\t\t\t\t\t<\/div>\n\t\t<\/section>\n\t\t\t\t<section class=\"elementor-section elementor-top-section elementor-element elementor-element-ab55d6f elementor-section-boxed elementor-section-height-default elementor-section-height-default\" data-id=\"ab55d6f\" data-element_type=\"section\">\n\t\t\t\t\t\t<div class=\"elementor-container elementor-column-gap-default\">\n\t\t\t\t\t<div class=\"elementor-column elementor-col-100 elementor-top-column elementor-element elementor-element-0204389\" data-id=\"0204389\" data-element_type=\"column\">\n\t\t\t<div class=\"elementor-widget-wrap elementor-element-populated\">\n\t\t\t\t\t\t<div class=\"elementor-element elementor-element-994ee81 elementor-widget elementor-widget-text-editor\" data-id=\"994ee81\" data-element_type=\"widget\" data-widget_type=\"text-editor.default\">\n\t\t\t\t<div class=\"elementor-widget-container\">\n\t\t\t\t\t\t\t\t\t<p>Voici les formats de la collection adapt\u00e9s \u00e0 un couloir : peu profonds, longs, ou verticaux.<\/p><ul><li><strong><a href=\"https:\/\/www.wanda-collection.com\/art-meuble-de-salle-de-bain-suspendu-en-teck-cosy-40cm-1380.htm\">Meuble suspendu en teck Cosy 40 cm<\/a><\/strong> : 30 cm de profondeur seulement, 17 cm gagn\u00e9s sur le passage.<\/li><li><strong><a href=\"https:\/\/www.wanda-collection.com\/art-vasque-barcelone-en-marbre-a-poser-creme-30-cm-3009.htm\">Vasque Barcelone en marbre 30 cm<\/a><\/strong> : le diam\u00e8tre qui tient sur un plan peu profond.<\/li><li><strong><a href=\"https:\/\/www.wanda-collection.com\/art-meuble-sous-vasque-en-teck-aktual-60cm-56153.htm\">Meuble sous vasque en teck Aktual 60 cm<\/a><\/strong> : le suspendu qui laisse voir le sol sur toute la longueur.<\/li><li><strong><a href=\"https:\/\/www.wanda-collection.com\/art-meuble-salle-de-bain-en-teck-et-ceramique-sira-solo-120-cm-55183.htm\">Meuble en teck et c\u00e9ramique Sira solo 120 cm<\/a><\/strong> : long et unique, la logique du couloir pouss\u00e9e \u00e0 son terme.<\/li><li><strong><a href=\"https:\/\/www.wanda-collection.com\/art-colonne-suspendu-ora-150-cm-reversible-4107.htm\">Colonne suspendue Ora 150 cm r\u00e9versible<\/a><\/strong> : porte r\u00e9versible, indispensable en bout de couloir.<\/li><li><strong><a href=\"https:\/\/www.wanda-collection.com\/art-miroir-salle-de-bain-en-teck-samba-140-x-65-cm-4191.htm\">Miroir en teck Samba 140 x 65 cm<\/a><\/strong> : le format long qui \u00e9largit la pi\u00e8ce en la d\u00e9doublant.<\/li><\/ul>\t\t\t\t\t\t\t\t<\/div>\n\t\t\t\t<\/div>\n\t\t\t\t<div class=\"vamtam-has-theme-widget-styles elementor-element elementor-element-384cee0 elementor-align-center elementor-widget elementor-widget-button\" data-id=\"384cee0\" data-element_type=\"widget\" data-widget_type=\"button.default\">\n\t\t\t\t<div class=\"elementor-widget-container\">\n\t\t\t\t\t\t\t\t\t<div class=\"elementor-button-wrapper\">\n\t\t\t\t\t<a class=\"elementor-button elementor-button-link elementor-size-sm\" href=\"https:\/\/www.wanda-collection.com\/cat-salle-de-bain-6.htm\">\n\t\t\t\t\t\t<span class=\"elementor-button-content-wrapper\">\n\t\t\t\t\t\t\t\t\t<span class=\"elementor-button-text\">D\u00e9couvrir la collection salle de bain<\/span>\n\t\t\t\t\t<\/span>\n\t\t\t\t\t<\/a>\n\t\t\t\t<\/div>\n\t\t\t\t\t\t\t\t<\/div>\n\t\t\t\t<\/div>\n\t\t\t\t\t<\/div>\n\t\t<\/div>\n\t\t\t\t\t<\/div>\n\t\t<\/section>\n\t\t\t\t<section class=\"elementor-section elementor-top-section elementor-element elementor-element-4d4bb9f elementor-section-boxed elementor-section-height-default elementor-section-height-default\" data-id=\"4d4bb9f\" data-element_type=\"section\">\n\t\t\t\t\t\t<div class=\"elementor-container elementor-column-gap-default\">\n\t\t\t\t\t<div class=\"elementor-column elementor-col-100 elementor-top-column elementor-element elementor-element-1a0357d\" data-id=\"1a0357d\" data-element_type=\"column\">\n\t\t\t<div class=\"elementor-widget-wrap elementor-element-populated\">\n\t\t\t\t\t\t<div class=\"elementor-element elementor-element-f92f60c elementor-widget elementor-widget-text-editor\" data-id=\"f92f60c\" data-element_type=\"widget\" data-widget_type=\"text-editor.default\">\n\t\t\t\t<div class=\"elementor-widget-container\">\n\t\t\t\t\t\t\t\t\t<p>Une salle de bain en longueur se joue sur deux d\u00e9cisions : un seul mur \u00e9quip\u00e9, et de la profondeur r\u00e9duite plut\u00f4t que de la largeur. Notre <a href=\"https:\/\/www.wanda-collection.com\/blog\/comment-amenager-une-petite-salle-de-bain\/\">guide de la petite salle de bain<\/a> pose les trois contraintes g\u00e9n\u00e9rales, et le <a href=\"https:\/\/www.wanda-collection.com\/blog\/hauteur-dimensions-meuble-salle-de-bain\/\">guide des dimensions<\/a> donne toutes les cotes.<\/p>\n<!-- wanda-maillage-2026-08 --><div style=\"background:#faf6ef; border-left:4px solid #d4a84b; padding:24px 28px; margin:32px 0; border-radius:0 8px 8px 0;\"><p style=\"color:#1a1a2e; font-size:1.15em; margin:0 0 14px; font-weight:600; letter-spacing:0.3px; text-transform:uppercase;\">\u00c0 lire aussi sur le blog Wanda<\/p><ul style=\"margin:0; padding:0 0 0 18px; line-height:1.9;\"><li><a href=\"https:\/\/www.wanda-collection.com\/blog\/comment-amenager-une-petite-salle-de-bain\/\" style=\"font-weight:700; text-decoration:underline; color:#1a1a2e;\"><strong>Petite salle de bain : les trois contraintes<\/strong><\/a><\/li><li><a href=\"https:\/\/www.wanda-collection.com\/blog\/amenager-salle-de-bain-3-4-5-6-m2\/\" style=\"font-weight:700; text-decoration:underline; color:#1a1a2e;\"><strong>Salle de bain de 3 \u00e0 6 m\u00b2<\/strong><\/a><\/li><li><a href=\"https:\/\/www.wanda-collection.com\/blog\/salle-de-bain-sous-comble-sous-pente\/\" style=\"font-weight:700; text-decoration:underline; color:#1a1a2e;\"><strong>Salle de bain sous comble<\/strong><\/a><\/li><\/ul><\/div>\t\t\t\t\t\t\t\t<\/div>\n\t\t\t\t<\/div>\n\t\t\t\t\t<\/div>\n\t\t<\/div>\n\t\t\t\t\t<\/div>\n\t\t<\/section>\n\t\t\t\t<section class=\"elementor-section elementor-top-section elementor-element elementor-element-91d80fb elementor-section-boxed elementor-section-height-default elementor-section-height-default\" data-id=\"91d80fb\" data-element_type=\"section\">\n\t\t\t\t\t\t<div class=\"elementor-container elementor-column-gap-default\">\n\t\t\t\t\t<div class=\"elementor-column elementor-col-100 elementor-top-column elementor-element elementor-element-f52d4bf\" data-id=\"f52d4bf\" data-element_type=\"column\">\n\t\t\t<div class=\"elementor-widget-wrap elementor-element-populated\">\n\t\t\t\t\t\t<div class=\"elementor-element elementor-element-24d5e7c elementor-widget elementor-widget-heading\" data-id=\"24d5e7c\" data-element_type=\"widget\" data-widget_type=\"heading.default\">\n\t\t\t\t<div class=\"elementor-widget-container\">\n\t\t\t\t\t<h2 class=\"elementor-heading-title elementor-size-default\">FAQ : salle de bain en longueur<\/h2>\t\t\t\t<\/div>\n\t\t\t\t<\/div>\n\t\t\t\t\t<\/div>\n\t\t<\/div>\n\t\t\t\t\t<\/div>\n\t\t<\/section>\n\t\t\t\t<section class=\"elementor-section elementor-top-section elementor-element elementor-element-bbf60a2 elementor-section-boxed elementor-section-height-default elementor-section-height-default\" data-id=\"bbf60a2\" data-element_type=\"section\">\n\t\t\t\t\t\t<div class=\"elementor-container elementor-column-gap-default\">\n\t\t\t\t\t<div class=\"elementor-column elementor-col-100 elementor-top-column elementor-element elementor-element-2c19cca\" data-id=\"2c19cca\" data-element_type=\"column\">\n\t\t\t<div class=\"elementor-widget-wrap elementor-element-populated\">\n\t\t\t\t\t\t<div class=\"elementor-element elementor-element-2cb2d37 elementor-widget elementor-widget-accordion\" data-id=\"2cb2d37\" data-element_type=\"widget\" data-widget_type=\"accordion.default\">\n\t\t\t\t<div class=\"elementor-widget-container\">\n\t\t\t\t\t\t\t<div class=\"elementor-accordion\">\n\t\t\t\t\t\t\t<div class=\"elementor-accordion-item\">\n\t\t\t\t\t<div id=\"elementor-tab-title-4681\" class=\"elementor-tab-title\" data-tab=\"1\" role=\"button\" aria-controls=\"elementor-tab-content-4681\" aria-expanded=\"false\">\n\t\t\t\t\t\t\t\t\t\t\t\t\t<span class=\"elementor-accordion-icon elementor-accordion-icon-left\" aria-hidden=\"true\">\n\t\t\t\t\t\t\t\t\t\t\t\t\t\t\t<span class=\"elementor-accordion-icon-closed\"><i class=\"fas fa-plus\"><\/i><\/span>\n\t\t\t\t\t\t\t\t<span class=\"elementor-accordion-icon-opened\"><i class=\"fas fa-minus\"><\/i><\/span>\n\t\t\t\t\t\t\t\t\t\t\t\t\t\t<\/span>\n\t\t\t\t\t\t\t\t\t\t\t\t<a class=\"elementor-accordion-title\" tabindex=\"0\">Peut-on \u00e9quiper les deux murs d'une salle de bain en longueur ?<\/a>\n\t\t\t\t\t<\/div>\n\t\t\t\t\t<div id=\"elementor-tab-content-4681\" class=\"elementor-tab-content elementor-clearfix\" data-tab=\"1\" role=\"region\" aria-labelledby=\"elementor-tab-title-4681\"><p>Non, sauf si la pi\u00e8ce d\u00e9passe 200 cm de large. Dans une pi\u00e8ce de 140 cm, deux meubles de 47 cm face \u00e0 face ne laissent que 46 cm de passage : on ne peut plus se retourner ni ouvrir une porte de meuble. Tout doit aller sur un seul mur, l&rsquo;autre restant libre ou recevant seulement des \u00e9tag\u00e8res de 15 \u00e0 20 cm.<\/p><\/div>\n\t\t\t\t<\/div>\n\t\t\t\t\t\t\t<div class=\"elementor-accordion-item\">\n\t\t\t\t\t<div id=\"elementor-tab-title-4682\" class=\"elementor-tab-title\" data-tab=\"2\" role=\"button\" aria-controls=\"elementor-tab-content-4682\" aria-expanded=\"false\">\n\t\t\t\t\t\t\t\t\t\t\t\t\t<span class=\"elementor-accordion-icon elementor-accordion-icon-left\" aria-hidden=\"true\">\n\t\t\t\t\t\t\t\t\t\t\t\t\t\t\t<span class=\"elementor-accordion-icon-closed\"><i class=\"fas fa-plus\"><\/i><\/span>\n\t\t\t\t\t\t\t\t<span class=\"elementor-accordion-icon-opened\"><i class=\"fas fa-minus\"><\/i><\/span>\n\t\t\t\t\t\t\t\t\t\t\t\t\t\t<\/span>\n\t\t\t\t\t\t\t\t\t\t\t\t<a class=\"elementor-accordion-title\" tabindex=\"0\">Quel meuble pour une salle de bain en longueur ?<\/a>\n\t\t\t\t\t<\/div>\n\t\t\t\t\t<div id=\"elementor-tab-content-4682\" class=\"elementor-tab-content elementor-clearfix\" data-tab=\"2\" role=\"region\" aria-labelledby=\"elementor-tab-title-4682\"><p>Un meuble long et peu profond, exactement l&rsquo;inverse de ce qu&rsquo;on choisirait dans une pi\u00e8ce carr\u00e9e. Le mur ne manque pas dans un couloir, c&rsquo;est le passage qui manque : chaque centim\u00e8tre de profondeur se retranche du d\u00e9gagement. Un meuble de 30 cm au lieu de 47 gagne 17 cm, ce qui fait passer un couloir de 83 \u00e0 100 cm.<\/p><\/div>\n\t\t\t\t<\/div>\n\t\t\t\t\t\t\t<div class=\"elementor-accordion-item\">\n\t\t\t\t\t<div id=\"elementor-tab-title-4683\" class=\"elementor-tab-title\" data-tab=\"3\" role=\"button\" aria-controls=\"elementor-tab-content-4683\" aria-expanded=\"false\">\n\t\t\t\t\t\t\t\t\t\t\t\t\t<span class=\"elementor-accordion-icon elementor-accordion-icon-left\" aria-hidden=\"true\">\n\t\t\t\t\t\t\t\t\t\t\t\t\t\t\t<span class=\"elementor-accordion-icon-closed\"><i class=\"fas fa-plus\"><\/i><\/span>\n\t\t\t\t\t\t\t\t<span class=\"elementor-accordion-icon-opened\"><i class=\"fas fa-minus\"><\/i><\/span>\n\t\t\t\t\t\t\t\t\t\t\t\t\t\t<\/span>\n\t\t\t\t\t\t\t\t\t\t\t\t<a class=\"elementor-accordion-title\" tabindex=\"0\">O\u00f9 placer le lavabo dans une salle de bain en longueur ?<\/a>\n\t\t\t\t\t<\/div>\n\t\t\t\t\t<div id=\"elementor-tab-content-4683\" class=\"elementor-tab-content elementor-clearfix\" data-tab=\"3\" role=\"region\" aria-labelledby=\"elementor-tab-title-4683\"><p>Pr\u00e8s de l&rsquo;entr\u00e9e. Rangez les \u00e9l\u00e9ments par fr\u00e9quence d&rsquo;usage d\u00e9croissante depuis la porte : le point d&rsquo;eau en premier puisqu&rsquo;on y va plusieurs fois par jour, la douche ensuite, le rangement au fond. Le fond de la pi\u00e8ce est la zone la moins pratique, elle est r\u00e9serv\u00e9e \u00e0 ce qui sert le moins.<\/p><\/div>\n\t\t\t\t<\/div>\n\t\t\t\t\t\t\t<div class=\"elementor-accordion-item\">\n\t\t\t\t\t<div id=\"elementor-tab-title-4684\" class=\"elementor-tab-title\" data-tab=\"4\" role=\"button\" aria-controls=\"elementor-tab-content-4684\" aria-expanded=\"false\">\n\t\t\t\t\t\t\t\t\t\t\t\t\t<span class=\"elementor-accordion-icon elementor-accordion-icon-left\" aria-hidden=\"true\">\n\t\t\t\t\t\t\t\t\t\t\t\t\t\t\t<span class=\"elementor-accordion-icon-closed\"><i class=\"fas fa-plus\"><\/i><\/span>\n\t\t\t\t\t\t\t\t<span class=\"elementor-accordion-icon-opened\"><i class=\"fas fa-minus\"><\/i><\/span>\n\t\t\t\t\t\t\t\t\t\t\t\t\t\t<\/span>\n\t\t\t\t\t\t\t\t\t\t\t\t<a class=\"elementor-accordion-title\" tabindex=\"0\">Comment casser l'effet couloir ?<\/a>\n\t\t\t\t\t<\/div>\n\t\t\t\t\t<div id=\"elementor-tab-content-4684\" class=\"elementor-tab-content elementor-clearfix\" data-tab=\"4\" role=\"region\" aria-labelledby=\"elementor-tab-title-4684\"><p>Trois leviers. Un miroir pos\u00e9 sur toute la longueur du mur \u00e9quip\u00e9, qui \u00e9largit visuellement en d\u00e9doublant la pi\u00e8ce. Un mur du fond plus fonc\u00e9 ou textur\u00e9, qui arr\u00eate le regard et raccourcit la perspective. Et des hauteurs d\u00e9cal\u00e9es entre meuble, colonne et miroir, plut\u00f4t que tout align\u00e9 sur une m\u00eame ligne horizontale.<\/p><\/div>\n\t\t\t\t<\/div>\n\t\t\t\t\t\t\t<div class=\"elementor-accordion-item\">\n\t\t\t\t\t<div id=\"elementor-tab-title-4685\" class=\"elementor-tab-title\" data-tab=\"5\" role=\"button\" aria-controls=\"elementor-tab-content-4685\" aria-expanded=\"false\">\n\t\t\t\t\t\t\t\t\t\t\t\t\t<span class=\"elementor-accordion-icon elementor-accordion-icon-left\" aria-hidden=\"true\">\n\t\t\t\t\t\t\t\t\t\t\t\t\t\t\t<span class=\"elementor-accordion-icon-closed\"><i class=\"fas fa-plus\"><\/i><\/span>\n\t\t\t\t\t\t\t\t<span class=\"elementor-accordion-icon-opened\"><i class=\"fas fa-minus\"><\/i><\/span>\n\t\t\t\t\t\t\t\t\t\t\t\t\t\t<\/span>\n\t\t\t\t\t\t\t\t\t\t\t\t<a class=\"elementor-accordion-title\" tabindex=\"0\">Quel \u00e9clairage dans une salle de bain tout en longueur ?<\/a>\n\t\t\t\t\t<\/div>\n\t\t\t\t\t<div id=\"elementor-tab-content-4685\" class=\"elementor-tab-content elementor-clearfix\" data-tab=\"5\" role=\"region\" aria-labelledby=\"elementor-tab-title-4685\"><p>R\u00e9partissez la lumi\u00e8re sur la longueur : deux ou trois points plut\u00f4t qu&rsquo;une source unique au centre, qui laisse les extr\u00e9mit\u00e9s dans la p\u00e9nombre et accentue le tunnel. Ajoutez un \u00e9clairage d\u00e9di\u00e9 au miroir, id\u00e9alement deux appliques de part et d&rsquo;autre.<\/p><\/div>\n\t\t\t\t<\/div>\n\t\t\t\t\t\t\t<div class=\"elementor-accordion-item\">\n\t\t\t\t\t<div id=\"elementor-tab-title-4686\" class=\"elementor-tab-title\" data-tab=\"6\" role=\"button\" aria-controls=\"elementor-tab-content-4686\" aria-expanded=\"false\">\n\t\t\t\t\t\t\t\t\t\t\t\t\t<span class=\"elementor-accordion-icon elementor-accordion-icon-left\" aria-hidden=\"true\">\n\t\t\t\t\t\t\t\t\t\t\t\t\t\t\t<span class=\"elementor-accordion-icon-closed\"><i class=\"fas fa-plus\"><\/i><\/span>\n\t\t\t\t\t\t\t\t<span class=\"elementor-accordion-icon-opened\"><i class=\"fas fa-minus\"><\/i><\/span>\n\t\t\t\t\t\t\t\t\t\t\t\t\t\t<\/span>\n\t\t\t\t\t\t\t\t\t\t\t\t<a class=\"elementor-accordion-title\" tabindex=\"0\">Quelle vasque pour un meuble peu profond ?<\/a>\n\t\t\t\t\t<\/div>\n\t\t\t\t\t<div id=\"elementor-tab-content-4686\" class=\"elementor-tab-content elementor-clearfix\" data-tab=\"6\" role=\"region\" aria-labelledby=\"elementor-tab-title-4686\"><p>Un bassin de 30 cm de diam\u00e8tre, ou une vasque rectangulaire qui offre la m\u00eame surface utile en \u00e9tant moins profonde. Une vasque ronde de 40 cm d\u00e9borde d&rsquo;un plan de 30 cm de profondeur. La r\u00e8gle des 10 cm de plan de chaque c\u00f4t\u00e9 s&rsquo;applique aussi en profondeur, pas seulement en largeur.<\/p><\/div>\n\t\t\t\t<\/div>\n\t\t\t\t\t\t\t\t<\/div>\n\t\t\t\t\t\t<\/div>\n\t\t\t\t<\/div>\n\t\t\t\t<div class=\"elementor-element elementor-element-8bccea9 elementor-widget elementor-widget-html\" data-id=\"8bccea9\" data-element_type=\"widget\" data-widget_type=\"html.default\">\n\t\t\t\t<div class=\"elementor-widget-container\">\n\t\t\t\t\t<script type=\"application\/ld+json\">{\"@context\": \"https:\/\/schema.org\", \"@type\": \"Article\", \"headline\": \"Salle de bain en longueur : comment traiter un couloir\", \"description\": \"Salle de bain en longueur : tout aligner sur un mur, la profondeur \u00e0 r\u00e9duire, le miroir qui casse la perspective et les erreurs qui rendent le couloir impraticable.\", \"author\": {\"@type\": \"Organization\", \"name\": \"Wanda Collection\"}, \"publisher\": {\"@type\": \"Organization\", \"name\": \"Wanda Collection\", \"logo\": {\"@type\": \"ImageObject\", \"url\": \"https:\/\/www.wanda-collection.com\/img\/logo.png\"}}, \"mainEntityOfPage\": \"https:\/\/www.wanda-collection.com\/blog\/salle-de-bain-en-longueur\/\", \"image\": \"https:\/\/www.wanda-collection.com\/blog\/wp-content\/uploads\/2026\/08\/mb-sira120.jpg\"}<\/script>\n<script type=\"application\/ld+json\">{\"@context\": \"https:\/\/schema.org\", \"@type\": \"FAQPage\", \"mainEntity\": [{\"@type\": \"Question\", \"name\": \"Peut-on \u00e9quiper les deux murs d'une salle de bain en longueur ?\", \"acceptedAnswer\": {\"@type\": \"Answer\", \"text\": \"Non, sauf si la pi\u00e8ce d\u00e9passe 200 cm de large. Dans une pi\u00e8ce de 140 cm, deux meubles de 47 cm face \u00e0 face ne laissent que 46 cm de passage : on ne peut plus se retourner ni ouvrir une porte de meuble. Tout doit aller sur un seul mur, l'autre restant libre ou recevant seulement des \u00e9tag\u00e8res de 15 \u00e0 20 cm.\"}}, {\"@type\": \"Question\", \"name\": \"Quel meuble pour une salle de bain en longueur ?\", \"acceptedAnswer\": {\"@type\": \"Answer\", \"text\": \"Un meuble long et peu profond, exactement l'inverse de ce qu'on choisirait dans une pi\u00e8ce carr\u00e9e. Le mur ne manque pas dans un couloir, c'est le passage qui manque : chaque centim\u00e8tre de profondeur se retranche du d\u00e9gagement. Un meuble de 30 cm au lieu de 47 gagne 17 cm, ce qui fait passer un couloir de 83 \u00e0 100 cm.\"}}, {\"@type\": \"Question\", \"name\": \"O\u00f9 placer le lavabo dans une salle de bain en longueur ?\", \"acceptedAnswer\": {\"@type\": \"Answer\", \"text\": \"Pr\u00e8s de l'entr\u00e9e. Rangez les \u00e9l\u00e9ments par fr\u00e9quence d'usage d\u00e9croissante depuis la porte : le point d'eau en premier puisqu'on y va plusieurs fois par jour, la douche ensuite, le rangement au fond. Le fond de la pi\u00e8ce est la zone la moins pratique, elle est r\u00e9serv\u00e9e \u00e0 ce qui sert le moins.\"}}, {\"@type\": \"Question\", \"name\": \"Comment casser l'effet couloir ?\", \"acceptedAnswer\": {\"@type\": \"Answer\", \"text\": \"Trois leviers. Un miroir pos\u00e9 sur toute la longueur du mur \u00e9quip\u00e9, qui \u00e9largit visuellement en d\u00e9doublant la pi\u00e8ce. Un mur du fond plus fonc\u00e9 ou textur\u00e9, qui arr\u00eate le regard et raccourcit la perspective. Et des hauteurs d\u00e9cal\u00e9es entre meuble, colonne et miroir, plut\u00f4t que tout align\u00e9 sur une m\u00eame ligne horizontale.\"}}, {\"@type\": \"Question\", \"name\": \"Quel \u00e9clairage dans une salle de bain tout en longueur ?\", \"acceptedAnswer\": {\"@type\": \"Answer\", \"text\": \"R\u00e9partissez la lumi\u00e8re sur la longueur : deux ou trois points plut\u00f4t qu'une source unique au centre, qui laisse les extr\u00e9mit\u00e9s dans la p\u00e9nombre et accentue le tunnel. Ajoutez un \u00e9clairage d\u00e9di\u00e9 au miroir, id\u00e9alement deux appliques de part et d'autre.\"}}, {\"@type\": \"Question\", \"name\": \"Quelle vasque pour un meuble peu profond ?\", \"acceptedAnswer\": {\"@type\": \"Answer\", \"text\": \"Un bassin de 30 cm de diam\u00e8tre, ou une vasque rectangulaire qui offre la m\u00eame surface utile en \u00e9tant moins profonde. Une vasque ronde de 40 cm d\u00e9borde d'un plan de 30 cm de profondeur. La r\u00e8gle des 10 cm de plan de chaque c\u00f4t\u00e9 s'applique aussi en profondeur, pas seulement en largeur.\"}}]}<\/script>\t\t\t\t<\/div>\n\t\t\t\t<\/div>\n\t\t\t\t\t<\/div>\n\t\t<\/div>\n\t\t\t\t\t<\/div>\n\t\t<\/section>\n\t\t\t\t<\/div>\n\t\t","protected":false},"excerpt":{"rendered":"<p>Salle de bain en longueur : tout aligner sur un mur, la profondeur \u00e0 r\u00e9duire, le miroir qui casse la perspective et les erreurs qui rendent le couloir impraticable.<\/p>\n","protected":false},"author":6,"featured_media":992843,"comment_status":"closed","ping_status":"open","sticky":false,"template":"","format":"standard","meta":{"footnotes":""},"categories":[104,102,16],"tags":[114],"class_list":["post-992905","post","type-post","status-publish","format-standard","has-post-thumbnail","hentry","category-amenagement","category-meubles-de-salle-de-bain","category-salle-de-bain","tag-guide-dachat"],"yoast_head":"<!-- This site is optimized with the Yoast SEO plugin v25.5 - https:\/\/yoast.com\/wordpress\/plugins\/seo\/ -->\n<title>Salle de bain en longueur : comment traiter un couloir<\/title>\n<meta name=\"description\" content=\"Salle de bain en longueur : tout aligner sur un mur, la profondeur \u00e0 r\u00e9duire, le miroir qui casse la perspective et les erreurs qui rendent le couloir impraticable.\" \/>\n<meta name=\"robots\" content=\"index, follow, max-snippet:-1, max-image-preview:large, max-video-preview:-1\" \/>\n<link rel=\"canonical\" href=\"https:\/\/www.wanda-collection.com\/blog\/salle-de-bain-en-longueur\/\" \/>\n<meta property=\"og:locale\" content=\"fr_FR\" \/>\n<meta property=\"og:type\" content=\"article\" \/>\n<meta property=\"og:title\" content=\"Salle de bain en longueur : comment traiter un couloir\" \/>\n<meta property=\"og:description\" content=\"Salle de bain en longueur : tout aligner sur un mur, la profondeur \u00e0 r\u00e9duire, le miroir qui casse la perspective et les erreurs qui rendent le couloir impraticable.\" \/>\n<meta property=\"og:url\" content=\"https:\/\/www.wanda-collection.com\/blog\/salle-de-bain-en-longueur\/\" \/>\n<meta property=\"og:site_name\" content=\"Wanda collection Le blog\" \/>\n<meta property=\"article:publisher\" content=\"https:\/\/www.facebook.com\/WandaCollection.fr\/\" \/>\n<meta property=\"article:published_time\" content=\"2026-09-01T07:55:53+00:00\" \/>\n<meta property=\"article:modified_time\" content=\"2026-09-01T08:01:06+00:00\" \/>\n<meta property=\"og:image\" content=\"https:\/\/www.wanda-collection.com\/blog\/wp-content\/uploads\/2026\/08\/mb-sira120.jpg\" \/>\n\t<meta property=\"og:image:width\" content=\"1028\" \/>\n\t<meta property=\"og:image:height\" content=\"1028\" \/>\n\t<meta property=\"og:image:type\" content=\"image\/jpeg\" \/>\n<meta name=\"author\" content=\"Damien Girardeau\" \/>\n<meta name=\"twitter:card\" content=\"summary_large_image\" \/>\n<meta name=\"twitter:label1\" content=\"\u00c9crit par\" \/>\n\t<meta name=\"twitter:data1\" content=\"Damien Girardeau\" \/>\n\t<meta name=\"twitter:label2\" content=\"Dur\u00e9e de lecture estim\u00e9e\" \/>\n\t<meta name=\"twitter:data2\" content=\"8 minutes\" \/>\n<script type=\"application\/ld+json\" class=\"yoast-schema-graph\">{\"@context\":\"https:\/\/schema.org\",\"@graph\":[{\"@type\":\"Article\",\"@id\":\"https:\/\/www.wanda-collection.com\/blog\/salle-de-bain-en-longueur\/#article\",\"isPartOf\":{\"@id\":\"https:\/\/www.wanda-collection.com\/blog\/salle-de-bain-en-longueur\/\"},\"author\":{\"name\":\"Damien Girardeau\",\"@id\":\"https:\/\/www.wanda-collection.com\/blog\/#\/schema\/person\/85c8dec31d24bad26b45a2319924d2e6\"},\"headline\":\"Salle de bain en longueur : comment traiter un couloir\",\"datePublished\":\"2026-09-01T07:55:53+00:00\",\"dateModified\":\"2026-09-01T08:01:06+00:00\",\"mainEntityOfPage\":{\"@id\":\"https:\/\/www.wanda-collection.com\/blog\/salle-de-bain-en-longueur\/\"},\"wordCount\":1665,\"publisher\":{\"@id\":\"https:\/\/www.wanda-collection.com\/blog\/#organization\"},\"image\":{\"@id\":\"https:\/\/www.wanda-collection.com\/blog\/salle-de-bain-en-longueur\/#primaryimage\"},\"thumbnailUrl\":\"https:\/\/www.wanda-collection.com\/blog\/wp-content\/uploads\/2026\/08\/mb-sira120.jpg\",\"keywords\":[\"Guide d'achat\"],\"articleSection\":[\"Am\u00e9nagement\",\"Meubles de salle de bain\",\"Salle de bain\"],\"inLanguage\":\"fr-FR\"},{\"@type\":\"WebPage\",\"@id\":\"https:\/\/www.wanda-collection.com\/blog\/salle-de-bain-en-longueur\/\",\"url\":\"https:\/\/www.wanda-collection.com\/blog\/salle-de-bain-en-longueur\/\",\"name\":\"Salle de bain en longueur : comment traiter un couloir\",\"isPartOf\":{\"@id\":\"https:\/\/www.wanda-collection.com\/blog\/#website\"},\"primaryImageOfPage\":{\"@id\":\"https:\/\/www.wanda-collection.com\/blog\/salle-de-bain-en-longueur\/#primaryimage\"},\"image\":{\"@id\":\"https:\/\/www.wanda-collection.com\/blog\/salle-de-bain-en-longueur\/#primaryimage\"},\"thumbnailUrl\":\"https:\/\/www.wanda-collection.com\/blog\/wp-content\/uploads\/2026\/08\/mb-sira120.jpg\",\"datePublished\":\"2026-09-01T07:55:53+00:00\",\"dateModified\":\"2026-09-01T08:01:06+00:00\",\"description\":\"Salle de bain en longueur : tout aligner sur un mur, la profondeur \u00e0 r\u00e9duire, le miroir qui casse la perspective et les erreurs qui rendent le couloir impraticable.\",\"breadcrumb\":{\"@id\":\"https:\/\/www.wanda-collection.com\/blog\/salle-de-bain-en-longueur\/#breadcrumb\"},\"inLanguage\":\"fr-FR\",\"potentialAction\":[{\"@type\":\"ReadAction\",\"target\":[\"https:\/\/www.wanda-collection.com\/blog\/salle-de-bain-en-longueur\/\"]}]},{\"@type\":\"ImageObject\",\"inLanguage\":\"fr-FR\",\"@id\":\"https:\/\/www.wanda-collection.com\/blog\/salle-de-bain-en-longueur\/#primaryimage\",\"url\":\"https:\/\/www.wanda-collection.com\/blog\/wp-content\/uploads\/2026\/08\/mb-sira120.jpg\",\"contentUrl\":\"https:\/\/www.wanda-collection.com\/blog\/wp-content\/uploads\/2026\/08\/mb-sira120.jpg\",\"width\":1028,\"height\":1028,\"caption\":\"Meuble en teck et c\u00e9ramique Sira solo, 120 cm\"},{\"@type\":\"BreadcrumbList\",\"@id\":\"https:\/\/www.wanda-collection.com\/blog\/salle-de-bain-en-longueur\/#breadcrumb\",\"itemListElement\":[{\"@type\":\"ListItem\",\"position\":1,\"name\":\"Accueil\",\"item\":\"https:\/\/www.wanda-collection.com\/blog\/\"},{\"@type\":\"ListItem\",\"position\":2,\"name\":\"Salle de bain\",\"item\":\"https:\/\/www.wanda-collection.com\/blog\/category\/salle-de-bain\/\"},{\"@type\":\"ListItem\",\"position\":3,\"name\":\"Am\u00e9nagement\",\"item\":\"https:\/\/www.wanda-collection.com\/blog\/category\/salle-de-bain\/amenagement\/\"},{\"@type\":\"ListItem\",\"position\":4,\"name\":\"Salle de bain en longueur : comment traiter un couloir\"}]},{\"@type\":\"WebSite\",\"@id\":\"https:\/\/www.wanda-collection.com\/blog\/#website\",\"url\":\"https:\/\/www.wanda-collection.com\/blog\/\",\"name\":\"Wanda collection Le blog\",\"description\":\"\",\"publisher\":{\"@id\":\"https:\/\/www.wanda-collection.com\/blog\/#organization\"},\"potentialAction\":[{\"@type\":\"SearchAction\",\"target\":{\"@type\":\"EntryPoint\",\"urlTemplate\":\"https:\/\/www.wanda-collection.com\/blog\/?s={search_term_string}\"},\"query-input\":{\"@type\":\"PropertyValueSpecification\",\"valueRequired\":true,\"valueName\":\"search_term_string\"}}],\"inLanguage\":\"fr-FR\"},{\"@type\":\"Organization\",\"@id\":\"https:\/\/www.wanda-collection.com\/blog\/#organization\",\"name\":\"Wanda collection Le blog\",\"url\":\"https:\/\/www.wanda-collection.com\/blog\/\",\"logo\":{\"@type\":\"ImageObject\",\"inLanguage\":\"fr-FR\",\"@id\":\"https:\/\/www.wanda-collection.com\/blog\/#\/schema\/logo\/image\/\",\"url\":\"https:\/\/www.wanda-collection.com\/blog\/wp-content\/uploads\/2022\/09\/cropped-logo-Le-blog-5.png\",\"contentUrl\":\"https:\/\/www.wanda-collection.com\/blog\/wp-content\/uploads\/2022\/09\/cropped-logo-Le-blog-5.png\",\"width\":1141,\"height\":328,\"caption\":\"Wanda collection Le blog\"},\"image\":{\"@id\":\"https:\/\/www.wanda-collection.com\/blog\/#\/schema\/logo\/image\/\"},\"sameAs\":[\"https:\/\/www.facebook.com\/WandaCollection.fr\/\",\"https:\/\/www.pinterest.fr\/wandacollection\/\",\"https:\/\/www.instagram.com\/wanda.collection\/\"]},{\"@type\":\"Person\",\"@id\":\"https:\/\/www.wanda-collection.com\/blog\/#\/schema\/person\/85c8dec31d24bad26b45a2319924d2e6\",\"name\":\"Damien Girardeau\",\"image\":{\"@type\":\"ImageObject\",\"inLanguage\":\"fr-FR\",\"@id\":\"https:\/\/www.wanda-collection.com\/blog\/#\/schema\/person\/image\/\",\"url\":\"https:\/\/secure.gravatar.com\/avatar\/53ace044216358578780d6154f629abc4431ac90903bd3d17859f8eec72d379b?s=96&d=mm&r=g\",\"contentUrl\":\"https:\/\/secure.gravatar.com\/avatar\/53ace044216358578780d6154f629abc4431ac90903bd3d17859f8eec72d379b?s=96&d=mm&r=g\",\"caption\":\"Damien Girardeau\"}}]}<\/script>\n<!-- \/ Yoast SEO plugin. -->","yoast_head_json":{"title":"Salle de bain en longueur : comment traiter un couloir","description":"Salle de bain en longueur : tout aligner sur un mur, la profondeur \u00e0 r\u00e9duire, le miroir qui casse la perspective et les erreurs qui rendent le couloir impraticable.","robots":{"index":"index","follow":"follow","max-snippet":"max-snippet:-1","max-image-preview":"max-image-preview:large","max-video-preview":"max-video-preview:-1"},"canonical":"https:\/\/www.wanda-collection.com\/blog\/salle-de-bain-en-longueur\/","og_locale":"fr_FR","og_type":"article","og_title":"Salle de bain en longueur : comment traiter un couloir","og_description":"Salle de bain en longueur : tout aligner sur un mur, la profondeur \u00e0 r\u00e9duire, le miroir qui casse la perspective et les erreurs qui rendent le couloir impraticable.","og_url":"https:\/\/www.wanda-collection.com\/blog\/salle-de-bain-en-longueur\/","og_site_name":"Wanda collection Le blog","article_publisher":"https:\/\/www.facebook.com\/WandaCollection.fr\/","article_published_time":"2026-09-01T07:55:53+00:00","article_modified_time":"2026-09-01T08:01:06+00:00","og_image":[{"width":1028,"height":1028,"url":"https:\/\/www.wanda-collection.com\/blog\/wp-content\/uploads\/2026\/08\/mb-sira120.jpg","type":"image\/jpeg"}],"author":"Damien Girardeau","twitter_card":"summary_large_image","twitter_misc":{"\u00c9crit par":"Damien Girardeau","Dur\u00e9e de lecture estim\u00e9e":"8 minutes"},"schema":{"@context":"https:\/\/schema.org","@graph":[{"@type":"Article","@id":"https:\/\/www.wanda-collection.com\/blog\/salle-de-bain-en-longueur\/#article","isPartOf":{"@id":"https:\/\/www.wanda-collection.com\/blog\/salle-de-bain-en-longueur\/"},"author":{"name":"Damien Girardeau","@id":"https:\/\/www.wanda-collection.com\/blog\/#\/schema\/person\/85c8dec31d24bad26b45a2319924d2e6"},"headline":"Salle de bain en longueur : comment traiter un couloir","datePublished":"2026-09-01T07:55:53+00:00","dateModified":"2026-09-01T08:01:06+00:00","mainEntityOfPage":{"@id":"https:\/\/www.wanda-collection.com\/blog\/salle-de-bain-en-longueur\/"},"wordCount":1665,"publisher":{"@id":"https:\/\/www.wanda-collection.com\/blog\/#organization"},"image":{"@id":"https:\/\/www.wanda-collection.com\/blog\/salle-de-bain-en-longueur\/#primaryimage"},"thumbnailUrl":"https:\/\/www.wanda-collection.com\/blog\/wp-content\/uploads\/2026\/08\/mb-sira120.jpg","keywords":["Guide d'achat"],"articleSection":["Am\u00e9nagement","Meubles de salle de bain","Salle de bain"],"inLanguage":"fr-FR"},{"@type":"WebPage","@id":"https:\/\/www.wanda-collection.com\/blog\/salle-de-bain-en-longueur\/","url":"https:\/\/www.wanda-collection.com\/blog\/salle-de-bain-en-longueur\/","name":"Salle de bain en longueur : comment traiter un couloir","isPartOf":{"@id":"https:\/\/www.wanda-collection.com\/blog\/#website"},"primaryImageOfPage":{"@id":"https:\/\/www.wanda-collection.com\/blog\/salle-de-bain-en-longueur\/#primaryimage"},"image":{"@id":"https:\/\/www.wanda-collection.com\/blog\/salle-de-bain-en-longueur\/#primaryimage"},"thumbnailUrl":"https:\/\/www.wanda-collection.com\/blog\/wp-content\/uploads\/2026\/08\/mb-sira120.jpg","datePublished":"2026-09-01T07:55:53+00:00","dateModified":"2026-09-01T08:01:06+00:00","description":"Salle de bain en longueur : tout aligner sur un mur, la profondeur \u00e0 r\u00e9duire, le miroir qui casse la perspective et les erreurs qui rendent le couloir impraticable.","breadcrumb":{"@id":"https:\/\/www.wanda-collection.com\/blog\/salle-de-bain-en-longueur\/#breadcrumb"},"inLanguage":"fr-FR","potentialAction":[{"@type":"ReadAction","target":["https:\/\/www.wanda-collection.com\/blog\/salle-de-bain-en-longueur\/"]}]},{"@type":"ImageObject","inLanguage":"fr-FR","@id":"https:\/\/www.wanda-collection.com\/blog\/salle-de-bain-en-longueur\/#primaryimage","url":"https:\/\/www.wanda-collection.com\/blog\/wp-content\/uploads\/2026\/08\/mb-sira120.jpg","contentUrl":"https:\/\/www.wanda-collection.com\/blog\/wp-content\/uploads\/2026\/08\/mb-sira120.jpg","width":1028,"height":1028,"caption":"Meuble en teck et c\u00e9ramique Sira solo, 120 cm"},{"@type":"BreadcrumbList","@id":"https:\/\/www.wanda-collection.com\/blog\/salle-de-bain-en-longueur\/#breadcrumb","itemListElement":[{"@type":"ListItem","position":1,"name":"Accueil","item":"https:\/\/www.wanda-collection.com\/blog\/"},{"@type":"ListItem","position":2,"name":"Salle de bain","item":"https:\/\/www.wanda-collection.com\/blog\/category\/salle-de-bain\/"},{"@type":"ListItem","position":3,"name":"Am\u00e9nagement","item":"https:\/\/www.wanda-collection.com\/blog\/category\/salle-de-bain\/amenagement\/"},{"@type":"ListItem","position":4,"name":"Salle de bain en longueur : comment traiter un couloir"}]},{"@type":"WebSite","@id":"https:\/\/www.wanda-collection.com\/blog\/#website","url":"https:\/\/www.wanda-collection.com\/blog\/","name":"Wanda collection Le blog","description":"","publisher":{"@id":"https:\/\/www.wanda-collection.com\/blog\/#organization"},"potentialAction":[{"@type":"SearchAction","target":{"@type":"EntryPoint","urlTemplate":"https:\/\/www.wanda-collection.com\/blog\/?s={search_term_string}"},"query-input":{"@type":"PropertyValueSpecification","valueRequired":true,"valueName":"search_term_string"}}],"inLanguage":"fr-FR"},{"@type":"Organization","@id":"https:\/\/www.wanda-collection.com\/blog\/#organization","name":"Wanda collection Le blog","url":"https:\/\/www.wanda-collection.com\/blog\/","logo":{"@type":"ImageObject","inLanguage":"fr-FR","@id":"https:\/\/www.wanda-collection.com\/blog\/#\/schema\/logo\/image\/","url":"https:\/\/www.wanda-collection.com\/blog\/wp-content\/uploads\/2022\/09\/cropped-logo-Le-blog-5.png","contentUrl":"https:\/\/www.wanda-collection.com\/blog\/wp-content\/uploads\/2022\/09\/cropped-logo-Le-blog-5.png","width":1141,"height":328,"caption":"Wanda collection Le blog"},"image":{"@id":"https:\/\/www.wanda-collection.com\/blog\/#\/schema\/logo\/image\/"},"sameAs":["https:\/\/www.facebook.com\/WandaCollection.fr\/","https:\/\/www.pinterest.fr\/wandacollection\/","https:\/\/www.instagram.com\/wanda.collection\/"]},{"@type":"Person","@id":"https:\/\/www.wanda-collection.com\/blog\/#\/schema\/person\/85c8dec31d24bad26b45a2319924d2e6","name":"Damien Girardeau","image":{"@type":"ImageObject","inLanguage":"fr-FR","@id":"https:\/\/www.wanda-collection.com\/blog\/#\/schema\/person\/image\/","url":"https:\/\/secure.gravatar.com\/avatar\/53ace044216358578780d6154f629abc4431ac90903bd3d17859f8eec72d379b?s=96&d=mm&r=g","contentUrl":"https:\/\/secure.gravatar.com\/avatar\/53ace044216358578780d6154f629abc4431ac90903bd3d17859f8eec72d379b?s=96&d=mm&r=g","caption":"Damien Girardeau"}}]}},"_links":{"self":[{"href":"https:\/\/www.wanda-collection.com\/blog\/wp-json\/wp\/v2\/posts\/992905","targetHints":{"allow":["GET"]}}],"collection":[{"href":"https:\/\/www.wanda-collection.com\/blog\/wp-json\/wp\/v2\/posts"}],"about":[{"href":"https:\/\/www.wanda-collection.com\/blog\/wp-json\/wp\/v2\/types\/post"}],"author":[{"embeddable":true,"href":"https:\/\/www.wanda-collection.com\/blog\/wp-json\/wp\/v2\/users\/6"}],"replies":[{"embeddable":true,"href":"https:\/\/www.wanda-collection.com\/blog\/wp-json\/wp\/v2\/comments?post=992905"}],"version-history":[{"count":1,"href":"https:\/\/www.wanda-collection.com\/blog\/wp-json\/wp\/v2\/posts\/992905\/revisions"}],"predecessor-version":[{"id":992914,"href":"https:\/\/www.wanda-collection.com\/blog\/wp-json\/wp\/v2\/posts\/992905\/revisions\/992914"}],"wp:featuredmedia":[{"embeddable":true,"href":"https:\/\/www.wanda-collection.com\/blog\/wp-json\/wp\/v2\/media\/992843"}],"wp:attachment":[{"href":"https:\/\/www.wanda-collection.com\/blog\/wp-json\/wp\/v2\/media?parent=992905"}],"wp:term":[{"taxonomy":"category","embeddable":true,"href":"https:\/\/www.wanda-collection.com\/blog\/wp-json\/wp\/v2\/categories?post=992905"},{"taxonomy":"post_tag","embeddable":true,"href":"https:\/\/www.wanda-collection.com\/blog\/wp-json\/wp\/v2\/tags?post=992905"}],"curies":[{"name":"wp","href":"https:\/\/api.w.org\/{rel}","templated":true}]}}