{"id":992906,"date":"2026-09-01T09:57:57","date_gmt":"2026-09-01T07:57:57","guid":{"rendered":"https:\/\/www.wanda-collection.com\/blog\/salle-de-bain-sous-comble-sous-pente\/"},"modified":"2026-09-01T10:01:04","modified_gmt":"2026-09-01T08:01:04","slug":"salle-de-bain-sous-comble-sous-pente","status":"publish","type":"post","link":"https:\/\/www.wanda-collection.com\/blog\/salle-de-bain-sous-comble-sous-pente\/","title":{"rendered":"Salle de bain sous comble : o\u00f9 placer quoi selon la pente"},"content":{"rendered":"\t\t<div data-elementor-type=\"wp-post\" data-elementor-id=\"992906\" class=\"elementor elementor-992906 elementor-bc-flex-widget\">\n\t\t\t\t\t\t<section class=\"elementor-section elementor-top-section elementor-element elementor-element-096349f elementor-section-boxed elementor-section-height-default elementor-section-height-default\" data-id=\"096349f\" data-element_type=\"section\">\n\t\t\t\t\t\t<div class=\"elementor-container elementor-column-gap-default\">\n\t\t\t\t\t<div class=\"elementor-column elementor-col-100 elementor-top-column elementor-element elementor-element-c3cff22\" data-id=\"c3cff22\" data-element_type=\"column\">\n\t\t\t<div class=\"elementor-widget-wrap elementor-element-populated\">\n\t\t\t\t\t\t<div class=\"elementor-element elementor-element-0358299 elementor-drop-cap-yes elementor-drop-cap-view-default elementor-widget elementor-widget-text-editor\" data-id=\"0358299\" data-element_type=\"widget\" data-settings=\"{&quot;drop_cap&quot;:&quot;yes&quot;}\" data-widget_type=\"text-editor.default\">\n\t\t\t\t<div class=\"elementor-widget-container\">\n\t\t\t\t\t\t\t\t\t<p>Am\u00e9nager sous les combles ne se raisonne pas en m\u00e8tres carr\u00e9s mais en hauteurs. Une pi\u00e8ce de 8 m\u00b2 sous rampant peut offrir moins d&rsquo;espace utilisable qu&rsquo;une pi\u00e8ce de 4 m\u00b2 \u00e0 plafond droit, parce que la moiti\u00e9 de sa surface est inexploitable debout.<\/p><p>Le principe qui r\u00e8gle presque tout est simple : <strong>chaque activit\u00e9 a besoin d&rsquo;une hauteur minimale, et chaque zone de la pi\u00e8ce en offre une diff\u00e9rente<\/strong>. Il ne s&rsquo;agit pas de caser des meubles mais d&rsquo;associer une activit\u00e9 \u00e0 une hauteur.<\/p><p>Ce guide donne les hauteurs par usage, l&rsquo;implantation qui en d\u00e9coule, puis les deux points techniques qu&rsquo;on d\u00e9couvre trop tard : l&rsquo;\u00e9clairage et la ventilation. Une FAQ ferme l&rsquo;article.<\/p>\t\t\t\t\t\t\t\t<\/div>\n\t\t\t\t<\/div>\n\t\t\t\t<div class=\"elementor-element elementor-element-b461fd8 elementor-widget elementor-widget-text-editor\" data-id=\"b461fd8\" data-element_type=\"widget\" data-widget_type=\"text-editor.default\">\n\t\t\t\t<div class=\"elementor-widget-container\">\n\t\t\t\t\t\t\t\t\t<h2>Salle de bain sous comble : le guide pour exploiter la pente<\/h2>\t\t\t\t\t\t\t\t<\/div>\n\t\t\t\t<\/div>\n\t\t\t\t\t<\/div>\n\t\t<\/div>\n\t\t\t\t\t<\/div>\n\t\t<\/section>\n\t\t\t\t<section class=\"elementor-section elementor-top-section elementor-element elementor-element-1bf6cf5 elementor-section-boxed elementor-section-height-default elementor-section-height-default\" data-id=\"1bf6cf5\" data-element_type=\"section\">\n\t\t\t\t\t\t<div class=\"elementor-container elementor-column-gap-default\">\n\t\t\t\t\t<div class=\"elementor-column elementor-col-100 elementor-top-column elementor-element elementor-element-d20c95d\" data-id=\"d20c95d\" data-element_type=\"column\">\n\t\t\t<div class=\"elementor-widget-wrap elementor-element-populated\">\n\t\t\t\t\t\t<div class=\"elementor-element elementor-element-f01f7a3 elementor-widget elementor-widget-heading\" data-id=\"f01f7a3\" data-element_type=\"widget\" data-widget_type=\"heading.default\">\n\t\t\t\t<div class=\"elementor-widget-container\">\n\t\t\t\t\t<h2 class=\"elementor-heading-title elementor-size-default\">Raisonner en hauteurs, pas en m\u00e8tres carr\u00e9s<\/h2>\t\t\t\t<\/div>\n\t\t\t\t<\/div>\n\t\t\t\t\t<\/div>\n\t\t<\/div>\n\t\t\t\t\t<\/div>\n\t\t<\/section>\n\t\t\t\t<section class=\"elementor-section elementor-top-section elementor-element elementor-element-0a4b663 elementor-section-boxed elementor-section-height-default elementor-section-height-default\" data-id=\"0a4b663\" data-element_type=\"section\">\n\t\t\t\t\t\t<div class=\"elementor-container elementor-column-gap-default\">\n\t\t\t\t\t<div class=\"elementor-column elementor-col-60 elementor-top-column elementor-element elementor-element-dc33a2a\" data-id=\"dc33a2a\" data-element_type=\"column\">\n\t\t\t<div class=\"elementor-widget-wrap elementor-element-populated\">\n\t\t\t\t\t\t<div class=\"elementor-element elementor-element-e04e8ce elementor-widget elementor-widget-text-editor\" data-id=\"e04e8ce\" data-element_type=\"widget\" data-widget_type=\"text-editor.default\">\n\t\t\t\t<div class=\"elementor-widget-container\">\n\t\t\t\t\t\t\t\t\t<p>Commencez par relever trois cotes : la hauteur au point le plus haut, la hauteur au point le plus bas, et la distance entre le mur bas et le point o\u00f9 le plafond atteint 180 cm. Cette derni\u00e8re d\u00e9finit la zone o\u00f9 l&rsquo;on peut se tenir debout.<\/p><h3>Ce que chaque hauteur autorise<\/h3><p><strong>Sous 90 cm<\/strong> : rien qui demande d&rsquo;\u00eatre debout. C&rsquo;est la zone du rangement bas, du panier \u00e0 linge, \u00e9ventuellement d&rsquo;une baignoire si la configuration s&rsquo;y pr\u00eate.<\/p><p><strong>Entre 90 et 140 cm<\/strong> : la zone du meuble sous vasque. On s&rsquo;y penche pour se laver le visage, et se pencher demande moins de hauteur que de se tenir droit. C&rsquo;est le meilleur usage de la pente.<\/p><p><strong>Entre 140 et 180 cm<\/strong> : la zone de circulation et des rangements hauts, mais pas celle o\u00f9 l&rsquo;on stationne.<\/p><p><strong>Au dessus de 180 cm<\/strong> : la seule zone o\u00f9 l&rsquo;on peut se tenir debout normalement. Elle est r\u00e9serv\u00e9e \u00e0 la douche, qui en a besoin sur toute sa surface.<\/p>\t\t\t\t\t\t\t\t<\/div>\n\t\t\t\t<\/div>\n\t\t\t\t\t<\/div>\n\t\t<\/div>\n\t\t\t\t<div class=\"elementor-column elementor-col-40 elementor-top-column elementor-element elementor-element-c15f381\" data-id=\"c15f381\" data-element_type=\"column\">\n\t\t\t<div class=\"elementor-widget-wrap elementor-element-populated\">\n\t\t\t\t\t\t<div class=\"vamtam-has-theme-widget-styles elementor-element elementor-element-765f7fe elementor-widget elementor-widget-image\" data-id=\"765f7fe\" data-element_type=\"widget\" data-widget_type=\"image.default\">\n\t\t\t\t<div class=\"elementor-widget-container\">\n\t\t\t\t\t\t\t\t\t<div class=\"elementor-image\">\n\t\t\t\t\t\t\t\t\t\t\t\t\t\t\t\t<figure class=\"wp-caption\">\n\t\t\t\t\t\t\t\t\t\t\t\t\t\t\t\t\t<a href=\"https:\/\/www.wanda-collection.com\/art-meuble-sous-vasque-en-teck-aktual-60cm-56153.htm\">\n\t\t\t\t\t\t\t\t\t\t\t<img fetchpriority=\"high\" decoding=\"async\" width=\"1028\" height=\"1028\" src=\"https:\/\/www.wanda-collection.com\/blog\/wp-content\/uploads\/2026\/08\/mb-aktual60.jpg\" class=\"attachment-full size-full wp-image-992841\" alt=\"Meuble sous vasque suspendu en teck Aktual de 60 cm\" srcset=\"https:\/\/www.wanda-collection.com\/blog\/wp-content\/uploads\/2026\/08\/mb-aktual60.jpg 1028w, https:\/\/www.wanda-collection.com\/blog\/wp-content\/uploads\/2026\/08\/mb-aktual60-300x300.jpg 300w, https:\/\/www.wanda-collection.com\/blog\/wp-content\/uploads\/2026\/08\/mb-aktual60-1024x1024.jpg 1024w, https:\/\/www.wanda-collection.com\/blog\/wp-content\/uploads\/2026\/08\/mb-aktual60-150x150.jpg 150w, https:\/\/www.wanda-collection.com\/blog\/wp-content\/uploads\/2026\/08\/mb-aktual60-768x768.jpg 768w\" sizes=\"(max-width: 1028px) 100vw, 1028px\" \/>\t\t\t\t\t\t\t\t\t\t\t\t<\/a>\n\t\t\t\t\t\t\t\t\t\t\t\t\t\t\t\t\t<figcaption class=\"widget-image-caption wp-caption-text\">Meuble suspendu Aktual, 60 cm<\/figcaption>\n\t\t\t\t\t\t\t\t\t\t\t\t\t\t\t\t<\/figure>\n\t\t\t\t\t\t\t\t\t\t\t\t\t\t<\/div>\n\t\t\t\t\t\t\t\t<\/div>\n\t\t\t\t<\/div>\n\t\t\t\t\t<\/div>\n\t\t<\/div>\n\t\t\t\t\t<\/div>\n\t\t<\/section>\n\t\t\t\t<section class=\"elementor-section elementor-top-section elementor-element elementor-element-efed2f9 elementor-section-boxed elementor-section-height-default elementor-section-height-default\" data-id=\"efed2f9\" data-element_type=\"section\">\n\t\t\t\t\t\t<div class=\"elementor-container elementor-column-gap-default\">\n\t\t\t\t\t<div class=\"elementor-column elementor-col-100 elementor-top-column elementor-element elementor-element-5f8b27b\" data-id=\"5f8b27b\" data-element_type=\"column\">\n\t\t\t<div class=\"elementor-widget-wrap elementor-element-populated\">\n\t\t\t\t\t\t<div class=\"elementor-element elementor-element-d29b0cb elementor-widget elementor-widget-text-editor\" data-id=\"d29b0cb\" data-element_type=\"widget\" data-widget_type=\"text-editor.default\">\n\t\t\t\t<div class=\"elementor-widget-container\">\n\t\t\t\t\t\t\t\t\t<h3>L&rsquo;\u00e9l\u00e9ment \u00e0 placer selon la hauteur disponible<\/h3><table style=\"width:100%; border-collapse:collapse; margin:18px 0;\"><thead><tr style=\"background:#faf6ef;\"><th style=\"padding:10px; text-align:left; border-bottom:2px solid #d4a84b;\">Hauteur sous plafond<\/th><th style=\"padding:10px; text-align:left; border-bottom:2px solid #d4a84b;\">Ce qui va l\u00e0<\/th><th style=\"padding:10px; text-align:left; border-bottom:2px solid #d4a84b;\">\u00c0 \u00e9viter<\/th><\/tr><\/thead><tbody><tr><td style=\"padding:10px; border-bottom:1px solid #eee;\">Moins de 90 cm<\/td><td style=\"padding:10px; border-bottom:1px solid #eee;\">Rangement bas, panier \u00e0 linge<\/td><td style=\"padding:10px; border-bottom:1px solid #eee;\">Tout usage debout<\/td><\/tr><tr><td style=\"padding:10px; border-bottom:1px solid #eee;\"><strong>90 \u00e0 140 cm<\/strong><\/td><td style=\"padding:10px; border-bottom:1px solid #eee;\"><strong>Meuble sous vasque<\/strong><\/td><td style=\"padding:10px; border-bottom:1px solid #eee;\">Douche<\/td><\/tr><tr><td style=\"padding:10px; border-bottom:1px solid #eee;\">140 \u00e0 180 cm<\/td><td style=\"padding:10px; border-bottom:1px solid #eee;\">Circulation, rangement haut<\/td><td style=\"padding:10px; border-bottom:1px solid #eee;\">Stationnement prolong\u00e9<\/td><\/tr><tr><td style=\"padding:10px; border-bottom:1px solid #eee;\"><strong>Plus de 180 cm<\/strong><\/td><td style=\"padding:10px; border-bottom:1px solid #eee;\"><strong>Douche<\/strong><\/td><td style=\"padding:10px; border-bottom:1px solid #eee;\">G\u00e2cher la zone en rangement<\/td><\/tr><\/tbody><\/table><p>La r\u00e8gle qui d\u00e9coule du tableau : <strong>ne mettez jamais un rangement l\u00e0 o\u00f9 vous pourriez vous tenir debout.<\/strong> La zone haute est la ressource rare, elle est r\u00e9serv\u00e9e \u00e0 la douche.<\/p>\t\t\t\t\t\t\t\t<\/div>\n\t\t\t\t<\/div>\n\t\t\t\t\t<\/div>\n\t\t<\/div>\n\t\t\t\t\t<\/div>\n\t\t<\/section>\n\t\t\t\t<section class=\"elementor-section elementor-top-section elementor-element elementor-element-8e37eae elementor-section-boxed elementor-section-height-default elementor-section-height-default\" data-id=\"8e37eae\" data-element_type=\"section\">\n\t\t\t\t\t\t<div class=\"elementor-container elementor-column-gap-default\">\n\t\t\t\t\t<div class=\"elementor-column elementor-col-40 elementor-top-column elementor-element elementor-element-d4ce5c2\" data-id=\"d4ce5c2\" data-element_type=\"column\">\n\t\t\t<div class=\"elementor-widget-wrap elementor-element-populated\">\n\t\t\t\t\t\t<div class=\"vamtam-has-theme-widget-styles elementor-element elementor-element-094464a elementor-widget elementor-widget-image\" data-id=\"094464a\" data-element_type=\"widget\" data-widget_type=\"image.default\">\n\t\t\t\t<div class=\"elementor-widget-container\">\n\t\t\t\t\t\t\t\t\t<div class=\"elementor-image\">\n\t\t\t\t\t\t\t\t\t\t\t\t\t\t\t\t<figure class=\"wp-caption\">\n\t\t\t\t\t\t\t\t\t\t\t\t\t\t\t\t\t<a href=\"https:\/\/www.wanda-collection.com\/art-meuble-de-salle-de-bain-suspendu-en-teck-cosy-40cm-1380.htm\">\n\t\t\t\t\t\t\t\t\t\t\t<img decoding=\"async\" width=\"1028\" height=\"1028\" src=\"https:\/\/www.wanda-collection.com\/blog\/wp-content\/uploads\/2026\/08\/mb-cosy40.jpg\" class=\"attachment-full size-full wp-image-992840\" alt=\"Petit meuble de salle de bain suspendu en teck de 40 cm pour lave-mains\" srcset=\"https:\/\/www.wanda-collection.com\/blog\/wp-content\/uploads\/2026\/08\/mb-cosy40.jpg 1028w, https:\/\/www.wanda-collection.com\/blog\/wp-content\/uploads\/2026\/08\/mb-cosy40-300x300.jpg 300w, https:\/\/www.wanda-collection.com\/blog\/wp-content\/uploads\/2026\/08\/mb-cosy40-1024x1024.jpg 1024w, https:\/\/www.wanda-collection.com\/blog\/wp-content\/uploads\/2026\/08\/mb-cosy40-150x150.jpg 150w, https:\/\/www.wanda-collection.com\/blog\/wp-content\/uploads\/2026\/08\/mb-cosy40-768x768.jpg 768w\" sizes=\"(max-width: 1028px) 100vw, 1028px\" \/>\t\t\t\t\t\t\t\t\t\t\t\t<\/a>\n\t\t\t\t\t\t\t\t\t\t\t\t\t\t\t\t\t<figcaption class=\"widget-image-caption wp-caption-text\">Meuble Cosy, 40 cm<\/figcaption>\n\t\t\t\t\t\t\t\t\t\t\t\t\t\t\t\t<\/figure>\n\t\t\t\t\t\t\t\t\t\t\t\t\t\t<\/div>\n\t\t\t\t\t\t\t\t<\/div>\n\t\t\t\t<\/div>\n\t\t\t\t\t<\/div>\n\t\t<\/div>\n\t\t\t\t<div class=\"elementor-column elementor-col-60 elementor-top-column elementor-element elementor-element-657350e\" data-id=\"657350e\" data-element_type=\"column\">\n\t\t\t<div class=\"elementor-widget-wrap elementor-element-populated\">\n\t\t\t\t\t\t<div class=\"elementor-element elementor-element-e1c21a1 elementor-widget elementor-widget-text-editor\" data-id=\"e1c21a1\" data-element_type=\"widget\" data-widget_type=\"text-editor.default\">\n\t\t\t\t<div class=\"elementor-widget-container\">\n\t\t\t\t\t\t\t\t\t<h2>Le meuble sous rampant<\/h2><p>C&rsquo;est le meilleur usage de la pente, et il est sous-exploit\u00e9. Se laver le visage se fait pench\u00e9 : on n&rsquo;a pas besoin de 180 cm au dessus du lavabo, 140 suffisent largement.<\/p><p>Concr\u00e8tement, un meuble sous vasque plac\u00e9 l\u00e0 o\u00f9 le plafond descend \u00e0 140 cm reste parfaitement confortable, et il lib\u00e8re la zone haute pour la douche. V\u00e9rifiez seulement deux choses.<\/p><h3>La hauteur au dessus du bassin<\/h3><p>Comptez au minimum 60 cm entre le bord de la vasque et le rampant, pour pouvoir vous pencher sans vous cogner. Avec un plan \u00e0 85 cm, cela demande 145 cm de hauteur au droit du meuble.<\/p><h3>Le miroir<\/h3><p>C&rsquo;est la vraie difficult\u00e9. Sous un rampant, un miroir vertical classique ne rentre pas. Deux solutions : un miroir en format paysage pos\u00e9 bas, ou un miroir fix\u00e9 sur le rampant lui m\u00eame, l\u00e9g\u00e8rement inclin\u00e9. Voir notre <a href=\"https:\/\/www.wanda-collection.com\/blog\/miroir-bois-salle-de-bain\/\">guide du miroir en bois<\/a>.<\/p><h3>Le format \u00e0 privil\u00e9gier<\/h3><p>Un meuble suspendu, dont vous choisissez la hauteur de fixation, s&rsquo;adapte bien mieux qu&rsquo;un meuble pos\u00e9 dont la hauteur est fig\u00e9e. C&rsquo;est l&rsquo;un des rares endroits o\u00f9 cette souplesse devient un argument d\u00e9cisif. Notre <a href=\"https:\/\/www.wanda-collection.com\/blog\/hauteur-dimensions-meuble-salle-de-bain\/\">guide de la hauteur du meuble<\/a> explique le calcul.<\/p>\t\t\t\t\t\t\t\t<\/div>\n\t\t\t\t<\/div>\n\t\t\t\t<div class=\"vamtam-has-theme-widget-styles elementor-element elementor-element-1ea32a9 elementor-align-center elementor-widget elementor-widget-button\" data-id=\"1ea32a9\" data-element_type=\"widget\" data-widget_type=\"button.default\">\n\t\t\t\t<div class=\"elementor-widget-container\">\n\t\t\t\t\t\t\t\t\t<div class=\"elementor-button-wrapper\">\n\t\t\t\t\t<a class=\"elementor-button elementor-button-link elementor-size-sm\" href=\"https:\/\/www.wanda-collection.com\/cat-meuble-sous-vasque-155.htm\">\n\t\t\t\t\t\t<span class=\"elementor-button-content-wrapper\">\n\t\t\t\t\t\t\t\t\t<span class=\"elementor-button-text\">Voir les meubles suspendus<\/span>\n\t\t\t\t\t<\/span>\n\t\t\t\t\t<\/a>\n\t\t\t\t<\/div>\n\t\t\t\t\t\t\t\t<\/div>\n\t\t\t\t<\/div>\n\t\t\t\t\t<\/div>\n\t\t<\/div>\n\t\t\t\t\t<\/div>\n\t\t<\/section>\n\t\t\t\t<section class=\"elementor-section elementor-top-section elementor-element elementor-element-2f27494 elementor-section-boxed elementor-section-height-default elementor-section-height-default\" data-id=\"2f27494\" data-element_type=\"section\">\n\t\t\t\t\t\t<div class=\"elementor-container elementor-column-gap-default\">\n\t\t\t\t\t<div class=\"elementor-column elementor-col-60 elementor-top-column elementor-element elementor-element-2f2cb2a\" data-id=\"2f2cb2a\" data-element_type=\"column\">\n\t\t\t<div class=\"elementor-widget-wrap elementor-element-populated\">\n\t\t\t\t\t\t<div class=\"elementor-element elementor-element-1c11608 elementor-widget elementor-widget-text-editor\" data-id=\"1c11608\" data-element_type=\"widget\" data-widget_type=\"text-editor.default\">\n\t\t\t\t<div class=\"elementor-widget-container\">\n\t\t\t\t\t\t\t\t\t<h2>Exploiter la zone basse<\/h2><p>Sous 90 cm, la pi\u00e8ce para\u00eet perdue. Elle ne l&rsquo;est pas, \u00e0 condition de n&rsquo;y mettre que ce qui ne demande jamais d&rsquo;\u00eatre debout.<\/p><p><strong>Le rangement bas sur mesure<\/strong> est la solution la plus efficace : des caissons ou des tiroirs qui \u00e9pousent la pente, accessibles accroupi. C&rsquo;est l\u00e0 que vont les serviettes de rechange et les produits en r\u00e9serve.<\/p><p><strong>Le panier \u00e0 linge<\/strong> trouve naturellement sa place dans cette zone : il se remplit d&rsquo;un geste depuis debout, sans qu&rsquo;on ait besoin d&rsquo;y stationner. Notre <a href=\"https:\/\/www.wanda-collection.com\/blog\/panier-linge-rangement-fibre-naturelle\/\">guide du panier \u00e0 linge<\/a> donne les formats.<\/p><p><strong>Ce qu&rsquo;il ne faut pas y mettre<\/strong> : une colonne haute, qui ne rentre pas, et tout ce qu&rsquo;on utilise quotidiennement, qui imposerait de s&rsquo;accroupir deux fois par jour.<\/p>\t\t\t\t\t\t\t\t<\/div>\n\t\t\t\t<\/div>\n\t\t\t\t<div class=\"vamtam-has-theme-widget-styles elementor-element elementor-element-3ee3c1b elementor-align-center elementor-widget elementor-widget-button\" data-id=\"3ee3c1b\" data-element_type=\"widget\" data-widget_type=\"button.default\">\n\t\t\t\t<div class=\"elementor-widget-container\">\n\t\t\t\t\t\t\t\t\t<div class=\"elementor-button-wrapper\">\n\t\t\t\t\t<a class=\"elementor-button elementor-button-link elementor-size-sm\" href=\"https:\/\/www.wanda-collection.com\/cat-panier-fibre-naturelle-1205.htm\">\n\t\t\t\t\t\t<span class=\"elementor-button-content-wrapper\">\n\t\t\t\t\t\t\t\t\t<span class=\"elementor-button-text\">Voir les paniers en fibre<\/span>\n\t\t\t\t\t<\/span>\n\t\t\t\t\t<\/a>\n\t\t\t\t<\/div>\n\t\t\t\t\t\t\t\t<\/div>\n\t\t\t\t<\/div>\n\t\t\t\t\t<\/div>\n\t\t<\/div>\n\t\t\t\t<div class=\"elementor-column elementor-col-40 elementor-top-column elementor-element elementor-element-c42e432\" data-id=\"c42e432\" data-element_type=\"column\">\n\t\t\t<div class=\"elementor-widget-wrap elementor-element-populated\">\n\t\t\t\t\t\t<div class=\"vamtam-has-theme-widget-styles elementor-element elementor-element-b922ee2 elementor-widget elementor-widget-image\" data-id=\"b922ee2\" data-element_type=\"widget\" data-widget_type=\"image.default\">\n\t\t\t\t<div class=\"elementor-widget-container\">\n\t\t\t\t\t\t\t\t\t<div class=\"elementor-image\">\n\t\t\t\t\t\t\t\t\t\t\t\t\t\t\t\t<figure class=\"wp-caption\">\n\t\t\t\t\t\t\t\t\t\t\t\t\t\t\t\t\t<a href=\"https:\/\/www.wanda-collection.com\/art-lot-de-2-paniers-tresses-en-jacinthe-d-eau-xl-m-vito-55293.htm\">\n\t\t\t\t\t\t\t\t\t\t\t<img decoding=\"async\" width=\"1028\" height=\"1028\" src=\"https:\/\/www.wanda-collection.com\/blog\/wp-content\/uploads\/2026\/08\/pv-paniers.jpg\" class=\"attachment-full size-full wp-image-992868\" alt=\"Paniers tress\u00e9s en jacinthe d&#039;eau pour le rangement de la salle de bain\" srcset=\"https:\/\/www.wanda-collection.com\/blog\/wp-content\/uploads\/2026\/08\/pv-paniers.jpg 1028w, https:\/\/www.wanda-collection.com\/blog\/wp-content\/uploads\/2026\/08\/pv-paniers-300x300.jpg 300w, https:\/\/www.wanda-collection.com\/blog\/wp-content\/uploads\/2026\/08\/pv-paniers-1024x1024.jpg 1024w, https:\/\/www.wanda-collection.com\/blog\/wp-content\/uploads\/2026\/08\/pv-paniers-150x150.jpg 150w, https:\/\/www.wanda-collection.com\/blog\/wp-content\/uploads\/2026\/08\/pv-paniers-768x768.jpg 768w\" sizes=\"(max-width: 1028px) 100vw, 1028px\" \/>\t\t\t\t\t\t\t\t\t\t\t\t<\/a>\n\t\t\t\t\t\t\t\t\t\t\t\t\t\t\t\t\t<figcaption class=\"widget-image-caption wp-caption-text\">Paniers en jacinthe d'eau<\/figcaption>\n\t\t\t\t\t\t\t\t\t\t\t\t\t\t\t\t<\/figure>\n\t\t\t\t\t\t\t\t\t\t\t\t\t\t<\/div>\n\t\t\t\t\t\t\t\t<\/div>\n\t\t\t\t<\/div>\n\t\t\t\t\t<\/div>\n\t\t<\/div>\n\t\t\t\t\t<\/div>\n\t\t<\/section>\n\t\t\t\t<section class=\"elementor-section elementor-top-section elementor-element elementor-element-3449ca9 elementor-section-boxed elementor-section-height-default elementor-section-height-default\" data-id=\"3449ca9\" data-element_type=\"section\">\n\t\t\t\t\t\t<div class=\"elementor-container elementor-column-gap-default\">\n\t\t\t\t\t<div class=\"elementor-column elementor-col-100 elementor-top-column elementor-element elementor-element-78154c2\" data-id=\"78154c2\" data-element_type=\"column\">\n\t\t\t<div class=\"elementor-widget-wrap elementor-element-populated\">\n\t\t\t\t\t\t<div class=\"elementor-element elementor-element-867502a elementor-widget elementor-widget-text-editor\" data-id=\"867502a\" data-element_type=\"widget\" data-widget_type=\"text-editor.default\">\n\t\t\t\t<div class=\"elementor-widget-container\">\n\t\t\t\t\t\t\t\t\t<h2>La ventilation, le point technique d\u00e9cisif<\/h2><p>C&rsquo;est le sujet qu&rsquo;on d\u00e9couvre apr\u00e8s coup, et il est plus important sous comble qu&rsquo;ailleurs. L&rsquo;air chaud et humide monte : dans une pi\u00e8ce sous rampant, il s&rsquo;accumule au point haut et n&rsquo;a nulle part o\u00f9 aller.<\/p><p>Une salle de bain sous comble mal ventil\u00e9e d\u00e9veloppe de la condensation sur le rampant, puis des traces sur la peinture, puis des d\u00e9g\u00e2ts sur l&rsquo;isolation. Le probl\u00e8me n&rsquo;est pas esth\u00e9tique, il est structurel.<\/p><p><strong>Placez l&rsquo;extraction au point le plus haut<\/strong>, l\u00e0 o\u00f9 l&rsquo;humidit\u00e9 se concentre, jamais en partie basse. Et si la pi\u00e8ce a une fen\u00eatre de toit, elle devient un atout majeur : elle \u00e9vacue par le point culminant, exactement l\u00e0 o\u00f9 il faut.<\/p><p>Cons\u00e9quence sur le mobilier : dans une pi\u00e8ce o\u00f9 l&rsquo;humidit\u00e9 stagne plus qu&rsquo;ailleurs, le choix de l&rsquo;essence compte double. Le teck massif, stable en atmosph\u00e8re humide, y garde tout son sens l\u00e0 o\u00f9 un panneau m\u00e9lamin\u00e9 gonflerait vite. Voir notre <a href=\"https:\/\/www.wanda-collection.com\/blog\/meuble-salle-de-bain-bois-massif\/\">guide du meuble de salle de bain en bois<\/a>.<\/p>\t\t\t\t\t\t\t\t<\/div>\n\t\t\t\t<\/div>\n\t\t\t\t\t<\/div>\n\t\t<\/div>\n\t\t\t\t\t<\/div>\n\t\t<\/section>\n\t\t\t\t<section class=\"elementor-section elementor-top-section elementor-element elementor-element-bd9e551 elementor-section-boxed elementor-section-height-default elementor-section-height-default\" data-id=\"bd9e551\" data-element_type=\"section\">\n\t\t\t\t\t\t<div class=\"elementor-container elementor-column-gap-default\">\n\t\t\t\t\t<div class=\"elementor-column elementor-col-60 elementor-top-column elementor-element elementor-element-ca980ef\" data-id=\"ca980ef\" data-element_type=\"column\">\n\t\t\t<div class=\"elementor-widget-wrap elementor-element-populated\">\n\t\t\t\t\t\t<div class=\"elementor-element elementor-element-3d4df0c elementor-widget elementor-widget-text-editor\" data-id=\"3d4df0c\" data-element_type=\"widget\" data-widget_type=\"text-editor.default\">\n\t\t\t\t<div class=\"elementor-widget-container\">\n\t\t\t\t\t\t\t\t\t<h2>L&rsquo;\u00e9clairage sous rampant<\/h2><p>Un plafonnier est souvent impossible, faute de plafond horizontal. Les spots encastr\u00e9s dans le rampant fonctionnent, \u00e0 condition de les orienter vers les murs plut\u00f4t que vers le sol : orient\u00e9s vers le bas depuis une pente, ils cr\u00e9ent des ombres dures.<\/p><p>Le meilleur \u00e9clairage sous comble reste l&rsquo;applique murale, pos\u00e9e sur la partie droite du mur, qui envoie la lumi\u00e8re vers le rampant et la laisse redescendre diffus\u00e9e. C&rsquo;est ce qui donne l&rsquo;impression de volume la plus juste.<\/p><p>Si la pi\u00e8ce a une fen\u00eatre de toit, ne l&rsquo;occultez pas : la lumi\u00e8re z\u00e9nithale est la plus flatteuse et la plus abondante de toutes les orientations.<\/p>\t\t\t\t\t\t\t\t<\/div>\n\t\t\t\t<\/div>\n\t\t\t\t\t<\/div>\n\t\t<\/div>\n\t\t\t\t<div class=\"elementor-column elementor-col-40 elementor-top-column elementor-element elementor-element-de94461\" data-id=\"de94461\" data-element_type=\"column\">\n\t\t\t<div class=\"elementor-widget-wrap elementor-element-populated\">\n\t\t\t\t\t\t<div class=\"vamtam-has-theme-widget-styles elementor-element elementor-element-67bde59 elementor-widget elementor-widget-image\" data-id=\"67bde59\" data-element_type=\"widget\" data-widget_type=\"image.default\">\n\t\t\t\t<div class=\"elementor-widget-container\">\n\t\t\t\t\t\t\t\t\t<div class=\"elementor-image\">\n\t\t\t\t\t\t\t\t\t\t\t\t\t\t\t\t<figure class=\"wp-caption\">\n\t\t\t\t\t\t\t\t\t\t\t\t\t\t\t\t\t<a href=\"https:\/\/www.wanda-collection.com\/art-miroir-salle-de-bain-en-teck-samba-140-x-65-cm-4191.htm\">\n\t\t\t\t\t\t\t\t\t\t\t<img loading=\"lazy\" decoding=\"async\" width=\"1028\" height=\"1028\" src=\"https:\/\/www.wanda-collection.com\/blog\/wp-content\/uploads\/2026\/08\/pv-miroir-teck.jpg\" class=\"attachment-full size-full wp-image-992867\" alt=\"Miroir de salle de bain r\u00e9tro \u00e0 cadre en teck massif\" srcset=\"https:\/\/www.wanda-collection.com\/blog\/wp-content\/uploads\/2026\/08\/pv-miroir-teck.jpg 1028w, https:\/\/www.wanda-collection.com\/blog\/wp-content\/uploads\/2026\/08\/pv-miroir-teck-300x300.jpg 300w, https:\/\/www.wanda-collection.com\/blog\/wp-content\/uploads\/2026\/08\/pv-miroir-teck-1024x1024.jpg 1024w, https:\/\/www.wanda-collection.com\/blog\/wp-content\/uploads\/2026\/08\/pv-miroir-teck-150x150.jpg 150w, https:\/\/www.wanda-collection.com\/blog\/wp-content\/uploads\/2026\/08\/pv-miroir-teck-768x768.jpg 768w\" sizes=\"(max-width: 1028px) 100vw, 1028px\" \/>\t\t\t\t\t\t\t\t\t\t\t\t<\/a>\n\t\t\t\t\t\t\t\t\t\t\t\t\t\t\t\t\t<figcaption class=\"widget-image-caption wp-caption-text\">Miroir en teck, format paysage<\/figcaption>\n\t\t\t\t\t\t\t\t\t\t\t\t\t\t\t\t<\/figure>\n\t\t\t\t\t\t\t\t\t\t\t\t\t\t<\/div>\n\t\t\t\t\t\t\t\t<\/div>\n\t\t\t\t<\/div>\n\t\t\t\t\t<\/div>\n\t\t<\/div>\n\t\t\t\t\t<\/div>\n\t\t<\/section>\n\t\t\t\t<section class=\"elementor-section elementor-top-section elementor-element elementor-element-2e8e873 elementor-section-boxed elementor-section-height-default elementor-section-height-default\" data-id=\"2e8e873\" data-element_type=\"section\">\n\t\t\t\t\t\t<div class=\"elementor-container elementor-column-gap-default\">\n\t\t\t\t\t<div class=\"elementor-column elementor-col-100 elementor-top-column elementor-element elementor-element-9077e72\" data-id=\"9077e72\" data-element_type=\"column\">\n\t\t\t<div class=\"elementor-widget-wrap elementor-element-populated\">\n\t\t\t\t\t\t<div class=\"elementor-element elementor-element-f291553 elementor-widget elementor-widget-text-editor\" data-id=\"f291553\" data-element_type=\"widget\" data-widget_type=\"text-editor.default\">\n\t\t\t\t<div class=\"elementor-widget-container\">\n\t\t\t\t\t\t\t\t\t<h2>Les cinq erreurs les plus fr\u00e9quentes<\/h2><p><strong>Mettre un rangement sous la partie haute.<\/strong> C&rsquo;est la seule zone o\u00f9 l&rsquo;on peut se tenir debout : elle est r\u00e9serv\u00e9e \u00e0 la douche.<\/p><p><strong>Renoncer \u00e0 la zone basse.<\/strong> Sous 90 cm, du rangement bas et le panier \u00e0 linge r\u00e9cup\u00e8rent une surface qu&rsquo;on croyait perdue.<\/p><p><strong>Oublier les 60 cm au dessus du bassin.<\/strong> Sans eux, on se cogne au rampant en se penchant, tous les jours.<\/p><p><strong>Placer l&rsquo;extraction en bas.<\/strong> L&rsquo;humidit\u00e9 monte et s&rsquo;accumule au point haut : c&rsquo;est l\u00e0 que l&rsquo;extraction doit \u00eatre.<\/p><p><strong>Choisir un meuble pos\u00e9 plut\u00f4t que suspendu.<\/strong> Sous pente, la souplesse de hauteur du suspendu devient un vrai avantage.<\/p>\t\t\t\t\t\t\t\t<\/div>\n\t\t\t\t<\/div>\n\t\t\t\t\t<\/div>\n\t\t<\/div>\n\t\t\t\t\t<\/div>\n\t\t<\/section>\n\t\t\t\t<section class=\"elementor-section elementor-top-section elementor-element elementor-element-83c1068 elementor-section-boxed elementor-section-height-default elementor-section-height-default\" data-id=\"83c1068\" data-element_type=\"section\">\n\t\t\t\t\t\t<div class=\"elementor-container elementor-column-gap-default\">\n\t\t\t\t\t<div class=\"elementor-column elementor-col-100 elementor-top-column elementor-element elementor-element-370bd37\" data-id=\"370bd37\" data-element_type=\"column\">\n\t\t\t<div class=\"elementor-widget-wrap elementor-element-populated\">\n\t\t\t\t\t\t<div class=\"elementor-element elementor-element-18411c7 elementor-widget elementor-widget-heading\" data-id=\"18411c7\" data-element_type=\"widget\" data-widget_type=\"heading.default\">\n\t\t\t\t<div class=\"elementor-widget-container\">\n\t\t\t\t\t<h2 class=\"elementor-heading-title elementor-size-default\">La s\u00e9lection Wanda Collection<\/h2>\t\t\t\t<\/div>\n\t\t\t\t<\/div>\n\t\t\t\t\t<\/div>\n\t\t<\/div>\n\t\t\t\t\t<\/div>\n\t\t<\/section>\n\t\t\t\t<section class=\"elementor-section elementor-top-section elementor-element elementor-element-9e7f30c elementor-section-boxed elementor-section-height-default elementor-section-height-default\" data-id=\"9e7f30c\" data-element_type=\"section\">\n\t\t\t\t\t\t<div class=\"elementor-container elementor-column-gap-default\">\n\t\t\t\t\t<div class=\"elementor-column elementor-col-100 elementor-top-column elementor-element elementor-element-d601598\" data-id=\"d601598\" data-element_type=\"column\">\n\t\t\t<div class=\"elementor-widget-wrap elementor-element-populated\">\n\t\t\t\t\t\t<div class=\"elementor-element elementor-element-d7fd338 elementor-widget elementor-widget-text-editor\" data-id=\"d7fd338\" data-element_type=\"widget\" data-widget_type=\"text-editor.default\">\n\t\t\t\t<div class=\"elementor-widget-container\">\n\t\t\t\t\t\t\t\t\t<p>Voici les formats de la collection adapt\u00e9s \u00e0 une pi\u00e8ce sous rampant : suspendus, compacts, et en essence stable face \u00e0 l&rsquo;humidit\u00e9.<\/p><ul><li><strong><a href=\"https:\/\/www.wanda-collection.com\/art-meuble-sous-vasque-en-teck-aktual-60cm-56153.htm\">Meuble sous vasque en teck Aktual 60 cm<\/a><\/strong> : suspendu, hauteur de fixation libre selon la pente.<\/li><li><strong><a href=\"https:\/\/www.wanda-collection.com\/art-meuble-de-salle-de-bain-suspendu-en-teck-cosy-40cm-1380.htm\">Meuble suspendu en teck Cosy 40 cm<\/a><\/strong> : le format compact quand la zone utilisable est r\u00e9duite.<\/li><li><strong><a href=\"https:\/\/www.wanda-collection.com\/art-vasque-barcelone-en-marbre-a-poser-creme-30-cm-3009.htm\">Vasque Barcelone en marbre 30 cm<\/a><\/strong> : le petit diam\u00e8tre qui limite la hauteur totale sous rampant.<\/li><li><strong><a href=\"https:\/\/www.wanda-collection.com\/art-miroir-salle-de-bain-en-teck-samba-140-x-65-cm-4191.htm\">Miroir en teck Samba 140 x 65 cm<\/a><\/strong> : le format paysage, le seul qui passe sous une pente.<\/li><li><strong><a href=\"https:\/\/www.wanda-collection.com\/art-colonne-de-salle-de-bain-suspendue-elegance-teck-metal-110-cm-1369.htm\">Colonne suspendue \u00c9l\u00e9gance 110 cm<\/a><\/strong> : \u00e0 placer dans la zone de 140 \u00e0 180 cm.<\/li><li><strong><a href=\"https:\/\/www.wanda-collection.com\/art-lot-de-2-paniers-tresses-en-jacinthe-d-eau-xl-m-vito-55293.htm\">Lot de 2 paniers en jacinthe d&rsquo;eau<\/a><\/strong> : la zone basse enfin utile.<\/li><\/ul>\t\t\t\t\t\t\t\t<\/div>\n\t\t\t\t<\/div>\n\t\t\t\t<div class=\"vamtam-has-theme-widget-styles elementor-element elementor-element-c1475e2 elementor-align-center elementor-widget elementor-widget-button\" data-id=\"c1475e2\" data-element_type=\"widget\" data-widget_type=\"button.default\">\n\t\t\t\t<div class=\"elementor-widget-container\">\n\t\t\t\t\t\t\t\t\t<div class=\"elementor-button-wrapper\">\n\t\t\t\t\t<a class=\"elementor-button elementor-button-link elementor-size-sm\" href=\"https:\/\/www.wanda-collection.com\/cat-salle-de-bain-6.htm\">\n\t\t\t\t\t\t<span class=\"elementor-button-content-wrapper\">\n\t\t\t\t\t\t\t\t\t<span class=\"elementor-button-text\">D\u00e9couvrir la collection salle de bain<\/span>\n\t\t\t\t\t<\/span>\n\t\t\t\t\t<\/a>\n\t\t\t\t<\/div>\n\t\t\t\t\t\t\t\t<\/div>\n\t\t\t\t<\/div>\n\t\t\t\t\t<\/div>\n\t\t<\/div>\n\t\t\t\t\t<\/div>\n\t\t<\/section>\n\t\t\t\t<section class=\"elementor-section elementor-top-section elementor-element elementor-element-0ba2591 elementor-section-boxed elementor-section-height-default elementor-section-height-default\" data-id=\"0ba2591\" data-element_type=\"section\">\n\t\t\t\t\t\t<div class=\"elementor-container elementor-column-gap-default\">\n\t\t\t\t\t<div class=\"elementor-column elementor-col-100 elementor-top-column elementor-element elementor-element-c1ef441\" data-id=\"c1ef441\" data-element_type=\"column\">\n\t\t\t<div class=\"elementor-widget-wrap elementor-element-populated\">\n\t\t\t\t\t\t<div class=\"elementor-element elementor-element-542880d elementor-widget elementor-widget-text-editor\" data-id=\"542880d\" data-element_type=\"widget\" data-widget_type=\"text-editor.default\">\n\t\t\t\t<div class=\"elementor-widget-container\">\n\t\t\t\t\t\t\t\t\t<p>Sous comble, tout se joue sur une m\u00e9thode : relever les hauteurs avant de choisir les meubles, et associer chaque activit\u00e9 \u00e0 la hauteur qu&rsquo;elle demande. La douche en haut, le meuble sous rampant, le rangement en bas. Notre <a href=\"https:\/\/www.wanda-collection.com\/blog\/comment-amenager-une-petite-salle-de-bain\/\">guide de la petite salle de bain<\/a> pose les contraintes g\u00e9n\u00e9rales et le <a href=\"https:\/\/www.wanda-collection.com\/blog\/largeur-meuble-salle-de-bain-60-80-120\/\">guide de la largeur du meuble<\/a> donne les formats.<\/p>\n<!-- wanda-maillage-2026-08 --><div style=\"background:#faf6ef; border-left:4px solid #d4a84b; padding:24px 28px; margin:32px 0; border-radius:0 8px 8px 0;\"><p style=\"color:#1a1a2e; font-size:1.15em; margin:0 0 14px; font-weight:600; letter-spacing:0.3px; text-transform:uppercase;\">\u00c0 lire aussi sur le blog Wanda<\/p><ul style=\"margin:0; padding:0 0 0 18px; line-height:1.9;\"><li><a href=\"https:\/\/www.wanda-collection.com\/blog\/comment-amenager-une-petite-salle-de-bain\/\" style=\"font-weight:700; text-decoration:underline; color:#1a1a2e;\"><strong>Petite salle de bain : les trois contraintes<\/strong><\/a><\/li><li><a href=\"https:\/\/www.wanda-collection.com\/blog\/9-elements-indispensables-pour-bien-ranger-sa-salle-de-bain-2\/\" style=\"font-weight:700; text-decoration:underline; color:#1a1a2e;\"><strong>Bien ranger sa salle de bain<\/strong><\/a><\/li><li><a href=\"https:\/\/www.wanda-collection.com\/blog\/comment-choisir-son-porte-serviettes-de-salle-de-bain\/\" style=\"font-weight:700; text-decoration:underline; color:#1a1a2e;\"><strong>Comment choisir son porte-serviettes<\/strong><\/a><\/li><\/ul><\/div>\t\t\t\t\t\t\t\t<\/div>\n\t\t\t\t<\/div>\n\t\t\t\t\t<\/div>\n\t\t<\/div>\n\t\t\t\t\t<\/div>\n\t\t<\/section>\n\t\t\t\t<section class=\"elementor-section elementor-top-section elementor-element elementor-element-d861924 elementor-section-boxed elementor-section-height-default elementor-section-height-default\" data-id=\"d861924\" data-element_type=\"section\">\n\t\t\t\t\t\t<div class=\"elementor-container elementor-column-gap-default\">\n\t\t\t\t\t<div class=\"elementor-column elementor-col-100 elementor-top-column elementor-element elementor-element-f608dd0\" data-id=\"f608dd0\" data-element_type=\"column\">\n\t\t\t<div class=\"elementor-widget-wrap elementor-element-populated\">\n\t\t\t\t\t\t<div class=\"elementor-element elementor-element-9e7be6a elementor-widget elementor-widget-heading\" data-id=\"9e7be6a\" data-element_type=\"widget\" data-widget_type=\"heading.default\">\n\t\t\t\t<div class=\"elementor-widget-container\">\n\t\t\t\t\t<h2 class=\"elementor-heading-title elementor-size-default\">FAQ : salle de bain sous comble<\/h2>\t\t\t\t<\/div>\n\t\t\t\t<\/div>\n\t\t\t\t\t<\/div>\n\t\t<\/div>\n\t\t\t\t\t<\/div>\n\t\t<\/section>\n\t\t\t\t<section class=\"elementor-section elementor-top-section elementor-element elementor-element-1125741 elementor-section-boxed elementor-section-height-default elementor-section-height-default\" data-id=\"1125741\" data-element_type=\"section\">\n\t\t\t\t\t\t<div class=\"elementor-container elementor-column-gap-default\">\n\t\t\t\t\t<div class=\"elementor-column elementor-col-100 elementor-top-column elementor-element elementor-element-f0a8edf\" data-id=\"f0a8edf\" data-element_type=\"column\">\n\t\t\t<div class=\"elementor-widget-wrap elementor-element-populated\">\n\t\t\t\t\t\t<div class=\"elementor-element elementor-element-525316e elementor-widget elementor-widget-accordion\" data-id=\"525316e\" data-element_type=\"widget\" data-widget_type=\"accordion.default\">\n\t\t\t\t<div class=\"elementor-widget-container\">\n\t\t\t\t\t\t\t<div class=\"elementor-accordion\">\n\t\t\t\t\t\t\t<div class=\"elementor-accordion-item\">\n\t\t\t\t\t<div id=\"elementor-tab-title-8631\" class=\"elementor-tab-title\" data-tab=\"1\" role=\"button\" aria-controls=\"elementor-tab-content-8631\" aria-expanded=\"false\">\n\t\t\t\t\t\t\t\t\t\t\t\t\t<span class=\"elementor-accordion-icon elementor-accordion-icon-left\" aria-hidden=\"true\">\n\t\t\t\t\t\t\t\t\t\t\t\t\t\t\t<span class=\"elementor-accordion-icon-closed\"><i class=\"fas fa-plus\"><\/i><\/span>\n\t\t\t\t\t\t\t\t<span class=\"elementor-accordion-icon-opened\"><i class=\"fas fa-minus\"><\/i><\/span>\n\t\t\t\t\t\t\t\t\t\t\t\t\t\t<\/span>\n\t\t\t\t\t\t\t\t\t\t\t\t<a class=\"elementor-accordion-title\" tabindex=\"0\">Quelle hauteur sous plafond faut-il pour une salle de bain sous comble ?<\/a>\n\t\t\t\t\t<\/div>\n\t\t\t\t\t<div id=\"elementor-tab-content-8631\" class=\"elementor-tab-content elementor-clearfix\" data-tab=\"1\" role=\"region\" aria-labelledby=\"elementor-tab-title-8631\"><p>Cela d\u00e9pend de l&rsquo;\u00e9l\u00e9ment. Une douche demande plus de 180 cm sur toute sa surface, puisqu&rsquo;on s&rsquo;y tient debout. Un meuble sous vasque se contente de 140 cm, parce qu&rsquo;on se penche pour se laver le visage. En dessous de 90 cm, on ne place que du rangement bas et le panier \u00e0 linge. La zone au dessus de 180 cm est la ressource rare : elle est r\u00e9serv\u00e9e \u00e0 la douche.<\/p><\/div>\n\t\t\t\t<\/div>\n\t\t\t\t\t\t\t<div class=\"elementor-accordion-item\">\n\t\t\t\t\t<div id=\"elementor-tab-title-8632\" class=\"elementor-tab-title\" data-tab=\"2\" role=\"button\" aria-controls=\"elementor-tab-content-8632\" aria-expanded=\"false\">\n\t\t\t\t\t\t\t\t\t\t\t\t\t<span class=\"elementor-accordion-icon elementor-accordion-icon-left\" aria-hidden=\"true\">\n\t\t\t\t\t\t\t\t\t\t\t\t\t\t\t<span class=\"elementor-accordion-icon-closed\"><i class=\"fas fa-plus\"><\/i><\/span>\n\t\t\t\t\t\t\t\t<span class=\"elementor-accordion-icon-opened\"><i class=\"fas fa-minus\"><\/i><\/span>\n\t\t\t\t\t\t\t\t\t\t\t\t\t\t<\/span>\n\t\t\t\t\t\t\t\t\t\t\t\t<a class=\"elementor-accordion-title\" tabindex=\"0\">O\u00f9 placer le lavabo dans une salle de bain sous pente ?<\/a>\n\t\t\t\t\t<\/div>\n\t\t\t\t\t<div id=\"elementor-tab-content-8632\" class=\"elementor-tab-content elementor-clearfix\" data-tab=\"2\" role=\"region\" aria-labelledby=\"elementor-tab-title-8632\"><p>Sous le rampant, l\u00e0 o\u00f9 le plafond descend entre 90 et 140 cm. C&rsquo;est le meilleur usage de la pente, puisque se laver le visage se fait pench\u00e9 et ne demande pas de hauteur. Comptez seulement 60 cm minimum entre le bord de la vasque et le rampant pour ne pas vous cogner, soit 145 cm de hauteur au droit du meuble avec un plan \u00e0 85 cm.<\/p><\/div>\n\t\t\t\t<\/div>\n\t\t\t\t\t\t\t<div class=\"elementor-accordion-item\">\n\t\t\t\t\t<div id=\"elementor-tab-title-8633\" class=\"elementor-tab-title\" data-tab=\"3\" role=\"button\" aria-controls=\"elementor-tab-content-8633\" aria-expanded=\"false\">\n\t\t\t\t\t\t\t\t\t\t\t\t\t<span class=\"elementor-accordion-icon elementor-accordion-icon-left\" aria-hidden=\"true\">\n\t\t\t\t\t\t\t\t\t\t\t\t\t\t\t<span class=\"elementor-accordion-icon-closed\"><i class=\"fas fa-plus\"><\/i><\/span>\n\t\t\t\t\t\t\t\t<span class=\"elementor-accordion-icon-opened\"><i class=\"fas fa-minus\"><\/i><\/span>\n\t\t\t\t\t\t\t\t\t\t\t\t\t\t<\/span>\n\t\t\t\t\t\t\t\t\t\t\t\t<a class=\"elementor-accordion-title\" tabindex=\"0\">Quel miroir sous un rampant ?<\/a>\n\t\t\t\t\t<\/div>\n\t\t\t\t\t<div id=\"elementor-tab-content-8633\" class=\"elementor-tab-content elementor-clearfix\" data-tab=\"3\" role=\"region\" aria-labelledby=\"elementor-tab-title-8633\"><p>Un miroir en format paysage pos\u00e9 bas, ou un miroir fix\u00e9 directement sur le rampant et l\u00e9g\u00e8rement inclin\u00e9. Un miroir vertical classique ne rentre pas sous une pente. C&rsquo;est la vraie difficult\u00e9 de cette configuration, et il vaut mieux la r\u00e9gler au moment de choisir le meuble plut\u00f4t qu&rsquo;apr\u00e8s.<\/p><\/div>\n\t\t\t\t<\/div>\n\t\t\t\t\t\t\t<div class=\"elementor-accordion-item\">\n\t\t\t\t\t<div id=\"elementor-tab-title-8634\" class=\"elementor-tab-title\" data-tab=\"4\" role=\"button\" aria-controls=\"elementor-tab-content-8634\" aria-expanded=\"false\">\n\t\t\t\t\t\t\t\t\t\t\t\t\t<span class=\"elementor-accordion-icon elementor-accordion-icon-left\" aria-hidden=\"true\">\n\t\t\t\t\t\t\t\t\t\t\t\t\t\t\t<span class=\"elementor-accordion-icon-closed\"><i class=\"fas fa-plus\"><\/i><\/span>\n\t\t\t\t\t\t\t\t<span class=\"elementor-accordion-icon-opened\"><i class=\"fas fa-minus\"><\/i><\/span>\n\t\t\t\t\t\t\t\t\t\t\t\t\t\t<\/span>\n\t\t\t\t\t\t\t\t\t\t\t\t<a class=\"elementor-accordion-title\" tabindex=\"0\">Comment ventiler une salle de bain sous comble ?<\/a>\n\t\t\t\t\t<\/div>\n\t\t\t\t\t<div id=\"elementor-tab-content-8634\" class=\"elementor-tab-content elementor-clearfix\" data-tab=\"4\" role=\"region\" aria-labelledby=\"elementor-tab-title-8634\"><p>Placez l&rsquo;extraction au point le plus haut, jamais en partie basse : l&rsquo;air chaud et humide monte et s&rsquo;accumule sous le fa\u00eetage. Une pi\u00e8ce sous rampant mal ventil\u00e9e d\u00e9veloppe de la condensation sur le rampant, puis des d\u00e9g\u00e2ts sur l&rsquo;isolation. Une fen\u00eatre de toit est un atout majeur, puisqu&rsquo;elle \u00e9vacue exactement au point culminant.<\/p><\/div>\n\t\t\t\t<\/div>\n\t\t\t\t\t\t\t<div class=\"elementor-accordion-item\">\n\t\t\t\t\t<div id=\"elementor-tab-title-8635\" class=\"elementor-tab-title\" data-tab=\"5\" role=\"button\" aria-controls=\"elementor-tab-content-8635\" aria-expanded=\"false\">\n\t\t\t\t\t\t\t\t\t\t\t\t\t<span class=\"elementor-accordion-icon elementor-accordion-icon-left\" aria-hidden=\"true\">\n\t\t\t\t\t\t\t\t\t\t\t\t\t\t\t<span class=\"elementor-accordion-icon-closed\"><i class=\"fas fa-plus\"><\/i><\/span>\n\t\t\t\t\t\t\t\t<span class=\"elementor-accordion-icon-opened\"><i class=\"fas fa-minus\"><\/i><\/span>\n\t\t\t\t\t\t\t\t\t\t\t\t\t\t<\/span>\n\t\t\t\t\t\t\t\t\t\t\t\t<a class=\"elementor-accordion-title\" tabindex=\"0\">Peut-on mettre une baignoire sous une pente ?<\/a>\n\t\t\t\t\t<\/div>\n\t\t\t\t\t<div id=\"elementor-tab-content-8635\" class=\"elementor-tab-content elementor-clearfix\" data-tab=\"5\" role=\"region\" aria-labelledby=\"elementor-tab-title-8635\"><p>Oui, et c&rsquo;est m\u00eame l&rsquo;un des rares usages qui tol\u00e8re une faible hauteur : on est allong\u00e9. Une baignoire peut donc se placer sous la partie basse, entre 90 et 140 cm, ce qui lib\u00e8re la zone haute pour autre chose. V\u00e9rifiez seulement que vous pouvez vous tenir debout pour entrer et sortir, ce qui demande de la hauteur sur un c\u00f4t\u00e9.<\/p><\/div>\n\t\t\t\t<\/div>\n\t\t\t\t\t\t\t<div class=\"elementor-accordion-item\">\n\t\t\t\t\t<div id=\"elementor-tab-title-8636\" class=\"elementor-tab-title\" data-tab=\"6\" role=\"button\" aria-controls=\"elementor-tab-content-8636\" aria-expanded=\"false\">\n\t\t\t\t\t\t\t\t\t\t\t\t\t<span class=\"elementor-accordion-icon elementor-accordion-icon-left\" aria-hidden=\"true\">\n\t\t\t\t\t\t\t\t\t\t\t\t\t\t\t<span class=\"elementor-accordion-icon-closed\"><i class=\"fas fa-plus\"><\/i><\/span>\n\t\t\t\t\t\t\t\t<span class=\"elementor-accordion-icon-opened\"><i class=\"fas fa-minus\"><\/i><\/span>\n\t\t\t\t\t\t\t\t\t\t\t\t\t\t<\/span>\n\t\t\t\t\t\t\t\t\t\t\t\t<a class=\"elementor-accordion-title\" tabindex=\"0\">Quel meuble choisir sous comble ?<\/a>\n\t\t\t\t\t<\/div>\n\t\t\t\t\t<div id=\"elementor-tab-content-8636\" class=\"elementor-tab-content elementor-clearfix\" data-tab=\"6\" role=\"region\" aria-labelledby=\"elementor-tab-title-8636\"><p>Un meuble suspendu, dont vous fixez librement la hauteur selon l&rsquo;inclinaison de la pente, plut\u00f4t qu&rsquo;un meuble pos\u00e9 dont la hauteur est fig\u00e9e. C&rsquo;est l&rsquo;un des rares endroits o\u00f9 cette souplesse devient d\u00e9cisive. Privil\u00e9giez aussi une essence stable en atmosph\u00e8re humide comme le teck massif : sous comble, l&rsquo;humidit\u00e9 stagne davantage qu&rsquo;ailleurs.<\/p><\/div>\n\t\t\t\t<\/div>\n\t\t\t\t\t\t\t\t<\/div>\n\t\t\t\t\t\t<\/div>\n\t\t\t\t<\/div>\n\t\t\t\t<div class=\"elementor-element elementor-element-c0dc8f0 elementor-widget elementor-widget-html\" data-id=\"c0dc8f0\" data-element_type=\"widget\" data-widget_type=\"html.default\">\n\t\t\t\t<div class=\"elementor-widget-container\">\n\t\t\t\t\t<script type=\"application\/ld+json\">{\"@context\": \"https:\/\/schema.org\", \"@type\": \"Article\", \"headline\": \"Salle de bain sous comble : o\u00f9 placer quoi selon la pente\", \"description\": \"Salle de bain sous comble ou sous pente : la hauteur utile r\u00e9elle, quel \u00e9l\u00e9ment sous quelle hauteur, le meuble bas sous rampant, l'\u00e9clairage et la ventilation.\", \"author\": {\"@type\": \"Organization\", \"name\": \"Wanda Collection\"}, \"publisher\": {\"@type\": \"Organization\", \"name\": \"Wanda Collection\", \"logo\": {\"@type\": \"ImageObject\", \"url\": \"https:\/\/www.wanda-collection.com\/img\/logo.png\"}}, \"mainEntityOfPage\": \"https:\/\/www.wanda-collection.com\/blog\/salle-de-bain-sous-comble-sous-pente\/\", \"image\": \"https:\/\/www.wanda-collection.com\/blog\/wp-content\/uploads\/2026\/08\/mb-aktual60.jpg\"}<\/script>\n<script type=\"application\/ld+json\">{\"@context\": \"https:\/\/schema.org\", \"@type\": \"FAQPage\", \"mainEntity\": [{\"@type\": \"Question\", \"name\": \"Quelle hauteur sous plafond faut-il pour une salle de bain sous comble ?\", \"acceptedAnswer\": {\"@type\": \"Answer\", \"text\": \"Cela d\u00e9pend de l'\u00e9l\u00e9ment. Une douche demande plus de 180 cm sur toute sa surface, puisqu'on s'y tient debout. Un meuble sous vasque se contente de 140 cm, parce qu'on se penche pour se laver le visage. En dessous de 90 cm, on ne place que du rangement bas et le panier \u00e0 linge. La zone au dessus de 180 cm est la ressource rare : elle est r\u00e9serv\u00e9e \u00e0 la douche.\"}}, {\"@type\": \"Question\", \"name\": \"O\u00f9 placer le lavabo dans une salle de bain sous pente ?\", \"acceptedAnswer\": {\"@type\": \"Answer\", \"text\": \"Sous le rampant, l\u00e0 o\u00f9 le plafond descend entre 90 et 140 cm. C'est le meilleur usage de la pente, puisque se laver le visage se fait pench\u00e9 et ne demande pas de hauteur. Comptez seulement 60 cm minimum entre le bord de la vasque et le rampant pour ne pas vous cogner, soit 145 cm de hauteur au droit du meuble avec un plan \u00e0 85 cm.\"}}, {\"@type\": \"Question\", \"name\": \"Quel miroir sous un rampant ?\", \"acceptedAnswer\": {\"@type\": \"Answer\", \"text\": \"Un miroir en format paysage pos\u00e9 bas, ou un miroir fix\u00e9 directement sur le rampant et l\u00e9g\u00e8rement inclin\u00e9. Un miroir vertical classique ne rentre pas sous une pente. C'est la vraie difficult\u00e9 de cette configuration, et il vaut mieux la r\u00e9gler au moment de choisir le meuble plut\u00f4t qu'apr\u00e8s.\"}}, {\"@type\": \"Question\", \"name\": \"Comment ventiler une salle de bain sous comble ?\", \"acceptedAnswer\": {\"@type\": \"Answer\", \"text\": \"Placez l'extraction au point le plus haut, jamais en partie basse : l'air chaud et humide monte et s'accumule sous le fa\u00eetage. Une pi\u00e8ce sous rampant mal ventil\u00e9e d\u00e9veloppe de la condensation sur le rampant, puis des d\u00e9g\u00e2ts sur l'isolation. Une fen\u00eatre de toit est un atout majeur, puisqu'elle \u00e9vacue exactement au point culminant.\"}}, {\"@type\": \"Question\", \"name\": \"Peut-on mettre une baignoire sous une pente ?\", \"acceptedAnswer\": {\"@type\": \"Answer\", \"text\": \"Oui, et c'est m\u00eame l'un des rares usages qui tol\u00e8re une faible hauteur : on est allong\u00e9. Une baignoire peut donc se placer sous la partie basse, entre 90 et 140 cm, ce qui lib\u00e8re la zone haute pour autre chose. V\u00e9rifiez seulement que vous pouvez vous tenir debout pour entrer et sortir, ce qui demande de la hauteur sur un c\u00f4t\u00e9.\"}}, {\"@type\": \"Question\", \"name\": \"Quel meuble choisir sous comble ?\", \"acceptedAnswer\": {\"@type\": \"Answer\", \"text\": \"Un meuble suspendu, dont vous fixez librement la hauteur selon l'inclinaison de la pente, plut\u00f4t qu'un meuble pos\u00e9 dont la hauteur est fig\u00e9e. C'est l'un des rares endroits o\u00f9 cette souplesse devient d\u00e9cisive. Privil\u00e9giez aussi une essence stable en atmosph\u00e8re humide comme le teck massif : sous comble, l'humidit\u00e9 stagne davantage qu'ailleurs.\"}}]}<\/script>\t\t\t\t<\/div>\n\t\t\t\t<\/div>\n\t\t\t\t\t<\/div>\n\t\t<\/div>\n\t\t\t\t\t<\/div>\n\t\t<\/section>\n\t\t\t\t<\/div>\n\t\t","protected":false},"excerpt":{"rendered":"<p>Salle de bain sous comble ou sous pente : la hauteur utile r\u00e9elle, quel \u00e9l\u00e9ment sous quelle hauteur, le meuble bas sous rampant, l&rsquo;\u00e9clairage et la ventilation.<\/p>\n","protected":false},"author":6,"featured_media":992841,"comment_status":"closed","ping_status":"open","sticky":false,"template":"","format":"standard","meta":{"footnotes":""},"categories":[104,102,16],"tags":[114],"class_list":["post-992906","post","type-post","status-publish","format-standard","has-post-thumbnail","hentry","category-amenagement","category-meubles-de-salle-de-bain","category-salle-de-bain","tag-guide-dachat"],"yoast_head":"<!-- This site is optimized with the Yoast SEO plugin v25.5 - https:\/\/yoast.com\/wordpress\/plugins\/seo\/ -->\n<title>Salle de bain sous comble : o\u00f9 placer quoi selon la pente<\/title>\n<meta name=\"description\" content=\"Salle de bain sous comble ou sous pente : la hauteur utile r\u00e9elle, quel \u00e9l\u00e9ment sous quelle hauteur, le meuble bas sous rampant, l&#039;\u00e9clairage et la ventilation.\" \/>\n<meta name=\"robots\" content=\"index, follow, max-snippet:-1, max-image-preview:large, max-video-preview:-1\" \/>\n<link rel=\"canonical\" href=\"https:\/\/www.wanda-collection.com\/blog\/salle-de-bain-sous-comble-sous-pente\/\" \/>\n<meta property=\"og:locale\" content=\"fr_FR\" \/>\n<meta property=\"og:type\" content=\"article\" \/>\n<meta property=\"og:title\" content=\"Salle de bain sous comble : o\u00f9 placer quoi selon la pente\" \/>\n<meta property=\"og:description\" content=\"Salle de bain sous comble ou sous pente : la hauteur utile r\u00e9elle, quel \u00e9l\u00e9ment sous quelle hauteur, le meuble bas sous rampant, l&#039;\u00e9clairage et la ventilation.\" \/>\n<meta property=\"og:url\" content=\"https:\/\/www.wanda-collection.com\/blog\/salle-de-bain-sous-comble-sous-pente\/\" \/>\n<meta property=\"og:site_name\" content=\"Wanda collection Le blog\" \/>\n<meta property=\"article:publisher\" content=\"https:\/\/www.facebook.com\/WandaCollection.fr\/\" \/>\n<meta property=\"article:published_time\" content=\"2026-09-01T07:57:57+00:00\" \/>\n<meta property=\"article:modified_time\" content=\"2026-09-01T08:01:04+00:00\" \/>\n<meta property=\"og:image\" content=\"https:\/\/www.wanda-collection.com\/blog\/wp-content\/uploads\/2026\/08\/mb-aktual60.jpg\" \/>\n\t<meta property=\"og:image:width\" content=\"1028\" \/>\n\t<meta property=\"og:image:height\" content=\"1028\" \/>\n\t<meta property=\"og:image:type\" content=\"image\/jpeg\" \/>\n<meta name=\"author\" content=\"Damien Girardeau\" \/>\n<meta name=\"twitter:card\" content=\"summary_large_image\" \/>\n<meta name=\"twitter:label1\" content=\"\u00c9crit par\" \/>\n\t<meta name=\"twitter:data1\" content=\"Damien Girardeau\" \/>\n\t<meta name=\"twitter:label2\" content=\"Dur\u00e9e de lecture estim\u00e9e\" \/>\n\t<meta name=\"twitter:data2\" content=\"8 minutes\" \/>\n<script type=\"application\/ld+json\" class=\"yoast-schema-graph\">{\"@context\":\"https:\/\/schema.org\",\"@graph\":[{\"@type\":\"Article\",\"@id\":\"https:\/\/www.wanda-collection.com\/blog\/salle-de-bain-sous-comble-sous-pente\/#article\",\"isPartOf\":{\"@id\":\"https:\/\/www.wanda-collection.com\/blog\/salle-de-bain-sous-comble-sous-pente\/\"},\"author\":{\"name\":\"Damien Girardeau\",\"@id\":\"https:\/\/www.wanda-collection.com\/blog\/#\/schema\/person\/85c8dec31d24bad26b45a2319924d2e6\"},\"headline\":\"Salle de bain sous comble : o\u00f9 placer quoi selon la pente\",\"datePublished\":\"2026-09-01T07:57:57+00:00\",\"dateModified\":\"2026-09-01T08:01:04+00:00\",\"mainEntityOfPage\":{\"@id\":\"https:\/\/www.wanda-collection.com\/blog\/salle-de-bain-sous-comble-sous-pente\/\"},\"wordCount\":1794,\"publisher\":{\"@id\":\"https:\/\/www.wanda-collection.com\/blog\/#organization\"},\"image\":{\"@id\":\"https:\/\/www.wanda-collection.com\/blog\/salle-de-bain-sous-comble-sous-pente\/#primaryimage\"},\"thumbnailUrl\":\"https:\/\/www.wanda-collection.com\/blog\/wp-content\/uploads\/2026\/08\/mb-aktual60.jpg\",\"keywords\":[\"Guide d'achat\"],\"articleSection\":[\"Am\u00e9nagement\",\"Meubles de salle de bain\",\"Salle de bain\"],\"inLanguage\":\"fr-FR\"},{\"@type\":\"WebPage\",\"@id\":\"https:\/\/www.wanda-collection.com\/blog\/salle-de-bain-sous-comble-sous-pente\/\",\"url\":\"https:\/\/www.wanda-collection.com\/blog\/salle-de-bain-sous-comble-sous-pente\/\",\"name\":\"Salle de bain sous comble : o\u00f9 placer quoi selon la pente\",\"isPartOf\":{\"@id\":\"https:\/\/www.wanda-collection.com\/blog\/#website\"},\"primaryImageOfPage\":{\"@id\":\"https:\/\/www.wanda-collection.com\/blog\/salle-de-bain-sous-comble-sous-pente\/#primaryimage\"},\"image\":{\"@id\":\"https:\/\/www.wanda-collection.com\/blog\/salle-de-bain-sous-comble-sous-pente\/#primaryimage\"},\"thumbnailUrl\":\"https:\/\/www.wanda-collection.com\/blog\/wp-content\/uploads\/2026\/08\/mb-aktual60.jpg\",\"datePublished\":\"2026-09-01T07:57:57+00:00\",\"dateModified\":\"2026-09-01T08:01:04+00:00\",\"description\":\"Salle de bain sous comble ou sous pente : la hauteur utile r\u00e9elle, quel \u00e9l\u00e9ment sous quelle hauteur, le meuble bas sous rampant, l'\u00e9clairage et la ventilation.\",\"breadcrumb\":{\"@id\":\"https:\/\/www.wanda-collection.com\/blog\/salle-de-bain-sous-comble-sous-pente\/#breadcrumb\"},\"inLanguage\":\"fr-FR\",\"potentialAction\":[{\"@type\":\"ReadAction\",\"target\":[\"https:\/\/www.wanda-collection.com\/blog\/salle-de-bain-sous-comble-sous-pente\/\"]}]},{\"@type\":\"ImageObject\",\"inLanguage\":\"fr-FR\",\"@id\":\"https:\/\/www.wanda-collection.com\/blog\/salle-de-bain-sous-comble-sous-pente\/#primaryimage\",\"url\":\"https:\/\/www.wanda-collection.com\/blog\/wp-content\/uploads\/2026\/08\/mb-aktual60.jpg\",\"contentUrl\":\"https:\/\/www.wanda-collection.com\/blog\/wp-content\/uploads\/2026\/08\/mb-aktual60.jpg\",\"width\":1028,\"height\":1028,\"caption\":\"Meuble sous vasque en teck Aktual, 60 cm\"},{\"@type\":\"BreadcrumbList\",\"@id\":\"https:\/\/www.wanda-collection.com\/blog\/salle-de-bain-sous-comble-sous-pente\/#breadcrumb\",\"itemListElement\":[{\"@type\":\"ListItem\",\"position\":1,\"name\":\"Accueil\",\"item\":\"https:\/\/www.wanda-collection.com\/blog\/\"},{\"@type\":\"ListItem\",\"position\":2,\"name\":\"Salle de bain\",\"item\":\"https:\/\/www.wanda-collection.com\/blog\/category\/salle-de-bain\/\"},{\"@type\":\"ListItem\",\"position\":3,\"name\":\"Am\u00e9nagement\",\"item\":\"https:\/\/www.wanda-collection.com\/blog\/category\/salle-de-bain\/amenagement\/\"},{\"@type\":\"ListItem\",\"position\":4,\"name\":\"Salle de bain sous comble : o\u00f9 placer quoi selon la pente\"}]},{\"@type\":\"WebSite\",\"@id\":\"https:\/\/www.wanda-collection.com\/blog\/#website\",\"url\":\"https:\/\/www.wanda-collection.com\/blog\/\",\"name\":\"Wanda collection Le blog\",\"description\":\"\",\"publisher\":{\"@id\":\"https:\/\/www.wanda-collection.com\/blog\/#organization\"},\"potentialAction\":[{\"@type\":\"SearchAction\",\"target\":{\"@type\":\"EntryPoint\",\"urlTemplate\":\"https:\/\/www.wanda-collection.com\/blog\/?s={search_term_string}\"},\"query-input\":{\"@type\":\"PropertyValueSpecification\",\"valueRequired\":true,\"valueName\":\"search_term_string\"}}],\"inLanguage\":\"fr-FR\"},{\"@type\":\"Organization\",\"@id\":\"https:\/\/www.wanda-collection.com\/blog\/#organization\",\"name\":\"Wanda collection Le blog\",\"url\":\"https:\/\/www.wanda-collection.com\/blog\/\",\"logo\":{\"@type\":\"ImageObject\",\"inLanguage\":\"fr-FR\",\"@id\":\"https:\/\/www.wanda-collection.com\/blog\/#\/schema\/logo\/image\/\",\"url\":\"https:\/\/www.wanda-collection.com\/blog\/wp-content\/uploads\/2022\/09\/cropped-logo-Le-blog-5.png\",\"contentUrl\":\"https:\/\/www.wanda-collection.com\/blog\/wp-content\/uploads\/2022\/09\/cropped-logo-Le-blog-5.png\",\"width\":1141,\"height\":328,\"caption\":\"Wanda collection Le blog\"},\"image\":{\"@id\":\"https:\/\/www.wanda-collection.com\/blog\/#\/schema\/logo\/image\/\"},\"sameAs\":[\"https:\/\/www.facebook.com\/WandaCollection.fr\/\",\"https:\/\/www.pinterest.fr\/wandacollection\/\",\"https:\/\/www.instagram.com\/wanda.collection\/\"]},{\"@type\":\"Person\",\"@id\":\"https:\/\/www.wanda-collection.com\/blog\/#\/schema\/person\/85c8dec31d24bad26b45a2319924d2e6\",\"name\":\"Damien Girardeau\",\"image\":{\"@type\":\"ImageObject\",\"inLanguage\":\"fr-FR\",\"@id\":\"https:\/\/www.wanda-collection.com\/blog\/#\/schema\/person\/image\/\",\"url\":\"https:\/\/secure.gravatar.com\/avatar\/53ace044216358578780d6154f629abc4431ac90903bd3d17859f8eec72d379b?s=96&d=mm&r=g\",\"contentUrl\":\"https:\/\/secure.gravatar.com\/avatar\/53ace044216358578780d6154f629abc4431ac90903bd3d17859f8eec72d379b?s=96&d=mm&r=g\",\"caption\":\"Damien Girardeau\"}}]}<\/script>\n<!-- \/ Yoast SEO plugin. -->","yoast_head_json":{"title":"Salle de bain sous comble : o\u00f9 placer quoi selon la pente","description":"Salle de bain sous comble ou sous pente : la hauteur utile r\u00e9elle, quel \u00e9l\u00e9ment sous quelle hauteur, le meuble bas sous rampant, l'\u00e9clairage et la ventilation.","robots":{"index":"index","follow":"follow","max-snippet":"max-snippet:-1","max-image-preview":"max-image-preview:large","max-video-preview":"max-video-preview:-1"},"canonical":"https:\/\/www.wanda-collection.com\/blog\/salle-de-bain-sous-comble-sous-pente\/","og_locale":"fr_FR","og_type":"article","og_title":"Salle de bain sous comble : o\u00f9 placer quoi selon la pente","og_description":"Salle de bain sous comble ou sous pente : la hauteur utile r\u00e9elle, quel \u00e9l\u00e9ment sous quelle hauteur, le meuble bas sous rampant, l'\u00e9clairage et la ventilation.","og_url":"https:\/\/www.wanda-collection.com\/blog\/salle-de-bain-sous-comble-sous-pente\/","og_site_name":"Wanda collection Le blog","article_publisher":"https:\/\/www.facebook.com\/WandaCollection.fr\/","article_published_time":"2026-09-01T07:57:57+00:00","article_modified_time":"2026-09-01T08:01:04+00:00","og_image":[{"width":1028,"height":1028,"url":"https:\/\/www.wanda-collection.com\/blog\/wp-content\/uploads\/2026\/08\/mb-aktual60.jpg","type":"image\/jpeg"}],"author":"Damien Girardeau","twitter_card":"summary_large_image","twitter_misc":{"\u00c9crit par":"Damien Girardeau","Dur\u00e9e de lecture estim\u00e9e":"8 minutes"},"schema":{"@context":"https:\/\/schema.org","@graph":[{"@type":"Article","@id":"https:\/\/www.wanda-collection.com\/blog\/salle-de-bain-sous-comble-sous-pente\/#article","isPartOf":{"@id":"https:\/\/www.wanda-collection.com\/blog\/salle-de-bain-sous-comble-sous-pente\/"},"author":{"name":"Damien Girardeau","@id":"https:\/\/www.wanda-collection.com\/blog\/#\/schema\/person\/85c8dec31d24bad26b45a2319924d2e6"},"headline":"Salle de bain sous comble : o\u00f9 placer quoi selon la pente","datePublished":"2026-09-01T07:57:57+00:00","dateModified":"2026-09-01T08:01:04+00:00","mainEntityOfPage":{"@id":"https:\/\/www.wanda-collection.com\/blog\/salle-de-bain-sous-comble-sous-pente\/"},"wordCount":1794,"publisher":{"@id":"https:\/\/www.wanda-collection.com\/blog\/#organization"},"image":{"@id":"https:\/\/www.wanda-collection.com\/blog\/salle-de-bain-sous-comble-sous-pente\/#primaryimage"},"thumbnailUrl":"https:\/\/www.wanda-collection.com\/blog\/wp-content\/uploads\/2026\/08\/mb-aktual60.jpg","keywords":["Guide d'achat"],"articleSection":["Am\u00e9nagement","Meubles de salle de bain","Salle de bain"],"inLanguage":"fr-FR"},{"@type":"WebPage","@id":"https:\/\/www.wanda-collection.com\/blog\/salle-de-bain-sous-comble-sous-pente\/","url":"https:\/\/www.wanda-collection.com\/blog\/salle-de-bain-sous-comble-sous-pente\/","name":"Salle de bain sous comble : o\u00f9 placer quoi selon la pente","isPartOf":{"@id":"https:\/\/www.wanda-collection.com\/blog\/#website"},"primaryImageOfPage":{"@id":"https:\/\/www.wanda-collection.com\/blog\/salle-de-bain-sous-comble-sous-pente\/#primaryimage"},"image":{"@id":"https:\/\/www.wanda-collection.com\/blog\/salle-de-bain-sous-comble-sous-pente\/#primaryimage"},"thumbnailUrl":"https:\/\/www.wanda-collection.com\/blog\/wp-content\/uploads\/2026\/08\/mb-aktual60.jpg","datePublished":"2026-09-01T07:57:57+00:00","dateModified":"2026-09-01T08:01:04+00:00","description":"Salle de bain sous comble ou sous pente : la hauteur utile r\u00e9elle, quel \u00e9l\u00e9ment sous quelle hauteur, le meuble bas sous rampant, l'\u00e9clairage et la ventilation.","breadcrumb":{"@id":"https:\/\/www.wanda-collection.com\/blog\/salle-de-bain-sous-comble-sous-pente\/#breadcrumb"},"inLanguage":"fr-FR","potentialAction":[{"@type":"ReadAction","target":["https:\/\/www.wanda-collection.com\/blog\/salle-de-bain-sous-comble-sous-pente\/"]}]},{"@type":"ImageObject","inLanguage":"fr-FR","@id":"https:\/\/www.wanda-collection.com\/blog\/salle-de-bain-sous-comble-sous-pente\/#primaryimage","url":"https:\/\/www.wanda-collection.com\/blog\/wp-content\/uploads\/2026\/08\/mb-aktual60.jpg","contentUrl":"https:\/\/www.wanda-collection.com\/blog\/wp-content\/uploads\/2026\/08\/mb-aktual60.jpg","width":1028,"height":1028,"caption":"Meuble sous vasque en teck Aktual, 60 cm"},{"@type":"BreadcrumbList","@id":"https:\/\/www.wanda-collection.com\/blog\/salle-de-bain-sous-comble-sous-pente\/#breadcrumb","itemListElement":[{"@type":"ListItem","position":1,"name":"Accueil","item":"https:\/\/www.wanda-collection.com\/blog\/"},{"@type":"ListItem","position":2,"name":"Salle de bain","item":"https:\/\/www.wanda-collection.com\/blog\/category\/salle-de-bain\/"},{"@type":"ListItem","position":3,"name":"Am\u00e9nagement","item":"https:\/\/www.wanda-collection.com\/blog\/category\/salle-de-bain\/amenagement\/"},{"@type":"ListItem","position":4,"name":"Salle de bain sous comble : o\u00f9 placer quoi selon la pente"}]},{"@type":"WebSite","@id":"https:\/\/www.wanda-collection.com\/blog\/#website","url":"https:\/\/www.wanda-collection.com\/blog\/","name":"Wanda collection Le blog","description":"","publisher":{"@id":"https:\/\/www.wanda-collection.com\/blog\/#organization"},"potentialAction":[{"@type":"SearchAction","target":{"@type":"EntryPoint","urlTemplate":"https:\/\/www.wanda-collection.com\/blog\/?s={search_term_string}"},"query-input":{"@type":"PropertyValueSpecification","valueRequired":true,"valueName":"search_term_string"}}],"inLanguage":"fr-FR"},{"@type":"Organization","@id":"https:\/\/www.wanda-collection.com\/blog\/#organization","name":"Wanda collection Le blog","url":"https:\/\/www.wanda-collection.com\/blog\/","logo":{"@type":"ImageObject","inLanguage":"fr-FR","@id":"https:\/\/www.wanda-collection.com\/blog\/#\/schema\/logo\/image\/","url":"https:\/\/www.wanda-collection.com\/blog\/wp-content\/uploads\/2022\/09\/cropped-logo-Le-blog-5.png","contentUrl":"https:\/\/www.wanda-collection.com\/blog\/wp-content\/uploads\/2022\/09\/cropped-logo-Le-blog-5.png","width":1141,"height":328,"caption":"Wanda collection Le blog"},"image":{"@id":"https:\/\/www.wanda-collection.com\/blog\/#\/schema\/logo\/image\/"},"sameAs":["https:\/\/www.facebook.com\/WandaCollection.fr\/","https:\/\/www.pinterest.fr\/wandacollection\/","https:\/\/www.instagram.com\/wanda.collection\/"]},{"@type":"Person","@id":"https:\/\/www.wanda-collection.com\/blog\/#\/schema\/person\/85c8dec31d24bad26b45a2319924d2e6","name":"Damien Girardeau","image":{"@type":"ImageObject","inLanguage":"fr-FR","@id":"https:\/\/www.wanda-collection.com\/blog\/#\/schema\/person\/image\/","url":"https:\/\/secure.gravatar.com\/avatar\/53ace044216358578780d6154f629abc4431ac90903bd3d17859f8eec72d379b?s=96&d=mm&r=g","contentUrl":"https:\/\/secure.gravatar.com\/avatar\/53ace044216358578780d6154f629abc4431ac90903bd3d17859f8eec72d379b?s=96&d=mm&r=g","caption":"Damien Girardeau"}}]}},"_links":{"self":[{"href":"https:\/\/www.wanda-collection.com\/blog\/wp-json\/wp\/v2\/posts\/992906","targetHints":{"allow":["GET"]}}],"collection":[{"href":"https:\/\/www.wanda-collection.com\/blog\/wp-json\/wp\/v2\/posts"}],"about":[{"href":"https:\/\/www.wanda-collection.com\/blog\/wp-json\/wp\/v2\/types\/post"}],"author":[{"embeddable":true,"href":"https:\/\/www.wanda-collection.com\/blog\/wp-json\/wp\/v2\/users\/6"}],"replies":[{"embeddable":true,"href":"https:\/\/www.wanda-collection.com\/blog\/wp-json\/wp\/v2\/comments?post=992906"}],"version-history":[{"count":1,"href":"https:\/\/www.wanda-collection.com\/blog\/wp-json\/wp\/v2\/posts\/992906\/revisions"}],"predecessor-version":[{"id":992913,"href":"https:\/\/www.wanda-collection.com\/blog\/wp-json\/wp\/v2\/posts\/992906\/revisions\/992913"}],"wp:featuredmedia":[{"embeddable":true,"href":"https:\/\/www.wanda-collection.com\/blog\/wp-json\/wp\/v2\/media\/992841"}],"wp:attachment":[{"href":"https:\/\/www.wanda-collection.com\/blog\/wp-json\/wp\/v2\/media?parent=992906"}],"wp:term":[{"taxonomy":"category","embeddable":true,"href":"https:\/\/www.wanda-collection.com\/blog\/wp-json\/wp\/v2\/categories?post=992906"},{"taxonomy":"post_tag","embeddable":true,"href":"https:\/\/www.wanda-collection.com\/blog\/wp-json\/wp\/v2\/tags?post=992906"}],"curies":[{"name":"wp","href":"https:\/\/api.w.org\/{rel}","templated":true}]}}