{"id":992909,"date":"2026-09-01T09:59:57","date_gmt":"2026-09-01T07:59:57","guid":{"rendered":"https:\/\/www.wanda-collection.com\/blog\/amenager-salle-de-bain-3-4-5-6-m2\/"},"modified":"2026-09-01T10:01:03","modified_gmt":"2026-09-01T08:01:03","slug":"amenager-salle-de-bain-3-4-5-6-m2","status":"publish","type":"post","link":"https:\/\/www.wanda-collection.com\/blog\/amenager-salle-de-bain-3-4-5-6-m2\/","title":{"rendered":"Salle de bain de 3, 4, 5 ou 6 m\u00b2 : ce qui change \u00e0 chaque m\u00e8tre carr\u00e9"},"content":{"rendered":"\t\t<div data-elementor-type=\"wp-post\" data-elementor-id=\"992909\" class=\"elementor elementor-992909 elementor-bc-flex-widget\">\n\t\t\t\t\t\t<section class=\"elementor-section elementor-top-section elementor-element elementor-element-3179d1b elementor-section-boxed elementor-section-height-default elementor-section-height-default\" data-id=\"3179d1b\" data-element_type=\"section\">\n\t\t\t\t\t\t<div class=\"elementor-container elementor-column-gap-default\">\n\t\t\t\t\t<div class=\"elementor-column elementor-col-100 elementor-top-column elementor-element elementor-element-86386dc\" data-id=\"86386dc\" data-element_type=\"column\">\n\t\t\t<div class=\"elementor-widget-wrap elementor-element-populated\">\n\t\t\t\t\t\t<div class=\"elementor-element elementor-element-d5a9d8c elementor-drop-cap-yes elementor-drop-cap-view-default elementor-widget elementor-widget-text-editor\" data-id=\"d5a9d8c\" data-element_type=\"widget\" data-settings=\"{&quot;drop_cap&quot;:&quot;yes&quot;}\" data-widget_type=\"text-editor.default\">\n\t\t\t\t<div class=\"elementor-widget-container\">\n\t\t\t\t\t\t\t\t\t<p>Entre 3 et 6 m\u00b2, la salle de bain double de surface. Pourtant, ce n&rsquo;est pas le double de confort qu&rsquo;on gagne : c&rsquo;est une succession de seuils, o\u00f9 chaque m\u00e8tre carr\u00e9 d\u00e9bloque une possibilit\u00e9 pr\u00e9cise et une seule.<\/p><p>\u00c0 3 m\u00b2, on renonce \u00e0 la baignoire. \u00c0 4 m\u00b2, le meuble passe de 50 \u00e0 60 cm. \u00c0 5 m\u00b2, un rangement ferm\u00e9 devient possible. \u00c0 6 m\u00b2, la double vasque entre dans le champ des options. Ces seuils sont mesurables, et c&rsquo;est ce qui rend la question utile plut\u00f4t que subjective.<\/p><p>Ce guide traite chaque surface s\u00e9par\u00e9ment, avec ce qu&rsquo;elle autorise et ce qu&rsquo;elle interdit. Une FAQ ferme l&rsquo;article.<\/p>\t\t\t\t\t\t\t\t<\/div>\n\t\t\t\t<\/div>\n\t\t\t\t<div class=\"elementor-element elementor-element-9d95af4 elementor-widget elementor-widget-text-editor\" data-id=\"9d95af4\" data-element_type=\"widget\" data-widget_type=\"text-editor.default\">\n\t\t\t\t<div class=\"elementor-widget-container\">\n\t\t\t\t\t\t\t\t\t<h2>Am\u00e9nager une salle de bain de 3 \u00e0 6 m\u00b2 : les seuils qui comptent<\/h2>\t\t\t\t\t\t\t\t<\/div>\n\t\t\t\t<\/div>\n\t\t\t\t\t<\/div>\n\t\t<\/div>\n\t\t\t\t\t<\/div>\n\t\t<\/section>\n\t\t\t\t<section class=\"elementor-section elementor-top-section elementor-element elementor-element-b8eb152 elementor-section-boxed elementor-section-height-default elementor-section-height-default\" data-id=\"b8eb152\" data-element_type=\"section\">\n\t\t\t\t\t\t<div class=\"elementor-container elementor-column-gap-default\">\n\t\t\t\t\t<div class=\"elementor-column elementor-col-100 elementor-top-column elementor-element elementor-element-38cc58d\" data-id=\"38cc58d\" data-element_type=\"column\">\n\t\t\t<div class=\"elementor-widget-wrap elementor-element-populated\">\n\t\t\t\t\t\t<div class=\"elementor-element elementor-element-2efdee0 elementor-widget elementor-widget-heading\" data-id=\"2efdee0\" data-element_type=\"widget\" data-widget_type=\"heading.default\">\n\t\t\t\t<div class=\"elementor-widget-container\">\n\t\t\t\t\t<h2 class=\"elementor-heading-title elementor-size-default\">La donn\u00e9e qui gouverne toutes les surfaces<\/h2>\t\t\t\t<\/div>\n\t\t\t\t<\/div>\n\t\t\t\t\t<\/div>\n\t\t<\/div>\n\t\t\t\t\t<\/div>\n\t\t<\/section>\n\t\t\t\t<section class=\"elementor-section elementor-top-section elementor-element elementor-element-1e88635 elementor-section-boxed elementor-section-height-default elementor-section-height-default\" data-id=\"1e88635\" data-element_type=\"section\">\n\t\t\t\t\t\t<div class=\"elementor-container elementor-column-gap-default\">\n\t\t\t\t\t<div class=\"elementor-column elementor-col-60 elementor-top-column elementor-element elementor-element-082b917\" data-id=\"082b917\" data-element_type=\"column\">\n\t\t\t<div class=\"elementor-widget-wrap elementor-element-populated\">\n\t\t\t\t\t\t<div class=\"elementor-element elementor-element-5fa9c05 elementor-widget elementor-widget-text-editor\" data-id=\"5fa9c05\" data-element_type=\"widget\" data-widget_type=\"text-editor.default\">\n\t\t\t\t<div class=\"elementor-widget-container\">\n\t\t\t\t\t\t\t\t\t<p>Avant d&rsquo;entrer dans le d\u00e9tail, une donn\u00e9e gouverne toutes les surfaces : <strong>il faut 80 cm libres devant chaque \u00e9l\u00e9ment<\/strong> pour s&rsquo;en servir debout. C&rsquo;est cette bande de circulation, et non le mobilier, qui consomme l&rsquo;essentiel d&rsquo;une petite pi\u00e8ce.<\/p><p>Dans une salle de bain de 4 m\u00b2, typiquement 2 m sur 2, un meuble de 47 cm de profondeur plus 80 cm de d\u00e9gagement occupent d\u00e9j\u00e0 127 cm sur les 200 disponibles. Il reste 73 cm de l&rsquo;autre c\u00f4t\u00e9 : de quoi loger une douche, pas une baignoire. Notre <a href=\"https:\/\/www.wanda-collection.com\/blog\/comment-amenager-une-petite-salle-de-bain\/\">guide de la petite salle de bain<\/a> d\u00e9taille ces trois contraintes.<\/p>\t\t\t\t\t\t\t\t<\/div>\n\t\t\t\t<\/div>\n\t\t\t\t<div class=\"vamtam-has-theme-widget-styles elementor-element elementor-element-0950c2c elementor-align-center elementor-widget elementor-widget-button\" data-id=\"0950c2c\" data-element_type=\"widget\" data-widget_type=\"button.default\">\n\t\t\t\t<div class=\"elementor-widget-container\">\n\t\t\t\t\t\t\t\t\t<div class=\"elementor-button-wrapper\">\n\t\t\t\t\t<a class=\"elementor-button elementor-button-link elementor-size-sm\" href=\"https:\/\/www.wanda-collection.com\/cat-meuble-simple-vasque-156.htm\">\n\t\t\t\t\t\t<span class=\"elementor-button-content-wrapper\">\n\t\t\t\t\t\t\t\t\t<span class=\"elementor-button-text\">Voir les meubles de salle de bain<\/span>\n\t\t\t\t\t<\/span>\n\t\t\t\t\t<\/a>\n\t\t\t\t<\/div>\n\t\t\t\t\t\t\t\t<\/div>\n\t\t\t\t<\/div>\n\t\t\t\t\t<\/div>\n\t\t<\/div>\n\t\t\t\t<div class=\"elementor-column elementor-col-40 elementor-top-column elementor-element elementor-element-cf4d9a8\" data-id=\"cf4d9a8\" data-element_type=\"column\">\n\t\t\t<div class=\"elementor-widget-wrap elementor-element-populated\">\n\t\t\t\t\t\t<div class=\"vamtam-has-theme-widget-styles elementor-element elementor-element-86e3c93 elementor-widget elementor-widget-image\" data-id=\"86e3c93\" data-element_type=\"widget\" data-widget_type=\"image.default\">\n\t\t\t\t<div class=\"elementor-widget-container\">\n\t\t\t\t\t\t\t\t\t<div class=\"elementor-image\">\n\t\t\t\t\t\t\t\t\t\t\t\t\t\t\t\t<figure class=\"wp-caption\">\n\t\t\t\t\t\t\t\t\t\t\t\t\t\t\t\t\t<a href=\"https:\/\/www.wanda-collection.com\/art-meuble-sous-vasque-en-teck-aktual-60cm-56153.htm\">\n\t\t\t\t\t\t\t\t\t\t\t<img fetchpriority=\"high\" decoding=\"async\" width=\"1028\" height=\"1028\" src=\"https:\/\/www.wanda-collection.com\/blog\/wp-content\/uploads\/2026\/08\/mb-aktual60.jpg\" class=\"attachment-full size-full wp-image-992841\" alt=\"Meuble sous vasque suspendu en teck Aktual de 60 cm\" srcset=\"https:\/\/www.wanda-collection.com\/blog\/wp-content\/uploads\/2026\/08\/mb-aktual60.jpg 1028w, https:\/\/www.wanda-collection.com\/blog\/wp-content\/uploads\/2026\/08\/mb-aktual60-300x300.jpg 300w, https:\/\/www.wanda-collection.com\/blog\/wp-content\/uploads\/2026\/08\/mb-aktual60-1024x1024.jpg 1024w, https:\/\/www.wanda-collection.com\/blog\/wp-content\/uploads\/2026\/08\/mb-aktual60-150x150.jpg 150w, https:\/\/www.wanda-collection.com\/blog\/wp-content\/uploads\/2026\/08\/mb-aktual60-768x768.jpg 768w\" sizes=\"(max-width: 1028px) 100vw, 1028px\" \/>\t\t\t\t\t\t\t\t\t\t\t\t<\/a>\n\t\t\t\t\t\t\t\t\t\t\t\t\t\t\t\t\t<figcaption class=\"widget-image-caption wp-caption-text\">Meuble Aktual 60 cm, pour 4 m\u00b2<\/figcaption>\n\t\t\t\t\t\t\t\t\t\t\t\t\t\t\t\t<\/figure>\n\t\t\t\t\t\t\t\t\t\t\t\t\t\t<\/div>\n\t\t\t\t\t\t\t\t<\/div>\n\t\t\t\t<\/div>\n\t\t\t\t\t<\/div>\n\t\t<\/div>\n\t\t\t\t\t<\/div>\n\t\t<\/section>\n\t\t\t\t<section class=\"elementor-section elementor-top-section elementor-element elementor-element-132bd5e elementor-section-boxed elementor-section-height-default elementor-section-height-default\" data-id=\"132bd5e\" data-element_type=\"section\">\n\t\t\t\t\t\t<div class=\"elementor-container elementor-column-gap-default\">\n\t\t\t\t\t<div class=\"elementor-column elementor-col-100 elementor-top-column elementor-element elementor-element-3750af3\" data-id=\"3750af3\" data-element_type=\"column\">\n\t\t\t<div class=\"elementor-widget-wrap elementor-element-populated\">\n\t\t\t\t\t\t<div class=\"elementor-element elementor-element-affdb29 elementor-widget elementor-widget-text-editor\" data-id=\"affdb29\" data-element_type=\"widget\" data-widget_type=\"text-editor.default\">\n\t\t\t\t<div class=\"elementor-widget-container\">\n\t\t\t\t\t\t\t\t\t<h3>Ce que chaque surface autorise<\/h3><table style=\"width:100%; border-collapse:collapse; margin:18px 0;\"><thead><tr style=\"background:#faf6ef;\"><th style=\"padding:10px; text-align:left; border-bottom:2px solid #d4a84b;\">Surface<\/th><th style=\"padding:10px; text-align:left; border-bottom:2px solid #d4a84b;\">Meuble<\/th><th style=\"padding:10px; text-align:left; border-bottom:2px solid #d4a84b;\">Ce qui devient possible<\/th><\/tr><\/thead><tbody><tr><td style=\"padding:10px; border-bottom:1px solid #eee;\">3 m\u00b2<\/td><td style=\"padding:10px; border-bottom:1px solid #eee;\">40 \u00e0 50 cm<\/td><td style=\"padding:10px; border-bottom:1px solid #eee;\">Douche seule, rangement vertical<\/td><\/tr><tr><td style=\"padding:10px; border-bottom:1px solid #eee;\"><strong>4 m\u00b2<\/strong><\/td><td style=\"padding:10px; border-bottom:1px solid #eee;\"><strong>60 cm<\/strong><\/td><td style=\"padding:10px; border-bottom:1px solid #eee;\"><strong>Douche confortable, vraie vasque<\/strong><\/td><\/tr><tr><td style=\"padding:10px; border-bottom:1px solid #eee;\"><strong>5 m\u00b2<\/strong><\/td><td style=\"padding:10px; border-bottom:1px solid #eee;\"><strong>60 \u00e0 80 cm<\/strong><\/td><td style=\"padding:10px; border-bottom:1px solid #eee;\"><strong>Colonne ferm\u00e9e, ou baignoire<\/strong><\/td><\/tr><tr><td style=\"padding:10px; border-bottom:1px solid #eee;\">6 m\u00b2<\/td><td style=\"padding:10px; border-bottom:1px solid #eee;\">80 \u00e0 120 cm<\/td><td style=\"padding:10px; border-bottom:1px solid #eee;\">Double vasque envisageable<\/td><\/tr><\/tbody><\/table>\t\t\t\t\t\t\t\t<\/div>\n\t\t\t\t<\/div>\n\t\t\t\t\t<\/div>\n\t\t<\/div>\n\t\t\t\t\t<\/div>\n\t\t<\/section>\n\t\t\t\t<section class=\"elementor-section elementor-top-section elementor-element elementor-element-ce1a46d elementor-section-boxed elementor-section-height-default elementor-section-height-default\" data-id=\"ce1a46d\" data-element_type=\"section\">\n\t\t\t\t\t\t<div class=\"elementor-container elementor-column-gap-default\">\n\t\t\t\t\t<div class=\"elementor-column elementor-col-40 elementor-top-column elementor-element elementor-element-1a4f6bf\" data-id=\"1a4f6bf\" data-element_type=\"column\">\n\t\t\t<div class=\"elementor-widget-wrap elementor-element-populated\">\n\t\t\t\t\t\t<div class=\"vamtam-has-theme-widget-styles elementor-element elementor-element-1517f4d elementor-widget elementor-widget-image\" data-id=\"1517f4d\" data-element_type=\"widget\" data-widget_type=\"image.default\">\n\t\t\t\t<div class=\"elementor-widget-container\">\n\t\t\t\t\t\t\t\t\t<div class=\"elementor-image\">\n\t\t\t\t\t\t\t\t\t\t\t\t\t\t\t\t<figure class=\"wp-caption\">\n\t\t\t\t\t\t\t\t\t\t\t\t\t\t\t\t\t<a href=\"https:\/\/www.wanda-collection.com\/art-meuble-de-salle-de-bain-suspendu-en-teck-cosy-40cm-1380.htm\">\n\t\t\t\t\t\t\t\t\t\t\t<img decoding=\"async\" width=\"1028\" height=\"1028\" src=\"https:\/\/www.wanda-collection.com\/blog\/wp-content\/uploads\/2026\/08\/mb-cosy40.jpg\" class=\"attachment-full size-full wp-image-992840\" alt=\"Petit meuble de salle de bain suspendu en teck de 40 cm pour lave-mains\" srcset=\"https:\/\/www.wanda-collection.com\/blog\/wp-content\/uploads\/2026\/08\/mb-cosy40.jpg 1028w, https:\/\/www.wanda-collection.com\/blog\/wp-content\/uploads\/2026\/08\/mb-cosy40-300x300.jpg 300w, https:\/\/www.wanda-collection.com\/blog\/wp-content\/uploads\/2026\/08\/mb-cosy40-1024x1024.jpg 1024w, https:\/\/www.wanda-collection.com\/blog\/wp-content\/uploads\/2026\/08\/mb-cosy40-150x150.jpg 150w, https:\/\/www.wanda-collection.com\/blog\/wp-content\/uploads\/2026\/08\/mb-cosy40-768x768.jpg 768w\" sizes=\"(max-width: 1028px) 100vw, 1028px\" \/>\t\t\t\t\t\t\t\t\t\t\t\t<\/a>\n\t\t\t\t\t\t\t\t\t\t\t\t\t\t\t\t\t<figcaption class=\"widget-image-caption wp-caption-text\">Meuble Cosy 40 cm, pour 3 m\u00b2<\/figcaption>\n\t\t\t\t\t\t\t\t\t\t\t\t\t\t\t\t<\/figure>\n\t\t\t\t\t\t\t\t\t\t\t\t\t\t<\/div>\n\t\t\t\t\t\t\t\t<\/div>\n\t\t\t\t<\/div>\n\t\t\t\t\t<\/div>\n\t\t<\/div>\n\t\t\t\t<div class=\"elementor-column elementor-col-60 elementor-top-column elementor-element elementor-element-5439561\" data-id=\"5439561\" data-element_type=\"column\">\n\t\t\t<div class=\"elementor-widget-wrap elementor-element-populated\">\n\t\t\t\t\t\t<div class=\"elementor-element elementor-element-0e8fcfd elementor-widget elementor-widget-text-editor\" data-id=\"0e8fcfd\" data-element_type=\"widget\" data-widget_type=\"text-editor.default\">\n\t\t\t\t<div class=\"elementor-widget-container\">\n\t\t\t\t\t\t\t\t\t<h3>3 m\u00b2 : le minimum vital<\/h3><p>C&rsquo;est la surface d&rsquo;une salle d&rsquo;eau plut\u00f4t que d&rsquo;une salle de bain, typiquement 1,50 m sur 2 m. Elle contient une douche, un point d&rsquo;eau et rien d&rsquo;autre.<\/p><p><strong>Le meuble<\/strong> ne d\u00e9passe pas 40 \u00e0 50 cm, et une vasque de 30 cm. Un mod\u00e8le suspendu de profondeur r\u00e9duite, autour de 30 cm au lieu des 47 standard, gagne 17 cm sur le passage, ce qui est d\u00e9cisif \u00e0 cette surface.<\/p><p><strong>La baignoire est exclue<\/strong>, et c&rsquo;est une bonne nouvelle : une douche de 80 sur 80 cm laisse le reste respirer l\u00e0 o\u00f9 une baignoire de 170 cm bloquerait tout un mur.<\/p><p><strong>Tout le rangement monte au mur.<\/strong> Colonne \u00e9troite ou \u00e9tag\u00e8res, aucun meuble bas suppl\u00e9mentaire. Le sol doit rester libre.<\/p><h3>4 m\u00b2 : la vraie petite salle de bain<\/h3><p>Deux m\u00e8tres sur deux, la configuration la plus fr\u00e9quente dans les appartements. C&rsquo;est ici que le premier vrai seuil est franchi : <strong>le meuble passe \u00e0 60 cm<\/strong> et la vasque \u00e0 40 cm, ce qui fait basculer le point d&rsquo;eau du lave-mains vers l&rsquo;usage quotidien complet.<\/p><p>L&rsquo;implantation qui fonctionne : douche dans un angle, meuble sur le mur oppos\u00e9, colonne dans l&rsquo;angle restant. La bande centrale reste libre.<\/p><p><strong>Le point \u00e0 surveiller<\/strong> est la porte. Si elle ouvre vers l&rsquo;int\u00e9rieur, elle consomme 70 cm de diam\u00e8tre, soit pr\u00e8s d&rsquo;un cinqui\u00e8me de la pi\u00e8ce. L&rsquo;inverser ou passer au coulissant est la premi\u00e8re chose \u00e0 faire, avant m\u00eame de choisir un meuble.<\/p>\t\t\t\t\t\t\t\t<\/div>\n\t\t\t\t<\/div>\n\t\t\t\t<div class=\"vamtam-has-theme-widget-styles elementor-element elementor-element-d550fde elementor-align-center elementor-widget elementor-widget-button\" data-id=\"d550fde\" data-element_type=\"widget\" data-widget_type=\"button.default\">\n\t\t\t\t<div class=\"elementor-widget-container\">\n\t\t\t\t\t\t\t\t\t<div class=\"elementor-button-wrapper\">\n\t\t\t\t\t<a class=\"elementor-button elementor-button-link elementor-size-sm\" href=\"https:\/\/www.wanda-collection.com\/art-meuble-de-salle-de-bain-suspendu-en-teck-cosy-40cm-1380.htm\">\n\t\t\t\t\t\t<span class=\"elementor-button-content-wrapper\">\n\t\t\t\t\t\t\t\t\t<span class=\"elementor-button-text\">Voir le meuble Cosy 40 cm<\/span>\n\t\t\t\t\t<\/span>\n\t\t\t\t\t<\/a>\n\t\t\t\t<\/div>\n\t\t\t\t\t\t\t\t<\/div>\n\t\t\t\t<\/div>\n\t\t\t\t\t<\/div>\n\t\t<\/div>\n\t\t\t\t\t<\/div>\n\t\t<\/section>\n\t\t\t\t<section class=\"elementor-section elementor-top-section elementor-element elementor-element-1c913a3 elementor-section-boxed elementor-section-height-default elementor-section-height-default\" data-id=\"1c913a3\" data-element_type=\"section\">\n\t\t\t\t\t\t<div class=\"elementor-container elementor-column-gap-default\">\n\t\t\t\t\t<div class=\"elementor-column elementor-col-60 elementor-top-column elementor-element elementor-element-097ff64\" data-id=\"097ff64\" data-element_type=\"column\">\n\t\t\t<div class=\"elementor-widget-wrap elementor-element-populated\">\n\t\t\t\t\t\t<div class=\"elementor-element elementor-element-48b450f elementor-widget elementor-widget-text-editor\" data-id=\"48b450f\" data-element_type=\"widget\" data-widget_type=\"text-editor.default\">\n\t\t\t\t<div class=\"elementor-widget-container\">\n\t\t\t\t\t\t\t\t\t<h3>5 m\u00b2 : le confort accessible<\/h3><p>Le m\u00e8tre carr\u00e9 suppl\u00e9mentaire par rapport \u00e0 4 m\u00b2 ne sert pas \u00e0 agrandir le meuble, il sert \u00e0 <strong>ajouter du rangement ferm\u00e9<\/strong>. Une colonne pleine hauteur, ou un meuble de 80 cm au lieu de 60, qui apporte enfin un plan de d\u00e9pose de chaque c\u00f4t\u00e9 du bassin.<\/p><p>C&rsquo;est aussi la surface \u00e0 partir de laquelle une baignoire redevient discutable, \u00e0 condition de renoncer \u00e0 la colonne. L&rsquo;arbitrage est franc : baignoire ou rangement ferm\u00e9, rarement les deux.<\/p><p>Mon avis, \u00e0 cette surface : le meuble de 80 cm et une douche confortable rendent plus service au quotidien qu&rsquo;une baignoire de 160 cm qui mange tout un mur. Notre <a href=\"https:\/\/www.wanda-collection.com\/blog\/largeur-meuble-salle-de-bain-60-80-120\/\">guide de la largeur du meuble<\/a> d\u00e9taille ce que 80 cm apportent.<\/p>\t\t\t\t\t\t\t\t<\/div>\n\t\t\t\t<\/div>\n\t\t\t\t<div class=\"vamtam-has-theme-widget-styles elementor-element elementor-element-64547dc elementor-align-center elementor-widget elementor-widget-button\" data-id=\"64547dc\" data-element_type=\"widget\" data-widget_type=\"button.default\">\n\t\t\t\t<div class=\"elementor-widget-container\">\n\t\t\t\t\t\t\t\t\t<div class=\"elementor-button-wrapper\">\n\t\t\t\t\t<a class=\"elementor-button elementor-button-link elementor-size-sm\" href=\"https:\/\/www.wanda-collection.com\/art-meuble-sous-vasque-en-teck-massif-vila-80cm-56156.htm\">\n\t\t\t\t\t\t<span class=\"elementor-button-content-wrapper\">\n\t\t\t\t\t\t\t\t\t<span class=\"elementor-button-text\">Voir le meuble Vila 80 cm<\/span>\n\t\t\t\t\t<\/span>\n\t\t\t\t\t<\/a>\n\t\t\t\t<\/div>\n\t\t\t\t\t\t\t\t<\/div>\n\t\t\t\t<\/div>\n\t\t\t\t\t<\/div>\n\t\t<\/div>\n\t\t\t\t<div class=\"elementor-column elementor-col-40 elementor-top-column elementor-element elementor-element-96a56ae\" data-id=\"96a56ae\" data-element_type=\"column\">\n\t\t\t<div class=\"elementor-widget-wrap elementor-element-populated\">\n\t\t\t\t\t\t<div class=\"vamtam-has-theme-widget-styles elementor-element elementor-element-914ebbc elementor-widget elementor-widget-image\" data-id=\"914ebbc\" data-element_type=\"widget\" data-widget_type=\"image.default\">\n\t\t\t\t<div class=\"elementor-widget-container\">\n\t\t\t\t\t\t\t\t\t<div class=\"elementor-image\">\n\t\t\t\t\t\t\t\t\t\t\t\t\t\t\t\t<figure class=\"wp-caption\">\n\t\t\t\t\t\t\t\t\t\t\t\t\t\t\t\t\t<a href=\"https:\/\/www.wanda-collection.com\/art-meuble-sous-vasque-en-teck-massif-vila-80cm-56156.htm\">\n\t\t\t\t\t\t\t\t\t\t\t<img decoding=\"async\" width=\"1028\" height=\"1028\" src=\"https:\/\/www.wanda-collection.com\/blog\/wp-content\/uploads\/2026\/08\/mb-vila80.jpg\" class=\"attachment-full size-full wp-image-992839\" alt=\"Meuble de salle de bain en teck massif Vila de 80 cm sous vasque\" srcset=\"https:\/\/www.wanda-collection.com\/blog\/wp-content\/uploads\/2026\/08\/mb-vila80.jpg 1028w, https:\/\/www.wanda-collection.com\/blog\/wp-content\/uploads\/2026\/08\/mb-vila80-300x300.jpg 300w, https:\/\/www.wanda-collection.com\/blog\/wp-content\/uploads\/2026\/08\/mb-vila80-1024x1024.jpg 1024w, https:\/\/www.wanda-collection.com\/blog\/wp-content\/uploads\/2026\/08\/mb-vila80-150x150.jpg 150w, https:\/\/www.wanda-collection.com\/blog\/wp-content\/uploads\/2026\/08\/mb-vila80-768x768.jpg 768w\" sizes=\"(max-width: 1028px) 100vw, 1028px\" \/>\t\t\t\t\t\t\t\t\t\t\t\t<\/a>\n\t\t\t\t\t\t\t\t\t\t\t\t\t\t\t\t\t<figcaption class=\"widget-image-caption wp-caption-text\">Meuble Vila 80 cm, \u00e0 partir de 5 m\u00b2<\/figcaption>\n\t\t\t\t\t\t\t\t\t\t\t\t\t\t\t\t<\/figure>\n\t\t\t\t\t\t\t\t\t\t\t\t\t\t<\/div>\n\t\t\t\t\t\t\t\t<\/div>\n\t\t\t\t<\/div>\n\t\t\t\t\t<\/div>\n\t\t<\/div>\n\t\t\t\t\t<\/div>\n\t\t<\/section>\n\t\t\t\t<section class=\"elementor-section elementor-top-section elementor-element elementor-element-fd97f3b elementor-section-boxed elementor-section-height-default elementor-section-height-default\" data-id=\"fd97f3b\" data-element_type=\"section\">\n\t\t\t\t\t\t<div class=\"elementor-container elementor-column-gap-default\">\n\t\t\t\t\t<div class=\"elementor-column elementor-col-40 elementor-top-column elementor-element elementor-element-ee8103a\" data-id=\"ee8103a\" data-element_type=\"column\">\n\t\t\t<div class=\"elementor-widget-wrap elementor-element-populated\">\n\t\t\t\t\t\t<div class=\"vamtam-has-theme-widget-styles elementor-element elementor-element-90b0559 elementor-widget elementor-widget-image\" data-id=\"90b0559\" data-element_type=\"widget\" data-widget_type=\"image.default\">\n\t\t\t\t<div class=\"elementor-widget-container\">\n\t\t\t\t\t\t\t\t\t<div class=\"elementor-image\">\n\t\t\t\t\t\t\t\t\t\t\t\t\t\t\t\t<figure class=\"wp-caption\">\n\t\t\t\t\t\t\t\t\t\t\t\t\t\t\t\t\t<a href=\"https:\/\/www.wanda-collection.com\/art-meuble-de-salle-de-bain-suspendu-double-vasque-en-teck-mya-145-cm-4378.htm\">\n\t\t\t\t\t\t\t\t\t\t\t<img loading=\"lazy\" decoding=\"async\" width=\"1028\" height=\"1028\" src=\"https:\/\/www.wanda-collection.com\/blog\/wp-content\/uploads\/2026\/09\/dv-mya145.jpg\" class=\"attachment-full size-full wp-image-992904\" alt=\"Meuble double vasque suspendu de 145 cm, \u00e0 partir de 6 m2\" srcset=\"https:\/\/www.wanda-collection.com\/blog\/wp-content\/uploads\/2026\/09\/dv-mya145.jpg 1028w, https:\/\/www.wanda-collection.com\/blog\/wp-content\/uploads\/2026\/09\/dv-mya145-300x300.jpg 300w, https:\/\/www.wanda-collection.com\/blog\/wp-content\/uploads\/2026\/09\/dv-mya145-1024x1024.jpg 1024w, https:\/\/www.wanda-collection.com\/blog\/wp-content\/uploads\/2026\/09\/dv-mya145-150x150.jpg 150w, https:\/\/www.wanda-collection.com\/blog\/wp-content\/uploads\/2026\/09\/dv-mya145-768x768.jpg 768w\" sizes=\"(max-width: 1028px) 100vw, 1028px\" \/>\t\t\t\t\t\t\t\t\t\t\t\t<\/a>\n\t\t\t\t\t\t\t\t\t\t\t\t\t\t\t\t\t<figcaption class=\"widget-image-caption wp-caption-text\">Meuble double Mya 145 cm, \u00e0 partir de 6 m\u00b2<\/figcaption>\n\t\t\t\t\t\t\t\t\t\t\t\t\t\t\t\t<\/figure>\n\t\t\t\t\t\t\t\t\t\t\t\t\t\t<\/div>\n\t\t\t\t\t\t\t\t<\/div>\n\t\t\t\t<\/div>\n\t\t\t\t\t<\/div>\n\t\t<\/div>\n\t\t\t\t<div class=\"elementor-column elementor-col-60 elementor-top-column elementor-element elementor-element-1b920a2\" data-id=\"1b920a2\" data-element_type=\"column\">\n\t\t\t<div class=\"elementor-widget-wrap elementor-element-populated\">\n\t\t\t\t\t\t<div class=\"elementor-element elementor-element-39894ff elementor-widget elementor-widget-text-editor\" data-id=\"39894ff\" data-element_type=\"widget\" data-widget_type=\"text-editor.default\">\n\t\t\t\t<div class=\"elementor-widget-container\">\n\t\t\t\t\t\t\t\t\t<h3>6 m\u00b2 : le seuil de la double vasque<\/h3><p>\u00c0 6 m\u00b2, la question de la double vasque se pose enfin s\u00e9rieusement. Elle demande <strong>140 cm de meuble au minimum<\/strong> pour \u00eatre utilisable \u00e0 deux, en comptant 70 cm de largeur utile par personne.<\/p><p>Attention toutefois : 6 m\u00b2 permet la double vasque, il ne l&rsquo;impose pas. Sur un mur de 140 cm, un meuble simple de 120 cm avec une vasque d\u00e9centr\u00e9e lib\u00e8re 50 \u00e0 60 cm de plan continu, ce qui rend souvent davantage service qu&rsquo;un second bassin. Le calcul complet figure dans notre <a href=\"https:\/\/www.wanda-collection.com\/blog\/choisir-un-meuble-double-vasque-pour-sa-salle-de-bain\/\">guide du meuble double vasque<\/a>.<\/p><p>\u00c0 cette surface, on peut aussi commencer \u00e0 composer : baignoire et douche s\u00e9par\u00e9es deviennent possibles si la pi\u00e8ce est bien proportionn\u00e9e.<\/p>\t\t\t\t\t\t\t\t<\/div>\n\t\t\t\t<\/div>\n\t\t\t\t<div class=\"vamtam-has-theme-widget-styles elementor-element elementor-element-24525bb elementor-align-center elementor-widget elementor-widget-button\" data-id=\"24525bb\" data-element_type=\"widget\" data-widget_type=\"button.default\">\n\t\t\t\t<div class=\"elementor-widget-container\">\n\t\t\t\t\t\t\t\t\t<div class=\"elementor-button-wrapper\">\n\t\t\t\t\t<a class=\"elementor-button elementor-button-link elementor-size-sm\" href=\"https:\/\/www.wanda-collection.com\/art-meuble-de-salle-de-bain-suspendu-double-vasque-en-teck-mya-145-cm-4378.htm\">\n\t\t\t\t\t\t<span class=\"elementor-button-content-wrapper\">\n\t\t\t\t\t\t\t\t\t<span class=\"elementor-button-text\">Voir le meuble double Mya 145 cm<\/span>\n\t\t\t\t\t<\/span>\n\t\t\t\t\t<\/a>\n\t\t\t\t<\/div>\n\t\t\t\t\t\t\t\t<\/div>\n\t\t\t\t<\/div>\n\t\t\t\t\t<\/div>\n\t\t<\/div>\n\t\t\t\t\t<\/div>\n\t\t<\/section>\n\t\t\t\t<section class=\"elementor-section elementor-top-section elementor-element elementor-element-c3775de elementor-section-boxed elementor-section-height-default elementor-section-height-default\" data-id=\"c3775de\" data-element_type=\"section\">\n\t\t\t\t\t\t<div class=\"elementor-container elementor-column-gap-default\">\n\t\t\t\t\t<div class=\"elementor-column elementor-col-60 elementor-top-column elementor-element elementor-element-7d78453\" data-id=\"7d78453\" data-element_type=\"column\">\n\t\t\t<div class=\"elementor-widget-wrap elementor-element-populated\">\n\t\t\t\t\t\t<div class=\"elementor-element elementor-element-13c9729 elementor-widget elementor-widget-text-editor\" data-id=\"13c9729\" data-element_type=\"widget\" data-widget_type=\"text-editor.default\">\n\t\t\t\t<div class=\"elementor-widget-container\">\n\t\t\t\t\t\t\t\t\t<h2>La forme compte autant que la surface<\/h2><p>Deux pi\u00e8ces de 4 m\u00b2 ne s&rsquo;am\u00e9nagent pas de la m\u00eame fa\u00e7on selon leurs proportions, et c&rsquo;est le point que les guides par surface oublient.<\/p><p><strong>Une pi\u00e8ce carr\u00e9e de 2 m sur 2<\/strong> permet de r\u00e9partir les \u00e9l\u00e9ments sur deux ou trois murs, avec une circulation centrale. C&rsquo;est la configuration la plus souple.<\/p><p><strong>Une pi\u00e8ce de 1,30 m sur 3 m<\/strong>, \u00e0 surface identique, impose de tout aligner sur un seul mur : le couloir central ne fait plus que 80 cm une fois le meuble install\u00e9. C&rsquo;est un cas particulier qui a son propre guide, la <a href=\"https:\/\/www.wanda-collection.com\/blog\/salle-de-bain-en-longueur\/\">salle de bain en longueur<\/a>.<\/p><p>Avant de raisonner en m\u00e8tres carr\u00e9s, mesurez donc la largeur du mur le plus court. C&rsquo;est elle qui d\u00e9cide, pas la surface.<\/p>\t\t\t\t\t\t\t\t<\/div>\n\t\t\t\t<\/div>\n\t\t\t\t\t<\/div>\n\t\t<\/div>\n\t\t\t\t<div class=\"elementor-column elementor-col-40 elementor-top-column elementor-element elementor-element-2aad56c\" data-id=\"2aad56c\" data-element_type=\"column\">\n\t\t\t<div class=\"elementor-widget-wrap elementor-element-populated\">\n\t\t\t\t\t\t<div class=\"vamtam-has-theme-widget-styles elementor-element elementor-element-163a73b elementor-widget elementor-widget-image\" data-id=\"163a73b\" data-element_type=\"widget\" data-widget_type=\"image.default\">\n\t\t\t\t<div class=\"elementor-widget-container\">\n\t\t\t\t\t\t\t\t\t<div class=\"elementor-image\">\n\t\t\t\t\t\t\t\t\t\t\t\t\t\t\t\t<figure class=\"wp-caption\">\n\t\t\t\t\t\t\t\t\t\t\t\t\t\t\t\t\t<a href=\"https:\/\/www.wanda-collection.com\/art-colonne-de-salle-de-bain-suspendue-elegance-teck-metal-110-cm-1369.htm\">\n\t\t\t\t\t\t\t\t\t\t\t<img loading=\"lazy\" decoding=\"async\" width=\"1028\" height=\"1028\" src=\"https:\/\/www.wanda-collection.com\/blog\/wp-content\/uploads\/2026\/08\/co-elegance110.jpg\" class=\"attachment-full size-full wp-image-992858\" alt=\"Colonne de salle de bain suspendue en teck et m\u00e9tal de 110 cm\" srcset=\"https:\/\/www.wanda-collection.com\/blog\/wp-content\/uploads\/2026\/08\/co-elegance110.jpg 1028w, https:\/\/www.wanda-collection.com\/blog\/wp-content\/uploads\/2026\/08\/co-elegance110-300x300.jpg 300w, https:\/\/www.wanda-collection.com\/blog\/wp-content\/uploads\/2026\/08\/co-elegance110-1024x1024.jpg 1024w, https:\/\/www.wanda-collection.com\/blog\/wp-content\/uploads\/2026\/08\/co-elegance110-150x150.jpg 150w, https:\/\/www.wanda-collection.com\/blog\/wp-content\/uploads\/2026\/08\/co-elegance110-768x768.jpg 768w\" sizes=\"(max-width: 1028px) 100vw, 1028px\" \/>\t\t\t\t\t\t\t\t\t\t\t\t<\/a>\n\t\t\t\t\t\t\t\t\t\t\t\t\t\t\t\t\t<figcaption class=\"widget-image-caption wp-caption-text\">Colonne \u00c9l\u00e9gance, 110 cm<\/figcaption>\n\t\t\t\t\t\t\t\t\t\t\t\t\t\t\t\t<\/figure>\n\t\t\t\t\t\t\t\t\t\t\t\t\t\t<\/div>\n\t\t\t\t\t\t\t\t<\/div>\n\t\t\t\t<\/div>\n\t\t\t\t\t<\/div>\n\t\t<\/div>\n\t\t\t\t\t<\/div>\n\t\t<\/section>\n\t\t\t\t<section class=\"elementor-section elementor-top-section elementor-element elementor-element-50cf702 elementor-section-boxed elementor-section-height-default elementor-section-height-default\" data-id=\"50cf702\" data-element_type=\"section\">\n\t\t\t\t\t\t<div class=\"elementor-container elementor-column-gap-default\">\n\t\t\t\t\t<div class=\"elementor-column elementor-col-100 elementor-top-column elementor-element elementor-element-138e713\" data-id=\"138e713\" data-element_type=\"column\">\n\t\t\t<div class=\"elementor-widget-wrap elementor-element-populated\">\n\t\t\t\t\t\t<div class=\"elementor-element elementor-element-7c7683f elementor-widget elementor-widget-text-editor\" data-id=\"7c7683f\" data-element_type=\"widget\" data-widget_type=\"text-editor.default\">\n\t\t\t\t<div class=\"elementor-widget-container\">\n\t\t\t\t\t\t\t\t\t<h2>Les cinq erreurs les plus fr\u00e9quentes<\/h2><p><strong>Raisonner en surface plut\u00f4t qu&rsquo;en largeur de mur.<\/strong> Deux pi\u00e8ces de 4 m\u00b2 aux proportions diff\u00e9rentes n&rsquo;autorisent pas le m\u00eame mobilier.<\/p><p><strong>Vouloir la baignoire sous 5 m\u00b2.<\/strong> Elle bloque un mur entier de 170 cm et rend la circulation impraticable.<\/p><p><strong>Garder une porte qui ouvre vers l&rsquo;int\u00e9rieur.<\/strong> Dans 4 m\u00b2, c&rsquo;est pr\u00e8s d&rsquo;un cinqui\u00e8me de la surface consacr\u00e9 \u00e0 un d\u00e9battement.<\/p><p><strong>Croire que 6 m\u00b2 imposent la double vasque.<\/strong> Elle demande 140 cm de meuble, et en dessous une simple vasque large est un meilleur achat.<\/p><p><strong>Ajouter un meuble bas au lieu de monter.<\/strong> \u00c0 toutes ces surfaces, la colonne bat le second meuble bas sur le ratio rangement sur emprise.<\/p>\t\t\t\t\t\t\t\t<\/div>\n\t\t\t\t<\/div>\n\t\t\t\t\t<\/div>\n\t\t<\/div>\n\t\t\t\t\t<\/div>\n\t\t<\/section>\n\t\t\t\t<section class=\"elementor-section elementor-top-section elementor-element elementor-element-ede235d elementor-section-boxed elementor-section-height-default elementor-section-height-default\" data-id=\"ede235d\" data-element_type=\"section\">\n\t\t\t\t\t\t<div class=\"elementor-container elementor-column-gap-default\">\n\t\t\t\t\t<div class=\"elementor-column elementor-col-100 elementor-top-column elementor-element elementor-element-1d44307\" data-id=\"1d44307\" data-element_type=\"column\">\n\t\t\t<div class=\"elementor-widget-wrap elementor-element-populated\">\n\t\t\t\t\t\t<div class=\"elementor-element elementor-element-04080e5 elementor-widget elementor-widget-heading\" data-id=\"04080e5\" data-element_type=\"widget\" data-widget_type=\"heading.default\">\n\t\t\t\t<div class=\"elementor-widget-container\">\n\t\t\t\t\t<h2 class=\"elementor-heading-title elementor-size-default\">La s\u00e9lection Wanda Collection<\/h2>\t\t\t\t<\/div>\n\t\t\t\t<\/div>\n\t\t\t\t\t<\/div>\n\t\t<\/div>\n\t\t\t\t\t<\/div>\n\t\t<\/section>\n\t\t\t\t<section class=\"elementor-section elementor-top-section elementor-element elementor-element-3da3775 elementor-section-boxed elementor-section-height-default elementor-section-height-default\" data-id=\"3da3775\" data-element_type=\"section\">\n\t\t\t\t\t\t<div class=\"elementor-container elementor-column-gap-default\">\n\t\t\t\t\t<div class=\"elementor-column elementor-col-100 elementor-top-column elementor-element elementor-element-518372c\" data-id=\"518372c\" data-element_type=\"column\">\n\t\t\t<div class=\"elementor-widget-wrap elementor-element-populated\">\n\t\t\t\t\t\t<div class=\"elementor-element elementor-element-09d2565 elementor-widget elementor-widget-text-editor\" data-id=\"09d2565\" data-element_type=\"widget\" data-widget_type=\"text-editor.default\">\n\t\t\t\t<div class=\"elementor-widget-container\">\n\t\t\t\t\t\t\t\t\t<p>Voici les formats de la collection qui correspondent \u00e0 chaque surface.<\/p><ul><li><strong><a href=\"https:\/\/www.wanda-collection.com\/art-meuble-de-salle-de-bain-suspendu-en-teck-cosy-40cm-1380.htm\">Meuble suspendu en teck Cosy 40 cm<\/a><\/strong> : pour 3 m\u00b2, 40 de large et 30 de profondeur.<\/li><li><strong><a href=\"https:\/\/www.wanda-collection.com\/art-vasque-barcelone-en-marbre-a-poser-creme-30-cm-3009.htm\">Vasque Barcelone en marbre 30 cm<\/a><\/strong> : le diam\u00e8tre qui va avec un meuble de 40 \u00e0 50 cm.<\/li><li><strong><a href=\"https:\/\/www.wanda-collection.com\/art-meuble-sous-vasque-en-teck-aktual-60cm-56153.htm\">Meuble sous vasque en teck Aktual 60 cm<\/a><\/strong> : le format de la salle de bain de 4 m\u00b2.<\/li><li><strong><a href=\"https:\/\/www.wanda-collection.com\/art-vasque-salle-de-bain-en-marbre-ulysse-40-cm-creme-4620.htm\">Vasque Ulysse en marbre 40 cm<\/a><\/strong> : le bassin qui fait basculer vers l&rsquo;usage quotidien complet.<\/li><li><strong><a href=\"https:\/\/www.wanda-collection.com\/art-meuble-sous-vasque-en-teck-massif-vila-80cm-56156.htm\">Meuble sous vasque en teck massif Vila 80 cm<\/a><\/strong> : le passage au confort \u00e0 partir de 5 m\u00b2.<\/li><li><strong><a href=\"https:\/\/www.wanda-collection.com\/art-colonne-de-salle-de-bain-suspendue-elegance-teck-metal-110-cm-1369.htm\">Colonne suspendue \u00c9l\u00e9gance 110 cm<\/a><\/strong> : le rangement ferm\u00e9 qui ne prend pas de sol.<\/li><li><strong><a href=\"https:\/\/www.wanda-collection.com\/art-meuble-salle-de-bain-en-teck-et-ceramique-sira-solo-120-cm-55183.htm\">Meuble en teck et c\u00e9ramique Sira solo 120 cm<\/a><\/strong> : \u00e0 6 m\u00b2, l&rsquo;alternative \u00e0 la double vasque.<\/li><li><strong><a href=\"https:\/\/www.wanda-collection.com\/art-meuble-de-salle-de-bain-suspendu-double-vasque-en-teck-mya-145-cm-4378.htm\">Meuble suspendu double vasque en teck Mya 145 cm<\/a><\/strong> : la double vasque, \u00e0 partir de 6 m\u00b2 et 140 cm de mur.<\/li><\/ul>\t\t\t\t\t\t\t\t<\/div>\n\t\t\t\t<\/div>\n\t\t\t\t<div class=\"vamtam-has-theme-widget-styles elementor-element elementor-element-2157799 elementor-align-center elementor-widget elementor-widget-button\" data-id=\"2157799\" data-element_type=\"widget\" data-widget_type=\"button.default\">\n\t\t\t\t<div class=\"elementor-widget-container\">\n\t\t\t\t\t\t\t\t\t<div class=\"elementor-button-wrapper\">\n\t\t\t\t\t<a class=\"elementor-button elementor-button-link elementor-size-sm\" href=\"https:\/\/www.wanda-collection.com\/cat-salle-de-bain-6.htm\">\n\t\t\t\t\t\t<span class=\"elementor-button-content-wrapper\">\n\t\t\t\t\t\t\t\t\t<span class=\"elementor-button-text\">D\u00e9couvrir la collection salle de bain<\/span>\n\t\t\t\t\t<\/span>\n\t\t\t\t\t<\/a>\n\t\t\t\t<\/div>\n\t\t\t\t\t\t\t\t<\/div>\n\t\t\t\t<\/div>\n\t\t\t\t\t<\/div>\n\t\t<\/div>\n\t\t\t\t\t<\/div>\n\t\t<\/section>\n\t\t\t\t<section class=\"elementor-section elementor-top-section elementor-element elementor-element-ca3f61e elementor-section-boxed elementor-section-height-default elementor-section-height-default\" data-id=\"ca3f61e\" data-element_type=\"section\">\n\t\t\t\t\t\t<div class=\"elementor-container elementor-column-gap-default\">\n\t\t\t\t\t<div class=\"elementor-column elementor-col-100 elementor-top-column elementor-element elementor-element-1db7c26\" data-id=\"1db7c26\" data-element_type=\"column\">\n\t\t\t<div class=\"elementor-widget-wrap elementor-element-populated\">\n\t\t\t\t\t\t<div class=\"elementor-element elementor-element-eabd05b elementor-widget elementor-widget-text-editor\" data-id=\"eabd05b\" data-element_type=\"widget\" data-widget_type=\"text-editor.default\">\n\t\t\t\t<div class=\"elementor-widget-container\">\n\t\t\t\t\t\t\t\t\t<p>Retenez le seuil qui vous concerne, puis passez \u00e0 la largeur de meuble : c&rsquo;est elle qui traduit la surface en d\u00e9cision d&rsquo;achat. Notre <a href=\"https:\/\/www.wanda-collection.com\/blog\/largeur-meuble-salle-de-bain-60-80-120\/\">guide de la largeur du meuble<\/a> et celui de la <a href=\"https:\/\/www.wanda-collection.com\/blog\/hauteur-dimensions-meuble-salle-de-bain\/\">hauteur<\/a> donnent toutes les cotes.<\/p>\n<!-- wanda-maillage-2026-08 --><div style=\"background:#faf6ef; border-left:4px solid #d4a84b; padding:24px 28px; margin:32px 0; border-radius:0 8px 8px 0;\"><p style=\"color:#1a1a2e; font-size:1.15em; margin:0 0 14px; font-weight:600; letter-spacing:0.3px; text-transform:uppercase;\">\u00c0 lire aussi sur le blog Wanda<\/p><ul style=\"margin:0; padding:0 0 0 18px; line-height:1.9;\"><li><a href=\"https:\/\/www.wanda-collection.com\/blog\/comment-amenager-une-petite-salle-de-bain\/\" style=\"font-weight:700; text-decoration:underline; color:#1a1a2e;\"><strong>Petite salle de bain : les trois contraintes<\/strong><\/a><\/li><li><a href=\"https:\/\/www.wanda-collection.com\/blog\/9-elements-indispensables-pour-bien-ranger-sa-salle-de-bain-2\/\" style=\"font-weight:700; text-decoration:underline; color:#1a1a2e;\"><strong>Bien ranger sa salle de bain<\/strong><\/a><\/li><li><a href=\"https:\/\/www.wanda-collection.com\/blog\/comment-choisir-son-porte-serviettes-de-salle-de-bain\/\" style=\"font-weight:700; text-decoration:underline; color:#1a1a2e;\"><strong>Comment choisir son porte-serviettes<\/strong><\/a><\/li><\/ul><\/div>\t\t\t\t\t\t\t\t<\/div>\n\t\t\t\t<\/div>\n\t\t\t\t\t<\/div>\n\t\t<\/div>\n\t\t\t\t\t<\/div>\n\t\t<\/section>\n\t\t\t\t<section class=\"elementor-section elementor-top-section elementor-element elementor-element-a0a9fc7 elementor-section-boxed elementor-section-height-default elementor-section-height-default\" data-id=\"a0a9fc7\" data-element_type=\"section\">\n\t\t\t\t\t\t<div class=\"elementor-container elementor-column-gap-default\">\n\t\t\t\t\t<div class=\"elementor-column elementor-col-100 elementor-top-column elementor-element elementor-element-1c4cc11\" data-id=\"1c4cc11\" data-element_type=\"column\">\n\t\t\t<div class=\"elementor-widget-wrap elementor-element-populated\">\n\t\t\t\t\t\t<div class=\"elementor-element elementor-element-beba633 elementor-widget elementor-widget-heading\" data-id=\"beba633\" data-element_type=\"widget\" data-widget_type=\"heading.default\">\n\t\t\t\t<div class=\"elementor-widget-container\">\n\t\t\t\t\t<h2 class=\"elementor-heading-title elementor-size-default\">FAQ : salle de bain de 3 \u00e0 6 m\u00b2<\/h2>\t\t\t\t<\/div>\n\t\t\t\t<\/div>\n\t\t\t\t\t<\/div>\n\t\t<\/div>\n\t\t\t\t\t<\/div>\n\t\t<\/section>\n\t\t\t\t<section class=\"elementor-section elementor-top-section elementor-element elementor-element-e4c16e7 elementor-section-boxed elementor-section-height-default elementor-section-height-default\" data-id=\"e4c16e7\" data-element_type=\"section\">\n\t\t\t\t\t\t<div class=\"elementor-container elementor-column-gap-default\">\n\t\t\t\t\t<div class=\"elementor-column elementor-col-100 elementor-top-column elementor-element elementor-element-5396a99\" data-id=\"5396a99\" data-element_type=\"column\">\n\t\t\t<div class=\"elementor-widget-wrap elementor-element-populated\">\n\t\t\t\t\t\t<div class=\"elementor-element elementor-element-d78aa7e elementor-widget elementor-widget-accordion\" data-id=\"d78aa7e\" data-element_type=\"widget\" data-widget_type=\"accordion.default\">\n\t\t\t\t<div class=\"elementor-widget-container\">\n\t\t\t\t\t\t\t<div class=\"elementor-accordion\">\n\t\t\t\t\t\t\t<div class=\"elementor-accordion-item\">\n\t\t\t\t\t<div id=\"elementor-tab-title-2261\" class=\"elementor-tab-title\" data-tab=\"1\" role=\"button\" aria-controls=\"elementor-tab-content-2261\" aria-expanded=\"false\">\n\t\t\t\t\t\t\t\t\t\t\t\t\t<span class=\"elementor-accordion-icon elementor-accordion-icon-left\" aria-hidden=\"true\">\n\t\t\t\t\t\t\t\t\t\t\t\t\t\t\t<span class=\"elementor-accordion-icon-closed\"><i class=\"fas fa-plus\"><\/i><\/span>\n\t\t\t\t\t\t\t\t<span class=\"elementor-accordion-icon-opened\"><i class=\"fas fa-minus\"><\/i><\/span>\n\t\t\t\t\t\t\t\t\t\t\t\t\t\t<\/span>\n\t\t\t\t\t\t\t\t\t\t\t\t<a class=\"elementor-accordion-title\" tabindex=\"0\">Peut-on mettre une baignoire dans une salle de bain de 4 m\u00b2 ?<\/a>\n\t\t\t\t\t<\/div>\n\t\t\t\t\t<div id=\"elementor-tab-content-2261\" class=\"elementor-tab-content elementor-clearfix\" data-tab=\"1\" role=\"region\" aria-labelledby=\"elementor-tab-title-2261\"><p>C&rsquo;est tr\u00e8s difficile. Une baignoire de 170 cm bloque un mur entier, et il ne reste plus la circulation n\u00e9cessaire une fois le meuble install\u00e9. \u00c0 4 m\u00b2, une douche de 80 sur 80 cm laisse le reste de la pi\u00e8ce respirer. La baignoire redevient discutable \u00e0 partir de 5 m\u00b2, \u00e0 condition de renoncer au rangement ferm\u00e9.<\/p><\/div>\n\t\t\t\t<\/div>\n\t\t\t\t\t\t\t<div class=\"elementor-accordion-item\">\n\t\t\t\t\t<div id=\"elementor-tab-title-2262\" class=\"elementor-tab-title\" data-tab=\"2\" role=\"button\" aria-controls=\"elementor-tab-content-2262\" aria-expanded=\"false\">\n\t\t\t\t\t\t\t\t\t\t\t\t\t<span class=\"elementor-accordion-icon elementor-accordion-icon-left\" aria-hidden=\"true\">\n\t\t\t\t\t\t\t\t\t\t\t\t\t\t\t<span class=\"elementor-accordion-icon-closed\"><i class=\"fas fa-plus\"><\/i><\/span>\n\t\t\t\t\t\t\t\t<span class=\"elementor-accordion-icon-opened\"><i class=\"fas fa-minus\"><\/i><\/span>\n\t\t\t\t\t\t\t\t\t\t\t\t\t\t<\/span>\n\t\t\t\t\t\t\t\t\t\t\t\t<a class=\"elementor-accordion-title\" tabindex=\"0\">Quelle largeur de meuble pour une salle de bain de 4 m\u00b2 ?<\/a>\n\t\t\t\t\t<\/div>\n\t\t\t\t\t<div id=\"elementor-tab-content-2262\" class=\"elementor-tab-content elementor-clearfix\" data-tab=\"2\" role=\"region\" aria-labelledby=\"elementor-tab-title-2262\"><p>60 cm, avec une vasque de 40 cm. C&rsquo;est le seuil o\u00f9 le point d&rsquo;eau bascule du lave-mains vers l&rsquo;usage quotidien complet. En dessous de 4 m\u00b2, descendez \u00e0 40 ou 50 cm de meuble et 30 cm de vasque. \u00c0 partir de 5 m\u00b2, 80 cm deviennent possibles et apportent un plan de d\u00e9pose de chaque c\u00f4t\u00e9 du bassin.<\/p><\/div>\n\t\t\t\t<\/div>\n\t\t\t\t\t\t\t<div class=\"elementor-accordion-item\">\n\t\t\t\t\t<div id=\"elementor-tab-title-2263\" class=\"elementor-tab-title\" data-tab=\"3\" role=\"button\" aria-controls=\"elementor-tab-content-2263\" aria-expanded=\"false\">\n\t\t\t\t\t\t\t\t\t\t\t\t\t<span class=\"elementor-accordion-icon elementor-accordion-icon-left\" aria-hidden=\"true\">\n\t\t\t\t\t\t\t\t\t\t\t\t\t\t\t<span class=\"elementor-accordion-icon-closed\"><i class=\"fas fa-plus\"><\/i><\/span>\n\t\t\t\t\t\t\t\t<span class=\"elementor-accordion-icon-opened\"><i class=\"fas fa-minus\"><\/i><\/span>\n\t\t\t\t\t\t\t\t\t\t\t\t\t\t<\/span>\n\t\t\t\t\t\t\t\t\t\t\t\t<a class=\"elementor-accordion-title\" tabindex=\"0\">\u00c0 partir de quelle surface peut-on installer une double vasque ?<\/a>\n\t\t\t\t\t<\/div>\n\t\t\t\t\t<div id=\"elementor-tab-content-2263\" class=\"elementor-tab-content elementor-clearfix\" data-tab=\"3\" role=\"region\" aria-labelledby=\"elementor-tab-title-2263\"><p>6 m\u00b2, et encore faut-il disposer de 140 cm de mur continu : une double vasque demande 70 cm de largeur utile par personne pour \u00eatre utilisable \u00e0 deux. En dessous, un meuble simple de 120 cm avec une vasque d\u00e9centr\u00e9e, qui lib\u00e8re 50 \u00e0 60 cm de plan continu, rend davantage service.<\/p><\/div>\n\t\t\t\t<\/div>\n\t\t\t\t\t\t\t<div class=\"elementor-accordion-item\">\n\t\t\t\t\t<div id=\"elementor-tab-title-2264\" class=\"elementor-tab-title\" data-tab=\"4\" role=\"button\" aria-controls=\"elementor-tab-content-2264\" aria-expanded=\"false\">\n\t\t\t\t\t\t\t\t\t\t\t\t\t<span class=\"elementor-accordion-icon elementor-accordion-icon-left\" aria-hidden=\"true\">\n\t\t\t\t\t\t\t\t\t\t\t\t\t\t\t<span class=\"elementor-accordion-icon-closed\"><i class=\"fas fa-plus\"><\/i><\/span>\n\t\t\t\t\t\t\t\t<span class=\"elementor-accordion-icon-opened\"><i class=\"fas fa-minus\"><\/i><\/span>\n\t\t\t\t\t\t\t\t\t\t\t\t\t\t<\/span>\n\t\t\t\t\t\t\t\t\t\t\t\t<a class=\"elementor-accordion-title\" tabindex=\"0\">Comment am\u00e9nager une salle de bain de 3 m\u00b2 ?<\/a>\n\t\t\t\t\t<\/div>\n\t\t\t\t\t<div id=\"elementor-tab-content-2264\" class=\"elementor-tab-content elementor-clearfix\" data-tab=\"4\" role=\"region\" aria-labelledby=\"elementor-tab-title-2264\"><p>Douche de 80 sur 80 cm dans un angle, meuble suspendu de 40 \u00e0 50 cm avec une vasque de 30 cm, et tout le rangement au mur en colonne \u00e9troite ou en \u00e9tag\u00e8res. Choisissez un meuble de profondeur r\u00e9duite, autour de 30 cm au lieu des 47 standard : les 17 cm gagn\u00e9s sur le passage sont d\u00e9cisifs \u00e0 cette surface.<\/p><\/div>\n\t\t\t\t<\/div>\n\t\t\t\t\t\t\t<div class=\"elementor-accordion-item\">\n\t\t\t\t\t<div id=\"elementor-tab-title-2265\" class=\"elementor-tab-title\" data-tab=\"5\" role=\"button\" aria-controls=\"elementor-tab-content-2265\" aria-expanded=\"false\">\n\t\t\t\t\t\t\t\t\t\t\t\t\t<span class=\"elementor-accordion-icon elementor-accordion-icon-left\" aria-hidden=\"true\">\n\t\t\t\t\t\t\t\t\t\t\t\t\t\t\t<span class=\"elementor-accordion-icon-closed\"><i class=\"fas fa-plus\"><\/i><\/span>\n\t\t\t\t\t\t\t\t<span class=\"elementor-accordion-icon-opened\"><i class=\"fas fa-minus\"><\/i><\/span>\n\t\t\t\t\t\t\t\t\t\t\t\t\t\t<\/span>\n\t\t\t\t\t\t\t\t\t\t\t\t<a class=\"elementor-accordion-title\" tabindex=\"0\">La surface suffit-elle \u00e0 d\u00e9cider de l'am\u00e9nagement ?<\/a>\n\t\t\t\t\t<\/div>\n\t\t\t\t\t<div id=\"elementor-tab-content-2265\" class=\"elementor-tab-content elementor-clearfix\" data-tab=\"5\" role=\"region\" aria-labelledby=\"elementor-tab-title-2265\"><p>Non, la forme compte autant. Une pi\u00e8ce carr\u00e9e de 2 m sur 2 permet de r\u00e9partir les \u00e9l\u00e9ments sur plusieurs murs avec une circulation centrale. Une pi\u00e8ce de 1,30 m sur 3 m, \u00e0 surface identique, impose de tout aligner sur un seul mur. Mesurez la largeur du mur le plus court avant de raisonner en m\u00e8tres carr\u00e9s.<\/p><\/div>\n\t\t\t\t<\/div>\n\t\t\t\t\t\t\t<div class=\"elementor-accordion-item\">\n\t\t\t\t\t<div id=\"elementor-tab-title-2266\" class=\"elementor-tab-title\" data-tab=\"6\" role=\"button\" aria-controls=\"elementor-tab-content-2266\" aria-expanded=\"false\">\n\t\t\t\t\t\t\t\t\t\t\t\t\t<span class=\"elementor-accordion-icon elementor-accordion-icon-left\" aria-hidden=\"true\">\n\t\t\t\t\t\t\t\t\t\t\t\t\t\t\t<span class=\"elementor-accordion-icon-closed\"><i class=\"fas fa-plus\"><\/i><\/span>\n\t\t\t\t\t\t\t\t<span class=\"elementor-accordion-icon-opened\"><i class=\"fas fa-minus\"><\/i><\/span>\n\t\t\t\t\t\t\t\t\t\t\t\t\t\t<\/span>\n\t\t\t\t\t\t\t\t\t\t\t\t<a class=\"elementor-accordion-title\" tabindex=\"0\">Faut-il un meuble suspendu dans une petite salle de bain ?<\/a>\n\t\t\t\t\t<\/div>\n\t\t\t\t\t<div id=\"elementor-tab-content-2266\" class=\"elementor-tab-content elementor-clearfix\" data-tab=\"6\" role=\"region\" aria-labelledby=\"elementor-tab-title-2266\"><p>C&rsquo;est fortement recommand\u00e9 jusqu&rsquo;\u00e0 5 m\u00b2. Voir le carrelage se prolonger sous le meuble agrandit visiblement la pi\u00e8ce, la surface lib\u00e9r\u00e9e en dessous accueille un panier, et le nettoyage se fait d&rsquo;un seul passage. Le suspendu permet aussi d&rsquo;ajuster la hauteur \u00e0 la taille des utilisateurs, ce qu&rsquo;un meuble pos\u00e9 ne permet pas.<\/p><\/div>\n\t\t\t\t<\/div>\n\t\t\t\t\t\t\t\t<\/div>\n\t\t\t\t\t\t<\/div>\n\t\t\t\t<\/div>\n\t\t\t\t<div class=\"elementor-element elementor-element-cd26203 elementor-widget elementor-widget-html\" data-id=\"cd26203\" data-element_type=\"widget\" data-widget_type=\"html.default\">\n\t\t\t\t<div class=\"elementor-widget-container\">\n\t\t\t\t\t<script type=\"application\/ld+json\">{\"@context\": \"https:\/\/schema.org\", \"@type\": \"Article\", \"headline\": \"Salle de bain de 3, 4, 5 ou 6 m\u00b2 : ce qui change \u00e0 chaque m\u00e8tre carr\u00e9\", \"description\": \"Am\u00e9nager une salle de bain de 3 \u00e0 6 m\u00b2 : ce que chaque surface autorise, la largeur de meuble qui passe, et le seuil \u00e0 partir duquel la double vasque devient possible.\", \"author\": {\"@type\": \"Organization\", \"name\": \"Wanda Collection\"}, \"publisher\": {\"@type\": \"Organization\", \"name\": \"Wanda Collection\", \"logo\": {\"@type\": \"ImageObject\", \"url\": \"https:\/\/www.wanda-collection.com\/img\/logo.png\"}}, \"mainEntityOfPage\": \"https:\/\/www.wanda-collection.com\/blog\/amenager-salle-de-bain-3-4-5-6-m2\/\", \"image\": \"https:\/\/www.wanda-collection.com\/blog\/wp-content\/uploads\/2026\/08\/mb-aktual60.jpg\"}<\/script>\n<script type=\"application\/ld+json\">{\"@context\": \"https:\/\/schema.org\", \"@type\": \"FAQPage\", \"mainEntity\": [{\"@type\": \"Question\", \"name\": \"Peut-on mettre une baignoire dans une salle de bain de 4 m\u00b2 ?\", \"acceptedAnswer\": {\"@type\": \"Answer\", \"text\": \"C'est tr\u00e8s difficile. Une baignoire de 170 cm bloque un mur entier, et il ne reste plus la circulation n\u00e9cessaire une fois le meuble install\u00e9. \u00c0 4 m\u00b2, une douche de 80 sur 80 cm laisse le reste de la pi\u00e8ce respirer. La baignoire redevient discutable \u00e0 partir de 5 m\u00b2, \u00e0 condition de renoncer au rangement ferm\u00e9.\"}}, {\"@type\": \"Question\", \"name\": \"Quelle largeur de meuble pour une salle de bain de 4 m\u00b2 ?\", \"acceptedAnswer\": {\"@type\": \"Answer\", \"text\": \"60 cm, avec une vasque de 40 cm. C'est le seuil o\u00f9 le point d'eau bascule du lave-mains vers l'usage quotidien complet. En dessous de 4 m\u00b2, descendez \u00e0 40 ou 50 cm de meuble et 30 cm de vasque. \u00c0 partir de 5 m\u00b2, 80 cm deviennent possibles et apportent un plan de d\u00e9pose de chaque c\u00f4t\u00e9 du bassin.\"}}, {\"@type\": \"Question\", \"name\": \"\u00c0 partir de quelle surface peut-on installer une double vasque ?\", \"acceptedAnswer\": {\"@type\": \"Answer\", \"text\": \"6 m\u00b2, et encore faut-il disposer de 140 cm de mur continu : une double vasque demande 70 cm de largeur utile par personne pour \u00eatre utilisable \u00e0 deux. En dessous, un meuble simple de 120 cm avec une vasque d\u00e9centr\u00e9e, qui lib\u00e8re 50 \u00e0 60 cm de plan continu, rend davantage service.\"}}, {\"@type\": \"Question\", \"name\": \"Comment am\u00e9nager une salle de bain de 3 m\u00b2 ?\", \"acceptedAnswer\": {\"@type\": \"Answer\", \"text\": \"Douche de 80 sur 80 cm dans un angle, meuble suspendu de 40 \u00e0 50 cm avec une vasque de 30 cm, et tout le rangement au mur en colonne \u00e9troite ou en \u00e9tag\u00e8res. Choisissez un meuble de profondeur r\u00e9duite, autour de 30 cm au lieu des 47 standard : les 17 cm gagn\u00e9s sur le passage sont d\u00e9cisifs \u00e0 cette surface.\"}}, {\"@type\": \"Question\", \"name\": \"La surface suffit-elle \u00e0 d\u00e9cider de l'am\u00e9nagement ?\", \"acceptedAnswer\": {\"@type\": \"Answer\", \"text\": \"Non, la forme compte autant. Une pi\u00e8ce carr\u00e9e de 2 m sur 2 permet de r\u00e9partir les \u00e9l\u00e9ments sur plusieurs murs avec une circulation centrale. Une pi\u00e8ce de 1,30 m sur 3 m, \u00e0 surface identique, impose de tout aligner sur un seul mur. Mesurez la largeur du mur le plus court avant de raisonner en m\u00e8tres carr\u00e9s.\"}}, {\"@type\": \"Question\", \"name\": \"Faut-il un meuble suspendu dans une petite salle de bain ?\", \"acceptedAnswer\": {\"@type\": \"Answer\", \"text\": \"C'est fortement recommand\u00e9 jusqu'\u00e0 5 m\u00b2. Voir le carrelage se prolonger sous le meuble agrandit visiblement la pi\u00e8ce, la surface lib\u00e9r\u00e9e en dessous accueille un panier, et le nettoyage se fait d'un seul passage. Le suspendu permet aussi d'ajuster la hauteur \u00e0 la taille des utilisateurs, ce qu'un meuble pos\u00e9 ne permet pas.\"}}]}<\/script>\t\t\t\t<\/div>\n\t\t\t\t<\/div>\n\t\t\t\t\t<\/div>\n\t\t<\/div>\n\t\t\t\t\t<\/div>\n\t\t<\/section>\n\t\t\t\t<\/div>\n\t\t","protected":false},"excerpt":{"rendered":"<p>Am\u00e9nager une salle de bain de 3 \u00e0 6 m\u00b2 : ce que chaque surface autorise, la largeur de meuble qui passe, et le seuil \u00e0 partir duquel la double vasque devient possible.<\/p>\n","protected":false},"author":6,"featured_media":992841,"comment_status":"closed","ping_status":"open","sticky":false,"template":"","format":"standard","meta":{"footnotes":""},"categories":[104,102,16],"tags":[114],"class_list":["post-992909","post","type-post","status-publish","format-standard","has-post-thumbnail","hentry","category-amenagement","category-meubles-de-salle-de-bain","category-salle-de-bain","tag-guide-dachat"],"yoast_head":"<!-- This site is optimized with the Yoast SEO plugin v25.5 - https:\/\/yoast.com\/wordpress\/plugins\/seo\/ -->\n<title>Salle de bain de 3, 4, 5 ou 6 m\u00b2 : ce qui change \u00e0 chaque m\u00e8tre carr\u00e9<\/title>\n<meta name=\"description\" content=\"Am\u00e9nager une salle de bain de 3 \u00e0 6 m\u00b2 : ce que chaque surface autorise, la largeur de meuble qui passe, et le seuil \u00e0 partir duquel la double vasque devient possible.\" \/>\n<meta name=\"robots\" content=\"index, follow, max-snippet:-1, max-image-preview:large, max-video-preview:-1\" \/>\n<link rel=\"canonical\" href=\"https:\/\/www.wanda-collection.com\/blog\/amenager-salle-de-bain-3-4-5-6-m2\/\" \/>\n<meta property=\"og:locale\" content=\"fr_FR\" \/>\n<meta property=\"og:type\" content=\"article\" \/>\n<meta property=\"og:title\" content=\"Salle de bain de 3, 4, 5 ou 6 m\u00b2 : ce qui change \u00e0 chaque m\u00e8tre carr\u00e9\" \/>\n<meta property=\"og:description\" content=\"Am\u00e9nager une salle de bain de 3 \u00e0 6 m\u00b2 : ce que chaque surface autorise, la largeur de meuble qui passe, et le seuil \u00e0 partir duquel la double vasque devient possible.\" \/>\n<meta property=\"og:url\" content=\"https:\/\/www.wanda-collection.com\/blog\/amenager-salle-de-bain-3-4-5-6-m2\/\" \/>\n<meta property=\"og:site_name\" content=\"Wanda collection Le blog\" \/>\n<meta property=\"article:publisher\" content=\"https:\/\/www.facebook.com\/WandaCollection.fr\/\" \/>\n<meta property=\"article:published_time\" content=\"2026-09-01T07:59:57+00:00\" \/>\n<meta property=\"article:modified_time\" content=\"2026-09-01T08:01:03+00:00\" \/>\n<meta property=\"og:image\" content=\"https:\/\/www.wanda-collection.com\/blog\/wp-content\/uploads\/2026\/08\/mb-aktual60.jpg\" \/>\n\t<meta property=\"og:image:width\" content=\"1028\" \/>\n\t<meta property=\"og:image:height\" content=\"1028\" \/>\n\t<meta property=\"og:image:type\" content=\"image\/jpeg\" \/>\n<meta name=\"author\" content=\"Damien Girardeau\" \/>\n<meta name=\"twitter:card\" content=\"summary_large_image\" \/>\n<meta name=\"twitter:label1\" content=\"\u00c9crit par\" \/>\n\t<meta name=\"twitter:data1\" content=\"Damien Girardeau\" \/>\n\t<meta name=\"twitter:label2\" content=\"Dur\u00e9e de lecture estim\u00e9e\" \/>\n\t<meta name=\"twitter:data2\" content=\"8 minutes\" \/>\n<script type=\"application\/ld+json\" class=\"yoast-schema-graph\">{\"@context\":\"https:\/\/schema.org\",\"@graph\":[{\"@type\":\"Article\",\"@id\":\"https:\/\/www.wanda-collection.com\/blog\/amenager-salle-de-bain-3-4-5-6-m2\/#article\",\"isPartOf\":{\"@id\":\"https:\/\/www.wanda-collection.com\/blog\/amenager-salle-de-bain-3-4-5-6-m2\/\"},\"author\":{\"name\":\"Damien Girardeau\",\"@id\":\"https:\/\/www.wanda-collection.com\/blog\/#\/schema\/person\/85c8dec31d24bad26b45a2319924d2e6\"},\"headline\":\"Salle de bain de 3, 4, 5 ou 6 m\u00b2 : ce qui change \u00e0 chaque m\u00e8tre carr\u00e9\",\"datePublished\":\"2026-09-01T07:59:57+00:00\",\"dateModified\":\"2026-09-01T08:01:03+00:00\",\"mainEntityOfPage\":{\"@id\":\"https:\/\/www.wanda-collection.com\/blog\/amenager-salle-de-bain-3-4-5-6-m2\/\"},\"wordCount\":1600,\"publisher\":{\"@id\":\"https:\/\/www.wanda-collection.com\/blog\/#organization\"},\"image\":{\"@id\":\"https:\/\/www.wanda-collection.com\/blog\/amenager-salle-de-bain-3-4-5-6-m2\/#primaryimage\"},\"thumbnailUrl\":\"https:\/\/www.wanda-collection.com\/blog\/wp-content\/uploads\/2026\/08\/mb-aktual60.jpg\",\"keywords\":[\"Guide d'achat\"],\"articleSection\":[\"Am\u00e9nagement\",\"Meubles de salle de bain\",\"Salle de bain\"],\"inLanguage\":\"fr-FR\"},{\"@type\":\"WebPage\",\"@id\":\"https:\/\/www.wanda-collection.com\/blog\/amenager-salle-de-bain-3-4-5-6-m2\/\",\"url\":\"https:\/\/www.wanda-collection.com\/blog\/amenager-salle-de-bain-3-4-5-6-m2\/\",\"name\":\"Salle de bain de 3, 4, 5 ou 6 m\u00b2 : ce qui change \u00e0 chaque m\u00e8tre carr\u00e9\",\"isPartOf\":{\"@id\":\"https:\/\/www.wanda-collection.com\/blog\/#website\"},\"primaryImageOfPage\":{\"@id\":\"https:\/\/www.wanda-collection.com\/blog\/amenager-salle-de-bain-3-4-5-6-m2\/#primaryimage\"},\"image\":{\"@id\":\"https:\/\/www.wanda-collection.com\/blog\/amenager-salle-de-bain-3-4-5-6-m2\/#primaryimage\"},\"thumbnailUrl\":\"https:\/\/www.wanda-collection.com\/blog\/wp-content\/uploads\/2026\/08\/mb-aktual60.jpg\",\"datePublished\":\"2026-09-01T07:59:57+00:00\",\"dateModified\":\"2026-09-01T08:01:03+00:00\",\"description\":\"Am\u00e9nager une salle de bain de 3 \u00e0 6 m\u00b2 : ce que chaque surface autorise, la largeur de meuble qui passe, et le seuil \u00e0 partir duquel la double vasque devient possible.\",\"breadcrumb\":{\"@id\":\"https:\/\/www.wanda-collection.com\/blog\/amenager-salle-de-bain-3-4-5-6-m2\/#breadcrumb\"},\"inLanguage\":\"fr-FR\",\"potentialAction\":[{\"@type\":\"ReadAction\",\"target\":[\"https:\/\/www.wanda-collection.com\/blog\/amenager-salle-de-bain-3-4-5-6-m2\/\"]}]},{\"@type\":\"ImageObject\",\"inLanguage\":\"fr-FR\",\"@id\":\"https:\/\/www.wanda-collection.com\/blog\/amenager-salle-de-bain-3-4-5-6-m2\/#primaryimage\",\"url\":\"https:\/\/www.wanda-collection.com\/blog\/wp-content\/uploads\/2026\/08\/mb-aktual60.jpg\",\"contentUrl\":\"https:\/\/www.wanda-collection.com\/blog\/wp-content\/uploads\/2026\/08\/mb-aktual60.jpg\",\"width\":1028,\"height\":1028,\"caption\":\"Meuble sous vasque en teck Aktual, 60 cm\"},{\"@type\":\"BreadcrumbList\",\"@id\":\"https:\/\/www.wanda-collection.com\/blog\/amenager-salle-de-bain-3-4-5-6-m2\/#breadcrumb\",\"itemListElement\":[{\"@type\":\"ListItem\",\"position\":1,\"name\":\"Accueil\",\"item\":\"https:\/\/www.wanda-collection.com\/blog\/\"},{\"@type\":\"ListItem\",\"position\":2,\"name\":\"Salle de bain\",\"item\":\"https:\/\/www.wanda-collection.com\/blog\/category\/salle-de-bain\/\"},{\"@type\":\"ListItem\",\"position\":3,\"name\":\"Am\u00e9nagement\",\"item\":\"https:\/\/www.wanda-collection.com\/blog\/category\/salle-de-bain\/amenagement\/\"},{\"@type\":\"ListItem\",\"position\":4,\"name\":\"Salle de bain de 3, 4, 5 ou 6 m\u00b2 : ce qui change \u00e0 chaque m\u00e8tre carr\u00e9\"}]},{\"@type\":\"WebSite\",\"@id\":\"https:\/\/www.wanda-collection.com\/blog\/#website\",\"url\":\"https:\/\/www.wanda-collection.com\/blog\/\",\"name\":\"Wanda collection Le blog\",\"description\":\"\",\"publisher\":{\"@id\":\"https:\/\/www.wanda-collection.com\/blog\/#organization\"},\"potentialAction\":[{\"@type\":\"SearchAction\",\"target\":{\"@type\":\"EntryPoint\",\"urlTemplate\":\"https:\/\/www.wanda-collection.com\/blog\/?s={search_term_string}\"},\"query-input\":{\"@type\":\"PropertyValueSpecification\",\"valueRequired\":true,\"valueName\":\"search_term_string\"}}],\"inLanguage\":\"fr-FR\"},{\"@type\":\"Organization\",\"@id\":\"https:\/\/www.wanda-collection.com\/blog\/#organization\",\"name\":\"Wanda collection Le blog\",\"url\":\"https:\/\/www.wanda-collection.com\/blog\/\",\"logo\":{\"@type\":\"ImageObject\",\"inLanguage\":\"fr-FR\",\"@id\":\"https:\/\/www.wanda-collection.com\/blog\/#\/schema\/logo\/image\/\",\"url\":\"https:\/\/www.wanda-collection.com\/blog\/wp-content\/uploads\/2022\/09\/cropped-logo-Le-blog-5.png\",\"contentUrl\":\"https:\/\/www.wanda-collection.com\/blog\/wp-content\/uploads\/2022\/09\/cropped-logo-Le-blog-5.png\",\"width\":1141,\"height\":328,\"caption\":\"Wanda collection Le blog\"},\"image\":{\"@id\":\"https:\/\/www.wanda-collection.com\/blog\/#\/schema\/logo\/image\/\"},\"sameAs\":[\"https:\/\/www.facebook.com\/WandaCollection.fr\/\",\"https:\/\/www.pinterest.fr\/wandacollection\/\",\"https:\/\/www.instagram.com\/wanda.collection\/\"]},{\"@type\":\"Person\",\"@id\":\"https:\/\/www.wanda-collection.com\/blog\/#\/schema\/person\/85c8dec31d24bad26b45a2319924d2e6\",\"name\":\"Damien Girardeau\",\"image\":{\"@type\":\"ImageObject\",\"inLanguage\":\"fr-FR\",\"@id\":\"https:\/\/www.wanda-collection.com\/blog\/#\/schema\/person\/image\/\",\"url\":\"https:\/\/secure.gravatar.com\/avatar\/53ace044216358578780d6154f629abc4431ac90903bd3d17859f8eec72d379b?s=96&d=mm&r=g\",\"contentUrl\":\"https:\/\/secure.gravatar.com\/avatar\/53ace044216358578780d6154f629abc4431ac90903bd3d17859f8eec72d379b?s=96&d=mm&r=g\",\"caption\":\"Damien Girardeau\"}}]}<\/script>\n<!-- \/ Yoast SEO plugin. -->","yoast_head_json":{"title":"Salle de bain de 3, 4, 5 ou 6 m\u00b2 : ce qui change \u00e0 chaque m\u00e8tre carr\u00e9","description":"Am\u00e9nager une salle de bain de 3 \u00e0 6 m\u00b2 : ce que chaque surface autorise, la largeur de meuble qui passe, et le seuil \u00e0 partir duquel la double vasque devient possible.","robots":{"index":"index","follow":"follow","max-snippet":"max-snippet:-1","max-image-preview":"max-image-preview:large","max-video-preview":"max-video-preview:-1"},"canonical":"https:\/\/www.wanda-collection.com\/blog\/amenager-salle-de-bain-3-4-5-6-m2\/","og_locale":"fr_FR","og_type":"article","og_title":"Salle de bain de 3, 4, 5 ou 6 m\u00b2 : ce qui change \u00e0 chaque m\u00e8tre carr\u00e9","og_description":"Am\u00e9nager une salle de bain de 3 \u00e0 6 m\u00b2 : ce que chaque surface autorise, la largeur de meuble qui passe, et le seuil \u00e0 partir duquel la double vasque devient possible.","og_url":"https:\/\/www.wanda-collection.com\/blog\/amenager-salle-de-bain-3-4-5-6-m2\/","og_site_name":"Wanda collection Le blog","article_publisher":"https:\/\/www.facebook.com\/WandaCollection.fr\/","article_published_time":"2026-09-01T07:59:57+00:00","article_modified_time":"2026-09-01T08:01:03+00:00","og_image":[{"width":1028,"height":1028,"url":"https:\/\/www.wanda-collection.com\/blog\/wp-content\/uploads\/2026\/08\/mb-aktual60.jpg","type":"image\/jpeg"}],"author":"Damien Girardeau","twitter_card":"summary_large_image","twitter_misc":{"\u00c9crit par":"Damien Girardeau","Dur\u00e9e de lecture estim\u00e9e":"8 minutes"},"schema":{"@context":"https:\/\/schema.org","@graph":[{"@type":"Article","@id":"https:\/\/www.wanda-collection.com\/blog\/amenager-salle-de-bain-3-4-5-6-m2\/#article","isPartOf":{"@id":"https:\/\/www.wanda-collection.com\/blog\/amenager-salle-de-bain-3-4-5-6-m2\/"},"author":{"name":"Damien Girardeau","@id":"https:\/\/www.wanda-collection.com\/blog\/#\/schema\/person\/85c8dec31d24bad26b45a2319924d2e6"},"headline":"Salle de bain de 3, 4, 5 ou 6 m\u00b2 : ce qui change \u00e0 chaque m\u00e8tre carr\u00e9","datePublished":"2026-09-01T07:59:57+00:00","dateModified":"2026-09-01T08:01:03+00:00","mainEntityOfPage":{"@id":"https:\/\/www.wanda-collection.com\/blog\/amenager-salle-de-bain-3-4-5-6-m2\/"},"wordCount":1600,"publisher":{"@id":"https:\/\/www.wanda-collection.com\/blog\/#organization"},"image":{"@id":"https:\/\/www.wanda-collection.com\/blog\/amenager-salle-de-bain-3-4-5-6-m2\/#primaryimage"},"thumbnailUrl":"https:\/\/www.wanda-collection.com\/blog\/wp-content\/uploads\/2026\/08\/mb-aktual60.jpg","keywords":["Guide d'achat"],"articleSection":["Am\u00e9nagement","Meubles de salle de bain","Salle de bain"],"inLanguage":"fr-FR"},{"@type":"WebPage","@id":"https:\/\/www.wanda-collection.com\/blog\/amenager-salle-de-bain-3-4-5-6-m2\/","url":"https:\/\/www.wanda-collection.com\/blog\/amenager-salle-de-bain-3-4-5-6-m2\/","name":"Salle de bain de 3, 4, 5 ou 6 m\u00b2 : ce qui change \u00e0 chaque m\u00e8tre carr\u00e9","isPartOf":{"@id":"https:\/\/www.wanda-collection.com\/blog\/#website"},"primaryImageOfPage":{"@id":"https:\/\/www.wanda-collection.com\/blog\/amenager-salle-de-bain-3-4-5-6-m2\/#primaryimage"},"image":{"@id":"https:\/\/www.wanda-collection.com\/blog\/amenager-salle-de-bain-3-4-5-6-m2\/#primaryimage"},"thumbnailUrl":"https:\/\/www.wanda-collection.com\/blog\/wp-content\/uploads\/2026\/08\/mb-aktual60.jpg","datePublished":"2026-09-01T07:59:57+00:00","dateModified":"2026-09-01T08:01:03+00:00","description":"Am\u00e9nager une salle de bain de 3 \u00e0 6 m\u00b2 : ce que chaque surface autorise, la largeur de meuble qui passe, et le seuil \u00e0 partir duquel la double vasque devient possible.","breadcrumb":{"@id":"https:\/\/www.wanda-collection.com\/blog\/amenager-salle-de-bain-3-4-5-6-m2\/#breadcrumb"},"inLanguage":"fr-FR","potentialAction":[{"@type":"ReadAction","target":["https:\/\/www.wanda-collection.com\/blog\/amenager-salle-de-bain-3-4-5-6-m2\/"]}]},{"@type":"ImageObject","inLanguage":"fr-FR","@id":"https:\/\/www.wanda-collection.com\/blog\/amenager-salle-de-bain-3-4-5-6-m2\/#primaryimage","url":"https:\/\/www.wanda-collection.com\/blog\/wp-content\/uploads\/2026\/08\/mb-aktual60.jpg","contentUrl":"https:\/\/www.wanda-collection.com\/blog\/wp-content\/uploads\/2026\/08\/mb-aktual60.jpg","width":1028,"height":1028,"caption":"Meuble sous vasque en teck Aktual, 60 cm"},{"@type":"BreadcrumbList","@id":"https:\/\/www.wanda-collection.com\/blog\/amenager-salle-de-bain-3-4-5-6-m2\/#breadcrumb","itemListElement":[{"@type":"ListItem","position":1,"name":"Accueil","item":"https:\/\/www.wanda-collection.com\/blog\/"},{"@type":"ListItem","position":2,"name":"Salle de bain","item":"https:\/\/www.wanda-collection.com\/blog\/category\/salle-de-bain\/"},{"@type":"ListItem","position":3,"name":"Am\u00e9nagement","item":"https:\/\/www.wanda-collection.com\/blog\/category\/salle-de-bain\/amenagement\/"},{"@type":"ListItem","position":4,"name":"Salle de bain de 3, 4, 5 ou 6 m\u00b2 : ce qui change \u00e0 chaque m\u00e8tre carr\u00e9"}]},{"@type":"WebSite","@id":"https:\/\/www.wanda-collection.com\/blog\/#website","url":"https:\/\/www.wanda-collection.com\/blog\/","name":"Wanda collection Le blog","description":"","publisher":{"@id":"https:\/\/www.wanda-collection.com\/blog\/#organization"},"potentialAction":[{"@type":"SearchAction","target":{"@type":"EntryPoint","urlTemplate":"https:\/\/www.wanda-collection.com\/blog\/?s={search_term_string}"},"query-input":{"@type":"PropertyValueSpecification","valueRequired":true,"valueName":"search_term_string"}}],"inLanguage":"fr-FR"},{"@type":"Organization","@id":"https:\/\/www.wanda-collection.com\/blog\/#organization","name":"Wanda collection Le blog","url":"https:\/\/www.wanda-collection.com\/blog\/","logo":{"@type":"ImageObject","inLanguage":"fr-FR","@id":"https:\/\/www.wanda-collection.com\/blog\/#\/schema\/logo\/image\/","url":"https:\/\/www.wanda-collection.com\/blog\/wp-content\/uploads\/2022\/09\/cropped-logo-Le-blog-5.png","contentUrl":"https:\/\/www.wanda-collection.com\/blog\/wp-content\/uploads\/2022\/09\/cropped-logo-Le-blog-5.png","width":1141,"height":328,"caption":"Wanda collection Le blog"},"image":{"@id":"https:\/\/www.wanda-collection.com\/blog\/#\/schema\/logo\/image\/"},"sameAs":["https:\/\/www.facebook.com\/WandaCollection.fr\/","https:\/\/www.pinterest.fr\/wandacollection\/","https:\/\/www.instagram.com\/wanda.collection\/"]},{"@type":"Person","@id":"https:\/\/www.wanda-collection.com\/blog\/#\/schema\/person\/85c8dec31d24bad26b45a2319924d2e6","name":"Damien Girardeau","image":{"@type":"ImageObject","inLanguage":"fr-FR","@id":"https:\/\/www.wanda-collection.com\/blog\/#\/schema\/person\/image\/","url":"https:\/\/secure.gravatar.com\/avatar\/53ace044216358578780d6154f629abc4431ac90903bd3d17859f8eec72d379b?s=96&d=mm&r=g","contentUrl":"https:\/\/secure.gravatar.com\/avatar\/53ace044216358578780d6154f629abc4431ac90903bd3d17859f8eec72d379b?s=96&d=mm&r=g","caption":"Damien Girardeau"}}]}},"_links":{"self":[{"href":"https:\/\/www.wanda-collection.com\/blog\/wp-json\/wp\/v2\/posts\/992909","targetHints":{"allow":["GET"]}}],"collection":[{"href":"https:\/\/www.wanda-collection.com\/blog\/wp-json\/wp\/v2\/posts"}],"about":[{"href":"https:\/\/www.wanda-collection.com\/blog\/wp-json\/wp\/v2\/types\/post"}],"author":[{"embeddable":true,"href":"https:\/\/www.wanda-collection.com\/blog\/wp-json\/wp\/v2\/users\/6"}],"replies":[{"embeddable":true,"href":"https:\/\/www.wanda-collection.com\/blog\/wp-json\/wp\/v2\/comments?post=992909"}],"version-history":[{"count":1,"href":"https:\/\/www.wanda-collection.com\/blog\/wp-json\/wp\/v2\/posts\/992909\/revisions"}],"predecessor-version":[{"id":992912,"href":"https:\/\/www.wanda-collection.com\/blog\/wp-json\/wp\/v2\/posts\/992909\/revisions\/992912"}],"wp:featuredmedia":[{"embeddable":true,"href":"https:\/\/www.wanda-collection.com\/blog\/wp-json\/wp\/v2\/media\/992841"}],"wp:attachment":[{"href":"https:\/\/www.wanda-collection.com\/blog\/wp-json\/wp\/v2\/media?parent=992909"}],"wp:term":[{"taxonomy":"category","embeddable":true,"href":"https:\/\/www.wanda-collection.com\/blog\/wp-json\/wp\/v2\/categories?post=992909"},{"taxonomy":"post_tag","embeddable":true,"href":"https:\/\/www.wanda-collection.com\/blog\/wp-json\/wp\/v2\/tags?post=992909"}],"curies":[{"name":"wp","href":"https:\/\/api.w.org\/{rel}","templated":true}]}}