{"id":992910,"date":"2026-09-01T10:00:14","date_gmt":"2026-09-01T08:00:14","guid":{"rendered":"https:\/\/www.wanda-collection.com\/blog\/salle-de-bain-parentale\/"},"modified":"2026-09-01T10:01:07","modified_gmt":"2026-09-01T08:01:07","slug":"salle-de-bain-parentale","status":"publish","type":"post","link":"https:\/\/www.wanda-collection.com\/blog\/salle-de-bain-parentale\/","title":{"rendered":"Salle de bain parentale : ce qui la distingue vraiment"},"content":{"rendered":"\t\t<div data-elementor-type=\"wp-post\" data-elementor-id=\"992910\" class=\"elementor elementor-992910 elementor-bc-flex-widget\">\n\t\t\t\t\t\t<section class=\"elementor-section elementor-top-section elementor-element elementor-element-66d140f elementor-section-boxed elementor-section-height-default elementor-section-height-default\" data-id=\"66d140f\" data-element_type=\"section\">\n\t\t\t\t\t\t<div class=\"elementor-container elementor-column-gap-default\">\n\t\t\t\t\t<div class=\"elementor-column elementor-col-100 elementor-top-column elementor-element elementor-element-1304ff9\" data-id=\"1304ff9\" data-element_type=\"column\">\n\t\t\t<div class=\"elementor-widget-wrap elementor-element-populated\">\n\t\t\t\t\t\t<div class=\"elementor-element elementor-element-2524189 elementor-drop-cap-yes elementor-drop-cap-view-default elementor-widget elementor-widget-text-editor\" data-id=\"2524189\" data-element_type=\"widget\" data-settings=\"{&quot;drop_cap&quot;:&quot;yes&quot;}\" data-widget_type=\"text-editor.default\">\n\t\t\t\t<div class=\"elementor-widget-container\">\n\t\t\t\t\t\t\t\t\t<p>Une salle de bain parentale n&rsquo;est pas une salle de bain plus grande. C&rsquo;est une salle de bain qui n&rsquo;appartient qu&rsquo;\u00e0 deux personnes, et cette exclusivit\u00e9 change trois choses : ce qu&rsquo;on y range, comment on l&rsquo;utilise \u00e0 deux en m\u00eame temps, et le rapport qu&rsquo;elle entretient avec la chambre.<\/p><p>La surface, elle, n&rsquo;est pas le crit\u00e8re. On voit des salles de bain parentales de 5 m\u00b2 qui fonctionnent parfaitement et des suites de 12 m\u00b2 mal pens\u00e9es. <strong>Le vrai marqueur est l&rsquo;usage simultan\u00e9<\/strong>, et il se traduit par une seule d\u00e9cision d&rsquo;am\u00e9nagement : la double vasque.<\/p><p>Ce guide traite ce qui la distingue, le seuil de la double vasque, l&rsquo;ouverture sur la chambre et la question de l&rsquo;intimit\u00e9. Une FAQ ferme l&rsquo;article.<\/p>\t\t\t\t\t\t\t\t<\/div>\n\t\t\t\t<\/div>\n\t\t\t\t<div class=\"elementor-element elementor-element-288b19d elementor-widget elementor-widget-text-editor\" data-id=\"288b19d\" data-element_type=\"widget\" data-widget_type=\"text-editor.default\">\n\t\t\t\t<div class=\"elementor-widget-container\">\n\t\t\t\t\t\t\t\t\t<h2>Salle de bain parentale : le guide pour bien la penser<\/h2>\t\t\t\t\t\t\t\t<\/div>\n\t\t\t\t<\/div>\n\t\t\t\t\t<\/div>\n\t\t<\/div>\n\t\t\t\t\t<\/div>\n\t\t<\/section>\n\t\t\t\t<section class=\"elementor-section elementor-top-section elementor-element elementor-element-3b222d8 elementor-section-boxed elementor-section-height-default elementor-section-height-default\" data-id=\"3b222d8\" data-element_type=\"section\">\n\t\t\t\t\t\t<div class=\"elementor-container elementor-column-gap-default\">\n\t\t\t\t\t<div class=\"elementor-column elementor-col-100 elementor-top-column elementor-element elementor-element-2647a3a\" data-id=\"2647a3a\" data-element_type=\"column\">\n\t\t\t<div class=\"elementor-widget-wrap elementor-element-populated\">\n\t\t\t\t\t\t<div class=\"elementor-element elementor-element-cf532b5 elementor-widget elementor-widget-heading\" data-id=\"cf532b5\" data-element_type=\"widget\" data-widget_type=\"heading.default\">\n\t\t\t\t<div class=\"elementor-widget-container\">\n\t\t\t\t\t<h2 class=\"elementor-heading-title elementor-size-default\">Ce qui la distingue vraiment<\/h2>\t\t\t\t<\/div>\n\t\t\t\t<\/div>\n\t\t\t\t\t<\/div>\n\t\t<\/div>\n\t\t\t\t\t<\/div>\n\t\t<\/section>\n\t\t\t\t<section class=\"elementor-section elementor-top-section elementor-element elementor-element-58dbeec elementor-section-boxed elementor-section-height-default elementor-section-height-default\" data-id=\"58dbeec\" data-element_type=\"section\">\n\t\t\t\t\t\t<div class=\"elementor-container elementor-column-gap-default\">\n\t\t\t\t\t<div class=\"elementor-column elementor-col-60 elementor-top-column elementor-element elementor-element-ae165ad\" data-id=\"ae165ad\" data-element_type=\"column\">\n\t\t\t<div class=\"elementor-widget-wrap elementor-element-populated\">\n\t\t\t\t\t\t<div class=\"elementor-element elementor-element-28f3206 elementor-widget elementor-widget-text-editor\" data-id=\"28f3206\" data-element_type=\"widget\" data-widget_type=\"text-editor.default\">\n\t\t\t\t<div class=\"elementor-widget-container\">\n\t\t\t\t\t\t\t\t\t<p>Trois diff\u00e9rences fonctionnelles, et aucune ne concerne la superficie.<\/p><h3>Elle sert \u00e0 deux personnes en m\u00eame temps<\/h3><p>C&rsquo;est la seule salle de bain de la maison o\u00f9 deux adultes se pr\u00e9parent simultan\u00e9ment, aux m\u00eames heures. Une salle de bain familiale s&rsquo;utilise en s\u00e9rie, une parentale en parall\u00e8le. Toute la diff\u00e9rence d&rsquo;am\u00e9nagement vient de l\u00e0.<\/p><h3>Elle ne range que deux personnes<\/h3><p>Pas d&rsquo;affaires d&rsquo;enfants, pas de produits partag\u00e9s par cinq. Le volume de rangement n\u00e9cessaire est donc plus faible qu&rsquo;on ne le croit, et la surface lib\u00e9r\u00e9e peut aller au confort plut\u00f4t qu&rsquo;au stockage.<\/p><h3>Elle communique souvent avec la chambre<\/h3><p>C&rsquo;est ce qui d\u00e9finit la suite parentale, et cela cr\u00e9e une contrainte que les autres salles de bain n&rsquo;ont pas : ce qui se passe dans l&rsquo;une se voit et s&rsquo;entend dans l&rsquo;autre.<\/p>\t\t\t\t\t\t\t\t<\/div>\n\t\t\t\t<\/div>\n\t\t\t\t\t<\/div>\n\t\t<\/div>\n\t\t\t\t<div class=\"elementor-column elementor-col-40 elementor-top-column elementor-element elementor-element-74dade0\" data-id=\"74dade0\" data-element_type=\"column\">\n\t\t\t<div class=\"elementor-widget-wrap elementor-element-populated\">\n\t\t\t\t\t\t<div class=\"vamtam-has-theme-widget-styles elementor-element elementor-element-dad02cc elementor-widget elementor-widget-image\" data-id=\"dad02cc\" data-element_type=\"widget\" data-widget_type=\"image.default\">\n\t\t\t\t<div class=\"elementor-widget-container\">\n\t\t\t\t\t\t\t\t\t<div class=\"elementor-image\">\n\t\t\t\t\t\t\t\t\t\t\t\t\t\t\t\t<figure class=\"wp-caption\">\n\t\t\t\t\t\t\t\t\t\t\t\t\t\t\t\t\t<a href=\"https:\/\/www.wanda-collection.com\/art-meuble-double-en-teck-massif-cosy-160cm-2-vasques-creme-2943.htm\">\n\t\t\t\t\t\t\t\t\t\t\t<img fetchpriority=\"high\" decoding=\"async\" width=\"1028\" height=\"1028\" src=\"https:\/\/www.wanda-collection.com\/blog\/wp-content\/uploads\/2026\/09\/dv-cosy160.jpg\" class=\"attachment-full size-full wp-image-992907\" alt=\"Meuble double vasque en teck massif de 160 cm pour salle de bain parentale\" srcset=\"https:\/\/www.wanda-collection.com\/blog\/wp-content\/uploads\/2026\/09\/dv-cosy160.jpg 1028w, https:\/\/www.wanda-collection.com\/blog\/wp-content\/uploads\/2026\/09\/dv-cosy160-300x300.jpg 300w, https:\/\/www.wanda-collection.com\/blog\/wp-content\/uploads\/2026\/09\/dv-cosy160-1024x1024.jpg 1024w, https:\/\/www.wanda-collection.com\/blog\/wp-content\/uploads\/2026\/09\/dv-cosy160-150x150.jpg 150w, https:\/\/www.wanda-collection.com\/blog\/wp-content\/uploads\/2026\/09\/dv-cosy160-768x768.jpg 768w\" sizes=\"(max-width: 1028px) 100vw, 1028px\" \/>\t\t\t\t\t\t\t\t\t\t\t\t<\/a>\n\t\t\t\t\t\t\t\t\t\t\t\t\t\t\t\t\t<figcaption class=\"widget-image-caption wp-caption-text\">Meuble double Cosy, 160 cm<\/figcaption>\n\t\t\t\t\t\t\t\t\t\t\t\t\t\t\t\t<\/figure>\n\t\t\t\t\t\t\t\t\t\t\t\t\t\t<\/div>\n\t\t\t\t\t\t\t\t<\/div>\n\t\t\t\t<\/div>\n\t\t\t\t\t<\/div>\n\t\t<\/div>\n\t\t\t\t\t<\/div>\n\t\t<\/section>\n\t\t\t\t<section class=\"elementor-section elementor-top-section elementor-element elementor-element-dfb6c78 elementor-section-boxed elementor-section-height-default elementor-section-height-default\" data-id=\"dfb6c78\" data-element_type=\"section\">\n\t\t\t\t\t\t<div class=\"elementor-container elementor-column-gap-default\">\n\t\t\t\t\t<div class=\"elementor-column elementor-col-40 elementor-top-column elementor-element elementor-element-1e055d0\" data-id=\"1e055d0\" data-element_type=\"column\">\n\t\t\t<div class=\"elementor-widget-wrap elementor-element-populated\">\n\t\t\t\t\t\t<div class=\"vamtam-has-theme-widget-styles elementor-element elementor-element-f2bdf00 elementor-widget elementor-widget-image\" data-id=\"f2bdf00\" data-element_type=\"widget\" data-widget_type=\"image.default\">\n\t\t\t\t<div class=\"elementor-widget-container\">\n\t\t\t\t\t\t\t\t\t<div class=\"elementor-image\">\n\t\t\t\t\t\t\t\t\t\t\t\t\t\t\t\t<figure class=\"wp-caption\">\n\t\t\t\t\t\t\t\t\t\t\t\t\t\t\t\t\t<a href=\"https:\/\/www.wanda-collection.com\/art-meuble-de-salle-de-bain-suspendu-double-vasque-en-teck-mya-145-cm-4378.htm\">\n\t\t\t\t\t\t\t\t\t\t\t<img decoding=\"async\" width=\"1028\" height=\"1028\" src=\"https:\/\/www.wanda-collection.com\/blog\/wp-content\/uploads\/2026\/09\/dv-mya145.jpg\" class=\"attachment-full size-full wp-image-992904\" alt=\"Meuble double vasque suspendu de 145 cm, \u00e0 partir de 6 m2\" srcset=\"https:\/\/www.wanda-collection.com\/blog\/wp-content\/uploads\/2026\/09\/dv-mya145.jpg 1028w, https:\/\/www.wanda-collection.com\/blog\/wp-content\/uploads\/2026\/09\/dv-mya145-300x300.jpg 300w, https:\/\/www.wanda-collection.com\/blog\/wp-content\/uploads\/2026\/09\/dv-mya145-1024x1024.jpg 1024w, https:\/\/www.wanda-collection.com\/blog\/wp-content\/uploads\/2026\/09\/dv-mya145-150x150.jpg 150w, https:\/\/www.wanda-collection.com\/blog\/wp-content\/uploads\/2026\/09\/dv-mya145-768x768.jpg 768w\" sizes=\"(max-width: 1028px) 100vw, 1028px\" \/>\t\t\t\t\t\t\t\t\t\t\t\t<\/a>\n\t\t\t\t\t\t\t\t\t\t\t\t\t\t\t\t\t<figcaption class=\"widget-image-caption wp-caption-text\">Meuble double Mya, 145 cm<\/figcaption>\n\t\t\t\t\t\t\t\t\t\t\t\t\t\t\t\t<\/figure>\n\t\t\t\t\t\t\t\t\t\t\t\t\t\t<\/div>\n\t\t\t\t\t\t\t\t<\/div>\n\t\t\t\t<\/div>\n\t\t\t\t\t<\/div>\n\t\t<\/div>\n\t\t\t\t<div class=\"elementor-column elementor-col-60 elementor-top-column elementor-element elementor-element-74bd439\" data-id=\"74bd439\" data-element_type=\"column\">\n\t\t\t<div class=\"elementor-widget-wrap elementor-element-populated\">\n\t\t\t\t\t\t<div class=\"elementor-element elementor-element-e16a4f1 elementor-widget elementor-widget-text-editor\" data-id=\"e16a4f1\" data-element_type=\"widget\" data-widget_type=\"text-editor.default\">\n\t\t\t\t<div class=\"elementor-widget-container\">\n\t\t\t\t\t\t\t\t\t<h2>La double vasque, le vrai marqueur<\/h2><p>Si l&rsquo;usage simultan\u00e9 est ce qui d\u00e9finit une salle de bain parentale, alors la double vasque en est la traduction directe. C&rsquo;est la seule pi\u00e8ce d&rsquo;\u00e9quipement qui permette r\u00e9ellement \u00e0 deux personnes de se pr\u00e9parer en m\u00eame temps.<\/p><p><strong>Le seuil est de 140 cm de meuble<\/strong>, en comptant 70 cm de largeur utile par personne. En dessous, on installe deux bassins mais on ne les utilise pas \u00e0 deux : les coudes se touchent et le confort est inf\u00e9rieur \u00e0 celui d&rsquo;une simple vasque large.<\/p><p>Le second crit\u00e8re est l&rsquo;entraxe, la distance entre les centres des deux bassins. Un meuble de 160 cm dont les vasques sont coll\u00e9es au milieu ne vaut pas mieux qu&rsquo;un 120 cm. Visez 70 cm d&rsquo;entraxe au minimum, 80 id\u00e9alement. Notre <a href=\"https:\/\/www.wanda-collection.com\/blog\/choisir-un-meuble-double-vasque-pour-sa-salle-de-bain\/\">guide du meuble double vasque<\/a> d\u00e9taille le calcul complet.<\/p><h3>Quand y renoncer<\/h3><p>Si la pi\u00e8ce n&rsquo;offre pas 140 cm de mur continu, renoncez sans regret. Un meuble de 120 cm avec une grande vasque d\u00e9centr\u00e9e, qui lib\u00e8re 50 \u00e0 60 cm de plan continu, rend davantage service que deux bassins \u00e0 l&rsquo;\u00e9troit. C&rsquo;est un arbitrage fr\u00e9quent et il vaut mieux le faire consciemment.<\/p>\t\t\t\t\t\t\t\t<\/div>\n\t\t\t\t<\/div>\n\t\t\t\t<div class=\"vamtam-has-theme-widget-styles elementor-element elementor-element-a817f43 elementor-align-center elementor-widget elementor-widget-button\" data-id=\"a817f43\" data-element_type=\"widget\" data-widget_type=\"button.default\">\n\t\t\t\t<div class=\"elementor-widget-container\">\n\t\t\t\t\t\t\t\t\t<div class=\"elementor-button-wrapper\">\n\t\t\t\t\t<a class=\"elementor-button elementor-button-link elementor-size-sm\" href=\"https:\/\/www.wanda-collection.com\/cat-meuble-double-vasque-157.htm\">\n\t\t\t\t\t\t<span class=\"elementor-button-content-wrapper\">\n\t\t\t\t\t\t\t\t\t<span class=\"elementor-button-text\">Voir les meubles double vasque<\/span>\n\t\t\t\t\t<\/span>\n\t\t\t\t\t<\/a>\n\t\t\t\t<\/div>\n\t\t\t\t\t\t\t\t<\/div>\n\t\t\t\t<\/div>\n\t\t\t\t\t<\/div>\n\t\t<\/div>\n\t\t\t\t\t<\/div>\n\t\t<\/section>\n\t\t\t\t<section class=\"elementor-section elementor-top-section elementor-element elementor-element-002d9bb elementor-section-boxed elementor-section-height-default elementor-section-height-default\" data-id=\"002d9bb\" data-element_type=\"section\">\n\t\t\t\t\t\t<div class=\"elementor-container elementor-column-gap-default\">\n\t\t\t\t\t<div class=\"elementor-column elementor-col-100 elementor-top-column elementor-element elementor-element-7d43b83\" data-id=\"7d43b83\" data-element_type=\"column\">\n\t\t\t<div class=\"elementor-widget-wrap elementor-element-populated\">\n\t\t\t\t\t\t<div class=\"elementor-element elementor-element-f9bff07 elementor-widget elementor-widget-text-editor\" data-id=\"f9bff07\" data-element_type=\"widget\" data-widget_type=\"text-editor.default\">\n\t\t\t\t<div class=\"elementor-widget-container\">\n\t\t\t\t\t\t\t\t\t<h2>L&rsquo;ouverture sur la chambre<\/h2><p>C&rsquo;est ce qui fait la suite parentale, et c&rsquo;est aussi ce qui pose le plus de probl\u00e8mes une fois habit\u00e9.<\/p><h3>Ce que l&rsquo;ouverture apporte<\/h3><p>De la lumi\u00e8re et du volume per\u00e7u. Une salle de bain ouverte sur une chambre b\u00e9n\u00e9ficie de la fen\u00eatre de celle-ci, ce qui r\u00e8gle le probl\u00e8me de l&rsquo;\u00e9clairage naturel. Et les deux pi\u00e8ces paraissent plus grandes que la somme de leurs surfaces.<\/p><h3>Ce qu&rsquo;elle co\u00fbte<\/h3><p>L&rsquo;humidit\u00e9 et le bruit. La vapeur d&rsquo;une douche migre vers la chambre, s&rsquo;y condense sur les textiles et les meubles. Et l&rsquo;un des deux occupants se l\u00e8ve forc\u00e9ment quand l&rsquo;autre dort encore.<\/p><p><strong>La solution qui fonctionne<\/strong> : une ouverture partielle plut\u00f4t que totale. Une cloison ajour\u00e9e, une verri\u00e8re, un pan de mur qui masque le point d&rsquo;eau depuis le lit. On garde la lumi\u00e8re, on limite la vapeur et on pr\u00e9serve l&rsquo;intimit\u00e9 visuelle.<\/p><p>Dans tous les cas, une extraction dimensionn\u00e9e est indispensable. Une suite parentale sans ventilation m\u00e9canique correcte finit par ab\u00eemer la chambre autant que la salle de bain.<\/p>\t\t\t\t\t\t\t\t<\/div>\n\t\t\t\t<\/div>\n\t\t\t\t\t<\/div>\n\t\t<\/div>\n\t\t\t\t\t<\/div>\n\t\t<\/section>\n\t\t\t\t<section class=\"elementor-section elementor-top-section elementor-element elementor-element-3a991f9 elementor-section-boxed elementor-section-height-default elementor-section-height-default\" data-id=\"3a991f9\" data-element_type=\"section\">\n\t\t\t\t\t\t<div class=\"elementor-container elementor-column-gap-default\">\n\t\t\t\t\t<div class=\"elementor-column elementor-col-100 elementor-top-column elementor-element elementor-element-7dba406\" data-id=\"7dba406\" data-element_type=\"column\">\n\t\t\t<div class=\"elementor-widget-wrap elementor-element-populated\">\n\t\t\t\t\t\t<div class=\"elementor-element elementor-element-0a580a3 elementor-widget elementor-widget-text-editor\" data-id=\"0a580a3\" data-element_type=\"widget\" data-widget_type=\"text-editor.default\">\n\t\t\t\t<div class=\"elementor-widget-container\">\n\t\t\t\t\t\t\t\t\t<h2>La question de l&rsquo;intimit\u00e9<\/h2><p>Elle se pose rarement au moment des plans et syst\u00e9matiquement apr\u00e8s. Deux points suffisent \u00e0 la r\u00e9gler.<\/p><p><strong>Le WC s\u00e9par\u00e9.<\/strong> C&rsquo;est la demande la plus fr\u00e9quente et la plus justifi\u00e9e dans une salle de bain \u00e0 usage simultan\u00e9. S&rsquo;il ne peut pas \u00eatre dans une autre pi\u00e8ce, une cloison partielle ou un meuble haut qui le masque depuis l&rsquo;entr\u00e9e suffit souvent.<\/p><p><strong>La douche visible depuis le lit.<\/strong> Une paroi enti\u00e8rement transparente ouverte sur la chambre para\u00eet spectaculaire sur les photos et devient rapidement g\u00eanante au quotidien. Un verre d\u00e9poli ou une paroi partiellement opaque conserve la lumi\u00e8re sans l&rsquo;exposition.<\/p>\t\t\t\t\t\t\t\t<\/div>\n\t\t\t\t<\/div>\n\t\t\t\t\t<\/div>\n\t\t<\/div>\n\t\t\t\t\t<\/div>\n\t\t<\/section>\n\t\t\t\t<section class=\"elementor-section elementor-top-section elementor-element elementor-element-09e0a2f elementor-section-boxed elementor-section-height-default elementor-section-height-default\" data-id=\"09e0a2f\" data-element_type=\"section\">\n\t\t\t\t\t\t<div class=\"elementor-container elementor-column-gap-default\">\n\t\t\t\t\t<div class=\"elementor-column elementor-col-60 elementor-top-column elementor-element elementor-element-8b2174a\" data-id=\"8b2174a\" data-element_type=\"column\">\n\t\t\t<div class=\"elementor-widget-wrap elementor-element-populated\">\n\t\t\t\t\t\t<div class=\"elementor-element elementor-element-b9311be elementor-widget elementor-widget-text-editor\" data-id=\"b9311be\" data-element_type=\"widget\" data-widget_type=\"text-editor.default\">\n\t\t\t\t<div class=\"elementor-widget-container\">\n\t\t\t\t\t\t\t\t\t<h2>Les mati\u00e8res, puisque c&rsquo;est la pi\u00e8ce qu&rsquo;on garde<\/h2><p>Une salle de bain parentale se r\u00e9nove moins souvent qu&rsquo;une salle de bain familiale : elle subit moins d&rsquo;usure et elle est moins soumise aux changements d&rsquo;usage. C&rsquo;est donc celle o\u00f9 investir dans des mati\u00e8res qui durent a le plus de sens.<\/p><p><strong>Le bois massif plut\u00f4t que le panneau.<\/strong> Un meuble en teck traverse la dur\u00e9e de vie de deux \u00e0 trois meubles en m\u00e9lamin\u00e9, et il se ponce pour \u00eatre rafra\u00eechi. Sur une pi\u00e8ce qu&rsquo;on garde quinze ans, l&rsquo;\u00e9cart de prix initial s&rsquo;efface. Voir notre <a href=\"https:\/\/www.wanda-collection.com\/blog\/meuble-salle-de-bain-bois-massif\/\">guide du meuble de salle de bain en bois<\/a>.<\/p><p><strong>La pierre naturelle plut\u00f4t que la r\u00e9sine.<\/strong> Une vasque en marbre ou en pierre est unique, ne se d\u00e9mode pas, et prend une patine au lieu de se d\u00e9grader. C&rsquo;est le genre de choix qui se justifie pr\u00e9cis\u00e9ment dans cette pi\u00e8ce. Notre <a href=\"https:\/\/www.wanda-collection.com\/blog\/vasque-salle-de-bain-comment-choisir\/\">guide de la vasque de salle de bain<\/a> compare les mati\u00e8res.<\/p><p><strong>Une robinetterie assortie.<\/strong> Sur une double vasque, les deux robinets doivent \u00eatre rigoureusement identiques et centr\u00e9s chacun sur son bassin. Un d\u00e9calage de 2 cm se voit \u00e0 un m\u00e8tre. Voir notre <a href=\"https:\/\/www.wanda-collection.com\/blog\/robinet-vasque-salle-de-bain\/\">guide du robinet de vasque<\/a>.<\/p>\t\t\t\t\t\t\t\t<\/div>\n\t\t\t\t<\/div>\n\t\t\t\t<div class=\"vamtam-has-theme-widget-styles elementor-element elementor-element-99b862f elementor-align-center elementor-widget elementor-widget-button\" data-id=\"99b862f\" data-element_type=\"widget\" data-widget_type=\"button.default\">\n\t\t\t\t<div class=\"elementor-widget-container\">\n\t\t\t\t\t\t\t\t\t<div class=\"elementor-button-wrapper\">\n\t\t\t\t\t<a class=\"elementor-button elementor-button-link elementor-size-sm\" href=\"https:\/\/www.wanda-collection.com\/art-meuble-de-salle-de-bain-en-teck-florence-double-180cm-vasques-creme-2942.htm\">\n\t\t\t\t\t\t<span class=\"elementor-button-content-wrapper\">\n\t\t\t\t\t\t\t\t\t<span class=\"elementor-button-text\">Voir le meuble Florence 180 cm<\/span>\n\t\t\t\t\t<\/span>\n\t\t\t\t\t<\/a>\n\t\t\t\t<\/div>\n\t\t\t\t\t\t\t\t<\/div>\n\t\t\t\t<\/div>\n\t\t\t\t\t<\/div>\n\t\t<\/div>\n\t\t\t\t<div class=\"elementor-column elementor-col-40 elementor-top-column elementor-element elementor-element-1c621fb\" data-id=\"1c621fb\" data-element_type=\"column\">\n\t\t\t<div class=\"elementor-widget-wrap elementor-element-populated\">\n\t\t\t\t\t\t<div class=\"vamtam-has-theme-widget-styles elementor-element elementor-element-346f8f1 elementor-widget elementor-widget-image\" data-id=\"346f8f1\" data-element_type=\"widget\" data-widget_type=\"image.default\">\n\t\t\t\t<div class=\"elementor-widget-container\">\n\t\t\t\t\t\t\t\t\t<div class=\"elementor-image\">\n\t\t\t\t\t\t\t\t\t\t\t\t\t\t\t\t<figure class=\"wp-caption\">\n\t\t\t\t\t\t\t\t\t\t\t\t\t\t\t\t\t<a href=\"https:\/\/www.wanda-collection.com\/art-meuble-de-salle-de-bain-en-teck-florence-double-180cm-vasques-creme-2942.htm\">\n\t\t\t\t\t\t\t\t\t\t\t<img decoding=\"async\" width=\"1028\" height=\"1028\" src=\"https:\/\/www.wanda-collection.com\/blog\/wp-content\/uploads\/2026\/09\/dv-florence180.jpg\" class=\"attachment-full size-full wp-image-992908\" alt=\"Meuble double vasque en teck de 180 cm, deux postes ind\u00e9pendants\" srcset=\"https:\/\/www.wanda-collection.com\/blog\/wp-content\/uploads\/2026\/09\/dv-florence180.jpg 1028w, https:\/\/www.wanda-collection.com\/blog\/wp-content\/uploads\/2026\/09\/dv-florence180-300x300.jpg 300w, https:\/\/www.wanda-collection.com\/blog\/wp-content\/uploads\/2026\/09\/dv-florence180-1024x1024.jpg 1024w, https:\/\/www.wanda-collection.com\/blog\/wp-content\/uploads\/2026\/09\/dv-florence180-150x150.jpg 150w, https:\/\/www.wanda-collection.com\/blog\/wp-content\/uploads\/2026\/09\/dv-florence180-768x768.jpg 768w\" sizes=\"(max-width: 1028px) 100vw, 1028px\" \/>\t\t\t\t\t\t\t\t\t\t\t\t<\/a>\n\t\t\t\t\t\t\t\t\t\t\t\t\t\t\t\t\t<figcaption class=\"widget-image-caption wp-caption-text\">Meuble Florence double, 180 cm<\/figcaption>\n\t\t\t\t\t\t\t\t\t\t\t\t\t\t\t\t<\/figure>\n\t\t\t\t\t\t\t\t\t\t\t\t\t\t<\/div>\n\t\t\t\t\t\t\t\t<\/div>\n\t\t\t\t<\/div>\n\t\t\t\t\t<\/div>\n\t\t<\/div>\n\t\t\t\t\t<\/div>\n\t\t<\/section>\n\t\t\t\t<section class=\"elementor-section elementor-top-section elementor-element elementor-element-2c5c356 elementor-section-boxed elementor-section-height-default elementor-section-height-default\" data-id=\"2c5c356\" data-element_type=\"section\">\n\t\t\t\t\t\t<div class=\"elementor-container elementor-column-gap-default\">\n\t\t\t\t\t<div class=\"elementor-column elementor-col-40 elementor-top-column elementor-element elementor-element-f6a4e5b\" data-id=\"f6a4e5b\" data-element_type=\"column\">\n\t\t\t<div class=\"elementor-widget-wrap elementor-element-populated\">\n\t\t\t\t\t\t<div class=\"vamtam-has-theme-widget-styles elementor-element elementor-element-b766b7a elementor-widget elementor-widget-image\" data-id=\"b766b7a\" data-element_type=\"widget\" data-widget_type=\"image.default\">\n\t\t\t\t<div class=\"elementor-widget-container\">\n\t\t\t\t\t\t\t\t\t<div class=\"elementor-image\">\n\t\t\t\t\t\t\t\t\t\t\t\t\t\t\t\t<figure class=\"wp-caption\">\n\t\t\t\t\t\t\t\t\t\t\t\t\t\t\t\t\t<a href=\"https:\/\/www.wanda-collection.com\/art-meuble-salle-de-bain-en-teck-et-terrazzo-noir-aktual-60cm-56189.htm\">\n\t\t\t\t\t\t\t\t\t\t\t<img loading=\"lazy\" decoding=\"async\" width=\"1028\" height=\"1028\" src=\"https:\/\/www.wanda-collection.com\/blog\/wp-content\/uploads\/2026\/08\/mb-terrazzo60.jpg\" class=\"attachment-full size-full wp-image-992844\" alt=\"Meuble en teck avec plateau en terrazzo noir Aktual de 60 cm\" srcset=\"https:\/\/www.wanda-collection.com\/blog\/wp-content\/uploads\/2026\/08\/mb-terrazzo60.jpg 1028w, https:\/\/www.wanda-collection.com\/blog\/wp-content\/uploads\/2026\/08\/mb-terrazzo60-300x300.jpg 300w, https:\/\/www.wanda-collection.com\/blog\/wp-content\/uploads\/2026\/08\/mb-terrazzo60-1024x1024.jpg 1024w, https:\/\/www.wanda-collection.com\/blog\/wp-content\/uploads\/2026\/08\/mb-terrazzo60-150x150.jpg 150w, https:\/\/www.wanda-collection.com\/blog\/wp-content\/uploads\/2026\/08\/mb-terrazzo60-768x768.jpg 768w\" sizes=\"(max-width: 1028px) 100vw, 1028px\" \/>\t\t\t\t\t\t\t\t\t\t\t\t<\/a>\n\t\t\t\t\t\t\t\t\t\t\t\t\t\t\t\t\t<figcaption class=\"widget-image-caption wp-caption-text\">Meuble teck et terrazzo noir<\/figcaption>\n\t\t\t\t\t\t\t\t\t\t\t\t\t\t\t\t<\/figure>\n\t\t\t\t\t\t\t\t\t\t\t\t\t\t<\/div>\n\t\t\t\t\t\t\t\t<\/div>\n\t\t\t\t<\/div>\n\t\t\t\t\t<\/div>\n\t\t<\/div>\n\t\t\t\t<div class=\"elementor-column elementor-col-60 elementor-top-column elementor-element elementor-element-376aa26\" data-id=\"376aa26\" data-element_type=\"column\">\n\t\t\t<div class=\"elementor-widget-wrap elementor-element-populated\">\n\t\t\t\t\t\t<div class=\"elementor-element elementor-element-fd31558 elementor-widget elementor-widget-text-editor\" data-id=\"fd31558\" data-element_type=\"widget\" data-widget_type=\"text-editor.default\">\n\t\t\t\t<div class=\"elementor-widget-container\">\n\t\t\t\t\t\t\t\t\t<h2>Les cinq erreurs les plus fr\u00e9quentes<\/h2><p><strong>Installer une double vasque sous 140 cm.<\/strong> On obtient deux bassins inutilisables \u00e0 deux, et on perd le grand plan d&rsquo;une simple vasque.<\/p><p><strong>N\u00e9gliger l&rsquo;entraxe.<\/strong> Deux vasques coll\u00e9es au centre d&rsquo;un meuble large reproduisent exactement l&rsquo;inconfort qu&rsquo;on cherchait \u00e0 fuir.<\/p><p><strong>Ouvrir enti\u00e8rement sur la chambre.<\/strong> La vapeur migre, se condense sur les textiles, et le bruit r\u00e9veille. Une ouverture partielle garde les avantages sans les inconv\u00e9nients.<\/p><p><strong>Sous-dimensionner l&rsquo;extraction.<\/strong> Dans une suite, une ventilation insuffisante ab\u00eeme la chambre autant que la salle de bain.<\/p><p><strong>Surdimensionner le rangement.<\/strong> Deux personnes rangent moins qu&rsquo;une famille. La surface gagn\u00e9e vaut mieux en confort qu&rsquo;en placards.<\/p>\t\t\t\t\t\t\t\t<\/div>\n\t\t\t\t<\/div>\n\t\t\t\t\t<\/div>\n\t\t<\/div>\n\t\t\t\t\t<\/div>\n\t\t<\/section>\n\t\t\t\t<section class=\"elementor-section elementor-top-section elementor-element elementor-element-514502b elementor-section-boxed elementor-section-height-default elementor-section-height-default\" data-id=\"514502b\" data-element_type=\"section\">\n\t\t\t\t\t\t<div class=\"elementor-container elementor-column-gap-default\">\n\t\t\t\t\t<div class=\"elementor-column elementor-col-100 elementor-top-column elementor-element elementor-element-289e843\" data-id=\"289e843\" data-element_type=\"column\">\n\t\t\t<div class=\"elementor-widget-wrap elementor-element-populated\">\n\t\t\t\t\t\t<div class=\"elementor-element elementor-element-5c9182e elementor-widget elementor-widget-heading\" data-id=\"5c9182e\" data-element_type=\"widget\" data-widget_type=\"heading.default\">\n\t\t\t\t<div class=\"elementor-widget-container\">\n\t\t\t\t\t<h2 class=\"elementor-heading-title elementor-size-default\">La s\u00e9lection Wanda Collection<\/h2>\t\t\t\t<\/div>\n\t\t\t\t<\/div>\n\t\t\t\t\t<\/div>\n\t\t<\/div>\n\t\t\t\t\t<\/div>\n\t\t<\/section>\n\t\t\t\t<section class=\"elementor-section elementor-top-section elementor-element elementor-element-c345b13 elementor-section-boxed elementor-section-height-default elementor-section-height-default\" data-id=\"c345b13\" data-element_type=\"section\">\n\t\t\t\t\t\t<div class=\"elementor-container elementor-column-gap-default\">\n\t\t\t\t\t<div class=\"elementor-column elementor-col-100 elementor-top-column elementor-element elementor-element-c229123\" data-id=\"c229123\" data-element_type=\"column\">\n\t\t\t<div class=\"elementor-widget-wrap elementor-element-populated\">\n\t\t\t\t\t\t<div class=\"elementor-element elementor-element-194d1dc elementor-widget elementor-widget-text-editor\" data-id=\"194d1dc\" data-element_type=\"widget\" data-widget_type=\"text-editor.default\">\n\t\t\t\t<div class=\"elementor-widget-container\">\n\t\t\t\t\t\t\t\t\t<p>Voici les formats de la collection qui correspondent \u00e0 une salle de bain parentale, du seuil de la double vasque au grand format.<\/p><ul><li><strong><a href=\"https:\/\/www.wanda-collection.com\/art-meuble-salle-de-bain-en-teck-et-ceramique-sira-solo-120-cm-55183.htm\">Meuble en teck et c\u00e9ramique Sira solo 120 cm<\/a><\/strong> : sous 140 cm, la grande vasque d\u00e9centr\u00e9e qui bat la double.<\/li><li><strong><a href=\"https:\/\/www.wanda-collection.com\/art-meuble-de-salle-de-bain-suspendu-double-vasque-en-teck-mya-145-cm-4378.htm\">Meuble suspendu double vasque en teck Mya 145 cm<\/a><\/strong> : le seuil d&rsquo;entr\u00e9e de la double vasque, suspendu.<\/li><li><strong><a href=\"https:\/\/www.wanda-collection.com\/art-meuble-double-en-teck-massif-cosy-160cm-2-vasques-creme-2943.htm\">Meuble double en teck massif Cosy 160 cm<\/a><\/strong> : le format d&rsquo;\u00e9quilibre, livr\u00e9 avec ses deux vasques.<\/li><li><strong><a href=\"https:\/\/www.wanda-collection.com\/art-meuble-de-salle-de-bain-en-teck-florence-double-180cm-vasques-creme-2942.htm\">Meuble en teck Florence double 180 cm<\/a><\/strong> : deux postes r\u00e9ellement ind\u00e9pendants.<\/li><li><strong><a href=\"https:\/\/www.wanda-collection.com\/art-meuble-salle-de-bain-en-teck-et-terrazzo-noir-aktual-60cm-56189.htm\">Meuble teck et terrazzo noir 60 cm<\/a><\/strong> : le plateau min\u00e9ral qui ne demande aucun entretien.<\/li><li><strong><a href=\"https:\/\/www.wanda-collection.com\/art-miroir-salle-de-bain-en-teck-samba-140-x-65-cm-4191.htm\">Miroir en teck Samba 140 x 65 cm<\/a><\/strong> : le grand format qui couvre une double vasque.<\/li><li><strong><a href=\"https:\/\/www.wanda-collection.com\/art-lot-de-2-paniers-tresses-en-jacinthe-d-eau-xl-m-vito-55293.htm\">Lot de 2 paniers en jacinthe d&rsquo;eau<\/a><\/strong> : deux paniers pour trier \u00e0 la source, un par personne.<\/li><\/ul>\t\t\t\t\t\t\t\t<\/div>\n\t\t\t\t<\/div>\n\t\t\t\t<div class=\"vamtam-has-theme-widget-styles elementor-element elementor-element-d95514f elementor-align-center elementor-widget elementor-widget-button\" data-id=\"d95514f\" data-element_type=\"widget\" data-widget_type=\"button.default\">\n\t\t\t\t<div class=\"elementor-widget-container\">\n\t\t\t\t\t\t\t\t\t<div class=\"elementor-button-wrapper\">\n\t\t\t\t\t<a class=\"elementor-button elementor-button-link elementor-size-sm\" href=\"https:\/\/www.wanda-collection.com\/cat-salle-de-bain-6.htm\">\n\t\t\t\t\t\t<span class=\"elementor-button-content-wrapper\">\n\t\t\t\t\t\t\t\t\t<span class=\"elementor-button-text\">D\u00e9couvrir la collection salle de bain<\/span>\n\t\t\t\t\t<\/span>\n\t\t\t\t\t<\/a>\n\t\t\t\t<\/div>\n\t\t\t\t\t\t\t\t<\/div>\n\t\t\t\t<\/div>\n\t\t\t\t\t<\/div>\n\t\t<\/div>\n\t\t\t\t\t<\/div>\n\t\t<\/section>\n\t\t\t\t<section class=\"elementor-section elementor-top-section elementor-element elementor-element-a753d45 elementor-section-boxed elementor-section-height-default elementor-section-height-default\" data-id=\"a753d45\" data-element_type=\"section\">\n\t\t\t\t\t\t<div class=\"elementor-container elementor-column-gap-default\">\n\t\t\t\t\t<div class=\"elementor-column elementor-col-100 elementor-top-column elementor-element elementor-element-5ffd870\" data-id=\"5ffd870\" data-element_type=\"column\">\n\t\t\t<div class=\"elementor-widget-wrap elementor-element-populated\">\n\t\t\t\t\t\t<div class=\"elementor-element elementor-element-e9e6208 elementor-widget elementor-widget-text-editor\" data-id=\"e9e6208\" data-element_type=\"widget\" data-widget_type=\"text-editor.default\">\n\t\t\t\t<div class=\"elementor-widget-container\">\n\t\t\t\t\t\t\t\t\t<p>Une salle de bain parentale r\u00e9ussie tient \u00e0 un arbitrage lucide sur la double vasque, \u00e0 une ouverture ma\u00eetris\u00e9e sur la chambre, et \u00e0 des mati\u00e8res choisies pour durer. La surface, elle, n&rsquo;est pas le sujet. Notre <a href=\"https:\/\/www.wanda-collection.com\/blog\/amenager-salle-de-bain-3-4-5-6-m2\/\">guide par surface<\/a> montre \u00e0 partir de quand la double vasque devient possible, et le <a href=\"https:\/\/www.wanda-collection.com\/blog\/largeur-meuble-salle-de-bain-60-80-120\/\">guide de la largeur du meuble<\/a> donne les formats.<\/p>\n<!-- wanda-maillage-2026-08 --><div style=\"background:#faf6ef; border-left:4px solid #d4a84b; padding:24px 28px; margin:32px 0; border-radius:0 8px 8px 0;\"><p style=\"color:#1a1a2e; font-size:1.15em; margin:0 0 14px; font-weight:600; letter-spacing:0.3px; text-transform:uppercase;\">\u00c0 lire aussi sur le blog Wanda<\/p><ul style=\"margin:0; padding:0 0 0 18px; line-height:1.9;\"><li><a href=\"https:\/\/www.wanda-collection.com\/blog\/comment-amenager-une-petite-salle-de-bain\/\" style=\"font-weight:700; text-decoration:underline; color:#1a1a2e;\"><strong>Petite salle de bain : les trois contraintes<\/strong><\/a><\/li><li><a href=\"https:\/\/www.wanda-collection.com\/blog\/comment-choisir-son-porte-serviettes-de-salle-de-bain\/\" style=\"font-weight:700; text-decoration:underline; color:#1a1a2e;\"><strong>Comment choisir son porte-serviettes<\/strong><\/a><\/li><li><a href=\"https:\/\/www.wanda-collection.com\/blog\/tablette-salle-de-bain-teck\/\" style=\"font-weight:700; text-decoration:underline; color:#1a1a2e;\"><strong>Tablette de salle de bain en teck : le guide complet<\/strong><\/a><\/li><\/ul><\/div>\t\t\t\t\t\t\t\t<\/div>\n\t\t\t\t<\/div>\n\t\t\t\t\t<\/div>\n\t\t<\/div>\n\t\t\t\t\t<\/div>\n\t\t<\/section>\n\t\t\t\t<section class=\"elementor-section elementor-top-section elementor-element elementor-element-b540fae elementor-section-boxed elementor-section-height-default elementor-section-height-default\" data-id=\"b540fae\" data-element_type=\"section\">\n\t\t\t\t\t\t<div class=\"elementor-container elementor-column-gap-default\">\n\t\t\t\t\t<div class=\"elementor-column elementor-col-100 elementor-top-column elementor-element elementor-element-e77c684\" data-id=\"e77c684\" data-element_type=\"column\">\n\t\t\t<div class=\"elementor-widget-wrap elementor-element-populated\">\n\t\t\t\t\t\t<div class=\"elementor-element elementor-element-8a8f4ae elementor-widget elementor-widget-heading\" data-id=\"8a8f4ae\" data-element_type=\"widget\" data-widget_type=\"heading.default\">\n\t\t\t\t<div class=\"elementor-widget-container\">\n\t\t\t\t\t<h2 class=\"elementor-heading-title elementor-size-default\">FAQ : salle de bain parentale<\/h2>\t\t\t\t<\/div>\n\t\t\t\t<\/div>\n\t\t\t\t\t<\/div>\n\t\t<\/div>\n\t\t\t\t\t<\/div>\n\t\t<\/section>\n\t\t\t\t<section class=\"elementor-section elementor-top-section elementor-element elementor-element-e4d8efe elementor-section-boxed elementor-section-height-default elementor-section-height-default\" data-id=\"e4d8efe\" data-element_type=\"section\">\n\t\t\t\t\t\t<div class=\"elementor-container elementor-column-gap-default\">\n\t\t\t\t\t<div class=\"elementor-column elementor-col-100 elementor-top-column elementor-element elementor-element-00696db\" data-id=\"00696db\" data-element_type=\"column\">\n\t\t\t<div class=\"elementor-widget-wrap elementor-element-populated\">\n\t\t\t\t\t\t<div class=\"elementor-element elementor-element-7fd024a elementor-widget elementor-widget-accordion\" data-id=\"7fd024a\" data-element_type=\"widget\" data-widget_type=\"accordion.default\">\n\t\t\t\t<div class=\"elementor-widget-container\">\n\t\t\t\t\t\t\t<div class=\"elementor-accordion\">\n\t\t\t\t\t\t\t<div class=\"elementor-accordion-item\">\n\t\t\t\t\t<div id=\"elementor-tab-title-1341\" class=\"elementor-tab-title\" data-tab=\"1\" role=\"button\" aria-controls=\"elementor-tab-content-1341\" aria-expanded=\"false\">\n\t\t\t\t\t\t\t\t\t\t\t\t\t<span class=\"elementor-accordion-icon elementor-accordion-icon-left\" aria-hidden=\"true\">\n\t\t\t\t\t\t\t\t\t\t\t\t\t\t\t<span class=\"elementor-accordion-icon-closed\"><i class=\"fas fa-plus\"><\/i><\/span>\n\t\t\t\t\t\t\t\t<span class=\"elementor-accordion-icon-opened\"><i class=\"fas fa-minus\"><\/i><\/span>\n\t\t\t\t\t\t\t\t\t\t\t\t\t\t<\/span>\n\t\t\t\t\t\t\t\t\t\t\t\t<a class=\"elementor-accordion-title\" tabindex=\"0\">Qu'est-ce qui distingue une salle de bain parentale ?<\/a>\n\t\t\t\t\t<\/div>\n\t\t\t\t\t<div id=\"elementor-tab-content-1341\" class=\"elementor-tab-content elementor-clearfix\" data-tab=\"1\" role=\"region\" aria-labelledby=\"elementor-tab-title-1341\"><p>Pas la surface, mais l&rsquo;usage simultan\u00e9. C&rsquo;est la seule salle de bain de la maison o\u00f9 deux adultes se pr\u00e9parent en m\u00eame temps, aux m\u00eames heures : une salle de bain familiale s&rsquo;utilise en s\u00e9rie, une parentale en parall\u00e8le. Elle ne range aussi que deux personnes, et elle communique souvent avec la chambre, ce qui cr\u00e9e ses contraintes propres.<\/p><\/div>\n\t\t\t\t<\/div>\n\t\t\t\t\t\t\t<div class=\"elementor-accordion-item\">\n\t\t\t\t\t<div id=\"elementor-tab-title-1342\" class=\"elementor-tab-title\" data-tab=\"2\" role=\"button\" aria-controls=\"elementor-tab-content-1342\" aria-expanded=\"false\">\n\t\t\t\t\t\t\t\t\t\t\t\t\t<span class=\"elementor-accordion-icon elementor-accordion-icon-left\" aria-hidden=\"true\">\n\t\t\t\t\t\t\t\t\t\t\t\t\t\t\t<span class=\"elementor-accordion-icon-closed\"><i class=\"fas fa-plus\"><\/i><\/span>\n\t\t\t\t\t\t\t\t<span class=\"elementor-accordion-icon-opened\"><i class=\"fas fa-minus\"><\/i><\/span>\n\t\t\t\t\t\t\t\t\t\t\t\t\t\t<\/span>\n\t\t\t\t\t\t\t\t\t\t\t\t<a class=\"elementor-accordion-title\" tabindex=\"0\">Faut-il forc\u00e9ment une double vasque dans une salle de bain parentale ?<\/a>\n\t\t\t\t\t<\/div>\n\t\t\t\t\t<div id=\"elementor-tab-content-1342\" class=\"elementor-tab-content elementor-clearfix\" data-tab=\"2\" role=\"region\" aria-labelledby=\"elementor-tab-title-1342\"><p>C&rsquo;est le marqueur le plus direct de l&rsquo;usage simultan\u00e9, mais elle demande 140 cm de meuble minimum, en comptant 70 cm de largeur utile par personne. Si la pi\u00e8ce n&rsquo;offre pas 140 cm de mur continu, renoncez : un meuble de 120 cm avec une grande vasque d\u00e9centr\u00e9e, qui lib\u00e8re 50 \u00e0 60 cm de plan continu, rend davantage service que deux bassins \u00e0 l&rsquo;\u00e9troit.<\/p><\/div>\n\t\t\t\t<\/div>\n\t\t\t\t\t\t\t<div class=\"elementor-accordion-item\">\n\t\t\t\t\t<div id=\"elementor-tab-title-1343\" class=\"elementor-tab-title\" data-tab=\"3\" role=\"button\" aria-controls=\"elementor-tab-content-1343\" aria-expanded=\"false\">\n\t\t\t\t\t\t\t\t\t\t\t\t\t<span class=\"elementor-accordion-icon elementor-accordion-icon-left\" aria-hidden=\"true\">\n\t\t\t\t\t\t\t\t\t\t\t\t\t\t\t<span class=\"elementor-accordion-icon-closed\"><i class=\"fas fa-plus\"><\/i><\/span>\n\t\t\t\t\t\t\t\t<span class=\"elementor-accordion-icon-opened\"><i class=\"fas fa-minus\"><\/i><\/span>\n\t\t\t\t\t\t\t\t\t\t\t\t\t\t<\/span>\n\t\t\t\t\t\t\t\t\t\t\t\t<a class=\"elementor-accordion-title\" tabindex=\"0\">Faut-il ouvrir la salle de bain sur la chambre ?<\/a>\n\t\t\t\t\t<\/div>\n\t\t\t\t\t<div id=\"elementor-tab-content-1343\" class=\"elementor-tab-content elementor-clearfix\" data-tab=\"3\" role=\"region\" aria-labelledby=\"elementor-tab-title-1343\"><p>L&rsquo;ouverture apporte la lumi\u00e8re naturelle de la chambre et du volume per\u00e7u, mais elle laisse migrer la vapeur, qui se condense sur les textiles, et le bruit, qui r\u00e9veille. La solution qui fonctionne est l&rsquo;ouverture partielle : une cloison ajour\u00e9e, une verri\u00e8re ou un pan de mur qui masque le point d&rsquo;eau depuis le lit. Une extraction dimensionn\u00e9e reste indispensable.<\/p><\/div>\n\t\t\t\t<\/div>\n\t\t\t\t\t\t\t<div class=\"elementor-accordion-item\">\n\t\t\t\t\t<div id=\"elementor-tab-title-1344\" class=\"elementor-tab-title\" data-tab=\"4\" role=\"button\" aria-controls=\"elementor-tab-content-1344\" aria-expanded=\"false\">\n\t\t\t\t\t\t\t\t\t\t\t\t\t<span class=\"elementor-accordion-icon elementor-accordion-icon-left\" aria-hidden=\"true\">\n\t\t\t\t\t\t\t\t\t\t\t\t\t\t\t<span class=\"elementor-accordion-icon-closed\"><i class=\"fas fa-plus\"><\/i><\/span>\n\t\t\t\t\t\t\t\t<span class=\"elementor-accordion-icon-opened\"><i class=\"fas fa-minus\"><\/i><\/span>\n\t\t\t\t\t\t\t\t\t\t\t\t\t\t<\/span>\n\t\t\t\t\t\t\t\t\t\t\t\t<a class=\"elementor-accordion-title\" tabindex=\"0\">Quelle surface pour une salle de bain parentale ?<\/a>\n\t\t\t\t\t<\/div>\n\t\t\t\t\t<div id=\"elementor-tab-content-1344\" class=\"elementor-tab-content elementor-clearfix\" data-tab=\"4\" role=\"region\" aria-labelledby=\"elementor-tab-title-1344\"><p>Il n&rsquo;y a pas de seuil. On voit des salles de bain parentales de 5 m\u00b2 qui fonctionnent tr\u00e8s bien et des suites de 12 m\u00b2 mal pens\u00e9es. Le seul chiffre qui compte est la longueur de mur continu disponible : 140 cm d\u00e9bloquent la double vasque, en dessous elle n&rsquo;apporte rien.<\/p><\/div>\n\t\t\t\t<\/div>\n\t\t\t\t\t\t\t<div class=\"elementor-accordion-item\">\n\t\t\t\t\t<div id=\"elementor-tab-title-1345\" class=\"elementor-tab-title\" data-tab=\"5\" role=\"button\" aria-controls=\"elementor-tab-content-1345\" aria-expanded=\"false\">\n\t\t\t\t\t\t\t\t\t\t\t\t\t<span class=\"elementor-accordion-icon elementor-accordion-icon-left\" aria-hidden=\"true\">\n\t\t\t\t\t\t\t\t\t\t\t\t\t\t\t<span class=\"elementor-accordion-icon-closed\"><i class=\"fas fa-plus\"><\/i><\/span>\n\t\t\t\t\t\t\t\t<span class=\"elementor-accordion-icon-opened\"><i class=\"fas fa-minus\"><\/i><\/span>\n\t\t\t\t\t\t\t\t\t\t\t\t\t\t<\/span>\n\t\t\t\t\t\t\t\t\t\t\t\t<a class=\"elementor-accordion-title\" tabindex=\"0\">Faut-il s\u00e9parer le WC dans une suite parentale ?<\/a>\n\t\t\t\t\t<\/div>\n\t\t\t\t\t<div id=\"elementor-tab-content-1345\" class=\"elementor-tab-content elementor-clearfix\" data-tab=\"5\" role=\"region\" aria-labelledby=\"elementor-tab-title-1345\"><p>C&rsquo;est la demande la plus fr\u00e9quente et la plus justifi\u00e9e dans une pi\u00e8ce \u00e0 usage simultan\u00e9. S&rsquo;il ne peut pas aller dans une autre pi\u00e8ce, une cloison partielle ou un meuble haut qui le masque depuis l&rsquo;entr\u00e9e suffit le plus souvent \u00e0 r\u00e9gler la question.<\/p><\/div>\n\t\t\t\t<\/div>\n\t\t\t\t\t\t\t<div class=\"elementor-accordion-item\">\n\t\t\t\t\t<div id=\"elementor-tab-title-1346\" class=\"elementor-tab-title\" data-tab=\"6\" role=\"button\" aria-controls=\"elementor-tab-content-1346\" aria-expanded=\"false\">\n\t\t\t\t\t\t\t\t\t\t\t\t\t<span class=\"elementor-accordion-icon elementor-accordion-icon-left\" aria-hidden=\"true\">\n\t\t\t\t\t\t\t\t\t\t\t\t\t\t\t<span class=\"elementor-accordion-icon-closed\"><i class=\"fas fa-plus\"><\/i><\/span>\n\t\t\t\t\t\t\t\t<span class=\"elementor-accordion-icon-opened\"><i class=\"fas fa-minus\"><\/i><\/span>\n\t\t\t\t\t\t\t\t\t\t\t\t\t\t<\/span>\n\t\t\t\t\t\t\t\t\t\t\t\t<a class=\"elementor-accordion-title\" tabindex=\"0\">Quelles mati\u00e8res privil\u00e9gier dans une salle de bain parentale ?<\/a>\n\t\t\t\t\t<\/div>\n\t\t\t\t\t<div id=\"elementor-tab-content-1346\" class=\"elementor-tab-content elementor-clearfix\" data-tab=\"6\" role=\"region\" aria-labelledby=\"elementor-tab-title-1346\"><p>Celles qui durent, puisque cette pi\u00e8ce se r\u00e9nove moins souvent qu&rsquo;une salle de bain familiale : elle subit moins d&rsquo;usure et moins de changements d&rsquo;usage. Bois massif plut\u00f4t que panneau m\u00e9lamin\u00e9, qu&rsquo;on peut poncer et qui traverse deux \u00e0 trois fois plus de temps. Pierre naturelle plut\u00f4t que r\u00e9sine, unique et qui prend une patine au lieu de se d\u00e9grader.<\/p><\/div>\n\t\t\t\t<\/div>\n\t\t\t\t\t\t\t\t<\/div>\n\t\t\t\t\t\t<\/div>\n\t\t\t\t<\/div>\n\t\t\t\t<div class=\"elementor-element elementor-element-85c0f7a elementor-widget elementor-widget-html\" data-id=\"85c0f7a\" data-element_type=\"widget\" data-widget_type=\"html.default\">\n\t\t\t\t<div class=\"elementor-widget-container\">\n\t\t\t\t\t<script type=\"application\/ld+json\">{\"@context\": \"https:\/\/schema.org\", \"@type\": \"Article\", \"headline\": \"Salle de bain parentale : ce qui la distingue vraiment\", \"description\": \"Salle de bain parentale et suite parentale : la double vasque comme vrai marqueur, l'ouverture sur la chambre, la question de l'intimit\u00e9 et les mati\u00e8res qui durent.\", \"author\": {\"@type\": \"Organization\", \"name\": \"Wanda Collection\"}, \"publisher\": {\"@type\": \"Organization\", \"name\": \"Wanda Collection\", \"logo\": {\"@type\": \"ImageObject\", \"url\": \"https:\/\/www.wanda-collection.com\/img\/logo.png\"}}, \"mainEntityOfPage\": \"https:\/\/www.wanda-collection.com\/blog\/salle-de-bain-parentale\/\", \"image\": \"https:\/\/www.wanda-collection.com\/blog\/wp-content\/uploads\/2026\/09\/dv-cosy160.jpg\"}<\/script>\n<script type=\"application\/ld+json\">{\"@context\": \"https:\/\/schema.org\", \"@type\": \"FAQPage\", \"mainEntity\": [{\"@type\": \"Question\", \"name\": \"Qu'est-ce qui distingue une salle de bain parentale ?\", \"acceptedAnswer\": {\"@type\": \"Answer\", \"text\": \"Pas la surface, mais l'usage simultan\u00e9. C'est la seule salle de bain de la maison o\u00f9 deux adultes se pr\u00e9parent en m\u00eame temps, aux m\u00eames heures : une salle de bain familiale s'utilise en s\u00e9rie, une parentale en parall\u00e8le. Elle ne range aussi que deux personnes, et elle communique souvent avec la chambre, ce qui cr\u00e9e ses contraintes propres.\"}}, {\"@type\": \"Question\", \"name\": \"Faut-il forc\u00e9ment une double vasque dans une salle de bain parentale ?\", \"acceptedAnswer\": {\"@type\": \"Answer\", \"text\": \"C'est le marqueur le plus direct de l'usage simultan\u00e9, mais elle demande 140 cm de meuble minimum, en comptant 70 cm de largeur utile par personne. Si la pi\u00e8ce n'offre pas 140 cm de mur continu, renoncez : un meuble de 120 cm avec une grande vasque d\u00e9centr\u00e9e, qui lib\u00e8re 50 \u00e0 60 cm de plan continu, rend davantage service que deux bassins \u00e0 l'\u00e9troit.\"}}, {\"@type\": \"Question\", \"name\": \"Faut-il ouvrir la salle de bain sur la chambre ?\", \"acceptedAnswer\": {\"@type\": \"Answer\", \"text\": \"L'ouverture apporte la lumi\u00e8re naturelle de la chambre et du volume per\u00e7u, mais elle laisse migrer la vapeur, qui se condense sur les textiles, et le bruit, qui r\u00e9veille. La solution qui fonctionne est l'ouverture partielle : une cloison ajour\u00e9e, une verri\u00e8re ou un pan de mur qui masque le point d'eau depuis le lit. Une extraction dimensionn\u00e9e reste indispensable.\"}}, {\"@type\": \"Question\", \"name\": \"Quelle surface pour une salle de bain parentale ?\", \"acceptedAnswer\": {\"@type\": \"Answer\", \"text\": \"Il n'y a pas de seuil. On voit des salles de bain parentales de 5 m\u00b2 qui fonctionnent tr\u00e8s bien et des suites de 12 m\u00b2 mal pens\u00e9es. Le seul chiffre qui compte est la longueur de mur continu disponible : 140 cm d\u00e9bloquent la double vasque, en dessous elle n'apporte rien.\"}}, {\"@type\": \"Question\", \"name\": \"Faut-il s\u00e9parer le WC dans une suite parentale ?\", \"acceptedAnswer\": {\"@type\": \"Answer\", \"text\": \"C'est la demande la plus fr\u00e9quente et la plus justifi\u00e9e dans une pi\u00e8ce \u00e0 usage simultan\u00e9. S'il ne peut pas aller dans une autre pi\u00e8ce, une cloison partielle ou un meuble haut qui le masque depuis l'entr\u00e9e suffit le plus souvent \u00e0 r\u00e9gler la question.\"}}, {\"@type\": \"Question\", \"name\": \"Quelles mati\u00e8res privil\u00e9gier dans une salle de bain parentale ?\", \"acceptedAnswer\": {\"@type\": \"Answer\", \"text\": \"Celles qui durent, puisque cette pi\u00e8ce se r\u00e9nove moins souvent qu'une salle de bain familiale : elle subit moins d'usure et moins de changements d'usage. Bois massif plut\u00f4t que panneau m\u00e9lamin\u00e9, qu'on peut poncer et qui traverse deux \u00e0 trois fois plus de temps. Pierre naturelle plut\u00f4t que r\u00e9sine, unique et qui prend une patine au lieu de se d\u00e9grader.\"}}]}<\/script>\t\t\t\t<\/div>\n\t\t\t\t<\/div>\n\t\t\t\t\t<\/div>\n\t\t<\/div>\n\t\t\t\t\t<\/div>\n\t\t<\/section>\n\t\t\t\t<\/div>\n\t\t","protected":false},"excerpt":{"rendered":"<p>Salle de bain parentale et suite parentale : la double vasque comme vrai marqueur, l&rsquo;ouverture sur la chambre, la question de l&rsquo;intimit\u00e9 et les mati\u00e8res qui durent.<\/p>\n","protected":false},"author":6,"featured_media":992907,"comment_status":"closed","ping_status":"open","sticky":false,"template":"","format":"standard","meta":{"footnotes":""},"categories":[104,102,16],"tags":[114],"class_list":["post-992910","post","type-post","status-publish","format-standard","has-post-thumbnail","hentry","category-amenagement","category-meubles-de-salle-de-bain","category-salle-de-bain","tag-guide-dachat"],"yoast_head":"<!-- This site is optimized with the Yoast SEO plugin v25.5 - https:\/\/yoast.com\/wordpress\/plugins\/seo\/ -->\n<title>Salle de bain parentale : ce qui la distingue vraiment<\/title>\n<meta name=\"description\" content=\"Salle de bain parentale et suite parentale : la double vasque comme vrai marqueur, l&#039;ouverture sur la chambre, la question de l&#039;intimit\u00e9 et les mati\u00e8res qui durent.\" \/>\n<meta name=\"robots\" content=\"index, follow, max-snippet:-1, max-image-preview:large, max-video-preview:-1\" \/>\n<link rel=\"canonical\" href=\"https:\/\/www.wanda-collection.com\/blog\/salle-de-bain-parentale\/\" \/>\n<meta property=\"og:locale\" content=\"fr_FR\" \/>\n<meta property=\"og:type\" content=\"article\" \/>\n<meta property=\"og:title\" content=\"Salle de bain parentale : ce qui la distingue vraiment\" \/>\n<meta property=\"og:description\" content=\"Salle de bain parentale et suite parentale : la double vasque comme vrai marqueur, l&#039;ouverture sur la chambre, la question de l&#039;intimit\u00e9 et les mati\u00e8res qui durent.\" \/>\n<meta property=\"og:url\" content=\"https:\/\/www.wanda-collection.com\/blog\/salle-de-bain-parentale\/\" \/>\n<meta property=\"og:site_name\" content=\"Wanda collection Le blog\" \/>\n<meta property=\"article:publisher\" content=\"https:\/\/www.facebook.com\/WandaCollection.fr\/\" \/>\n<meta property=\"article:published_time\" content=\"2026-09-01T08:00:14+00:00\" \/>\n<meta property=\"article:modified_time\" content=\"2026-09-01T08:01:07+00:00\" \/>\n<meta property=\"og:image\" content=\"https:\/\/www.wanda-collection.com\/blog\/wp-content\/uploads\/2026\/09\/dv-cosy160.jpg\" \/>\n\t<meta property=\"og:image:width\" content=\"1028\" \/>\n\t<meta property=\"og:image:height\" content=\"1028\" \/>\n\t<meta property=\"og:image:type\" content=\"image\/jpeg\" \/>\n<meta name=\"author\" content=\"Damien Girardeau\" \/>\n<meta name=\"twitter:card\" content=\"summary_large_image\" \/>\n<meta name=\"twitter:label1\" content=\"\u00c9crit par\" \/>\n\t<meta name=\"twitter:data1\" content=\"Damien Girardeau\" \/>\n\t<meta name=\"twitter:label2\" content=\"Dur\u00e9e de lecture estim\u00e9e\" \/>\n\t<meta name=\"twitter:data2\" content=\"9 minutes\" \/>\n<script type=\"application\/ld+json\" class=\"yoast-schema-graph\">{\"@context\":\"https:\/\/schema.org\",\"@graph\":[{\"@type\":\"Article\",\"@id\":\"https:\/\/www.wanda-collection.com\/blog\/salle-de-bain-parentale\/#article\",\"isPartOf\":{\"@id\":\"https:\/\/www.wanda-collection.com\/blog\/salle-de-bain-parentale\/\"},\"author\":{\"name\":\"Damien Girardeau\",\"@id\":\"https:\/\/www.wanda-collection.com\/blog\/#\/schema\/person\/85c8dec31d24bad26b45a2319924d2e6\"},\"headline\":\"Salle de bain parentale : ce qui la distingue vraiment\",\"datePublished\":\"2026-09-01T08:00:14+00:00\",\"dateModified\":\"2026-09-01T08:01:07+00:00\",\"mainEntityOfPage\":{\"@id\":\"https:\/\/www.wanda-collection.com\/blog\/salle-de-bain-parentale\/\"},\"wordCount\":1821,\"publisher\":{\"@id\":\"https:\/\/www.wanda-collection.com\/blog\/#organization\"},\"image\":{\"@id\":\"https:\/\/www.wanda-collection.com\/blog\/salle-de-bain-parentale\/#primaryimage\"},\"thumbnailUrl\":\"https:\/\/www.wanda-collection.com\/blog\/wp-content\/uploads\/2026\/09\/dv-cosy160.jpg\",\"keywords\":[\"Guide d'achat\"],\"articleSection\":[\"Am\u00e9nagement\",\"Meubles de salle de bain\",\"Salle de bain\"],\"inLanguage\":\"fr-FR\"},{\"@type\":\"WebPage\",\"@id\":\"https:\/\/www.wanda-collection.com\/blog\/salle-de-bain-parentale\/\",\"url\":\"https:\/\/www.wanda-collection.com\/blog\/salle-de-bain-parentale\/\",\"name\":\"Salle de bain parentale : ce qui la distingue vraiment\",\"isPartOf\":{\"@id\":\"https:\/\/www.wanda-collection.com\/blog\/#website\"},\"primaryImageOfPage\":{\"@id\":\"https:\/\/www.wanda-collection.com\/blog\/salle-de-bain-parentale\/#primaryimage\"},\"image\":{\"@id\":\"https:\/\/www.wanda-collection.com\/blog\/salle-de-bain-parentale\/#primaryimage\"},\"thumbnailUrl\":\"https:\/\/www.wanda-collection.com\/blog\/wp-content\/uploads\/2026\/09\/dv-cosy160.jpg\",\"datePublished\":\"2026-09-01T08:00:14+00:00\",\"dateModified\":\"2026-09-01T08:01:07+00:00\",\"description\":\"Salle de bain parentale et suite parentale : la double vasque comme vrai marqueur, l'ouverture sur la chambre, la question de l'intimit\u00e9 et les mati\u00e8res qui durent.\",\"breadcrumb\":{\"@id\":\"https:\/\/www.wanda-collection.com\/blog\/salle-de-bain-parentale\/#breadcrumb\"},\"inLanguage\":\"fr-FR\",\"potentialAction\":[{\"@type\":\"ReadAction\",\"target\":[\"https:\/\/www.wanda-collection.com\/blog\/salle-de-bain-parentale\/\"]}]},{\"@type\":\"ImageObject\",\"inLanguage\":\"fr-FR\",\"@id\":\"https:\/\/www.wanda-collection.com\/blog\/salle-de-bain-parentale\/#primaryimage\",\"url\":\"https:\/\/www.wanda-collection.com\/blog\/wp-content\/uploads\/2026\/09\/dv-cosy160.jpg\",\"contentUrl\":\"https:\/\/www.wanda-collection.com\/blog\/wp-content\/uploads\/2026\/09\/dv-cosy160.jpg\",\"width\":1028,\"height\":1028,\"caption\":\"Meuble double Cosy, 160 cm\"},{\"@type\":\"BreadcrumbList\",\"@id\":\"https:\/\/www.wanda-collection.com\/blog\/salle-de-bain-parentale\/#breadcrumb\",\"itemListElement\":[{\"@type\":\"ListItem\",\"position\":1,\"name\":\"Accueil\",\"item\":\"https:\/\/www.wanda-collection.com\/blog\/\"},{\"@type\":\"ListItem\",\"position\":2,\"name\":\"Salle de bain\",\"item\":\"https:\/\/www.wanda-collection.com\/blog\/category\/salle-de-bain\/\"},{\"@type\":\"ListItem\",\"position\":3,\"name\":\"Am\u00e9nagement\",\"item\":\"https:\/\/www.wanda-collection.com\/blog\/category\/salle-de-bain\/amenagement\/\"},{\"@type\":\"ListItem\",\"position\":4,\"name\":\"Salle de bain parentale : ce qui la distingue vraiment\"}]},{\"@type\":\"WebSite\",\"@id\":\"https:\/\/www.wanda-collection.com\/blog\/#website\",\"url\":\"https:\/\/www.wanda-collection.com\/blog\/\",\"name\":\"Wanda collection Le blog\",\"description\":\"\",\"publisher\":{\"@id\":\"https:\/\/www.wanda-collection.com\/blog\/#organization\"},\"potentialAction\":[{\"@type\":\"SearchAction\",\"target\":{\"@type\":\"EntryPoint\",\"urlTemplate\":\"https:\/\/www.wanda-collection.com\/blog\/?s={search_term_string}\"},\"query-input\":{\"@type\":\"PropertyValueSpecification\",\"valueRequired\":true,\"valueName\":\"search_term_string\"}}],\"inLanguage\":\"fr-FR\"},{\"@type\":\"Organization\",\"@id\":\"https:\/\/www.wanda-collection.com\/blog\/#organization\",\"name\":\"Wanda collection Le blog\",\"url\":\"https:\/\/www.wanda-collection.com\/blog\/\",\"logo\":{\"@type\":\"ImageObject\",\"inLanguage\":\"fr-FR\",\"@id\":\"https:\/\/www.wanda-collection.com\/blog\/#\/schema\/logo\/image\/\",\"url\":\"https:\/\/www.wanda-collection.com\/blog\/wp-content\/uploads\/2022\/09\/cropped-logo-Le-blog-5.png\",\"contentUrl\":\"https:\/\/www.wanda-collection.com\/blog\/wp-content\/uploads\/2022\/09\/cropped-logo-Le-blog-5.png\",\"width\":1141,\"height\":328,\"caption\":\"Wanda collection Le blog\"},\"image\":{\"@id\":\"https:\/\/www.wanda-collection.com\/blog\/#\/schema\/logo\/image\/\"},\"sameAs\":[\"https:\/\/www.facebook.com\/WandaCollection.fr\/\",\"https:\/\/www.pinterest.fr\/wandacollection\/\",\"https:\/\/www.instagram.com\/wanda.collection\/\"]},{\"@type\":\"Person\",\"@id\":\"https:\/\/www.wanda-collection.com\/blog\/#\/schema\/person\/85c8dec31d24bad26b45a2319924d2e6\",\"name\":\"Damien Girardeau\",\"image\":{\"@type\":\"ImageObject\",\"inLanguage\":\"fr-FR\",\"@id\":\"https:\/\/www.wanda-collection.com\/blog\/#\/schema\/person\/image\/\",\"url\":\"https:\/\/secure.gravatar.com\/avatar\/53ace044216358578780d6154f629abc4431ac90903bd3d17859f8eec72d379b?s=96&d=mm&r=g\",\"contentUrl\":\"https:\/\/secure.gravatar.com\/avatar\/53ace044216358578780d6154f629abc4431ac90903bd3d17859f8eec72d379b?s=96&d=mm&r=g\",\"caption\":\"Damien Girardeau\"}}]}<\/script>\n<!-- \/ Yoast SEO plugin. -->","yoast_head_json":{"title":"Salle de bain parentale : ce qui la distingue vraiment","description":"Salle de bain parentale et suite parentale : la double vasque comme vrai marqueur, l'ouverture sur la chambre, la question de l'intimit\u00e9 et les mati\u00e8res qui durent.","robots":{"index":"index","follow":"follow","max-snippet":"max-snippet:-1","max-image-preview":"max-image-preview:large","max-video-preview":"max-video-preview:-1"},"canonical":"https:\/\/www.wanda-collection.com\/blog\/salle-de-bain-parentale\/","og_locale":"fr_FR","og_type":"article","og_title":"Salle de bain parentale : ce qui la distingue vraiment","og_description":"Salle de bain parentale et suite parentale : la double vasque comme vrai marqueur, l'ouverture sur la chambre, la question de l'intimit\u00e9 et les mati\u00e8res qui durent.","og_url":"https:\/\/www.wanda-collection.com\/blog\/salle-de-bain-parentale\/","og_site_name":"Wanda collection Le blog","article_publisher":"https:\/\/www.facebook.com\/WandaCollection.fr\/","article_published_time":"2026-09-01T08:00:14+00:00","article_modified_time":"2026-09-01T08:01:07+00:00","og_image":[{"width":1028,"height":1028,"url":"https:\/\/www.wanda-collection.com\/blog\/wp-content\/uploads\/2026\/09\/dv-cosy160.jpg","type":"image\/jpeg"}],"author":"Damien Girardeau","twitter_card":"summary_large_image","twitter_misc":{"\u00c9crit par":"Damien Girardeau","Dur\u00e9e de lecture estim\u00e9e":"9 minutes"},"schema":{"@context":"https:\/\/schema.org","@graph":[{"@type":"Article","@id":"https:\/\/www.wanda-collection.com\/blog\/salle-de-bain-parentale\/#article","isPartOf":{"@id":"https:\/\/www.wanda-collection.com\/blog\/salle-de-bain-parentale\/"},"author":{"name":"Damien Girardeau","@id":"https:\/\/www.wanda-collection.com\/blog\/#\/schema\/person\/85c8dec31d24bad26b45a2319924d2e6"},"headline":"Salle de bain parentale : ce qui la distingue vraiment","datePublished":"2026-09-01T08:00:14+00:00","dateModified":"2026-09-01T08:01:07+00:00","mainEntityOfPage":{"@id":"https:\/\/www.wanda-collection.com\/blog\/salle-de-bain-parentale\/"},"wordCount":1821,"publisher":{"@id":"https:\/\/www.wanda-collection.com\/blog\/#organization"},"image":{"@id":"https:\/\/www.wanda-collection.com\/blog\/salle-de-bain-parentale\/#primaryimage"},"thumbnailUrl":"https:\/\/www.wanda-collection.com\/blog\/wp-content\/uploads\/2026\/09\/dv-cosy160.jpg","keywords":["Guide d'achat"],"articleSection":["Am\u00e9nagement","Meubles de salle de bain","Salle de bain"],"inLanguage":"fr-FR"},{"@type":"WebPage","@id":"https:\/\/www.wanda-collection.com\/blog\/salle-de-bain-parentale\/","url":"https:\/\/www.wanda-collection.com\/blog\/salle-de-bain-parentale\/","name":"Salle de bain parentale : ce qui la distingue vraiment","isPartOf":{"@id":"https:\/\/www.wanda-collection.com\/blog\/#website"},"primaryImageOfPage":{"@id":"https:\/\/www.wanda-collection.com\/blog\/salle-de-bain-parentale\/#primaryimage"},"image":{"@id":"https:\/\/www.wanda-collection.com\/blog\/salle-de-bain-parentale\/#primaryimage"},"thumbnailUrl":"https:\/\/www.wanda-collection.com\/blog\/wp-content\/uploads\/2026\/09\/dv-cosy160.jpg","datePublished":"2026-09-01T08:00:14+00:00","dateModified":"2026-09-01T08:01:07+00:00","description":"Salle de bain parentale et suite parentale : la double vasque comme vrai marqueur, l'ouverture sur la chambre, la question de l'intimit\u00e9 et les mati\u00e8res qui durent.","breadcrumb":{"@id":"https:\/\/www.wanda-collection.com\/blog\/salle-de-bain-parentale\/#breadcrumb"},"inLanguage":"fr-FR","potentialAction":[{"@type":"ReadAction","target":["https:\/\/www.wanda-collection.com\/blog\/salle-de-bain-parentale\/"]}]},{"@type":"ImageObject","inLanguage":"fr-FR","@id":"https:\/\/www.wanda-collection.com\/blog\/salle-de-bain-parentale\/#primaryimage","url":"https:\/\/www.wanda-collection.com\/blog\/wp-content\/uploads\/2026\/09\/dv-cosy160.jpg","contentUrl":"https:\/\/www.wanda-collection.com\/blog\/wp-content\/uploads\/2026\/09\/dv-cosy160.jpg","width":1028,"height":1028,"caption":"Meuble double Cosy, 160 cm"},{"@type":"BreadcrumbList","@id":"https:\/\/www.wanda-collection.com\/blog\/salle-de-bain-parentale\/#breadcrumb","itemListElement":[{"@type":"ListItem","position":1,"name":"Accueil","item":"https:\/\/www.wanda-collection.com\/blog\/"},{"@type":"ListItem","position":2,"name":"Salle de bain","item":"https:\/\/www.wanda-collection.com\/blog\/category\/salle-de-bain\/"},{"@type":"ListItem","position":3,"name":"Am\u00e9nagement","item":"https:\/\/www.wanda-collection.com\/blog\/category\/salle-de-bain\/amenagement\/"},{"@type":"ListItem","position":4,"name":"Salle de bain parentale : ce qui la distingue vraiment"}]},{"@type":"WebSite","@id":"https:\/\/www.wanda-collection.com\/blog\/#website","url":"https:\/\/www.wanda-collection.com\/blog\/","name":"Wanda collection Le blog","description":"","publisher":{"@id":"https:\/\/www.wanda-collection.com\/blog\/#organization"},"potentialAction":[{"@type":"SearchAction","target":{"@type":"EntryPoint","urlTemplate":"https:\/\/www.wanda-collection.com\/blog\/?s={search_term_string}"},"query-input":{"@type":"PropertyValueSpecification","valueRequired":true,"valueName":"search_term_string"}}],"inLanguage":"fr-FR"},{"@type":"Organization","@id":"https:\/\/www.wanda-collection.com\/blog\/#organization","name":"Wanda collection Le blog","url":"https:\/\/www.wanda-collection.com\/blog\/","logo":{"@type":"ImageObject","inLanguage":"fr-FR","@id":"https:\/\/www.wanda-collection.com\/blog\/#\/schema\/logo\/image\/","url":"https:\/\/www.wanda-collection.com\/blog\/wp-content\/uploads\/2022\/09\/cropped-logo-Le-blog-5.png","contentUrl":"https:\/\/www.wanda-collection.com\/blog\/wp-content\/uploads\/2022\/09\/cropped-logo-Le-blog-5.png","width":1141,"height":328,"caption":"Wanda collection Le blog"},"image":{"@id":"https:\/\/www.wanda-collection.com\/blog\/#\/schema\/logo\/image\/"},"sameAs":["https:\/\/www.facebook.com\/WandaCollection.fr\/","https:\/\/www.pinterest.fr\/wandacollection\/","https:\/\/www.instagram.com\/wanda.collection\/"]},{"@type":"Person","@id":"https:\/\/www.wanda-collection.com\/blog\/#\/schema\/person\/85c8dec31d24bad26b45a2319924d2e6","name":"Damien Girardeau","image":{"@type":"ImageObject","inLanguage":"fr-FR","@id":"https:\/\/www.wanda-collection.com\/blog\/#\/schema\/person\/image\/","url":"https:\/\/secure.gravatar.com\/avatar\/53ace044216358578780d6154f629abc4431ac90903bd3d17859f8eec72d379b?s=96&d=mm&r=g","contentUrl":"https:\/\/secure.gravatar.com\/avatar\/53ace044216358578780d6154f629abc4431ac90903bd3d17859f8eec72d379b?s=96&d=mm&r=g","caption":"Damien Girardeau"}}]}},"_links":{"self":[{"href":"https:\/\/www.wanda-collection.com\/blog\/wp-json\/wp\/v2\/posts\/992910","targetHints":{"allow":["GET"]}}],"collection":[{"href":"https:\/\/www.wanda-collection.com\/blog\/wp-json\/wp\/v2\/posts"}],"about":[{"href":"https:\/\/www.wanda-collection.com\/blog\/wp-json\/wp\/v2\/types\/post"}],"author":[{"embeddable":true,"href":"https:\/\/www.wanda-collection.com\/blog\/wp-json\/wp\/v2\/users\/6"}],"replies":[{"embeddable":true,"href":"https:\/\/www.wanda-collection.com\/blog\/wp-json\/wp\/v2\/comments?post=992910"}],"version-history":[{"count":1,"href":"https:\/\/www.wanda-collection.com\/blog\/wp-json\/wp\/v2\/posts\/992910\/revisions"}],"predecessor-version":[{"id":992915,"href":"https:\/\/www.wanda-collection.com\/blog\/wp-json\/wp\/v2\/posts\/992910\/revisions\/992915"}],"wp:featuredmedia":[{"embeddable":true,"href":"https:\/\/www.wanda-collection.com\/blog\/wp-json\/wp\/v2\/media\/992907"}],"wp:attachment":[{"href":"https:\/\/www.wanda-collection.com\/blog\/wp-json\/wp\/v2\/media?parent=992910"}],"wp:term":[{"taxonomy":"category","embeddable":true,"href":"https:\/\/www.wanda-collection.com\/blog\/wp-json\/wp\/v2\/categories?post=992910"},{"taxonomy":"post_tag","embeddable":true,"href":"https:\/\/www.wanda-collection.com\/blog\/wp-json\/wp\/v2\/tags?post=992910"}],"curies":[{"name":"wp","href":"https:\/\/api.w.org\/{rel}","templated":true}]}}